{"id":13558,"date":"2014-06-15T23:09:14","date_gmt":"2014-06-16T02:09:14","guid":{"rendered":"http:\/\/www.notibras.com\/site\/?p=13558"},"modified":"2014-06-15T23:09:28","modified_gmt":"2014-06-16T02:09:28","slug":"vais-a-dilma-marca-de-um-grupo-elitista-que-nao-sabe-o-que-faz","status":"publish","type":"post","link":"https:\/\/www.notibras.com\/site\/vais-a-dilma-marca-de-um-grupo-elitista-que-nao-sabe-o-que-faz\/","title":{"rendered":"Vaias a Dilma, marca de um grupo elitista que n\u00e3o sabe o que faz"},"content":{"rendered":"<p><strong>A<\/strong> melhor coisa do jogo Brasil e Croacia, para mim, foi a vaia dada \u00e0 Presidenta Dilma Rousseff.Partiu, como registra o Painel da Folha, da \u00e1rea VIP do est\u00e1dio, embora, claro, tenha tido gente nas arquibancadas acompanhando, como tamb\u00e9m teve gente que fez \u201ca vaia da vaia\u201d.<\/p>\n<p>Normal, nada demais.<\/p>\n<p>O famoso \u201cvaia-se at\u00e9 minuto de sil\u00eancio\u201d de que falava N\u00e9lson Rodrigues.<\/p>\n<p>Tirante o fato de que ela ter partido das pessoas mais privilegiadas &#8211; os \u201cpadr\u00e3o\u201d Fifa, que ganharam seus ingressos no \u201cboc\u00e3o\u201d dos patrocinadores, Globo \u00e0 frente -, \u00e9 o que acontece com qualquer autoridade pol\u00edtica anunciada em est\u00e1dio.<\/p>\n<p>Da vaia, falou muito bem o Juca Kfouri:<\/p>\n<blockquote><p>Se em Bras\u00edlia, na abertura da Copa das Confedera\u00e7\u00f5es, a presidenta foi vaiada, em S\u00e3o Paulo foi xingada mesmo, com palavr\u00f5es t\u00edpicos de quem tem dinheiro, mas n\u00e3o tem um m\u00ednimo de educa\u00e7\u00e3o, civilidade ou esp\u00edrito democr\u00e1tico.<\/p><\/blockquote>\n<p>Ningu\u00e9m precisava aplaudi-la e at\u00e9 mesmo uma nova vaia seria do jogo.<\/p>\n<p>Mas os xingamentos raivosos foram t\u00edpicos de quem n\u00e3o sabe conviver com a diverg\u00eancia, mesmo em rela\u00e7\u00e3o a uma governante legitimamente eleita pelo povo brasileiro.<\/p>\n<p>A elite branca t\u00e3o bem definida pelo insuspeito ex-governador paulista Cl\u00e1udio Lembo, mostrou ao mundo que \u00e9 intolerante e mal agradecida a quem lhe proporciona uma Copa do Mundo no padr\u00e3o Fifa.<\/p>\n<blockquote><p>Ali\u00e1s, tivemos mesmo o \u201dpadr\u00e3o Fifa\u201d t\u00e3o cantado em prosa e verso tamb\u00e9m na festa de abertura: um espet\u00e1culo frio, mec\u00e2nico, bonitinho mas ordin\u00e1rio. Com direito at\u00e9 a sumirem com o exoesqueleto do Miguel Nicolelis.<\/p><\/blockquote>\n<p>Ningu\u00e9m publicou uma not\u00edcia sequer sobre a prepara\u00e7\u00e3o daquela coreografia glacial, n\u00e3o \u00e9?<\/p>\n<p>Claro, era da Fifa, n\u00e3o era do Governo. Se fosse tinha especula\u00e7\u00e3o at\u00e9 com o custo da fantasia de samambaia.<\/p>\n<p>N\u00e3o tinha negro, exceto um ou dois, entre as centenas de bailarinos e figurantes.<\/p>\n<p>N\u00e3o tinha a arte popular, exuberante, lasciva, irreverente.<\/p>\n<p>N\u00e3o tinha improviso, mas tamb\u00e9m n\u00e3o tinha espontaneidade.<\/p>\n<p>Ainda bem que no campo teve.<\/p>\n<p>Gol contra com dez minutos \u00e9 uma traulitada pra ningu\u00e9m botar defeito.<\/p>\n<p>E nosso time teve a calma para n\u00e3o entrar em parafuso e deixar Neymar empatar o jogo.<\/p>\n<p>Com direito a uma bela exibi\u00e7\u00e3o de Oscar, a quem a m\u00eddia j\u00e1 havia morto e enterrado.<\/p>\n<p>O p\u00eanalti em Fred pode ter sido marcado com rigor excessivo, sim, mas houve o pux\u00e3o e um entrela\u00e7ada de bra\u00e7o do zagueiro croata. E o nosso centroavante fez a malandragem que os \u201cpoliticamente corretos\u201d detestam, o pov\u00e3o aplaude e a hist\u00f3ria consagra.<\/p>\n<p>Ou o \u201cla mano de Dios\u201d de Maradona n\u00e3o \u00e9 uma das hist\u00f3rias mais saborosas e repetidas do futebol?<\/p>\n<p>Sigo repetindo o que venho dizendo.<\/p>\n<p>A oposi\u00e7\u00e3o brasileira virou o fio.<\/p>\n<p>A Copa que funciona e a grosseria que Kfouri descreveu \u2013 e que A\u00e9cio Neves confirmou com suas declara\u00e7\u00f5es de que \u201ca presidente est\u00e1 sitiada\u201d \u2013 v\u00e3o paulatinamente fazer que as pessoas percebam que n\u00e3o h\u00e1 frase mais adequada para descrever nossa elite do que aquela que o colunista esportivo escreveu:<\/p>\n<p>Mostrou que \u201c\u00e9 intolerante e mal agradecida a quem lhe proporciona uma Copa do Mundo no padr\u00e3o Fifa.\u201d<\/p>\n<p>E com quem quer lhe proporcionar um pa\u00eds com desenvolvimento e n\u00edveis melhores de justi\u00e7a social que n\u00e3o mantenham o Brasil no que sempre foi o seu padr\u00e3o, o \u201cpadr\u00e3o selva\u201d.<\/p>\n<p>Mas tamb\u00e9m n\u00e3o surpreende: afinal, \u00e9 gente completamente selvagem, apesar de ser elite.<\/p>\n<p><strong><strong>Fernando Brito<\/strong><\/strong><\/p>\n","protected":false},"excerpt":{"rendered":"<p>A melhor coisa do jogo Brasil e Croacia, para mim, foi a vaia dada \u00e0 Presidenta Dilma Rousseff.Partiu, como registra o Painel da Folha, da \u00e1rea VIP do est\u00e1dio, embora, claro, tenha tido gente nas arquibancadas acompanhando, como tamb\u00e9m teve gente que fez \u201ca vaia da vaia\u201d. Normal, nada demais. O famoso \u201cvaia-se at\u00e9 minuto [&hellip;]<\/p>\n","protected":false},"author":2,"featured_media":13559,"comment_status":"open","ping_status":"closed","sticky":false,"template":"","format":"standard","meta":{"_acf_changed":false,"footnotes":""},"categories":[25],"tags":[],"class_list":["post-13558","post","type-post","status-publish","format-standard","has-post-thumbnail","hentry","category-opina-ai"],"acf":[],"yoast_head":"<!-- This site is optimized with the Yoast SEO plugin v27.5 - https:\/\/yoast.com\/product\/yoast-seo-wordpress\/ -->\n<title>Vaias a Dilma, marca de um grupo elitista que n\u00e3o sabe o que faz - Notibras<\/title>\n<meta name=\"robots\" content=\"index, follow, max-snippet:-1, max-image-preview:large, max-video-preview:-1\" \/>\n<link rel=\"canonical\" href=\"https:\/\/www.notibras.com\/site\/vais-a-dilma-marca-de-um-grupo-elitista-que-nao-sabe-o-que-faz\/\" \/>\n<meta property=\"og:locale\" content=\"pt_BR\" \/>\n<meta property=\"og:type\" content=\"article\" \/>\n<meta property=\"og:title\" content=\"Vaias a Dilma, marca de um grupo elitista que n\u00e3o sabe o que faz - Notibras\" \/>\n<meta property=\"og:description\" content=\"A melhor coisa do jogo Brasil e Croacia, para mim, foi a vaia dada \u00e0 Presidenta Dilma Rousseff.Partiu, como registra o Painel da Folha, da \u00e1rea VIP do est\u00e1dio, embora, claro, tenha tido gente nas arquibancadas acompanhando, como tamb\u00e9m teve gente que fez \u201ca vaia da vaia\u201d. Normal, nada demais. O famoso \u201cvaia-se at\u00e9 minuto [&hellip;]\" \/>\n<meta property=\"og:url\" content=\"https:\/\/www.notibras.com\/site\/vais-a-dilma-marca-de-um-grupo-elitista-que-nao-sabe-o-que-faz\/\" \/>\n<meta property=\"og:site_name\" content=\"Notibras\" \/>\n<meta property=\"article:publisher\" content=\"https:\/\/www.facebook.com\/notibras\/\" \/>\n<meta property=\"article:published_time\" content=\"2014-06-16T02:09:14+00:00\" \/>\n<meta property=\"article:modified_time\" content=\"2014-06-16T02:09:28+00:00\" \/>\n<meta property=\"og:image\" content=\"https:\/\/www.notibras.com\/site\/wp-content\/uploads\/2014\/06\/09_10_57_926_file.jpeg\" \/>\n\t<meta property=\"og:image:width\" content=\"460\" \/>\n\t<meta property=\"og:image:height\" content=\"305\" \/>\n\t<meta property=\"og:image:type\" content=\"image\/jpeg\" \/>\n<meta name=\"author\" content=\"Reda\u00e7\u00e3o\" \/>\n<meta name=\"twitter:card\" content=\"summary_large_image\" \/>\n<meta name=\"twitter:creator\" content=\"@Notibras\" \/>\n<meta name=\"twitter:site\" content=\"@Notibras\" \/>\n<meta name=\"twitter:label1\" content=\"Escrito por\" \/>\n\t<meta name=\"twitter:data1\" content=\"Reda\u00e7\u00e3o\" \/>\n\t<meta name=\"twitter:label2\" content=\"Est. tempo de leitura\" \/>\n\t<meta name=\"twitter:data2\" content=\"3 minutos\" \/>\n<script type=\"application\/ld+json\" class=\"yoast-schema-graph\">{\"@context\":\"https:\\\/\\\/schema.org\",\"@graph\":[{\"@type\":\"Article\",\"@id\":\"https:\\\/\\\/www.notibras.com\\\/site\\\/vais-a-dilma-marca-de-um-grupo-elitista-que-nao-sabe-o-que-faz\\\/#article\",\"isPartOf\":{\"@id\":\"https:\\\/\\\/www.notibras.com\\\/site\\\/vais-a-dilma-marca-de-um-grupo-elitista-que-nao-sabe-o-que-faz\\\/\"},\"author\":{\"name\":\"Reda\u00e7\u00e3o\",\"@id\":\"https:\\\/\\\/www.notibras.com\\\/site\\\/#\\\/schema\\\/person\\\/36ab0979449956132d3e5b517ea76ac8\"},\"headline\":\"Vaias a Dilma, marca de um grupo elitista que n\u00e3o sabe o que faz\",\"datePublished\":\"2014-06-16T02:09:14+00:00\",\"dateModified\":\"2014-06-16T02:09:28+00:00\",\"mainEntityOfPage\":{\"@id\":\"https:\\\/\\\/www.notibras.com\\\/site\\\/vais-a-dilma-marca-de-um-grupo-elitista-que-nao-sabe-o-que-faz\\\/\"},\"wordCount\":629,\"commentCount\":0,\"publisher\":{\"@id\":\"https:\\\/\\\/www.notibras.com\\\/site\\\/#organization\"},\"image\":{\"@id\":\"https:\\\/\\\/www.notibras.com\\\/site\\\/vais-a-dilma-marca-de-um-grupo-elitista-que-nao-sabe-o-que-faz\\\/#primaryimage\"},\"thumbnailUrl\":\"https:\\\/\\\/www.notibras.com\\\/site\\\/wp-content\\\/uploads\\\/2014\\\/06\\\/09_10_57_926_file.jpeg\",\"articleSection\":[\"Opina a\u00ed\"],\"inLanguage\":\"pt-BR\",\"potentialAction\":[{\"@type\":\"CommentAction\",\"name\":\"Comment\",\"target\":[\"https:\\\/\\\/www.notibras.com\\\/site\\\/vais-a-dilma-marca-de-um-grupo-elitista-que-nao-sabe-o-que-faz\\\/#respond\"]}]},{\"@type\":\"WebPage\",\"@id\":\"https:\\\/\\\/www.notibras.com\\\/site\\\/vais-a-dilma-marca-de-um-grupo-elitista-que-nao-sabe-o-que-faz\\\/\",\"url\":\"https:\\\/\\\/www.notibras.com\\\/site\\\/vais-a-dilma-marca-de-um-grupo-elitista-que-nao-sabe-o-que-faz\\\/\",\"name\":\"Vaias a Dilma, marca de um grupo elitista que n\u00e3o sabe o que faz - Notibras\",\"isPartOf\":{\"@id\":\"https:\\\/\\\/www.notibras.com\\\/site\\\/#website\"},\"primaryImageOfPage\":{\"@id\":\"https:\\\/\\\/www.notibras.com\\\/site\\\/vais-a-dilma-marca-de-um-grupo-elitista-que-nao-sabe-o-que-faz\\\/#primaryimage\"},\"image\":{\"@id\":\"https:\\\/\\\/www.notibras.com\\\/site\\\/vais-a-dilma-marca-de-um-grupo-elitista-que-nao-sabe-o-que-faz\\\/#primaryimage\"},\"thumbnailUrl\":\"https:\\\/\\\/www.notibras.com\\\/site\\\/wp-content\\\/uploads\\\/2014\\\/06\\\/09_10_57_926_file.jpeg\",\"datePublished\":\"2014-06-16T02:09:14+00:00\",\"dateModified\":\"2014-06-16T02:09:28+00:00\",\"breadcrumb\":{\"@id\":\"https:\\\/\\\/www.notibras.com\\\/site\\\/vais-a-dilma-marca-de-um-grupo-elitista-que-nao-sabe-o-que-faz\\\/#breadcrumb\"},\"inLanguage\":\"pt-BR\",\"potentialAction\":[{\"@type\":\"ReadAction\",\"target\":[\"https:\\\/\\\/www.notibras.com\\\/site\\\/vais-a-dilma-marca-de-um-grupo-elitista-que-nao-sabe-o-que-faz\\\/\"]}]},{\"@type\":\"ImageObject\",\"inLanguage\":\"pt-BR\",\"@id\":\"https:\\\/\\\/www.notibras.com\\\/site\\\/vais-a-dilma-marca-de-um-grupo-elitista-que-nao-sabe-o-que-faz\\\/#primaryimage\",\"url\":\"https:\\\/\\\/www.notibras.com\\\/site\\\/wp-content\\\/uploads\\\/2014\\\/06\\\/09_10_57_926_file.jpeg\",\"contentUrl\":\"https:\\\/\\\/www.notibras.com\\\/site\\\/wp-content\\\/uploads\\\/2014\\\/06\\\/09_10_57_926_file.jpeg\",\"width\":460,\"height\":305},{\"@type\":\"BreadcrumbList\",\"@id\":\"https:\\\/\\\/www.notibras.com\\\/site\\\/vais-a-dilma-marca-de-um-grupo-elitista-que-nao-sabe-o-que-faz\\\/#breadcrumb\",\"itemListElement\":[{\"@type\":\"ListItem\",\"position\":1,\"name\":\"In\u00edcio\",\"item\":\"https:\\\/\\\/www.notibras.com\\\/site\\\/\"},{\"@type\":\"ListItem\",\"position\":2,\"name\":\"Vaias a Dilma, marca de um grupo elitista que n\u00e3o sabe o que faz\"}]},{\"@type\":\"WebSite\",\"@id\":\"https:\\\/\\\/www.notibras.com\\\/site\\\/#website\",\"url\":\"https:\\\/\\\/www.notibras.com\\\/site\\\/\",\"name\":\"Notibras\",\"description\":\"Not\u00edcias de Bras\u00edlia, do Brasil e do Mundo\",\"publisher\":{\"@id\":\"https:\\\/\\\/www.notibras.com\\\/site\\\/#organization\"},\"potentialAction\":[{\"@type\":\"SearchAction\",\"target\":{\"@type\":\"EntryPoint\",\"urlTemplate\":\"https:\\\/\\\/www.notibras.com\\\/site\\\/?s={search_term_string}\"},\"query-input\":{\"@type\":\"PropertyValueSpecification\",\"valueRequired\":true,\"valueName\":\"search_term_string\"}}],\"inLanguage\":\"pt-BR\"},{\"@type\":\"Organization\",\"@id\":\"https:\\\/\\\/www.notibras.com\\\/site\\\/#organization\",\"name\":\"Grupo Notibras de Comunica\u00e7\u00e3o\",\"url\":\"https:\\\/\\\/www.notibras.com\\\/site\\\/\",\"logo\":{\"@type\":\"ImageObject\",\"inLanguage\":\"pt-BR\",\"@id\":\"https:\\\/\\\/www.notibras.com\\\/site\\\/#\\\/schema\\\/logo\\\/image\\\/\",\"url\":\"https:\\\/\\\/www.notibras.com\\\/site\\\/wp-content\\\/uploads\\\/2023\\\/01\\\/notibras23.png\",\"contentUrl\":\"https:\\\/\\\/www.notibras.com\\\/site\\\/wp-content\\\/uploads\\\/2023\\\/01\\\/notibras23.png\",\"width\":350,\"height\":87,\"caption\":\"Grupo Notibras de Comunica\u00e7\u00e3o\"},\"image\":{\"@id\":\"https:\\\/\\\/www.notibras.com\\\/site\\\/#\\\/schema\\\/logo\\\/image\\\/\"},\"sameAs\":[\"https:\\\/\\\/www.facebook.com\\\/notibras\\\/\",\"https:\\\/\\\/x.com\\\/Notibras\",\"https:\\\/\\\/www.instagram.com\\\/notibras\\\/\"]},{\"@type\":\"Person\",\"@id\":\"https:\\\/\\\/www.notibras.com\\\/site\\\/#\\\/schema\\\/person\\\/36ab0979449956132d3e5b517ea76ac8\",\"name\":\"Reda\u00e7\u00e3o\",\"image\":{\"@type\":\"ImageObject\",\"inLanguage\":\"pt-BR\",\"@id\":\"https:\\\/\\\/secure.gravatar.com\\\/avatar\\\/e0a867bdedb85fd243eadf09663511f96fc81e0720a4a42581f334ad4303aa6b?s=96&d=mm&r=g\",\"url\":\"https:\\\/\\\/secure.gravatar.com\\\/avatar\\\/e0a867bdedb85fd243eadf09663511f96fc81e0720a4a42581f334ad4303aa6b?s=96&d=mm&r=g\",\"contentUrl\":\"https:\\\/\\\/secure.gravatar.com\\\/avatar\\\/e0a867bdedb85fd243eadf09663511f96fc81e0720a4a42581f334ad4303aa6b?s=96&d=mm&r=g\",\"caption\":\"Reda\u00e7\u00e3o\"}}]}<\/script>\n<!-- \/ Yoast SEO plugin. -->","yoast_head_json":{"title":"Vaias a Dilma, marca de um grupo elitista que n\u00e3o sabe o que faz - Notibras","robots":{"index":"index","follow":"follow","max-snippet":"max-snippet:-1","max-image-preview":"max-image-preview:large","max-video-preview":"max-video-preview:-1"},"canonical":"https:\/\/www.notibras.com\/site\/vais-a-dilma-marca-de-um-grupo-elitista-que-nao-sabe-o-que-faz\/","og_locale":"pt_BR","og_type":"article","og_title":"Vaias a Dilma, marca de um grupo elitista que n\u00e3o sabe o que faz - Notibras","og_description":"A melhor coisa do jogo Brasil e Croacia, para mim, foi a vaia dada \u00e0 Presidenta Dilma Rousseff.Partiu, como registra o Painel da Folha, da \u00e1rea VIP do est\u00e1dio, embora, claro, tenha tido gente nas arquibancadas acompanhando, como tamb\u00e9m teve gente que fez \u201ca vaia da vaia\u201d. Normal, nada demais. O famoso \u201cvaia-se at\u00e9 minuto [&hellip;]","og_url":"https:\/\/www.notibras.com\/site\/vais-a-dilma-marca-de-um-grupo-elitista-que-nao-sabe-o-que-faz\/","og_site_name":"Notibras","article_publisher":"https:\/\/www.facebook.com\/notibras\/","article_published_time":"2014-06-16T02:09:14+00:00","article_modified_time":"2014-06-16T02:09:28+00:00","og_image":[{"width":460,"height":305,"url":"https:\/\/www.notibras.com\/site\/wp-content\/uploads\/2014\/06\/09_10_57_926_file.jpeg","type":"image\/jpeg"}],"author":"Reda\u00e7\u00e3o","twitter_card":"summary_large_image","twitter_creator":"@Notibras","twitter_site":"@Notibras","twitter_misc":{"Escrito por":"Reda\u00e7\u00e3o","Est. tempo de leitura":"3 minutos"},"schema":{"@context":"https:\/\/schema.org","@graph":[{"@type":"Article","@id":"https:\/\/www.notibras.com\/site\/vais-a-dilma-marca-de-um-grupo-elitista-que-nao-sabe-o-que-faz\/#article","isPartOf":{"@id":"https:\/\/www.notibras.com\/site\/vais-a-dilma-marca-de-um-grupo-elitista-que-nao-sabe-o-que-faz\/"},"author":{"name":"Reda\u00e7\u00e3o","@id":"https:\/\/www.notibras.com\/site\/#\/schema\/person\/36ab0979449956132d3e5b517ea76ac8"},"headline":"Vaias a Dilma, marca de um grupo elitista que n\u00e3o sabe o que faz","datePublished":"2014-06-16T02:09:14+00:00","dateModified":"2014-06-16T02:09:28+00:00","mainEntityOfPage":{"@id":"https:\/\/www.notibras.com\/site\/vais-a-dilma-marca-de-um-grupo-elitista-que-nao-sabe-o-que-faz\/"},"wordCount":629,"commentCount":0,"publisher":{"@id":"https:\/\/www.notibras.com\/site\/#organization"},"image":{"@id":"https:\/\/www.notibras.com\/site\/vais-a-dilma-marca-de-um-grupo-elitista-que-nao-sabe-o-que-faz\/#primaryimage"},"thumbnailUrl":"https:\/\/www.notibras.com\/site\/wp-content\/uploads\/2014\/06\/09_10_57_926_file.jpeg","articleSection":["Opina a\u00ed"],"inLanguage":"pt-BR","potentialAction":[{"@type":"CommentAction","name":"Comment","target":["https:\/\/www.notibras.com\/site\/vais-a-dilma-marca-de-um-grupo-elitista-que-nao-sabe-o-que-faz\/#respond"]}]},{"@type":"WebPage","@id":"https:\/\/www.notibras.com\/site\/vais-a-dilma-marca-de-um-grupo-elitista-que-nao-sabe-o-que-faz\/","url":"https:\/\/www.notibras.com\/site\/vais-a-dilma-marca-de-um-grupo-elitista-que-nao-sabe-o-que-faz\/","name":"Vaias a Dilma, marca de um grupo elitista que n\u00e3o sabe o que faz - Notibras","isPartOf":{"@id":"https:\/\/www.notibras.com\/site\/#website"},"primaryImageOfPage":{"@id":"https:\/\/www.notibras.com\/site\/vais-a-dilma-marca-de-um-grupo-elitista-que-nao-sabe-o-que-faz\/#primaryimage"},"image":{"@id":"https:\/\/www.notibras.com\/site\/vais-a-dilma-marca-de-um-grupo-elitista-que-nao-sabe-o-que-faz\/#primaryimage"},"thumbnailUrl":"https:\/\/www.notibras.com\/site\/wp-content\/uploads\/2014\/06\/09_10_57_926_file.jpeg","datePublished":"2014-06-16T02:09:14+00:00","dateModified":"2014-06-16T02:09:28+00:00","breadcrumb":{"@id":"https:\/\/www.notibras.com\/site\/vais-a-dilma-marca-de-um-grupo-elitista-que-nao-sabe-o-que-faz\/#breadcrumb"},"inLanguage":"pt-BR","potentialAction":[{"@type":"ReadAction","target":["https:\/\/www.notibras.com\/site\/vais-a-dilma-marca-de-um-grupo-elitista-que-nao-sabe-o-que-faz\/"]}]},{"@type":"ImageObject","inLanguage":"pt-BR","@id":"https:\/\/www.notibras.com\/site\/vais-a-dilma-marca-de-um-grupo-elitista-que-nao-sabe-o-que-faz\/#primaryimage","url":"https:\/\/www.notibras.com\/site\/wp-content\/uploads\/2014\/06\/09_10_57_926_file.jpeg","contentUrl":"https:\/\/www.notibras.com\/site\/wp-content\/uploads\/2014\/06\/09_10_57_926_file.jpeg","width":460,"height":305},{"@type":"BreadcrumbList","@id":"https:\/\/www.notibras.com\/site\/vais-a-dilma-marca-de-um-grupo-elitista-que-nao-sabe-o-que-faz\/#breadcrumb","itemListElement":[{"@type":"ListItem","position":1,"name":"In\u00edcio","item":"https:\/\/www.notibras.com\/site\/"},{"@type":"ListItem","position":2,"name":"Vaias a Dilma, marca de um grupo elitista que n\u00e3o sabe o que faz"}]},{"@type":"WebSite","@id":"https:\/\/www.notibras.com\/site\/#website","url":"https:\/\/www.notibras.com\/site\/","name":"Notibras","description":"Not\u00edcias de Bras\u00edlia, do Brasil e do Mundo","publisher":{"@id":"https:\/\/www.notibras.com\/site\/#organization"},"potentialAction":[{"@type":"SearchAction","target":{"@type":"EntryPoint","urlTemplate":"https:\/\/www.notibras.com\/site\/?s={search_term_string}"},"query-input":{"@type":"PropertyValueSpecification","valueRequired":true,"valueName":"search_term_string"}}],"inLanguage":"pt-BR"},{"@type":"Organization","@id":"https:\/\/www.notibras.com\/site\/#organization","name":"Grupo Notibras de Comunica\u00e7\u00e3o","url":"https:\/\/www.notibras.com\/site\/","logo":{"@type":"ImageObject","inLanguage":"pt-BR","@id":"https:\/\/www.notibras.com\/site\/#\/schema\/logo\/image\/","url":"https:\/\/www.notibras.com\/site\/wp-content\/uploads\/2023\/01\/notibras23.png","contentUrl":"https:\/\/www.notibras.com\/site\/wp-content\/uploads\/2023\/01\/notibras23.png","width":350,"height":87,"caption":"Grupo Notibras de Comunica\u00e7\u00e3o"},"image":{"@id":"https:\/\/www.notibras.com\/site\/#\/schema\/logo\/image\/"},"sameAs":["https:\/\/www.facebook.com\/notibras\/","https:\/\/x.com\/Notibras","https:\/\/www.instagram.com\/notibras\/"]},{"@type":"Person","@id":"https:\/\/www.notibras.com\/site\/#\/schema\/person\/36ab0979449956132d3e5b517ea76ac8","name":"Reda\u00e7\u00e3o","image":{"@type":"ImageObject","inLanguage":"pt-BR","@id":"https:\/\/secure.gravatar.com\/avatar\/e0a867bdedb85fd243eadf09663511f96fc81e0720a4a42581f334ad4303aa6b?s=96&d=mm&r=g","url":"https:\/\/secure.gravatar.com\/avatar\/e0a867bdedb85fd243eadf09663511f96fc81e0720a4a42581f334ad4303aa6b?s=96&d=mm&r=g","contentUrl":"https:\/\/secure.gravatar.com\/avatar\/e0a867bdedb85fd243eadf09663511f96fc81e0720a4a42581f334ad4303aa6b?s=96&d=mm&r=g","caption":"Reda\u00e7\u00e3o"}}]}},"amp_enabled":true,"_links":{"self":[{"href":"https:\/\/www.notibras.com\/site\/wp-json\/wp\/v2\/posts\/13558","targetHints":{"allow":["GET"]}}],"collection":[{"href":"https:\/\/www.notibras.com\/site\/wp-json\/wp\/v2\/posts"}],"about":[{"href":"https:\/\/www.notibras.com\/site\/wp-json\/wp\/v2\/types\/post"}],"author":[{"embeddable":true,"href":"https:\/\/www.notibras.com\/site\/wp-json\/wp\/v2\/users\/2"}],"replies":[{"embeddable":true,"href":"https:\/\/www.notibras.com\/site\/wp-json\/wp\/v2\/comments?post=13558"}],"version-history":[{"count":0,"href":"https:\/\/www.notibras.com\/site\/wp-json\/wp\/v2\/posts\/13558\/revisions"}],"wp:featuredmedia":[{"embeddable":true,"href":"https:\/\/www.notibras.com\/site\/wp-json\/wp\/v2\/media\/13559"}],"wp:attachment":[{"href":"https:\/\/www.notibras.com\/site\/wp-json\/wp\/v2\/media?parent=13558"}],"wp:term":[{"taxonomy":"category","embeddable":true,"href":"https:\/\/www.notibras.com\/site\/wp-json\/wp\/v2\/categories?post=13558"},{"taxonomy":"post_tag","embeddable":true,"href":"https:\/\/www.notibras.com\/site\/wp-json\/wp\/v2\/tags?post=13558"}],"curies":[{"name":"wp","href":"https:\/\/api.w.org\/{rel}","templated":true}]}}