{"id":13592,"date":"2014-06-16T01:09:08","date_gmt":"2014-06-16T04:09:08","guid":{"rendered":"http:\/\/www.notibras.com\/site\/?p=13592"},"modified":"2014-06-16T22:32:39","modified_gmt":"2014-06-17T01:32:39","slug":"joaquim-critica-torcedor-que-xingou-dilma-isso-e-uma-baixaria-diz","status":"publish","type":"post","link":"https:\/\/www.notibras.com\/site\/joaquim-critica-torcedor-que-xingou-dilma-isso-e-uma-baixaria-diz\/","title":{"rendered":"Joaquim critica torcedor que xingou Dilma. &#8216;Isso \u00e9 baixaria&#8217;"},"content":{"rendered":"<p>O ministro Joaquim Barbosa classificou as vaias contra a presidente Dilma Rousseff no jogo de abertura da Copa do Mundo, na \u00faltima quinta-feira em S\u00e3o Paulo, como baixaria. As afirma\u00e7\u00f5es foram feitas nesta segunda, antes da \u00faltima sess\u00e3o de Barbosa no Conselho Nacional de Justi\u00e7a.<\/p>\n<p class=\"text\">O ministro n\u00e3o quis fazer coment\u00e1rios sobre o julgamento do mensal\u00e3o, mas sinalizou que nesta segunda pode decidir se vai submeter ou n\u00e3o ao plen\u00e1rio do STF o recurso do ex-presidente do PT, Jos\u00e9 Genoino, que pede para retonar \u00e0 pris\u00e3o domiciliar.<\/p>\n<p class=\"text\">Tamb\u00e9m pode sair nesta segunda a decis\u00e3o sobre os presos que pedem autoriza\u00e7\u00e3o para trabalhar fora da cadeia.<\/p>\n<p class=\"text\">Na sexta-feira, o ex-presidente Luiz In\u00e1cio Lula da Silva tamb\u00e9m repudiou as vaias e xingamentos entoados nas arquibancadas da Arena Corinthians no dia anterior.<\/p>\n<blockquote>\n<p class=\"text\">&#8220;N\u00e3o \u00e9 nem dinheiro nem escola nem t\u00edtulos de doutor que d\u00e3o educa\u00e7\u00e3o para as pessoas. Educa\u00e7\u00e3o se recebe dentro de casa. Eu nunca tive coragem de faltar com respeito a um presidente da Rep\u00fablica&#8221;, disse Lula, durante um com\u00edcio em Teresina.<\/p>\n<\/blockquote>\n<p class=\"text\">Lula lembrou ainda que, durante sua carreira pol\u00edtica, fez greves, enfrentou presidentes, mas nunca desrespeitou ningu\u00e9m, &#8220;principalmente uma mulher&#8221;. &#8220;Foi uma grande falta de respeito, pensei que o preconceito contra as classes pobres diminuiria depois da minha chegada \u00e0 presid\u00eancia&#8221;, comentou.<\/p>\n","protected":false},"excerpt":{"rendered":"<p>O ministro Joaquim Barbosa classificou as vaias contra a presidente Dilma Rousseff no jogo de abertura da Copa do Mundo, na \u00faltima quinta-feira em S\u00e3o Paulo, como baixaria. As afirma\u00e7\u00f5es foram feitas nesta segunda, antes da \u00faltima sess\u00e3o de Barbosa no Conselho Nacional de Justi\u00e7a. O ministro n\u00e3o quis fazer coment\u00e1rios sobre o julgamento do [&hellip;]<\/p>\n","protected":false},"author":2,"featured_media":13593,"comment_status":"open","ping_status":"closed","sticky":false,"template":"","format":"standard","meta":{"_acf_changed":false,"footnotes":""},"categories":[16],"tags":[],"class_list":["post-13592","post","type-post","status-publish","format-standard","has-post-thumbnail","hentry","category-brasil"],"acf":[],"yoast_head":"<!-- This site is optimized with the Yoast SEO plugin v27.2 - https:\/\/yoast.com\/product\/yoast-seo-wordpress\/ -->\n<title>Joaquim critica torcedor que xingou Dilma. &#039;Isso \u00e9 baixaria&#039; - Notibras<\/title>\n<meta name=\"robots\" content=\"index, follow, max-snippet:-1, max-image-preview:large, max-video-preview:-1\" \/>\n<link rel=\"canonical\" href=\"https:\/\/www.notibras.com\/site\/joaquim-critica-torcedor-que-xingou-dilma-isso-e-uma-baixaria-diz\/\" \/>\n<meta property=\"og:locale\" content=\"pt_BR\" \/>\n<meta property=\"og:type\" content=\"article\" \/>\n<meta property=\"og:title\" content=\"Joaquim critica torcedor que xingou Dilma. &#039;Isso \u00e9 baixaria&#039; - Notibras\" \/>\n<meta property=\"og:description\" content=\"O ministro Joaquim Barbosa classificou as vaias contra a presidente Dilma Rousseff no jogo de abertura da Copa do Mundo, na \u00faltima quinta-feira em S\u00e3o Paulo, como baixaria. As afirma\u00e7\u00f5es foram feitas nesta segunda, antes da \u00faltima sess\u00e3o de Barbosa no Conselho Nacional de Justi\u00e7a. O ministro n\u00e3o quis fazer coment\u00e1rios sobre o julgamento do [&hellip;]\" \/>\n<meta property=\"og:url\" content=\"https:\/\/www.notibras.com\/site\/joaquim-critica-torcedor-que-xingou-dilma-isso-e-uma-baixaria-diz\/\" \/>\n<meta property=\"og:site_name\" content=\"Notibras\" \/>\n<meta property=\"article:publisher\" content=\"https:\/\/www.facebook.com\/notibras\/\" \/>\n<meta property=\"article:published_time\" content=\"2014-06-16T04:09:08+00:00\" \/>\n<meta property=\"article:modified_time\" content=\"2014-06-17T01:32:39+00:00\" \/>\n<meta property=\"og:image\" content=\"https:\/\/www.notibras.com\/site\/wp-content\/uploads\/2014\/06\/brazil-copa-dilma-hostilizada.jpg\" \/>\n\t<meta property=\"og:image:width\" content=\"460\" \/>\n\t<meta property=\"og:image:height\" content=\"340\" \/>\n\t<meta property=\"og:image:type\" content=\"image\/jpeg\" \/>\n<meta name=\"author\" content=\"Reda\u00e7\u00e3o\" \/>\n<meta name=\"twitter:card\" content=\"summary_large_image\" \/>\n<meta name=\"twitter:creator\" content=\"@Notibras\" \/>\n<meta name=\"twitter:site\" content=\"@Notibras\" \/>\n<meta name=\"twitter:label1\" content=\"Escrito por\" \/>\n\t<meta name=\"twitter:data1\" content=\"Reda\u00e7\u00e3o\" \/>\n\t<meta name=\"twitter:label2\" content=\"Est. tempo de leitura\" \/>\n\t<meta name=\"twitter:data2\" content=\"1 minuto\" \/>\n<script type=\"application\/ld+json\" class=\"yoast-schema-graph\">{\"@context\":\"https:\/\/schema.org\",\"@graph\":[{\"@type\":\"Article\",\"@id\":\"https:\/\/www.notibras.com\/site\/joaquim-critica-torcedor-que-xingou-dilma-isso-e-uma-baixaria-diz\/#article\",\"isPartOf\":{\"@id\":\"https:\/\/www.notibras.com\/site\/joaquim-critica-torcedor-que-xingou-dilma-isso-e-uma-baixaria-diz\/\"},\"author\":{\"name\":\"Reda\u00e7\u00e3o\",\"@id\":\"https:\/\/www.notibras.com\/site\/#\/schema\/person\/36ab0979449956132d3e5b517ea76ac8\"},\"headline\":\"Joaquim critica torcedor que xingou Dilma. &#8216;Isso \u00e9 baixaria&#8217;\",\"datePublished\":\"2014-06-16T04:09:08+00:00\",\"dateModified\":\"2014-06-17T01:32:39+00:00\",\"mainEntityOfPage\":{\"@id\":\"https:\/\/www.notibras.com\/site\/joaquim-critica-torcedor-que-xingou-dilma-isso-e-uma-baixaria-diz\/\"},\"wordCount\":242,\"commentCount\":0,\"publisher\":{\"@id\":\"https:\/\/www.notibras.com\/site\/#organization\"},\"image\":{\"@id\":\"https:\/\/www.notibras.com\/site\/joaquim-critica-torcedor-que-xingou-dilma-isso-e-uma-baixaria-diz\/#primaryimage\"},\"thumbnailUrl\":\"https:\/\/www.notibras.com\/site\/wp-content\/uploads\/2014\/06\/brazil-copa-dilma-hostilizada.jpg\",\"articleSection\":[\"Brasil\"],\"inLanguage\":\"pt-BR\",\"potentialAction\":[{\"@type\":\"CommentAction\",\"name\":\"Comment\",\"target\":[\"https:\/\/www.notibras.com\/site\/joaquim-critica-torcedor-que-xingou-dilma-isso-e-uma-baixaria-diz\/#respond\"]}]},{\"@type\":\"WebPage\",\"@id\":\"https:\/\/www.notibras.com\/site\/joaquim-critica-torcedor-que-xingou-dilma-isso-e-uma-baixaria-diz\/\",\"url\":\"https:\/\/www.notibras.com\/site\/joaquim-critica-torcedor-que-xingou-dilma-isso-e-uma-baixaria-diz\/\",\"name\":\"Joaquim critica torcedor que xingou Dilma. 'Isso \u00e9 baixaria' - Notibras\",\"isPartOf\":{\"@id\":\"https:\/\/www.notibras.com\/site\/#website\"},\"primaryImageOfPage\":{\"@id\":\"https:\/\/www.notibras.com\/site\/joaquim-critica-torcedor-que-xingou-dilma-isso-e-uma-baixaria-diz\/#primaryimage\"},\"image\":{\"@id\":\"https:\/\/www.notibras.com\/site\/joaquim-critica-torcedor-que-xingou-dilma-isso-e-uma-baixaria-diz\/#primaryimage\"},\"thumbnailUrl\":\"https:\/\/www.notibras.com\/site\/wp-content\/uploads\/2014\/06\/brazil-copa-dilma-hostilizada.jpg\",\"datePublished\":\"2014-06-16T04:09:08+00:00\",\"dateModified\":\"2014-06-17T01:32:39+00:00\",\"breadcrumb\":{\"@id\":\"https:\/\/www.notibras.com\/site\/joaquim-critica-torcedor-que-xingou-dilma-isso-e-uma-baixaria-diz\/#breadcrumb\"},\"inLanguage\":\"pt-BR\",\"potentialAction\":[{\"@type\":\"ReadAction\",\"target\":[\"https:\/\/www.notibras.com\/site\/joaquim-critica-torcedor-que-xingou-dilma-isso-e-uma-baixaria-diz\/\"]}]},{\"@type\":\"ImageObject\",\"inLanguage\":\"pt-BR\",\"@id\":\"https:\/\/www.notibras.com\/site\/joaquim-critica-torcedor-que-xingou-dilma-isso-e-uma-baixaria-diz\/#primaryimage\",\"url\":\"https:\/\/www.notibras.com\/site\/wp-content\/uploads\/2014\/06\/brazil-copa-dilma-hostilizada.jpg\",\"contentUrl\":\"https:\/\/www.notibras.com\/site\/wp-content\/uploads\/2014\/06\/brazil-copa-dilma-hostilizada.jpg\",\"width\":460,\"height\":340},{\"@type\":\"BreadcrumbList\",\"@id\":\"https:\/\/www.notibras.com\/site\/joaquim-critica-torcedor-que-xingou-dilma-isso-e-uma-baixaria-diz\/#breadcrumb\",\"itemListElement\":[{\"@type\":\"ListItem\",\"position\":1,\"name\":\"In\u00edcio\",\"item\":\"https:\/\/www.notibras.com\/site\/\"},{\"@type\":\"ListItem\",\"position\":2,\"name\":\"Joaquim critica torcedor que xingou Dilma. &#8216;Isso \u00e9 baixaria&#8217;\"}]},{\"@type\":\"WebSite\",\"@id\":\"https:\/\/www.notibras.com\/site\/#website\",\"url\":\"https:\/\/www.notibras.com\/site\/\",\"name\":\"Notibras\",\"description\":\"Not\u00edcias de Bras\u00edlia, do Brasil e do Mundo\",\"publisher\":{\"@id\":\"https:\/\/www.notibras.com\/site\/#organization\"},\"potentialAction\":[{\"@type\":\"SearchAction\",\"target\":{\"@type\":\"EntryPoint\",\"urlTemplate\":\"https:\/\/www.notibras.com\/site\/?s={search_term_string}\"},\"query-input\":{\"@type\":\"PropertyValueSpecification\",\"valueRequired\":true,\"valueName\":\"search_term_string\"}}],\"inLanguage\":\"pt-BR\"},{\"@type\":\"Organization\",\"@id\":\"https:\/\/www.notibras.com\/site\/#organization\",\"name\":\"Grupo Notibras de Comunica\u00e7\u00e3o\",\"url\":\"https:\/\/www.notibras.com\/site\/\",\"logo\":{\"@type\":\"ImageObject\",\"inLanguage\":\"pt-BR\",\"@id\":\"https:\/\/www.notibras.com\/site\/#\/schema\/logo\/image\/\",\"url\":\"https:\/\/www.notibras.com\/site\/wp-content\/uploads\/2023\/01\/notibras23.png\",\"contentUrl\":\"https:\/\/www.notibras.com\/site\/wp-content\/uploads\/2023\/01\/notibras23.png\",\"width\":350,\"height\":87,\"caption\":\"Grupo Notibras de Comunica\u00e7\u00e3o\"},\"image\":{\"@id\":\"https:\/\/www.notibras.com\/site\/#\/schema\/logo\/image\/\"},\"sameAs\":[\"https:\/\/www.facebook.com\/notibras\/\",\"https:\/\/x.com\/Notibras\",\"https:\/\/www.instagram.com\/notibras\/\"]},{\"@type\":\"Person\",\"@id\":\"https:\/\/www.notibras.com\/site\/#\/schema\/person\/36ab0979449956132d3e5b517ea76ac8\",\"name\":\"Reda\u00e7\u00e3o\",\"image\":{\"@type\":\"ImageObject\",\"inLanguage\":\"pt-BR\",\"@id\":\"https:\/\/secure.gravatar.com\/avatar\/e0a867bdedb85fd243eadf09663511f96fc81e0720a4a42581f334ad4303aa6b?s=96&d=mm&r=g\",\"url\":\"https:\/\/secure.gravatar.com\/avatar\/e0a867bdedb85fd243eadf09663511f96fc81e0720a4a42581f334ad4303aa6b?s=96&d=mm&r=g\",\"contentUrl\":\"https:\/\/secure.gravatar.com\/avatar\/e0a867bdedb85fd243eadf09663511f96fc81e0720a4a42581f334ad4303aa6b?s=96&d=mm&r=g\",\"caption\":\"Reda\u00e7\u00e3o\"}}]}<\/script>\n<!-- \/ Yoast SEO plugin. -->","yoast_head_json":{"title":"Joaquim critica torcedor que xingou Dilma. 'Isso \u00e9 baixaria' - Notibras","robots":{"index":"index","follow":"follow","max-snippet":"max-snippet:-1","max-image-preview":"max-image-preview:large","max-video-preview":"max-video-preview:-1"},"canonical":"https:\/\/www.notibras.com\/site\/joaquim-critica-torcedor-que-xingou-dilma-isso-e-uma-baixaria-diz\/","og_locale":"pt_BR","og_type":"article","og_title":"Joaquim critica torcedor que xingou Dilma. 'Isso \u00e9 baixaria' - Notibras","og_description":"O ministro Joaquim Barbosa classificou as vaias contra a presidente Dilma Rousseff no jogo de abertura da Copa do Mundo, na \u00faltima quinta-feira em S\u00e3o Paulo, como baixaria. As afirma\u00e7\u00f5es foram feitas nesta segunda, antes da \u00faltima sess\u00e3o de Barbosa no Conselho Nacional de Justi\u00e7a. O ministro n\u00e3o quis fazer coment\u00e1rios sobre o julgamento do [&hellip;]","og_url":"https:\/\/www.notibras.com\/site\/joaquim-critica-torcedor-que-xingou-dilma-isso-e-uma-baixaria-diz\/","og_site_name":"Notibras","article_publisher":"https:\/\/www.facebook.com\/notibras\/","article_published_time":"2014-06-16T04:09:08+00:00","article_modified_time":"2014-06-17T01:32:39+00:00","og_image":[{"width":460,"height":340,"url":"https:\/\/www.notibras.com\/site\/wp-content\/uploads\/2014\/06\/brazil-copa-dilma-hostilizada.jpg","type":"image\/jpeg"}],"author":"Reda\u00e7\u00e3o","twitter_card":"summary_large_image","twitter_creator":"@Notibras","twitter_site":"@Notibras","twitter_misc":{"Escrito por":"Reda\u00e7\u00e3o","Est. tempo de leitura":"1 minuto"},"schema":{"@context":"https:\/\/schema.org","@graph":[{"@type":"Article","@id":"https:\/\/www.notibras.com\/site\/joaquim-critica-torcedor-que-xingou-dilma-isso-e-uma-baixaria-diz\/#article","isPartOf":{"@id":"https:\/\/www.notibras.com\/site\/joaquim-critica-torcedor-que-xingou-dilma-isso-e-uma-baixaria-diz\/"},"author":{"name":"Reda\u00e7\u00e3o","@id":"https:\/\/www.notibras.com\/site\/#\/schema\/person\/36ab0979449956132d3e5b517ea76ac8"},"headline":"Joaquim critica torcedor que xingou Dilma. &#8216;Isso \u00e9 baixaria&#8217;","datePublished":"2014-06-16T04:09:08+00:00","dateModified":"2014-06-17T01:32:39+00:00","mainEntityOfPage":{"@id":"https:\/\/www.notibras.com\/site\/joaquim-critica-torcedor-que-xingou-dilma-isso-e-uma-baixaria-diz\/"},"wordCount":242,"commentCount":0,"publisher":{"@id":"https:\/\/www.notibras.com\/site\/#organization"},"image":{"@id":"https:\/\/www.notibras.com\/site\/joaquim-critica-torcedor-que-xingou-dilma-isso-e-uma-baixaria-diz\/#primaryimage"},"thumbnailUrl":"https:\/\/www.notibras.com\/site\/wp-content\/uploads\/2014\/06\/brazil-copa-dilma-hostilizada.jpg","articleSection":["Brasil"],"inLanguage":"pt-BR","potentialAction":[{"@type":"CommentAction","name":"Comment","target":["https:\/\/www.notibras.com\/site\/joaquim-critica-torcedor-que-xingou-dilma-isso-e-uma-baixaria-diz\/#respond"]}]},{"@type":"WebPage","@id":"https:\/\/www.notibras.com\/site\/joaquim-critica-torcedor-que-xingou-dilma-isso-e-uma-baixaria-diz\/","url":"https:\/\/www.notibras.com\/site\/joaquim-critica-torcedor-que-xingou-dilma-isso-e-uma-baixaria-diz\/","name":"Joaquim critica torcedor que xingou Dilma. 'Isso \u00e9 baixaria' - Notibras","isPartOf":{"@id":"https:\/\/www.notibras.com\/site\/#website"},"primaryImageOfPage":{"@id":"https:\/\/www.notibras.com\/site\/joaquim-critica-torcedor-que-xingou-dilma-isso-e-uma-baixaria-diz\/#primaryimage"},"image":{"@id":"https:\/\/www.notibras.com\/site\/joaquim-critica-torcedor-que-xingou-dilma-isso-e-uma-baixaria-diz\/#primaryimage"},"thumbnailUrl":"https:\/\/www.notibras.com\/site\/wp-content\/uploads\/2014\/06\/brazil-copa-dilma-hostilizada.jpg","datePublished":"2014-06-16T04:09:08+00:00","dateModified":"2014-06-17T01:32:39+00:00","breadcrumb":{"@id":"https:\/\/www.notibras.com\/site\/joaquim-critica-torcedor-que-xingou-dilma-isso-e-uma-baixaria-diz\/#breadcrumb"},"inLanguage":"pt-BR","potentialAction":[{"@type":"ReadAction","target":["https:\/\/www.notibras.com\/site\/joaquim-critica-torcedor-que-xingou-dilma-isso-e-uma-baixaria-diz\/"]}]},{"@type":"ImageObject","inLanguage":"pt-BR","@id":"https:\/\/www.notibras.com\/site\/joaquim-critica-torcedor-que-xingou-dilma-isso-e-uma-baixaria-diz\/#primaryimage","url":"https:\/\/www.notibras.com\/site\/wp-content\/uploads\/2014\/06\/brazil-copa-dilma-hostilizada.jpg","contentUrl":"https:\/\/www.notibras.com\/site\/wp-content\/uploads\/2014\/06\/brazil-copa-dilma-hostilizada.jpg","width":460,"height":340},{"@type":"BreadcrumbList","@id":"https:\/\/www.notibras.com\/site\/joaquim-critica-torcedor-que-xingou-dilma-isso-e-uma-baixaria-diz\/#breadcrumb","itemListElement":[{"@type":"ListItem","position":1,"name":"In\u00edcio","item":"https:\/\/www.notibras.com\/site\/"},{"@type":"ListItem","position":2,"name":"Joaquim critica torcedor que xingou Dilma. &#8216;Isso \u00e9 baixaria&#8217;"}]},{"@type":"WebSite","@id":"https:\/\/www.notibras.com\/site\/#website","url":"https:\/\/www.notibras.com\/site\/","name":"Notibras","description":"Not\u00edcias de Bras\u00edlia, do Brasil e do Mundo","publisher":{"@id":"https:\/\/www.notibras.com\/site\/#organization"},"potentialAction":[{"@type":"SearchAction","target":{"@type":"EntryPoint","urlTemplate":"https:\/\/www.notibras.com\/site\/?s={search_term_string}"},"query-input":{"@type":"PropertyValueSpecification","valueRequired":true,"valueName":"search_term_string"}}],"inLanguage":"pt-BR"},{"@type":"Organization","@id":"https:\/\/www.notibras.com\/site\/#organization","name":"Grupo Notibras de Comunica\u00e7\u00e3o","url":"https:\/\/www.notibras.com\/site\/","logo":{"@type":"ImageObject","inLanguage":"pt-BR","@id":"https:\/\/www.notibras.com\/site\/#\/schema\/logo\/image\/","url":"https:\/\/www.notibras.com\/site\/wp-content\/uploads\/2023\/01\/notibras23.png","contentUrl":"https:\/\/www.notibras.com\/site\/wp-content\/uploads\/2023\/01\/notibras23.png","width":350,"height":87,"caption":"Grupo Notibras de Comunica\u00e7\u00e3o"},"image":{"@id":"https:\/\/www.notibras.com\/site\/#\/schema\/logo\/image\/"},"sameAs":["https:\/\/www.facebook.com\/notibras\/","https:\/\/x.com\/Notibras","https:\/\/www.instagram.com\/notibras\/"]},{"@type":"Person","@id":"https:\/\/www.notibras.com\/site\/#\/schema\/person\/36ab0979449956132d3e5b517ea76ac8","name":"Reda\u00e7\u00e3o","image":{"@type":"ImageObject","inLanguage":"pt-BR","@id":"https:\/\/secure.gravatar.com\/avatar\/e0a867bdedb85fd243eadf09663511f96fc81e0720a4a42581f334ad4303aa6b?s=96&d=mm&r=g","url":"https:\/\/secure.gravatar.com\/avatar\/e0a867bdedb85fd243eadf09663511f96fc81e0720a4a42581f334ad4303aa6b?s=96&d=mm&r=g","contentUrl":"https:\/\/secure.gravatar.com\/avatar\/e0a867bdedb85fd243eadf09663511f96fc81e0720a4a42581f334ad4303aa6b?s=96&d=mm&r=g","caption":"Reda\u00e7\u00e3o"}}]}},"amp_enabled":true,"_links":{"self":[{"href":"https:\/\/www.notibras.com\/site\/wp-json\/wp\/v2\/posts\/13592","targetHints":{"allow":["GET"]}}],"collection":[{"href":"https:\/\/www.notibras.com\/site\/wp-json\/wp\/v2\/posts"}],"about":[{"href":"https:\/\/www.notibras.com\/site\/wp-json\/wp\/v2\/types\/post"}],"author":[{"embeddable":true,"href":"https:\/\/www.notibras.com\/site\/wp-json\/wp\/v2\/users\/2"}],"replies":[{"embeddable":true,"href":"https:\/\/www.notibras.com\/site\/wp-json\/wp\/v2\/comments?post=13592"}],"version-history":[{"count":0,"href":"https:\/\/www.notibras.com\/site\/wp-json\/wp\/v2\/posts\/13592\/revisions"}],"wp:featuredmedia":[{"embeddable":true,"href":"https:\/\/www.notibras.com\/site\/wp-json\/wp\/v2\/media\/13593"}],"wp:attachment":[{"href":"https:\/\/www.notibras.com\/site\/wp-json\/wp\/v2\/media?parent=13592"}],"wp:term":[{"taxonomy":"category","embeddable":true,"href":"https:\/\/www.notibras.com\/site\/wp-json\/wp\/v2\/categories?post=13592"},{"taxonomy":"post_tag","embeddable":true,"href":"https:\/\/www.notibras.com\/site\/wp-json\/wp\/v2\/tags?post=13592"}],"curies":[{"name":"wp","href":"https:\/\/api.w.org\/{rel}","templated":true}]}}