{"id":13600,"date":"2014-06-16T17:26:04","date_gmt":"2014-06-16T20:26:04","guid":{"rendered":"http:\/\/www.notibras.com\/site\/?p=13600"},"modified":"2014-06-16T17:26:48","modified_gmt":"2014-06-16T20:26:48","slug":"adepto-do-passaro-na-mao-magela-reavalia-candidatura-ao-senado","status":"publish","type":"post","link":"https:\/\/www.notibras.com\/site\/adepto-do-passaro-na-mao-magela-reavalia-candidatura-ao-senado\/","title":{"rendered":"Adepto do p\u00e1ssaro na m\u00e3o, Magela decide reavaliar candidatura"},"content":{"rendered":"<p>Ex-secret\u00e1rio da Habita\u00e7\u00e3io de Agnelo Queiroz, o petista Geraldo Magela come\u00e7a a avaliar com assessores mais pr\u00f3ximos uma sa\u00edda \u00e0 francesa da sua sonhada briga pela vaga de senador que estar\u00e1 em disputa em outubro. Seus pr\u00f3prios seguidores est\u00e3o divididos, mas a tend\u00eancia \u00e9 a de que o patureba garanta um p\u00e1ssaro na m\u00e3o. At\u00e9 porque, ele admite que para cada tr\u00eas votos, dois voar\u00e3o em dire\u00e7\u00e3o a Reguffe.<\/p>\n","protected":false},"excerpt":{"rendered":"<p>Ex-secret\u00e1rio da Habita\u00e7\u00e3io de Agnelo Queiroz, o petista Geraldo Magela come\u00e7a a avaliar com assessores mais pr\u00f3ximos uma sa\u00edda \u00e0 francesa da sua sonhada briga pela vaga de senador que estar\u00e1 em disputa em outubro. Seus pr\u00f3prios seguidores est\u00e3o divididos, mas a tend\u00eancia \u00e9 a de que o patureba garanta um p\u00e1ssaro na m\u00e3o. At\u00e9 [&hellip;]<\/p>\n","protected":false},"author":2,"featured_media":13601,"comment_status":"open","ping_status":"closed","sticky":false,"template":"","format":"standard","meta":{"_acf_changed":false,"footnotes":""},"categories":[26],"tags":[],"class_list":["post-13600","post","type-post","status-publish","format-standard","has-post-thumbnail","hentry","category-eleicoes-2022"],"acf":[],"_links":{"self":[{"href":"https:\/\/www.notibras.com\/site\/wp-json\/wp\/v2\/posts\/13600","targetHints":{"allow":["GET"]}}],"collection":[{"href":"https:\/\/www.notibras.com\/site\/wp-json\/wp\/v2\/posts"}],"about":[{"href":"https:\/\/www.notibras.com\/site\/wp-json\/wp\/v2\/types\/post"}],"author":[{"embeddable":true,"href":"https:\/\/www.notibras.com\/site\/wp-json\/wp\/v2\/users\/2"}],"replies":[{"embeddable":true,"href":"https:\/\/www.notibras.com\/site\/wp-json\/wp\/v2\/comments?post=13600"}],"version-history":[{"count":0,"href":"https:\/\/www.notibras.com\/site\/wp-json\/wp\/v2\/posts\/13600\/revisions"}],"wp:featuredmedia":[{"embeddable":true,"href":"https:\/\/www.notibras.com\/site\/wp-json\/wp\/v2\/media\/13601"}],"wp:attachment":[{"href":"https:\/\/www.notibras.com\/site\/wp-json\/wp\/v2\/media?parent=13600"}],"wp:term":[{"taxonomy":"category","embeddable":true,"href":"https:\/\/www.notibras.com\/site\/wp-json\/wp\/v2\/categories?post=13600"},{"taxonomy":"post_tag","embeddable":true,"href":"https:\/\/www.notibras.com\/site\/wp-json\/wp\/v2\/tags?post=13600"}],"curies":[{"name":"wp","href":"https:\/\/api.w.org\/{rel}","templated":true}]}}