{"id":13604,"date":"2014-06-16T17:39:55","date_gmt":"2014-06-16T20:39:55","guid":{"rendered":"http:\/\/www.notibras.com\/site\/?p=13604"},"modified":"2014-06-16T17:40:44","modified_gmt":"2014-06-16T20:40:44","slug":"aecio-confirma-pitiman-como-candidato-dos-tucanos-ao-palacio-do-buriti","status":"publish","type":"post","link":"https:\/\/www.notibras.com\/site\/aecio-confirma-pitiman-como-candidato-dos-tucanos-ao-palacio-do-buriti\/","title":{"rendered":"A\u00e9cio confirma Pitiman como candidato dos tucanos para o Buriti"},"content":{"rendered":"<p>O senador A\u00e9cio Neves, oficializado candidato tucano \u00e0 Presid\u00eancia da Rep\u00fablica nas elei\u00e7\u00f5es de outubro, estar\u00e1 em Bras\u00edlia no dia 28 para homologar a candidatura do tamb\u00e9m tucano Luiz Pitiman ao Governo do Distrito Federal<\/p>\n<p>O deputado Luiz Pitiman, que acompanhou em S\u00e3o Paulo a conven\u00e7\u00e3o do PSDB que aclamou o nome de A\u00e9cio, entende que o tucanato deu in\u00edcio \u00e0 caminhada &#8220;para a conquista da mudan\u00e7a de verdade, no sentido da \u00e9tica e efici\u00eancia na gest\u00e3o p\u00fablica que o Brasil e o Distrito Federal tanto precisam e querem.&#8221;<\/p>\n<blockquote><p>Em S\u00e3o Paulo, o presidenci\u00e1vel A\u00e9cio Neves reafirmou o nome de Luiz Pitiman como pr\u00e9-candidato do PSDB ao Pal\u00e1cio do Buriti. E confirmou o dia 28 de junho para a conven\u00e7\u00e3o que aclamar\u00e1 o candidato brasiliense. O evento ser\u00e1 no Conselho Regional de Engenharia e Agronomia do Distrito Federal.<\/p><\/blockquote>\n<p>O evento em S\u00e3o Paulo reuniu cinco mil pessoas, entre lideran\u00e7as pol\u00edticas, militantes, simpatizantes, aliados e representantes de todos os estados do Brasil. Durante a Conven\u00e7\u00e3o Nacional do partido, A\u00e9cio foi escolhido candidato com 99,11% dos votos. Dos 451 delegados, 447 se mostraram favor\u00e1veis ao senador.<\/p>\n<p>A\u00e9cio, bastante emocionado, agradeceu a presen\u00e7a de todos e o voto de confian\u00e7a dado por milhares de brasileiros. \u201cAcho que voc\u00eas podem imaginar a emo\u00e7\u00e3o que eu sinto neste instante. O mais importante momento de toda a minha caminhada pol\u00edtica. E as coisas n\u00e3o acontecem ao acaso. Aceito, hoje, a convoca\u00e7\u00e3o do meu partido e dos partidos aliados. Sou candidato \u00e0 Presid\u00eancia da Rep\u00fablica para mudar o Brasil, para transformar a vida dos brasileiros. O Brasil merece mais\u201d, afirmou.<\/p>\n<p>O candidato do PSDB \u00e0 presid\u00eancia reiterou seu compromisso em mudar para melhor a situa\u00e7\u00e3o do Brasil.<\/p>\n<p>\u201cSe coube a Juscelino Kubitschek, h\u00e1 60 anos, permitir o reencontro do Brasil com o desenvolvimento e a modernidade, coube a Tancredo, 30 anos depois, permitir que o Brasil se reencontrasse com a democracia e a liberdade. Outros 30 anos se passaram. Vamos conduzir o Brasil para um reencontro com a dec\u00eancia, com a dignidade, com o trabalho, com a efici\u00eancia na vida p\u00fablica, e vamos fazer isso com a coragem de todos voc\u00eas\u201d, completou.<\/p>\n","protected":false},"excerpt":{"rendered":"<p>O senador A\u00e9cio Neves, oficializado candidato tucano \u00e0 Presid\u00eancia da Rep\u00fablica nas elei\u00e7\u00f5es de outubro, estar\u00e1 em Bras\u00edlia no dia 28 para homologar a candidatura do tamb\u00e9m tucano Luiz Pitiman ao Governo do Distrito Federal O deputado Luiz Pitiman, que acompanhou em S\u00e3o Paulo a conven\u00e7\u00e3o do PSDB que aclamou o nome de A\u00e9cio, entende [&hellip;]<\/p>\n","protected":false},"author":2,"featured_media":13605,"comment_status":"open","ping_status":"closed","sticky":false,"template":"","format":"standard","meta":{"_acf_changed":false,"footnotes":""},"categories":[33],"tags":[],"class_list":["post-13604","post","type-post","status-publish","format-standard","has-post-thumbnail","hentry","category-eleicoes-2014"],"acf":[],"_links":{"self":[{"href":"https:\/\/www.notibras.com\/site\/wp-json\/wp\/v2\/posts\/13604","targetHints":{"allow":["GET"]}}],"collection":[{"href":"https:\/\/www.notibras.com\/site\/wp-json\/wp\/v2\/posts"}],"about":[{"href":"https:\/\/www.notibras.com\/site\/wp-json\/wp\/v2\/types\/post"}],"author":[{"embeddable":true,"href":"https:\/\/www.notibras.com\/site\/wp-json\/wp\/v2\/users\/2"}],"replies":[{"embeddable":true,"href":"https:\/\/www.notibras.com\/site\/wp-json\/wp\/v2\/comments?post=13604"}],"version-history":[{"count":0,"href":"https:\/\/www.notibras.com\/site\/wp-json\/wp\/v2\/posts\/13604\/revisions"}],"wp:featuredmedia":[{"embeddable":true,"href":"https:\/\/www.notibras.com\/site\/wp-json\/wp\/v2\/media\/13605"}],"wp:attachment":[{"href":"https:\/\/www.notibras.com\/site\/wp-json\/wp\/v2\/media?parent=13604"}],"wp:term":[{"taxonomy":"category","embeddable":true,"href":"https:\/\/www.notibras.com\/site\/wp-json\/wp\/v2\/categories?post=13604"},{"taxonomy":"post_tag","embeddable":true,"href":"https:\/\/www.notibras.com\/site\/wp-json\/wp\/v2\/tags?post=13604"}],"curies":[{"name":"wp","href":"https:\/\/api.w.org\/{rel}","templated":true}]}}