{"id":13608,"date":"2014-06-16T18:01:03","date_gmt":"2014-06-16T21:01:03","guid":{"rendered":"http:\/\/www.notibras.com\/site\/?p=13608"},"modified":"2014-06-16T21:09:00","modified_gmt":"2014-06-17T00:09:00","slug":"nigeria-e-ira-fazem-jogo-do-tedio-e-copa-da-fifa-registra-o-primeiro-0-a-0","status":"publish","type":"post","link":"https:\/\/www.notibras.com\/site\/nigeria-e-ira-fazem-jogo-do-tedio-e-copa-da-fifa-registra-o-primeiro-0-a-0\/","title":{"rendered":"Nig\u00e9ria e Ir\u00e3 fazem o jogo do t\u00e9dio e Copa da Fifa tem primeiro 0 a 0"},"content":{"rendered":"<p>Um jogo tecnicamente fraco, que acabou sendo vaiado pelos mais de 40 mil torcedores que foram \u00e0 Arena Curitiba, nesta segunda-feira, na capital paranaense. Isso \u00e9 o m\u00ednimo que pode ser dito do jogo Nig\u00e9ria x Ir\u00e3, que registrou o primeiro empate (e o primeiro 0 a 0) na Copa da Fifa que se disputa no Brasil.<\/p>\n<p>A opini\u00e3o ao fim do jogo foi un\u00e2nime. O torcedor acabou de assistir a uma &#8216;Pelada padr\u00e3o Fifa&#8217;. E n\u00e3o deixar de ser verdade, porque o empate sem gols veio depois de viradas espetaculares, goleadas, dramas, gola\u00e7os e tens\u00f5es.<\/p>\n<blockquote><p>Mas os jogadores de Nig\u00e9ria e Ir\u00e3 provaram que uma Copa do Mundo tamb\u00e9m tem espa\u00e7o para caneladas. Com muitos erros de passe, de posicionamento, escanteios mal batidos, tiros de meta chutados para lateral e 90 minutos que pareceram uma eternidade.<\/p><\/blockquote>\n<p>Os nigerianos at\u00e9 que tentaram tirar o branco do placar, mas esbarraram em um advers\u00e1rio com defesa bem montada e em suas pr\u00f3prias defici\u00eancias t\u00e9cnicas. Os iranianos, com muito medo de perder e pouca vontade de ganhar, amea\u00e7aram pouco o gol advers\u00e1rio, mas sa\u00edram de campo com um empate que pode at\u00e9 ser considerado um bom resultado. Quem deve ter gostado do que viu foram os argentinos, os pr\u00f3ximos advers\u00e1rios dos dois times no Mundial.<\/p>\n<p>A Nig\u00e9ria dominou a posse de bola desde o come\u00e7o e tentou atuar apenas no campo iraniano. Com pouca criatividade, por\u00e9m, a principal arma era o chuveirinho. Em um desses lances no primeiro tempo, os africanos chegaram ao gol, mas o juiz o anulou indicando uma falta no goleiro persa.<\/p>\n<p>O segundo tempo viu os nigerianos partirem com mais intensidade ao ataque, e os iranianos se defenderem na mesma medida. Mas nos lances mais agudos, os atacantes isolaram a bola ou os defensores conseguiram evitar o perigo com chut\u00f5es e cabe\u00e7adas para o alto.<\/p>\n","protected":false},"excerpt":{"rendered":"<p>Um jogo tecnicamente fraco, que acabou sendo vaiado pelos mais de 40 mil torcedores que foram \u00e0 Arena Curitiba, nesta segunda-feira, na capital paranaense. Isso \u00e9 o m\u00ednimo que pode ser dito do jogo Nig\u00e9ria x Ir\u00e3, que registrou o primeiro empate (e o primeiro 0 a 0) na Copa da Fifa que se disputa [&hellip;]<\/p>\n","protected":false},"author":2,"featured_media":13609,"comment_status":"open","ping_status":"closed","sticky":false,"template":"","format":"standard","meta":{"_acf_changed":false,"footnotes":""},"categories":[19],"tags":[],"class_list":["post-13608","post","type-post","status-publish","format-standard","has-post-thumbnail","hentry","category-esportes"],"acf":[],"yoast_head":"<!-- This site is optimized with the Yoast SEO plugin v27.2 - https:\/\/yoast.com\/product\/yoast-seo-wordpress\/ -->\n<title>Nig\u00e9ria e Ir\u00e3 fazem o jogo do t\u00e9dio e Copa da Fifa tem primeiro 0 a 0 - Notibras<\/title>\n<meta name=\"robots\" content=\"index, follow, max-snippet:-1, max-image-preview:large, max-video-preview:-1\" \/>\n<link rel=\"canonical\" href=\"https:\/\/www.notibras.com\/site\/nigeria-e-ira-fazem-jogo-do-tedio-e-copa-da-fifa-registra-o-primeiro-0-a-0\/\" \/>\n<meta property=\"og:locale\" content=\"pt_BR\" \/>\n<meta property=\"og:type\" content=\"article\" \/>\n<meta property=\"og:title\" content=\"Nig\u00e9ria e Ir\u00e3 fazem o jogo do t\u00e9dio e Copa da Fifa tem primeiro 0 a 0 - Notibras\" \/>\n<meta property=\"og:description\" content=\"Um jogo tecnicamente fraco, que acabou sendo vaiado pelos mais de 40 mil torcedores que foram \u00e0 Arena Curitiba, nesta segunda-feira, na capital paranaense. Isso \u00e9 o m\u00ednimo que pode ser dito do jogo Nig\u00e9ria x Ir\u00e3, que registrou o primeiro empate (e o primeiro 0 a 0) na Copa da Fifa que se disputa [&hellip;]\" \/>\n<meta property=\"og:url\" content=\"https:\/\/www.notibras.com\/site\/nigeria-e-ira-fazem-jogo-do-tedio-e-copa-da-fifa-registra-o-primeiro-0-a-0\/\" \/>\n<meta property=\"og:site_name\" content=\"Notibras\" \/>\n<meta property=\"article:publisher\" content=\"https:\/\/www.facebook.com\/notibras\/\" \/>\n<meta property=\"article:published_time\" content=\"2014-06-16T21:01:03+00:00\" \/>\n<meta property=\"article:modified_time\" content=\"2014-06-17T00:09:00+00:00\" \/>\n<meta property=\"og:image\" content=\"https:\/\/www.notibras.com\/site\/wp-content\/uploads\/2014\/06\/45iranigeriaafp.jpg\" \/>\n\t<meta property=\"og:image:width\" content=\"460\" \/>\n\t<meta property=\"og:image:height\" content=\"340\" \/>\n\t<meta property=\"og:image:type\" content=\"image\/jpeg\" \/>\n<meta name=\"author\" content=\"Reda\u00e7\u00e3o\" \/>\n<meta name=\"twitter:card\" content=\"summary_large_image\" \/>\n<meta name=\"twitter:creator\" content=\"@Notibras\" \/>\n<meta name=\"twitter:site\" content=\"@Notibras\" \/>\n<meta name=\"twitter:label1\" content=\"Escrito por\" \/>\n\t<meta name=\"twitter:data1\" content=\"Reda\u00e7\u00e3o\" \/>\n\t<meta name=\"twitter:label2\" content=\"Est. tempo de leitura\" \/>\n\t<meta name=\"twitter:data2\" content=\"2 minutos\" \/>\n<script type=\"application\/ld+json\" class=\"yoast-schema-graph\">{\"@context\":\"https:\/\/schema.org\",\"@graph\":[{\"@type\":\"Article\",\"@id\":\"https:\/\/www.notibras.com\/site\/nigeria-e-ira-fazem-jogo-do-tedio-e-copa-da-fifa-registra-o-primeiro-0-a-0\/#article\",\"isPartOf\":{\"@id\":\"https:\/\/www.notibras.com\/site\/nigeria-e-ira-fazem-jogo-do-tedio-e-copa-da-fifa-registra-o-primeiro-0-a-0\/\"},\"author\":{\"name\":\"Reda\u00e7\u00e3o\",\"@id\":\"https:\/\/www.notibras.com\/site\/#\/schema\/person\/36ab0979449956132d3e5b517ea76ac8\"},\"headline\":\"Nig\u00e9ria e Ir\u00e3 fazem o jogo do t\u00e9dio e Copa da Fifa tem primeiro 0 a 0\",\"datePublished\":\"2014-06-16T21:01:03+00:00\",\"dateModified\":\"2014-06-17T00:09:00+00:00\",\"mainEntityOfPage\":{\"@id\":\"https:\/\/www.notibras.com\/site\/nigeria-e-ira-fazem-jogo-do-tedio-e-copa-da-fifa-registra-o-primeiro-0-a-0\/\"},\"wordCount\":342,\"commentCount\":0,\"publisher\":{\"@id\":\"https:\/\/www.notibras.com\/site\/#organization\"},\"image\":{\"@id\":\"https:\/\/www.notibras.com\/site\/nigeria-e-ira-fazem-jogo-do-tedio-e-copa-da-fifa-registra-o-primeiro-0-a-0\/#primaryimage\"},\"thumbnailUrl\":\"https:\/\/www.notibras.com\/site\/wp-content\/uploads\/2014\/06\/45iranigeriaafp.jpg\",\"articleSection\":[\"Esportes\"],\"inLanguage\":\"pt-BR\",\"potentialAction\":[{\"@type\":\"CommentAction\",\"name\":\"Comment\",\"target\":[\"https:\/\/www.notibras.com\/site\/nigeria-e-ira-fazem-jogo-do-tedio-e-copa-da-fifa-registra-o-primeiro-0-a-0\/#respond\"]}]},{\"@type\":\"WebPage\",\"@id\":\"https:\/\/www.notibras.com\/site\/nigeria-e-ira-fazem-jogo-do-tedio-e-copa-da-fifa-registra-o-primeiro-0-a-0\/\",\"url\":\"https:\/\/www.notibras.com\/site\/nigeria-e-ira-fazem-jogo-do-tedio-e-copa-da-fifa-registra-o-primeiro-0-a-0\/\",\"name\":\"Nig\u00e9ria e Ir\u00e3 fazem o jogo do t\u00e9dio e Copa da Fifa tem primeiro 0 a 0 - Notibras\",\"isPartOf\":{\"@id\":\"https:\/\/www.notibras.com\/site\/#website\"},\"primaryImageOfPage\":{\"@id\":\"https:\/\/www.notibras.com\/site\/nigeria-e-ira-fazem-jogo-do-tedio-e-copa-da-fifa-registra-o-primeiro-0-a-0\/#primaryimage\"},\"image\":{\"@id\":\"https:\/\/www.notibras.com\/site\/nigeria-e-ira-fazem-jogo-do-tedio-e-copa-da-fifa-registra-o-primeiro-0-a-0\/#primaryimage\"},\"thumbnailUrl\":\"https:\/\/www.notibras.com\/site\/wp-content\/uploads\/2014\/06\/45iranigeriaafp.jpg\",\"datePublished\":\"2014-06-16T21:01:03+00:00\",\"dateModified\":\"2014-06-17T00:09:00+00:00\",\"breadcrumb\":{\"@id\":\"https:\/\/www.notibras.com\/site\/nigeria-e-ira-fazem-jogo-do-tedio-e-copa-da-fifa-registra-o-primeiro-0-a-0\/#breadcrumb\"},\"inLanguage\":\"pt-BR\",\"potentialAction\":[{\"@type\":\"ReadAction\",\"target\":[\"https:\/\/www.notibras.com\/site\/nigeria-e-ira-fazem-jogo-do-tedio-e-copa-da-fifa-registra-o-primeiro-0-a-0\/\"]}]},{\"@type\":\"ImageObject\",\"inLanguage\":\"pt-BR\",\"@id\":\"https:\/\/www.notibras.com\/site\/nigeria-e-ira-fazem-jogo-do-tedio-e-copa-da-fifa-registra-o-primeiro-0-a-0\/#primaryimage\",\"url\":\"https:\/\/www.notibras.com\/site\/wp-content\/uploads\/2014\/06\/45iranigeriaafp.jpg\",\"contentUrl\":\"https:\/\/www.notibras.com\/site\/wp-content\/uploads\/2014\/06\/45iranigeriaafp.jpg\",\"width\":460,\"height\":340},{\"@type\":\"BreadcrumbList\",\"@id\":\"https:\/\/www.notibras.com\/site\/nigeria-e-ira-fazem-jogo-do-tedio-e-copa-da-fifa-registra-o-primeiro-0-a-0\/#breadcrumb\",\"itemListElement\":[{\"@type\":\"ListItem\",\"position\":1,\"name\":\"In\u00edcio\",\"item\":\"https:\/\/www.notibras.com\/site\/\"},{\"@type\":\"ListItem\",\"position\":2,\"name\":\"Nig\u00e9ria e Ir\u00e3 fazem o jogo do t\u00e9dio e Copa da Fifa tem primeiro 0 a 0\"}]},{\"@type\":\"WebSite\",\"@id\":\"https:\/\/www.notibras.com\/site\/#website\",\"url\":\"https:\/\/www.notibras.com\/site\/\",\"name\":\"Notibras\",\"description\":\"Not\u00edcias de Bras\u00edlia, do Brasil e do Mundo\",\"publisher\":{\"@id\":\"https:\/\/www.notibras.com\/site\/#organization\"},\"potentialAction\":[{\"@type\":\"SearchAction\",\"target\":{\"@type\":\"EntryPoint\",\"urlTemplate\":\"https:\/\/www.notibras.com\/site\/?s={search_term_string}\"},\"query-input\":{\"@type\":\"PropertyValueSpecification\",\"valueRequired\":true,\"valueName\":\"search_term_string\"}}],\"inLanguage\":\"pt-BR\"},{\"@type\":\"Organization\",\"@id\":\"https:\/\/www.notibras.com\/site\/#organization\",\"name\":\"Grupo Notibras de Comunica\u00e7\u00e3o\",\"url\":\"https:\/\/www.notibras.com\/site\/\",\"logo\":{\"@type\":\"ImageObject\",\"inLanguage\":\"pt-BR\",\"@id\":\"https:\/\/www.notibras.com\/site\/#\/schema\/logo\/image\/\",\"url\":\"https:\/\/www.notibras.com\/site\/wp-content\/uploads\/2023\/01\/notibras23.png\",\"contentUrl\":\"https:\/\/www.notibras.com\/site\/wp-content\/uploads\/2023\/01\/notibras23.png\",\"width\":350,\"height\":87,\"caption\":\"Grupo Notibras de Comunica\u00e7\u00e3o\"},\"image\":{\"@id\":\"https:\/\/www.notibras.com\/site\/#\/schema\/logo\/image\/\"},\"sameAs\":[\"https:\/\/www.facebook.com\/notibras\/\",\"https:\/\/x.com\/Notibras\",\"https:\/\/www.instagram.com\/notibras\/\"]},{\"@type\":\"Person\",\"@id\":\"https:\/\/www.notibras.com\/site\/#\/schema\/person\/36ab0979449956132d3e5b517ea76ac8\",\"name\":\"Reda\u00e7\u00e3o\",\"image\":{\"@type\":\"ImageObject\",\"inLanguage\":\"pt-BR\",\"@id\":\"https:\/\/secure.gravatar.com\/avatar\/e0a867bdedb85fd243eadf09663511f96fc81e0720a4a42581f334ad4303aa6b?s=96&d=mm&r=g\",\"url\":\"https:\/\/secure.gravatar.com\/avatar\/e0a867bdedb85fd243eadf09663511f96fc81e0720a4a42581f334ad4303aa6b?s=96&d=mm&r=g\",\"contentUrl\":\"https:\/\/secure.gravatar.com\/avatar\/e0a867bdedb85fd243eadf09663511f96fc81e0720a4a42581f334ad4303aa6b?s=96&d=mm&r=g\",\"caption\":\"Reda\u00e7\u00e3o\"}}]}<\/script>\n<!-- \/ Yoast SEO plugin. -->","yoast_head_json":{"title":"Nig\u00e9ria e Ir\u00e3 fazem o jogo do t\u00e9dio e Copa da Fifa tem primeiro 0 a 0 - Notibras","robots":{"index":"index","follow":"follow","max-snippet":"max-snippet:-1","max-image-preview":"max-image-preview:large","max-video-preview":"max-video-preview:-1"},"canonical":"https:\/\/www.notibras.com\/site\/nigeria-e-ira-fazem-jogo-do-tedio-e-copa-da-fifa-registra-o-primeiro-0-a-0\/","og_locale":"pt_BR","og_type":"article","og_title":"Nig\u00e9ria e Ir\u00e3 fazem o jogo do t\u00e9dio e Copa da Fifa tem primeiro 0 a 0 - Notibras","og_description":"Um jogo tecnicamente fraco, que acabou sendo vaiado pelos mais de 40 mil torcedores que foram \u00e0 Arena Curitiba, nesta segunda-feira, na capital paranaense. Isso \u00e9 o m\u00ednimo que pode ser dito do jogo Nig\u00e9ria x Ir\u00e3, que registrou o primeiro empate (e o primeiro 0 a 0) na Copa da Fifa que se disputa [&hellip;]","og_url":"https:\/\/www.notibras.com\/site\/nigeria-e-ira-fazem-jogo-do-tedio-e-copa-da-fifa-registra-o-primeiro-0-a-0\/","og_site_name":"Notibras","article_publisher":"https:\/\/www.facebook.com\/notibras\/","article_published_time":"2014-06-16T21:01:03+00:00","article_modified_time":"2014-06-17T00:09:00+00:00","og_image":[{"width":460,"height":340,"url":"https:\/\/www.notibras.com\/site\/wp-content\/uploads\/2014\/06\/45iranigeriaafp.jpg","type":"image\/jpeg"}],"author":"Reda\u00e7\u00e3o","twitter_card":"summary_large_image","twitter_creator":"@Notibras","twitter_site":"@Notibras","twitter_misc":{"Escrito por":"Reda\u00e7\u00e3o","Est. tempo de leitura":"2 minutos"},"schema":{"@context":"https:\/\/schema.org","@graph":[{"@type":"Article","@id":"https:\/\/www.notibras.com\/site\/nigeria-e-ira-fazem-jogo-do-tedio-e-copa-da-fifa-registra-o-primeiro-0-a-0\/#article","isPartOf":{"@id":"https:\/\/www.notibras.com\/site\/nigeria-e-ira-fazem-jogo-do-tedio-e-copa-da-fifa-registra-o-primeiro-0-a-0\/"},"author":{"name":"Reda\u00e7\u00e3o","@id":"https:\/\/www.notibras.com\/site\/#\/schema\/person\/36ab0979449956132d3e5b517ea76ac8"},"headline":"Nig\u00e9ria e Ir\u00e3 fazem o jogo do t\u00e9dio e Copa da Fifa tem primeiro 0 a 0","datePublished":"2014-06-16T21:01:03+00:00","dateModified":"2014-06-17T00:09:00+00:00","mainEntityOfPage":{"@id":"https:\/\/www.notibras.com\/site\/nigeria-e-ira-fazem-jogo-do-tedio-e-copa-da-fifa-registra-o-primeiro-0-a-0\/"},"wordCount":342,"commentCount":0,"publisher":{"@id":"https:\/\/www.notibras.com\/site\/#organization"},"image":{"@id":"https:\/\/www.notibras.com\/site\/nigeria-e-ira-fazem-jogo-do-tedio-e-copa-da-fifa-registra-o-primeiro-0-a-0\/#primaryimage"},"thumbnailUrl":"https:\/\/www.notibras.com\/site\/wp-content\/uploads\/2014\/06\/45iranigeriaafp.jpg","articleSection":["Esportes"],"inLanguage":"pt-BR","potentialAction":[{"@type":"CommentAction","name":"Comment","target":["https:\/\/www.notibras.com\/site\/nigeria-e-ira-fazem-jogo-do-tedio-e-copa-da-fifa-registra-o-primeiro-0-a-0\/#respond"]}]},{"@type":"WebPage","@id":"https:\/\/www.notibras.com\/site\/nigeria-e-ira-fazem-jogo-do-tedio-e-copa-da-fifa-registra-o-primeiro-0-a-0\/","url":"https:\/\/www.notibras.com\/site\/nigeria-e-ira-fazem-jogo-do-tedio-e-copa-da-fifa-registra-o-primeiro-0-a-0\/","name":"Nig\u00e9ria e Ir\u00e3 fazem o jogo do t\u00e9dio e Copa da Fifa tem primeiro 0 a 0 - Notibras","isPartOf":{"@id":"https:\/\/www.notibras.com\/site\/#website"},"primaryImageOfPage":{"@id":"https:\/\/www.notibras.com\/site\/nigeria-e-ira-fazem-jogo-do-tedio-e-copa-da-fifa-registra-o-primeiro-0-a-0\/#primaryimage"},"image":{"@id":"https:\/\/www.notibras.com\/site\/nigeria-e-ira-fazem-jogo-do-tedio-e-copa-da-fifa-registra-o-primeiro-0-a-0\/#primaryimage"},"thumbnailUrl":"https:\/\/www.notibras.com\/site\/wp-content\/uploads\/2014\/06\/45iranigeriaafp.jpg","datePublished":"2014-06-16T21:01:03+00:00","dateModified":"2014-06-17T00:09:00+00:00","breadcrumb":{"@id":"https:\/\/www.notibras.com\/site\/nigeria-e-ira-fazem-jogo-do-tedio-e-copa-da-fifa-registra-o-primeiro-0-a-0\/#breadcrumb"},"inLanguage":"pt-BR","potentialAction":[{"@type":"ReadAction","target":["https:\/\/www.notibras.com\/site\/nigeria-e-ira-fazem-jogo-do-tedio-e-copa-da-fifa-registra-o-primeiro-0-a-0\/"]}]},{"@type":"ImageObject","inLanguage":"pt-BR","@id":"https:\/\/www.notibras.com\/site\/nigeria-e-ira-fazem-jogo-do-tedio-e-copa-da-fifa-registra-o-primeiro-0-a-0\/#primaryimage","url":"https:\/\/www.notibras.com\/site\/wp-content\/uploads\/2014\/06\/45iranigeriaafp.jpg","contentUrl":"https:\/\/www.notibras.com\/site\/wp-content\/uploads\/2014\/06\/45iranigeriaafp.jpg","width":460,"height":340},{"@type":"BreadcrumbList","@id":"https:\/\/www.notibras.com\/site\/nigeria-e-ira-fazem-jogo-do-tedio-e-copa-da-fifa-registra-o-primeiro-0-a-0\/#breadcrumb","itemListElement":[{"@type":"ListItem","position":1,"name":"In\u00edcio","item":"https:\/\/www.notibras.com\/site\/"},{"@type":"ListItem","position":2,"name":"Nig\u00e9ria e Ir\u00e3 fazem o jogo do t\u00e9dio e Copa da Fifa tem primeiro 0 a 0"}]},{"@type":"WebSite","@id":"https:\/\/www.notibras.com\/site\/#website","url":"https:\/\/www.notibras.com\/site\/","name":"Notibras","description":"Not\u00edcias de Bras\u00edlia, do Brasil e do Mundo","publisher":{"@id":"https:\/\/www.notibras.com\/site\/#organization"},"potentialAction":[{"@type":"SearchAction","target":{"@type":"EntryPoint","urlTemplate":"https:\/\/www.notibras.com\/site\/?s={search_term_string}"},"query-input":{"@type":"PropertyValueSpecification","valueRequired":true,"valueName":"search_term_string"}}],"inLanguage":"pt-BR"},{"@type":"Organization","@id":"https:\/\/www.notibras.com\/site\/#organization","name":"Grupo Notibras de Comunica\u00e7\u00e3o","url":"https:\/\/www.notibras.com\/site\/","logo":{"@type":"ImageObject","inLanguage":"pt-BR","@id":"https:\/\/www.notibras.com\/site\/#\/schema\/logo\/image\/","url":"https:\/\/www.notibras.com\/site\/wp-content\/uploads\/2023\/01\/notibras23.png","contentUrl":"https:\/\/www.notibras.com\/site\/wp-content\/uploads\/2023\/01\/notibras23.png","width":350,"height":87,"caption":"Grupo Notibras de Comunica\u00e7\u00e3o"},"image":{"@id":"https:\/\/www.notibras.com\/site\/#\/schema\/logo\/image\/"},"sameAs":["https:\/\/www.facebook.com\/notibras\/","https:\/\/x.com\/Notibras","https:\/\/www.instagram.com\/notibras\/"]},{"@type":"Person","@id":"https:\/\/www.notibras.com\/site\/#\/schema\/person\/36ab0979449956132d3e5b517ea76ac8","name":"Reda\u00e7\u00e3o","image":{"@type":"ImageObject","inLanguage":"pt-BR","@id":"https:\/\/secure.gravatar.com\/avatar\/e0a867bdedb85fd243eadf09663511f96fc81e0720a4a42581f334ad4303aa6b?s=96&d=mm&r=g","url":"https:\/\/secure.gravatar.com\/avatar\/e0a867bdedb85fd243eadf09663511f96fc81e0720a4a42581f334ad4303aa6b?s=96&d=mm&r=g","contentUrl":"https:\/\/secure.gravatar.com\/avatar\/e0a867bdedb85fd243eadf09663511f96fc81e0720a4a42581f334ad4303aa6b?s=96&d=mm&r=g","caption":"Reda\u00e7\u00e3o"}}]}},"amp_enabled":true,"_links":{"self":[{"href":"https:\/\/www.notibras.com\/site\/wp-json\/wp\/v2\/posts\/13608","targetHints":{"allow":["GET"]}}],"collection":[{"href":"https:\/\/www.notibras.com\/site\/wp-json\/wp\/v2\/posts"}],"about":[{"href":"https:\/\/www.notibras.com\/site\/wp-json\/wp\/v2\/types\/post"}],"author":[{"embeddable":true,"href":"https:\/\/www.notibras.com\/site\/wp-json\/wp\/v2\/users\/2"}],"replies":[{"embeddable":true,"href":"https:\/\/www.notibras.com\/site\/wp-json\/wp\/v2\/comments?post=13608"}],"version-history":[{"count":0,"href":"https:\/\/www.notibras.com\/site\/wp-json\/wp\/v2\/posts\/13608\/revisions"}],"wp:featuredmedia":[{"embeddable":true,"href":"https:\/\/www.notibras.com\/site\/wp-json\/wp\/v2\/media\/13609"}],"wp:attachment":[{"href":"https:\/\/www.notibras.com\/site\/wp-json\/wp\/v2\/media?parent=13608"}],"wp:term":[{"taxonomy":"category","embeddable":true,"href":"https:\/\/www.notibras.com\/site\/wp-json\/wp\/v2\/categories?post=13608"},{"taxonomy":"post_tag","embeddable":true,"href":"https:\/\/www.notibras.com\/site\/wp-json\/wp\/v2\/tags?post=13608"}],"curies":[{"name":"wp","href":"https:\/\/api.w.org\/{rel}","templated":true}]}}