{"id":13644,"date":"2014-06-16T22:01:45","date_gmt":"2014-06-17T01:01:45","guid":{"rendered":"http:\/\/www.notibras.com\/site\/?p=13644"},"modified":"2014-06-17T00:23:09","modified_gmt":"2014-06-17T03:23:09","slug":"policia-dispersa-ato-contra-a-copa-no-parana-usando-balas-de-borracha","status":"publish","type":"post","link":"https:\/\/www.notibras.com\/site\/policia-dispersa-ato-contra-a-copa-no-parana-usando-balas-de-borracha\/","title":{"rendered":"Pol\u00edcia dispersa ato contra a Copa com balas de borracha"},"content":{"rendered":"<p>A Pol\u00edcia Militar do Paran\u00e1 recorreu a balas de borracha para dispersar uma manifesta\u00e7\u00e3o contra a Copa do Mundo realizada nesta segunda-feira, em Curitiba.<\/p>\n<p>A manifesta\u00e7\u00e3o foi antes, durante e ap\u00f3s a partida entre Ir\u00e3 e Nig\u00e9ria, que acabou em 0 a 0. No confronto entre policiais e populares, 11 pessoas foram detidas.<\/p>\n<blockquote><p>Ao menos 200 manifestantes se reuniram no centro de Curitiba e seguiram em passeata para a Arena da Baixada, mas foram bloqueados pela pol\u00edcia.<\/p><\/blockquote>\n<p>Os manifestantes pararam um \u00f4nibus que levava torcedores e bloquearam v\u00e1rias ruas incendiando lixo.<\/p>\n<p>Ap\u00f3s a dispers\u00e3o do grupo, manifestantes com os rostos cobertos voltaram ao centro de Curitiba e passaram a atacar ag\u00eancias banc\u00e1rias, e a pol\u00edcia realizou v\u00e1rios disparos com balas de borracha para conter a a\u00e7\u00e3o.<\/p>\n<p>Em Natal, onde os Estados Unidos enfrentaram Gana (2-1) no Grupo G, cerca de 300 ativistas protestaram contra o gasto p\u00fablico com a Copa do Mundo e contra a presen\u00e7a do vice-presidente americano, Joe Biden, na Arena das Dunas.<\/p>\n<blockquote><p>O ato foi organizado pela internet. &#8220;Este \u00e9 um momento decisivo para o povo. Ou somos coniventes ou somos combatentes quanto \u00e0 Copa do Mundo no Brasil&#8221;, dizia a descri\u00e7\u00e3o do evento N\u00e3o Vai Ter Copa, que teve 2,6 mil confirma\u00e7\u00f5es no Facebook.<\/p><\/blockquote>\n<p>A inten\u00e7\u00e3o dos manifestantes era mostrar a indigna\u00e7\u00e3o com a organiza\u00e7\u00e3o do Mundial, com \u00eanfase nas remo\u00e7\u00f5es de fam\u00edlias para dar espa\u00e7o \u00e0s grandes constru\u00e7\u00f5es e nas mortes em acidentes de trabalho em canteiros de obras da Copa: tr\u00eas em S\u00e3o Paulo, quatro em Manaus, uma em Bras\u00edlia e uma em Cuiab\u00e1.<\/p>\n","protected":false},"excerpt":{"rendered":"<p>A Pol\u00edcia Militar do Paran\u00e1 recorreu a balas de borracha para dispersar uma manifesta\u00e7\u00e3o contra a Copa do Mundo realizada nesta segunda-feira, em Curitiba. A manifesta\u00e7\u00e3o foi antes, durante e ap\u00f3s a partida entre Ir\u00e3 e Nig\u00e9ria, que acabou em 0 a 0. No confronto entre policiais e populares, 11 pessoas foram detidas. Ao menos [&hellip;]<\/p>\n","protected":false},"author":2,"featured_media":13645,"comment_status":"open","ping_status":"closed","sticky":false,"template":"","format":"standard","meta":{"_acf_changed":false,"footnotes":""},"categories":[16],"tags":[],"class_list":["post-13644","post","type-post","status-publish","format-standard","has-post-thumbnail","hentry","category-brasil"],"acf":[],"yoast_head":"<!-- This site is optimized with the Yoast SEO plugin v27.2 - https:\/\/yoast.com\/product\/yoast-seo-wordpress\/ -->\n<title>Pol\u00edcia dispersa ato contra a Copa com balas de borracha - Notibras<\/title>\n<meta name=\"robots\" content=\"index, follow, max-snippet:-1, max-image-preview:large, max-video-preview:-1\" \/>\n<link rel=\"canonical\" href=\"https:\/\/www.notibras.com\/site\/policia-dispersa-ato-contra-a-copa-no-parana-usando-balas-de-borracha\/\" \/>\n<meta property=\"og:locale\" content=\"pt_BR\" \/>\n<meta property=\"og:type\" content=\"article\" \/>\n<meta property=\"og:title\" content=\"Pol\u00edcia dispersa ato contra a Copa com balas de borracha - Notibras\" \/>\n<meta property=\"og:description\" content=\"A Pol\u00edcia Militar do Paran\u00e1 recorreu a balas de borracha para dispersar uma manifesta\u00e7\u00e3o contra a Copa do Mundo realizada nesta segunda-feira, em Curitiba. A manifesta\u00e7\u00e3o foi antes, durante e ap\u00f3s a partida entre Ir\u00e3 e Nig\u00e9ria, que acabou em 0 a 0. No confronto entre policiais e populares, 11 pessoas foram detidas. Ao menos [&hellip;]\" \/>\n<meta property=\"og:url\" content=\"https:\/\/www.notibras.com\/site\/policia-dispersa-ato-contra-a-copa-no-parana-usando-balas-de-borracha\/\" \/>\n<meta property=\"og:site_name\" content=\"Notibras\" \/>\n<meta property=\"article:publisher\" content=\"https:\/\/www.facebook.com\/notibras\/\" \/>\n<meta property=\"article:published_time\" content=\"2014-06-17T01:01:45+00:00\" \/>\n<meta property=\"article:modified_time\" content=\"2014-06-17T03:23:09+00:00\" \/>\n<meta property=\"og:image\" content=\"https:\/\/www.notibras.com\/site\/wp-content\/uploads\/2014\/06\/PROTESTO_COPA_-_Hugo_Harada0360.jpg\" \/>\n\t<meta property=\"og:image:width\" content=\"620\" \/>\n\t<meta property=\"og:image:height\" content=\"402\" \/>\n\t<meta property=\"og:image:type\" content=\"image\/jpeg\" \/>\n<meta name=\"author\" content=\"Reda\u00e7\u00e3o\" \/>\n<meta name=\"twitter:card\" content=\"summary_large_image\" \/>\n<meta name=\"twitter:creator\" content=\"@Notibras\" \/>\n<meta name=\"twitter:site\" content=\"@Notibras\" \/>\n<meta name=\"twitter:label1\" content=\"Escrito por\" \/>\n\t<meta name=\"twitter:data1\" content=\"Reda\u00e7\u00e3o\" \/>\n\t<meta name=\"twitter:label2\" content=\"Est. tempo de leitura\" \/>\n\t<meta name=\"twitter:data2\" content=\"1 minuto\" \/>\n<script type=\"application\/ld+json\" class=\"yoast-schema-graph\">{\"@context\":\"https:\/\/schema.org\",\"@graph\":[{\"@type\":\"Article\",\"@id\":\"https:\/\/www.notibras.com\/site\/policia-dispersa-ato-contra-a-copa-no-parana-usando-balas-de-borracha\/#article\",\"isPartOf\":{\"@id\":\"https:\/\/www.notibras.com\/site\/policia-dispersa-ato-contra-a-copa-no-parana-usando-balas-de-borracha\/\"},\"author\":{\"name\":\"Reda\u00e7\u00e3o\",\"@id\":\"https:\/\/www.notibras.com\/site\/#\/schema\/person\/36ab0979449956132d3e5b517ea76ac8\"},\"headline\":\"Pol\u00edcia dispersa ato contra a Copa com balas de borracha\",\"datePublished\":\"2014-06-17T01:01:45+00:00\",\"dateModified\":\"2014-06-17T03:23:09+00:00\",\"mainEntityOfPage\":{\"@id\":\"https:\/\/www.notibras.com\/site\/policia-dispersa-ato-contra-a-copa-no-parana-usando-balas-de-borracha\/\"},\"wordCount\":292,\"commentCount\":0,\"publisher\":{\"@id\":\"https:\/\/www.notibras.com\/site\/#organization\"},\"image\":{\"@id\":\"https:\/\/www.notibras.com\/site\/policia-dispersa-ato-contra-a-copa-no-parana-usando-balas-de-borracha\/#primaryimage\"},\"thumbnailUrl\":\"https:\/\/www.notibras.com\/site\/wp-content\/uploads\/2014\/06\/PROTESTO_COPA_-_Hugo_Harada0360.jpg\",\"articleSection\":[\"Brasil\"],\"inLanguage\":\"pt-BR\",\"potentialAction\":[{\"@type\":\"CommentAction\",\"name\":\"Comment\",\"target\":[\"https:\/\/www.notibras.com\/site\/policia-dispersa-ato-contra-a-copa-no-parana-usando-balas-de-borracha\/#respond\"]}]},{\"@type\":\"WebPage\",\"@id\":\"https:\/\/www.notibras.com\/site\/policia-dispersa-ato-contra-a-copa-no-parana-usando-balas-de-borracha\/\",\"url\":\"https:\/\/www.notibras.com\/site\/policia-dispersa-ato-contra-a-copa-no-parana-usando-balas-de-borracha\/\",\"name\":\"Pol\u00edcia dispersa ato contra a Copa com balas de borracha - Notibras\",\"isPartOf\":{\"@id\":\"https:\/\/www.notibras.com\/site\/#website\"},\"primaryImageOfPage\":{\"@id\":\"https:\/\/www.notibras.com\/site\/policia-dispersa-ato-contra-a-copa-no-parana-usando-balas-de-borracha\/#primaryimage\"},\"image\":{\"@id\":\"https:\/\/www.notibras.com\/site\/policia-dispersa-ato-contra-a-copa-no-parana-usando-balas-de-borracha\/#primaryimage\"},\"thumbnailUrl\":\"https:\/\/www.notibras.com\/site\/wp-content\/uploads\/2014\/06\/PROTESTO_COPA_-_Hugo_Harada0360.jpg\",\"datePublished\":\"2014-06-17T01:01:45+00:00\",\"dateModified\":\"2014-06-17T03:23:09+00:00\",\"breadcrumb\":{\"@id\":\"https:\/\/www.notibras.com\/site\/policia-dispersa-ato-contra-a-copa-no-parana-usando-balas-de-borracha\/#breadcrumb\"},\"inLanguage\":\"pt-BR\",\"potentialAction\":[{\"@type\":\"ReadAction\",\"target\":[\"https:\/\/www.notibras.com\/site\/policia-dispersa-ato-contra-a-copa-no-parana-usando-balas-de-borracha\/\"]}]},{\"@type\":\"ImageObject\",\"inLanguage\":\"pt-BR\",\"@id\":\"https:\/\/www.notibras.com\/site\/policia-dispersa-ato-contra-a-copa-no-parana-usando-balas-de-borracha\/#primaryimage\",\"url\":\"https:\/\/www.notibras.com\/site\/wp-content\/uploads\/2014\/06\/PROTESTO_COPA_-_Hugo_Harada0360.jpg\",\"contentUrl\":\"https:\/\/www.notibras.com\/site\/wp-content\/uploads\/2014\/06\/PROTESTO_COPA_-_Hugo_Harada0360.jpg\",\"width\":620,\"height\":402},{\"@type\":\"BreadcrumbList\",\"@id\":\"https:\/\/www.notibras.com\/site\/policia-dispersa-ato-contra-a-copa-no-parana-usando-balas-de-borracha\/#breadcrumb\",\"itemListElement\":[{\"@type\":\"ListItem\",\"position\":1,\"name\":\"In\u00edcio\",\"item\":\"https:\/\/www.notibras.com\/site\/\"},{\"@type\":\"ListItem\",\"position\":2,\"name\":\"Pol\u00edcia dispersa ato contra a Copa com balas de borracha\"}]},{\"@type\":\"WebSite\",\"@id\":\"https:\/\/www.notibras.com\/site\/#website\",\"url\":\"https:\/\/www.notibras.com\/site\/\",\"name\":\"Notibras\",\"description\":\"Not\u00edcias de Bras\u00edlia, do Brasil e do Mundo\",\"publisher\":{\"@id\":\"https:\/\/www.notibras.com\/site\/#organization\"},\"potentialAction\":[{\"@type\":\"SearchAction\",\"target\":{\"@type\":\"EntryPoint\",\"urlTemplate\":\"https:\/\/www.notibras.com\/site\/?s={search_term_string}\"},\"query-input\":{\"@type\":\"PropertyValueSpecification\",\"valueRequired\":true,\"valueName\":\"search_term_string\"}}],\"inLanguage\":\"pt-BR\"},{\"@type\":\"Organization\",\"@id\":\"https:\/\/www.notibras.com\/site\/#organization\",\"name\":\"Grupo Notibras de Comunica\u00e7\u00e3o\",\"url\":\"https:\/\/www.notibras.com\/site\/\",\"logo\":{\"@type\":\"ImageObject\",\"inLanguage\":\"pt-BR\",\"@id\":\"https:\/\/www.notibras.com\/site\/#\/schema\/logo\/image\/\",\"url\":\"https:\/\/www.notibras.com\/site\/wp-content\/uploads\/2023\/01\/notibras23.png\",\"contentUrl\":\"https:\/\/www.notibras.com\/site\/wp-content\/uploads\/2023\/01\/notibras23.png\",\"width\":350,\"height\":87,\"caption\":\"Grupo Notibras de Comunica\u00e7\u00e3o\"},\"image\":{\"@id\":\"https:\/\/www.notibras.com\/site\/#\/schema\/logo\/image\/\"},\"sameAs\":[\"https:\/\/www.facebook.com\/notibras\/\",\"https:\/\/x.com\/Notibras\",\"https:\/\/www.instagram.com\/notibras\/\"]},{\"@type\":\"Person\",\"@id\":\"https:\/\/www.notibras.com\/site\/#\/schema\/person\/36ab0979449956132d3e5b517ea76ac8\",\"name\":\"Reda\u00e7\u00e3o\",\"image\":{\"@type\":\"ImageObject\",\"inLanguage\":\"pt-BR\",\"@id\":\"https:\/\/secure.gravatar.com\/avatar\/e0a867bdedb85fd243eadf09663511f96fc81e0720a4a42581f334ad4303aa6b?s=96&d=mm&r=g\",\"url\":\"https:\/\/secure.gravatar.com\/avatar\/e0a867bdedb85fd243eadf09663511f96fc81e0720a4a42581f334ad4303aa6b?s=96&d=mm&r=g\",\"contentUrl\":\"https:\/\/secure.gravatar.com\/avatar\/e0a867bdedb85fd243eadf09663511f96fc81e0720a4a42581f334ad4303aa6b?s=96&d=mm&r=g\",\"caption\":\"Reda\u00e7\u00e3o\"}}]}<\/script>\n<!-- \/ Yoast SEO plugin. -->","yoast_head_json":{"title":"Pol\u00edcia dispersa ato contra a Copa com balas de borracha - Notibras","robots":{"index":"index","follow":"follow","max-snippet":"max-snippet:-1","max-image-preview":"max-image-preview:large","max-video-preview":"max-video-preview:-1"},"canonical":"https:\/\/www.notibras.com\/site\/policia-dispersa-ato-contra-a-copa-no-parana-usando-balas-de-borracha\/","og_locale":"pt_BR","og_type":"article","og_title":"Pol\u00edcia dispersa ato contra a Copa com balas de borracha - Notibras","og_description":"A Pol\u00edcia Militar do Paran\u00e1 recorreu a balas de borracha para dispersar uma manifesta\u00e7\u00e3o contra a Copa do Mundo realizada nesta segunda-feira, em Curitiba. A manifesta\u00e7\u00e3o foi antes, durante e ap\u00f3s a partida entre Ir\u00e3 e Nig\u00e9ria, que acabou em 0 a 0. No confronto entre policiais e populares, 11 pessoas foram detidas. Ao menos [&hellip;]","og_url":"https:\/\/www.notibras.com\/site\/policia-dispersa-ato-contra-a-copa-no-parana-usando-balas-de-borracha\/","og_site_name":"Notibras","article_publisher":"https:\/\/www.facebook.com\/notibras\/","article_published_time":"2014-06-17T01:01:45+00:00","article_modified_time":"2014-06-17T03:23:09+00:00","og_image":[{"width":620,"height":402,"url":"https:\/\/www.notibras.com\/site\/wp-content\/uploads\/2014\/06\/PROTESTO_COPA_-_Hugo_Harada0360.jpg","type":"image\/jpeg"}],"author":"Reda\u00e7\u00e3o","twitter_card":"summary_large_image","twitter_creator":"@Notibras","twitter_site":"@Notibras","twitter_misc":{"Escrito por":"Reda\u00e7\u00e3o","Est. tempo de leitura":"1 minuto"},"schema":{"@context":"https:\/\/schema.org","@graph":[{"@type":"Article","@id":"https:\/\/www.notibras.com\/site\/policia-dispersa-ato-contra-a-copa-no-parana-usando-balas-de-borracha\/#article","isPartOf":{"@id":"https:\/\/www.notibras.com\/site\/policia-dispersa-ato-contra-a-copa-no-parana-usando-balas-de-borracha\/"},"author":{"name":"Reda\u00e7\u00e3o","@id":"https:\/\/www.notibras.com\/site\/#\/schema\/person\/36ab0979449956132d3e5b517ea76ac8"},"headline":"Pol\u00edcia dispersa ato contra a Copa com balas de borracha","datePublished":"2014-06-17T01:01:45+00:00","dateModified":"2014-06-17T03:23:09+00:00","mainEntityOfPage":{"@id":"https:\/\/www.notibras.com\/site\/policia-dispersa-ato-contra-a-copa-no-parana-usando-balas-de-borracha\/"},"wordCount":292,"commentCount":0,"publisher":{"@id":"https:\/\/www.notibras.com\/site\/#organization"},"image":{"@id":"https:\/\/www.notibras.com\/site\/policia-dispersa-ato-contra-a-copa-no-parana-usando-balas-de-borracha\/#primaryimage"},"thumbnailUrl":"https:\/\/www.notibras.com\/site\/wp-content\/uploads\/2014\/06\/PROTESTO_COPA_-_Hugo_Harada0360.jpg","articleSection":["Brasil"],"inLanguage":"pt-BR","potentialAction":[{"@type":"CommentAction","name":"Comment","target":["https:\/\/www.notibras.com\/site\/policia-dispersa-ato-contra-a-copa-no-parana-usando-balas-de-borracha\/#respond"]}]},{"@type":"WebPage","@id":"https:\/\/www.notibras.com\/site\/policia-dispersa-ato-contra-a-copa-no-parana-usando-balas-de-borracha\/","url":"https:\/\/www.notibras.com\/site\/policia-dispersa-ato-contra-a-copa-no-parana-usando-balas-de-borracha\/","name":"Pol\u00edcia dispersa ato contra a Copa com balas de borracha - Notibras","isPartOf":{"@id":"https:\/\/www.notibras.com\/site\/#website"},"primaryImageOfPage":{"@id":"https:\/\/www.notibras.com\/site\/policia-dispersa-ato-contra-a-copa-no-parana-usando-balas-de-borracha\/#primaryimage"},"image":{"@id":"https:\/\/www.notibras.com\/site\/policia-dispersa-ato-contra-a-copa-no-parana-usando-balas-de-borracha\/#primaryimage"},"thumbnailUrl":"https:\/\/www.notibras.com\/site\/wp-content\/uploads\/2014\/06\/PROTESTO_COPA_-_Hugo_Harada0360.jpg","datePublished":"2014-06-17T01:01:45+00:00","dateModified":"2014-06-17T03:23:09+00:00","breadcrumb":{"@id":"https:\/\/www.notibras.com\/site\/policia-dispersa-ato-contra-a-copa-no-parana-usando-balas-de-borracha\/#breadcrumb"},"inLanguage":"pt-BR","potentialAction":[{"@type":"ReadAction","target":["https:\/\/www.notibras.com\/site\/policia-dispersa-ato-contra-a-copa-no-parana-usando-balas-de-borracha\/"]}]},{"@type":"ImageObject","inLanguage":"pt-BR","@id":"https:\/\/www.notibras.com\/site\/policia-dispersa-ato-contra-a-copa-no-parana-usando-balas-de-borracha\/#primaryimage","url":"https:\/\/www.notibras.com\/site\/wp-content\/uploads\/2014\/06\/PROTESTO_COPA_-_Hugo_Harada0360.jpg","contentUrl":"https:\/\/www.notibras.com\/site\/wp-content\/uploads\/2014\/06\/PROTESTO_COPA_-_Hugo_Harada0360.jpg","width":620,"height":402},{"@type":"BreadcrumbList","@id":"https:\/\/www.notibras.com\/site\/policia-dispersa-ato-contra-a-copa-no-parana-usando-balas-de-borracha\/#breadcrumb","itemListElement":[{"@type":"ListItem","position":1,"name":"In\u00edcio","item":"https:\/\/www.notibras.com\/site\/"},{"@type":"ListItem","position":2,"name":"Pol\u00edcia dispersa ato contra a Copa com balas de borracha"}]},{"@type":"WebSite","@id":"https:\/\/www.notibras.com\/site\/#website","url":"https:\/\/www.notibras.com\/site\/","name":"Notibras","description":"Not\u00edcias de Bras\u00edlia, do Brasil e do Mundo","publisher":{"@id":"https:\/\/www.notibras.com\/site\/#organization"},"potentialAction":[{"@type":"SearchAction","target":{"@type":"EntryPoint","urlTemplate":"https:\/\/www.notibras.com\/site\/?s={search_term_string}"},"query-input":{"@type":"PropertyValueSpecification","valueRequired":true,"valueName":"search_term_string"}}],"inLanguage":"pt-BR"},{"@type":"Organization","@id":"https:\/\/www.notibras.com\/site\/#organization","name":"Grupo Notibras de Comunica\u00e7\u00e3o","url":"https:\/\/www.notibras.com\/site\/","logo":{"@type":"ImageObject","inLanguage":"pt-BR","@id":"https:\/\/www.notibras.com\/site\/#\/schema\/logo\/image\/","url":"https:\/\/www.notibras.com\/site\/wp-content\/uploads\/2023\/01\/notibras23.png","contentUrl":"https:\/\/www.notibras.com\/site\/wp-content\/uploads\/2023\/01\/notibras23.png","width":350,"height":87,"caption":"Grupo Notibras de Comunica\u00e7\u00e3o"},"image":{"@id":"https:\/\/www.notibras.com\/site\/#\/schema\/logo\/image\/"},"sameAs":["https:\/\/www.facebook.com\/notibras\/","https:\/\/x.com\/Notibras","https:\/\/www.instagram.com\/notibras\/"]},{"@type":"Person","@id":"https:\/\/www.notibras.com\/site\/#\/schema\/person\/36ab0979449956132d3e5b517ea76ac8","name":"Reda\u00e7\u00e3o","image":{"@type":"ImageObject","inLanguage":"pt-BR","@id":"https:\/\/secure.gravatar.com\/avatar\/e0a867bdedb85fd243eadf09663511f96fc81e0720a4a42581f334ad4303aa6b?s=96&d=mm&r=g","url":"https:\/\/secure.gravatar.com\/avatar\/e0a867bdedb85fd243eadf09663511f96fc81e0720a4a42581f334ad4303aa6b?s=96&d=mm&r=g","contentUrl":"https:\/\/secure.gravatar.com\/avatar\/e0a867bdedb85fd243eadf09663511f96fc81e0720a4a42581f334ad4303aa6b?s=96&d=mm&r=g","caption":"Reda\u00e7\u00e3o"}}]}},"amp_enabled":true,"_links":{"self":[{"href":"https:\/\/www.notibras.com\/site\/wp-json\/wp\/v2\/posts\/13644","targetHints":{"allow":["GET"]}}],"collection":[{"href":"https:\/\/www.notibras.com\/site\/wp-json\/wp\/v2\/posts"}],"about":[{"href":"https:\/\/www.notibras.com\/site\/wp-json\/wp\/v2\/types\/post"}],"author":[{"embeddable":true,"href":"https:\/\/www.notibras.com\/site\/wp-json\/wp\/v2\/users\/2"}],"replies":[{"embeddable":true,"href":"https:\/\/www.notibras.com\/site\/wp-json\/wp\/v2\/comments?post=13644"}],"version-history":[{"count":0,"href":"https:\/\/www.notibras.com\/site\/wp-json\/wp\/v2\/posts\/13644\/revisions"}],"wp:featuredmedia":[{"embeddable":true,"href":"https:\/\/www.notibras.com\/site\/wp-json\/wp\/v2\/media\/13645"}],"wp:attachment":[{"href":"https:\/\/www.notibras.com\/site\/wp-json\/wp\/v2\/media?parent=13644"}],"wp:term":[{"taxonomy":"category","embeddable":true,"href":"https:\/\/www.notibras.com\/site\/wp-json\/wp\/v2\/categories?post=13644"},{"taxonomy":"post_tag","embeddable":true,"href":"https:\/\/www.notibras.com\/site\/wp-json\/wp\/v2\/tags?post=13644"}],"curies":[{"name":"wp","href":"https:\/\/api.w.org\/{rel}","templated":true}]}}