{"id":136493,"date":"2017-04-26T22:07:46","date_gmt":"2017-04-27T01:07:46","guid":{"rendered":"http:\/\/www.notibras.com\/site\/?p=136493"},"modified":"2017-04-26T22:07:46","modified_gmt":"2017-04-27T01:07:46","slug":"noite-em-que-lula-acordou-no-sitio-que-nao-era-dele","status":"publish","type":"post","link":"https:\/\/www.notibras.com\/site\/noite-em-que-lula-acordou-no-sitio-que-nao-era-dele\/","title":{"rendered":"A noite em que Lula acordou no s\u00edtio que n\u00e3o era dele"},"content":{"rendered":"<p><strong>Percival Puggina<\/strong><\/p>\n<p>Para contar desde o come\u00e7o essa hist\u00f3ria do s\u00edtio de onde Lula se autodespejou, eu preciso come\u00e7ar por seu personagem mais estranho &#8211; Fernando Bittar. Ele \u00e9 dono de um local apraz\u00edvel onde n\u00e3o chegava telefonia celular. A propriedade precisava de cuidados e reformas para cuja execu\u00e7\u00e3o n\u00e3o dispunha de renda suficiente. Mas n\u00e3o se deixou abater por isso.<\/p>\n<p>Disposto a transformar o Santa B\u00e1rbara num pequeno para\u00edso serrano, para onde nunca ia nem iria, o remediado Bittar, em vez de pedir or\u00e7amento para tr\u00eas empreiteiros e escolher o de menor pre\u00e7o, como far\u00edamos n\u00f3s, perguntou a seus universit\u00e1rios bot\u00f5es: qual \u00e9 a maior empreiteira do pa\u00eds, universit\u00e1rios? E os bot\u00f5es, em coro lhe responderam: a Odebrecht. N\u00e3o havendo discord\u00e2ncia entre os informantes, Fernando decide. Que seja a Odebrecht.<\/p>\n<p>A poderosa construtora de hidroel\u00e9tricas, portos e rodovias, despacha engenheiros para Atibaia. E a obra foi feita, ficando pronta bem antes da Linha 6 do metr\u00f4 de S\u00e3o Paulo. Mas faltavam detalhes. Se alguma vez na vida voc\u00ea tentou falar com empresa de telefonia celular por telefone, deve saber o quanto isso \u00e9 dif\u00edcil. Imagine, ent\u00e3o, conseguir dela a instala\u00e7\u00e3o de uma torre, s\u00f3 para voc\u00ea, em meio aos matagais e matac\u00f5es de despovoada serra. Imposs\u00edvel? N\u00e3o ao Fernando. Ele ligou para a OI e conseguiu sua torre. Tamb\u00e9m a velha cozinha n\u00e3o estava legal. Era preciso melhorar aquela parte da casa. Para a impressionante e complexa tarefa, nosso her\u00f3i chamou outra grande empreiteira, a OAS, terceira no ranking das maiores do pa\u00eds.<\/p>\n<p>Agora, pasmem. Quando tudo ficou pronto, num lance de fazer inveja a Jo\u00e3o Pedro St\u00e9dile, o ex-presidente Lula irrompe no Santa B\u00e1rbara, sem foices nem bandeiras vermelhas, com aquela entourage que a na\u00e7\u00e3o lhe disponibiliza vitaliciamente para que nunca mais na vida necessite ir at\u00e9 a adega buscar uma garrafa. E de tudo, a partir da\u00ed, usou e abusou em 111 visitas at\u00e9 seu autodespejo.<\/p>\n<p>Gostaria de haver assistido aquela alvorada de uma nova consci\u00eancia na alma de Lula. S\u00f3 pode ter sido algo assim. Veja se n\u00e3o. Ele acordou, esfregou os olhos, contemplou assustado seu entorno, sacudiu a galega at\u00e9 despert\u00e1-la e disparou: &#8220;O que estamos fazendo aqui, mulher? N\u00e3o me chamo Fernando e n\u00e3o moro em Atibaia! Vamos embora deste lugar!&#8221;. E se foram para nunca mais voltar.<\/p>\n<p>Nem Luiz In\u00e1cio, nem Fernando. S\u00f3 alguns milhares de garrafas de vinhos finos, se n\u00e3o resgatadas, dormem serenas na fria encosta da Serra do Itapetinga.<\/p>\n","protected":false},"excerpt":{"rendered":"<p>Percival Puggina Para contar desde o come\u00e7o essa hist\u00f3ria do s\u00edtio de onde Lula se autodespejou, eu preciso come\u00e7ar por seu personagem mais estranho &#8211; Fernando Bittar. Ele \u00e9 dono de um local apraz\u00edvel onde n\u00e3o chegava telefonia celular. A propriedade precisava de cuidados e reformas para cuja execu\u00e7\u00e3o n\u00e3o dispunha de renda suficiente. Mas [&hellip;]<\/p>\n","protected":false},"author":2,"featured_media":109358,"comment_status":"open","ping_status":"closed","sticky":false,"template":"","format":"standard","meta":{"_acf_changed":false,"footnotes":""},"categories":[25],"tags":[],"class_list":["post-136493","post","type-post","status-publish","format-standard","has-post-thumbnail","hentry","category-opina-ai"],"acf":[],"yoast_head":"<!-- This site is optimized with the Yoast SEO plugin v27.2 - https:\/\/yoast.com\/product\/yoast-seo-wordpress\/ -->\n<title>A noite em que Lula acordou no s\u00edtio que n\u00e3o era dele - Notibras<\/title>\n<meta name=\"robots\" content=\"index, follow, max-snippet:-1, max-image-preview:large, max-video-preview:-1\" \/>\n<link rel=\"canonical\" href=\"https:\/\/www.notibras.com\/site\/noite-em-que-lula-acordou-no-sitio-que-nao-era-dele\/\" \/>\n<meta property=\"og:locale\" content=\"pt_BR\" \/>\n<meta property=\"og:type\" content=\"article\" \/>\n<meta property=\"og:title\" content=\"A noite em que Lula acordou no s\u00edtio que n\u00e3o era dele - Notibras\" \/>\n<meta property=\"og:description\" content=\"Percival Puggina Para contar desde o come\u00e7o essa hist\u00f3ria do s\u00edtio de onde Lula se autodespejou, eu preciso come\u00e7ar por seu personagem mais estranho &#8211; Fernando Bittar. Ele \u00e9 dono de um local apraz\u00edvel onde n\u00e3o chegava telefonia celular. A propriedade precisava de cuidados e reformas para cuja execu\u00e7\u00e3o n\u00e3o dispunha de renda suficiente. Mas [&hellip;]\" \/>\n<meta property=\"og:url\" content=\"https:\/\/www.notibras.com\/site\/noite-em-que-lula-acordou-no-sitio-que-nao-era-dele\/\" \/>\n<meta property=\"og:site_name\" content=\"Notibras\" \/>\n<meta property=\"article:publisher\" content=\"https:\/\/www.facebook.com\/notibras\/\" \/>\n<meta property=\"article:published_time\" content=\"2017-04-27T01:07:46+00:00\" \/>\n<meta property=\"og:image\" content=\"https:\/\/www.notibras.com\/site\/wp-content\/uploads\/2016\/07\/sitio-atibaia.jpg\" \/>\n\t<meta property=\"og:image:width\" content=\"699\" \/>\n\t<meta property=\"og:image:height\" content=\"420\" \/>\n\t<meta property=\"og:image:type\" content=\"image\/jpeg\" \/>\n<meta name=\"author\" content=\"Reda\u00e7\u00e3o\" \/>\n<meta name=\"twitter:card\" content=\"summary_large_image\" \/>\n<meta name=\"twitter:creator\" content=\"@Notibras\" \/>\n<meta name=\"twitter:site\" content=\"@Notibras\" \/>\n<meta name=\"twitter:label1\" content=\"Escrito por\" \/>\n\t<meta name=\"twitter:data1\" content=\"Reda\u00e7\u00e3o\" \/>\n\t<meta name=\"twitter:label2\" content=\"Est. tempo de leitura\" \/>\n\t<meta name=\"twitter:data2\" content=\"2 minutos\" \/>\n<script type=\"application\/ld+json\" class=\"yoast-schema-graph\">{\"@context\":\"https:\/\/schema.org\",\"@graph\":[{\"@type\":\"Article\",\"@id\":\"https:\/\/www.notibras.com\/site\/noite-em-que-lula-acordou-no-sitio-que-nao-era-dele\/#article\",\"isPartOf\":{\"@id\":\"https:\/\/www.notibras.com\/site\/noite-em-que-lula-acordou-no-sitio-que-nao-era-dele\/\"},\"author\":{\"name\":\"Reda\u00e7\u00e3o\",\"@id\":\"https:\/\/www.notibras.com\/site\/#\/schema\/person\/36ab0979449956132d3e5b517ea76ac8\"},\"headline\":\"A noite em que Lula acordou no s\u00edtio que n\u00e3o era dele\",\"datePublished\":\"2017-04-27T01:07:46+00:00\",\"mainEntityOfPage\":{\"@id\":\"https:\/\/www.notibras.com\/site\/noite-em-que-lula-acordou-no-sitio-que-nao-era-dele\/\"},\"wordCount\":464,\"commentCount\":0,\"publisher\":{\"@id\":\"https:\/\/www.notibras.com\/site\/#organization\"},\"image\":{\"@id\":\"https:\/\/www.notibras.com\/site\/noite-em-que-lula-acordou-no-sitio-que-nao-era-dele\/#primaryimage\"},\"thumbnailUrl\":\"https:\/\/www.notibras.com\/site\/wp-content\/uploads\/2016\/07\/sitio-atibaia.jpg\",\"articleSection\":[\"Opina a\u00ed\"],\"inLanguage\":\"pt-BR\",\"potentialAction\":[{\"@type\":\"CommentAction\",\"name\":\"Comment\",\"target\":[\"https:\/\/www.notibras.com\/site\/noite-em-que-lula-acordou-no-sitio-que-nao-era-dele\/#respond\"]}]},{\"@type\":\"WebPage\",\"@id\":\"https:\/\/www.notibras.com\/site\/noite-em-que-lula-acordou-no-sitio-que-nao-era-dele\/\",\"url\":\"https:\/\/www.notibras.com\/site\/noite-em-que-lula-acordou-no-sitio-que-nao-era-dele\/\",\"name\":\"A noite em que Lula acordou no s\u00edtio que n\u00e3o era dele - Notibras\",\"isPartOf\":{\"@id\":\"https:\/\/www.notibras.com\/site\/#website\"},\"primaryImageOfPage\":{\"@id\":\"https:\/\/www.notibras.com\/site\/noite-em-que-lula-acordou-no-sitio-que-nao-era-dele\/#primaryimage\"},\"image\":{\"@id\":\"https:\/\/www.notibras.com\/site\/noite-em-que-lula-acordou-no-sitio-que-nao-era-dele\/#primaryimage\"},\"thumbnailUrl\":\"https:\/\/www.notibras.com\/site\/wp-content\/uploads\/2016\/07\/sitio-atibaia.jpg\",\"datePublished\":\"2017-04-27T01:07:46+00:00\",\"breadcrumb\":{\"@id\":\"https:\/\/www.notibras.com\/site\/noite-em-que-lula-acordou-no-sitio-que-nao-era-dele\/#breadcrumb\"},\"inLanguage\":\"pt-BR\",\"potentialAction\":[{\"@type\":\"ReadAction\",\"target\":[\"https:\/\/www.notibras.com\/site\/noite-em-que-lula-acordou-no-sitio-que-nao-era-dele\/\"]}]},{\"@type\":\"ImageObject\",\"inLanguage\":\"pt-BR\",\"@id\":\"https:\/\/www.notibras.com\/site\/noite-em-que-lula-acordou-no-sitio-que-nao-era-dele\/#primaryimage\",\"url\":\"https:\/\/www.notibras.com\/site\/wp-content\/uploads\/2016\/07\/sitio-atibaia.jpg\",\"contentUrl\":\"https:\/\/www.notibras.com\/site\/wp-content\/uploads\/2016\/07\/sitio-atibaia.jpg\",\"width\":699,\"height\":420,\"caption\":\"Foto\/Arquivo Notibras\"},{\"@type\":\"BreadcrumbList\",\"@id\":\"https:\/\/www.notibras.com\/site\/noite-em-que-lula-acordou-no-sitio-que-nao-era-dele\/#breadcrumb\",\"itemListElement\":[{\"@type\":\"ListItem\",\"position\":1,\"name\":\"In\u00edcio\",\"item\":\"https:\/\/www.notibras.com\/site\/\"},{\"@type\":\"ListItem\",\"position\":2,\"name\":\"A noite em que Lula acordou no s\u00edtio que n\u00e3o era dele\"}]},{\"@type\":\"WebSite\",\"@id\":\"https:\/\/www.notibras.com\/site\/#website\",\"url\":\"https:\/\/www.notibras.com\/site\/\",\"name\":\"Notibras\",\"description\":\"Not\u00edcias de Bras\u00edlia, do Brasil e do Mundo\",\"publisher\":{\"@id\":\"https:\/\/www.notibras.com\/site\/#organization\"},\"potentialAction\":[{\"@type\":\"SearchAction\",\"target\":{\"@type\":\"EntryPoint\",\"urlTemplate\":\"https:\/\/www.notibras.com\/site\/?s={search_term_string}\"},\"query-input\":{\"@type\":\"PropertyValueSpecification\",\"valueRequired\":true,\"valueName\":\"search_term_string\"}}],\"inLanguage\":\"pt-BR\"},{\"@type\":\"Organization\",\"@id\":\"https:\/\/www.notibras.com\/site\/#organization\",\"name\":\"Grupo Notibras de Comunica\u00e7\u00e3o\",\"url\":\"https:\/\/www.notibras.com\/site\/\",\"logo\":{\"@type\":\"ImageObject\",\"inLanguage\":\"pt-BR\",\"@id\":\"https:\/\/www.notibras.com\/site\/#\/schema\/logo\/image\/\",\"url\":\"https:\/\/www.notibras.com\/site\/wp-content\/uploads\/2023\/01\/notibras23.png\",\"contentUrl\":\"https:\/\/www.notibras.com\/site\/wp-content\/uploads\/2023\/01\/notibras23.png\",\"width\":350,\"height\":87,\"caption\":\"Grupo Notibras de Comunica\u00e7\u00e3o\"},\"image\":{\"@id\":\"https:\/\/www.notibras.com\/site\/#\/schema\/logo\/image\/\"},\"sameAs\":[\"https:\/\/www.facebook.com\/notibras\/\",\"https:\/\/x.com\/Notibras\",\"https:\/\/www.instagram.com\/notibras\/\"]},{\"@type\":\"Person\",\"@id\":\"https:\/\/www.notibras.com\/site\/#\/schema\/person\/36ab0979449956132d3e5b517ea76ac8\",\"name\":\"Reda\u00e7\u00e3o\",\"image\":{\"@type\":\"ImageObject\",\"inLanguage\":\"pt-BR\",\"@id\":\"https:\/\/secure.gravatar.com\/avatar\/e0a867bdedb85fd243eadf09663511f96fc81e0720a4a42581f334ad4303aa6b?s=96&d=mm&r=g\",\"url\":\"https:\/\/secure.gravatar.com\/avatar\/e0a867bdedb85fd243eadf09663511f96fc81e0720a4a42581f334ad4303aa6b?s=96&d=mm&r=g\",\"contentUrl\":\"https:\/\/secure.gravatar.com\/avatar\/e0a867bdedb85fd243eadf09663511f96fc81e0720a4a42581f334ad4303aa6b?s=96&d=mm&r=g\",\"caption\":\"Reda\u00e7\u00e3o\"}}]}<\/script>\n<!-- \/ Yoast SEO plugin. -->","yoast_head_json":{"title":"A noite em que Lula acordou no s\u00edtio que n\u00e3o era dele - Notibras","robots":{"index":"index","follow":"follow","max-snippet":"max-snippet:-1","max-image-preview":"max-image-preview:large","max-video-preview":"max-video-preview:-1"},"canonical":"https:\/\/www.notibras.com\/site\/noite-em-que-lula-acordou-no-sitio-que-nao-era-dele\/","og_locale":"pt_BR","og_type":"article","og_title":"A noite em que Lula acordou no s\u00edtio que n\u00e3o era dele - Notibras","og_description":"Percival Puggina Para contar desde o come\u00e7o essa hist\u00f3ria do s\u00edtio de onde Lula se autodespejou, eu preciso come\u00e7ar por seu personagem mais estranho &#8211; Fernando Bittar. Ele \u00e9 dono de um local apraz\u00edvel onde n\u00e3o chegava telefonia celular. A propriedade precisava de cuidados e reformas para cuja execu\u00e7\u00e3o n\u00e3o dispunha de renda suficiente. Mas [&hellip;]","og_url":"https:\/\/www.notibras.com\/site\/noite-em-que-lula-acordou-no-sitio-que-nao-era-dele\/","og_site_name":"Notibras","article_publisher":"https:\/\/www.facebook.com\/notibras\/","article_published_time":"2017-04-27T01:07:46+00:00","og_image":[{"width":699,"height":420,"url":"https:\/\/www.notibras.com\/site\/wp-content\/uploads\/2016\/07\/sitio-atibaia.jpg","type":"image\/jpeg"}],"author":"Reda\u00e7\u00e3o","twitter_card":"summary_large_image","twitter_creator":"@Notibras","twitter_site":"@Notibras","twitter_misc":{"Escrito por":"Reda\u00e7\u00e3o","Est. tempo de leitura":"2 minutos"},"schema":{"@context":"https:\/\/schema.org","@graph":[{"@type":"Article","@id":"https:\/\/www.notibras.com\/site\/noite-em-que-lula-acordou-no-sitio-que-nao-era-dele\/#article","isPartOf":{"@id":"https:\/\/www.notibras.com\/site\/noite-em-que-lula-acordou-no-sitio-que-nao-era-dele\/"},"author":{"name":"Reda\u00e7\u00e3o","@id":"https:\/\/www.notibras.com\/site\/#\/schema\/person\/36ab0979449956132d3e5b517ea76ac8"},"headline":"A noite em que Lula acordou no s\u00edtio que n\u00e3o era dele","datePublished":"2017-04-27T01:07:46+00:00","mainEntityOfPage":{"@id":"https:\/\/www.notibras.com\/site\/noite-em-que-lula-acordou-no-sitio-que-nao-era-dele\/"},"wordCount":464,"commentCount":0,"publisher":{"@id":"https:\/\/www.notibras.com\/site\/#organization"},"image":{"@id":"https:\/\/www.notibras.com\/site\/noite-em-que-lula-acordou-no-sitio-que-nao-era-dele\/#primaryimage"},"thumbnailUrl":"https:\/\/www.notibras.com\/site\/wp-content\/uploads\/2016\/07\/sitio-atibaia.jpg","articleSection":["Opina a\u00ed"],"inLanguage":"pt-BR","potentialAction":[{"@type":"CommentAction","name":"Comment","target":["https:\/\/www.notibras.com\/site\/noite-em-que-lula-acordou-no-sitio-que-nao-era-dele\/#respond"]}]},{"@type":"WebPage","@id":"https:\/\/www.notibras.com\/site\/noite-em-que-lula-acordou-no-sitio-que-nao-era-dele\/","url":"https:\/\/www.notibras.com\/site\/noite-em-que-lula-acordou-no-sitio-que-nao-era-dele\/","name":"A noite em que Lula acordou no s\u00edtio que n\u00e3o era dele - Notibras","isPartOf":{"@id":"https:\/\/www.notibras.com\/site\/#website"},"primaryImageOfPage":{"@id":"https:\/\/www.notibras.com\/site\/noite-em-que-lula-acordou-no-sitio-que-nao-era-dele\/#primaryimage"},"image":{"@id":"https:\/\/www.notibras.com\/site\/noite-em-que-lula-acordou-no-sitio-que-nao-era-dele\/#primaryimage"},"thumbnailUrl":"https:\/\/www.notibras.com\/site\/wp-content\/uploads\/2016\/07\/sitio-atibaia.jpg","datePublished":"2017-04-27T01:07:46+00:00","breadcrumb":{"@id":"https:\/\/www.notibras.com\/site\/noite-em-que-lula-acordou-no-sitio-que-nao-era-dele\/#breadcrumb"},"inLanguage":"pt-BR","potentialAction":[{"@type":"ReadAction","target":["https:\/\/www.notibras.com\/site\/noite-em-que-lula-acordou-no-sitio-que-nao-era-dele\/"]}]},{"@type":"ImageObject","inLanguage":"pt-BR","@id":"https:\/\/www.notibras.com\/site\/noite-em-que-lula-acordou-no-sitio-que-nao-era-dele\/#primaryimage","url":"https:\/\/www.notibras.com\/site\/wp-content\/uploads\/2016\/07\/sitio-atibaia.jpg","contentUrl":"https:\/\/www.notibras.com\/site\/wp-content\/uploads\/2016\/07\/sitio-atibaia.jpg","width":699,"height":420,"caption":"Foto\/Arquivo Notibras"},{"@type":"BreadcrumbList","@id":"https:\/\/www.notibras.com\/site\/noite-em-que-lula-acordou-no-sitio-que-nao-era-dele\/#breadcrumb","itemListElement":[{"@type":"ListItem","position":1,"name":"In\u00edcio","item":"https:\/\/www.notibras.com\/site\/"},{"@type":"ListItem","position":2,"name":"A noite em que Lula acordou no s\u00edtio que n\u00e3o era dele"}]},{"@type":"WebSite","@id":"https:\/\/www.notibras.com\/site\/#website","url":"https:\/\/www.notibras.com\/site\/","name":"Notibras","description":"Not\u00edcias de Bras\u00edlia, do Brasil e do Mundo","publisher":{"@id":"https:\/\/www.notibras.com\/site\/#organization"},"potentialAction":[{"@type":"SearchAction","target":{"@type":"EntryPoint","urlTemplate":"https:\/\/www.notibras.com\/site\/?s={search_term_string}"},"query-input":{"@type":"PropertyValueSpecification","valueRequired":true,"valueName":"search_term_string"}}],"inLanguage":"pt-BR"},{"@type":"Organization","@id":"https:\/\/www.notibras.com\/site\/#organization","name":"Grupo Notibras de Comunica\u00e7\u00e3o","url":"https:\/\/www.notibras.com\/site\/","logo":{"@type":"ImageObject","inLanguage":"pt-BR","@id":"https:\/\/www.notibras.com\/site\/#\/schema\/logo\/image\/","url":"https:\/\/www.notibras.com\/site\/wp-content\/uploads\/2023\/01\/notibras23.png","contentUrl":"https:\/\/www.notibras.com\/site\/wp-content\/uploads\/2023\/01\/notibras23.png","width":350,"height":87,"caption":"Grupo Notibras de Comunica\u00e7\u00e3o"},"image":{"@id":"https:\/\/www.notibras.com\/site\/#\/schema\/logo\/image\/"},"sameAs":["https:\/\/www.facebook.com\/notibras\/","https:\/\/x.com\/Notibras","https:\/\/www.instagram.com\/notibras\/"]},{"@type":"Person","@id":"https:\/\/www.notibras.com\/site\/#\/schema\/person\/36ab0979449956132d3e5b517ea76ac8","name":"Reda\u00e7\u00e3o","image":{"@type":"ImageObject","inLanguage":"pt-BR","@id":"https:\/\/secure.gravatar.com\/avatar\/e0a867bdedb85fd243eadf09663511f96fc81e0720a4a42581f334ad4303aa6b?s=96&d=mm&r=g","url":"https:\/\/secure.gravatar.com\/avatar\/e0a867bdedb85fd243eadf09663511f96fc81e0720a4a42581f334ad4303aa6b?s=96&d=mm&r=g","contentUrl":"https:\/\/secure.gravatar.com\/avatar\/e0a867bdedb85fd243eadf09663511f96fc81e0720a4a42581f334ad4303aa6b?s=96&d=mm&r=g","caption":"Reda\u00e7\u00e3o"}}]}},"amp_enabled":true,"_links":{"self":[{"href":"https:\/\/www.notibras.com\/site\/wp-json\/wp\/v2\/posts\/136493","targetHints":{"allow":["GET"]}}],"collection":[{"href":"https:\/\/www.notibras.com\/site\/wp-json\/wp\/v2\/posts"}],"about":[{"href":"https:\/\/www.notibras.com\/site\/wp-json\/wp\/v2\/types\/post"}],"author":[{"embeddable":true,"href":"https:\/\/www.notibras.com\/site\/wp-json\/wp\/v2\/users\/2"}],"replies":[{"embeddable":true,"href":"https:\/\/www.notibras.com\/site\/wp-json\/wp\/v2\/comments?post=136493"}],"version-history":[{"count":1,"href":"https:\/\/www.notibras.com\/site\/wp-json\/wp\/v2\/posts\/136493\/revisions"}],"predecessor-version":[{"id":136494,"href":"https:\/\/www.notibras.com\/site\/wp-json\/wp\/v2\/posts\/136493\/revisions\/136494"}],"wp:featuredmedia":[{"embeddable":true,"href":"https:\/\/www.notibras.com\/site\/wp-json\/wp\/v2\/media\/109358"}],"wp:attachment":[{"href":"https:\/\/www.notibras.com\/site\/wp-json\/wp\/v2\/media?parent=136493"}],"wp:term":[{"taxonomy":"category","embeddable":true,"href":"https:\/\/www.notibras.com\/site\/wp-json\/wp\/v2\/categories?post=136493"},{"taxonomy":"post_tag","embeddable":true,"href":"https:\/\/www.notibras.com\/site\/wp-json\/wp\/v2\/tags?post=136493"}],"curies":[{"name":"wp","href":"https:\/\/api.w.org\/{rel}","templated":true}]}}