{"id":13657,"date":"2014-06-16T22:43:26","date_gmt":"2014-06-17T01:43:26","guid":{"rendered":"http:\/\/www.notibras.com\/site\/?p=13657"},"modified":"2014-06-16T22:46:18","modified_gmt":"2014-06-17T01:46:18","slug":"afogado-em-chuva-de-acusacoes-gim-mantem-candidatura-do-senado","status":"publish","type":"post","link":"https:\/\/www.notibras.com\/site\/afogado-em-chuva-de-acusacoes-gim-mantem-candidatura-do-senado\/","title":{"rendered":"Afogado em chuva de acusa\u00e7\u00f5es, Gim Argello mant\u00e9m candidatura"},"content":{"rendered":"<div class=\"itemFullText\">Mesmo com uma s\u00e9rie de acusa\u00e7\u00f5es e investiga\u00e7\u00f5es relativas \u00e0 sua atua\u00e7\u00e3o parlamentar, o senador do DF, GIM Argello, realizou uma grande festa no m\u00eas de maio, no Sal\u00e3o de Esplendor, Setor de Mans\u00f5es Park Way, com aproximadamente cinco mil pessoas para lan\u00e7ar sua candidatura \u00e0 elei\u00e7\u00e3o.<\/div>\n<div class=\"itemFullText\"><\/div>\n<div class=\"itemFullText\">Com o sal\u00e3o completamente lotado, os correligion\u00e1rios do senador petebista aplaudiam e ovacionavam seu nome. Rodeado de aliados pol\u00edticos, GIM tentou evidenciar seus projetos emplacados no Senado Federal e sua proximidade com a presidente Dilma Rousseff.<\/div>\n<div class=\"itemFullText\"><\/div>\n<div class=\"itemFullText\">Apesar do n\u00famero expressivo no encontro, pouco expressiva \u00e9 a popularidade de GIM. Sem receber um \u00fanico voto, GIM assumiu a cadeira de senado, em 2006, como suplente do ent\u00e3o dono da cadeira, o ex-governado do DF, Joaquim Roriz, &#8211; que foi cassado por falta de decoro parlamentar.<\/div>\n<blockquote>\n<div class=\"itemFullText\"><\/div>\n<div class=\"itemFullText\">Com um \u00edndice alt\u00edssimo de rejei\u00e7\u00e3o, GIM vem tentando convencer a popula\u00e7\u00e3o e atira forte em segmentos sociais como os dos deficientes f\u00edsicos, vi\u00favas e taxistas. Mas no que se refere \u00e0 popula\u00e7\u00e3o geral do DF, o senador est\u00e1 longe de ser prefer\u00eancia.<\/div>\n<\/blockquote>\n<div class=\"itemFullText\"><\/div>\n<div class=\"itemFullText\">Eleito deputado Distrital por duas vezes, GIM come\u00e7ou sua vida pol\u00edtica com n\u00fameros desanimadores nas urnas. Em 1994 foi candidato sem galgar \u00eaxito. Nas elei\u00e7\u00f5es seguintes, 1998 e em seguida em 2012, atrav\u00e9s de alian\u00e7as entre legendas, conseguiu entrar no legislativo local, com 10.345 e 17.868 votos, respectivamente.<\/div>\n<div class=\"itemFullText\"><\/div>\n<div class=\"itemFullText\">Para permanecer no Senado, GIM ter\u00e1 que obter enorme soma de votos, mais de 500 mil. Se depender de seus concorrentes, Alberto Fraga, presidente do DEM-DF; Antonio Reguffe, deputado Federal pedetista pelo DF e o petista Geraldo Magela, deputado Federal do DF e ex-secret\u00e1rio de Habita\u00e7\u00e3o; todos aspirantes \u00e0 \u00fanica vaga dispon\u00edvel nestas elei\u00e7\u00f5es para o Senado, GIM s\u00f3 vai levar o votos dos inocentes.<\/div>\n<div class=\"itemFullText\"><\/div>\n<div class=\"itemFullText\">Segundo reportagens e relat\u00f3rios levantados sobre a vida pregressa do senador, GIM tem pela frente um enorme rol de den\u00fancias que p\u00f5em em quest\u00e3o as suas atua\u00e7\u00f5es pol\u00edticas.<\/div>\n<div class=\"itemFullText\"><\/div>\n<div class=\"itemFullText\">GIM \u00e9 investigado por peculato, desvio de dinheiro p\u00fablico em benef\u00edcio pr\u00f3prio ou de outros, e desrespeito \u00e0 lei de licita\u00e7\u00f5es. Como relator do or\u00e7amento no Senado para 2011, o senador petebista \u00e9 acusado de destinar verbas para institutos fantasmas, que contratavam outras empresas e repassavam ao Governo Federal um valor acima do que fora executado. A diferen\u00e7a ia para o bolso dos institutos. Segundo reportagens, GIM em 25 anos de atua\u00e7\u00e3o nos bastidores pol\u00edticos acumulou fortuna superior a R$ 1 bilh\u00e3o, fato que foi comemorado pelo pr\u00f3prio GIM e divulgado por toda a m\u00eddia.<\/div>\n<div class=\"itemFullText\"><\/div>\n<div class=\"itemFullText\"><strong>Gazeta de Taguatinga<\/strong><\/div>\n","protected":false},"excerpt":{"rendered":"<p>Mesmo com uma s\u00e9rie de acusa\u00e7\u00f5es e investiga\u00e7\u00f5es relativas \u00e0 sua atua\u00e7\u00e3o parlamentar, o senador do DF, GIM Argello, realizou uma grande festa no m\u00eas de maio, no Sal\u00e3o de Esplendor, Setor de Mans\u00f5es Park Way, com aproximadamente cinco mil pessoas para lan\u00e7ar sua candidatura \u00e0 elei\u00e7\u00e3o. Com o sal\u00e3o completamente lotado, os correligion\u00e1rios do [&hellip;]<\/p>\n","protected":false},"author":2,"featured_media":13658,"comment_status":"open","ping_status":"closed","sticky":false,"template":"","format":"standard","meta":{"_acf_changed":false,"footnotes":""},"categories":[33],"tags":[],"class_list":["post-13657","post","type-post","status-publish","format-standard","has-post-thumbnail","hentry","category-eleicoes-2014"],"acf":[],"_links":{"self":[{"href":"https:\/\/www.notibras.com\/site\/wp-json\/wp\/v2\/posts\/13657","targetHints":{"allow":["GET"]}}],"collection":[{"href":"https:\/\/www.notibras.com\/site\/wp-json\/wp\/v2\/posts"}],"about":[{"href":"https:\/\/www.notibras.com\/site\/wp-json\/wp\/v2\/types\/post"}],"author":[{"embeddable":true,"href":"https:\/\/www.notibras.com\/site\/wp-json\/wp\/v2\/users\/2"}],"replies":[{"embeddable":true,"href":"https:\/\/www.notibras.com\/site\/wp-json\/wp\/v2\/comments?post=13657"}],"version-history":[{"count":0,"href":"https:\/\/www.notibras.com\/site\/wp-json\/wp\/v2\/posts\/13657\/revisions"}],"wp:featuredmedia":[{"embeddable":true,"href":"https:\/\/www.notibras.com\/site\/wp-json\/wp\/v2\/media\/13658"}],"wp:attachment":[{"href":"https:\/\/www.notibras.com\/site\/wp-json\/wp\/v2\/media?parent=13657"}],"wp:term":[{"taxonomy":"category","embeddable":true,"href":"https:\/\/www.notibras.com\/site\/wp-json\/wp\/v2\/categories?post=13657"},{"taxonomy":"post_tag","embeddable":true,"href":"https:\/\/www.notibras.com\/site\/wp-json\/wp\/v2\/tags?post=13657"}],"curies":[{"name":"wp","href":"https:\/\/api.w.org\/{rel}","templated":true}]}}