{"id":13663,"date":"2014-06-16T23:55:50","date_gmt":"2014-06-17T02:55:50","guid":{"rendered":"http:\/\/www.notibras.com\/site\/?p=13663"},"modified":"2014-06-17T15:42:39","modified_gmt":"2014-06-17T18:42:39","slug":"sindicato-denuncia-onda-de-violencia-da-policia-contra-jornalistas","status":"publish","type":"post","link":"https:\/\/www.notibras.com\/site\/sindicato-denuncia-onda-de-violencia-da-policia-contra-jornalistas\/","title":{"rendered":"Sindicato denuncia onda de viol\u00eancia contra a imprensa"},"content":{"rendered":"<p>Em nota divulgada na noite desta segunda-feira 16, o Sindicato dos Jornalistas Profissionais do Munic\u00edpio do Rio de Janeiro (Sindjor Rio) manifestou que \u201ca viol\u00eancia praticada contra jornalistas chegou a n\u00edveis inaceit\u00e1veis &#8211; e insustent\u00e1veis &#8211; na cidade do Rio de Janeiro com a pris\u00e3o da rep\u00f3rter Vera Ara\u00fajo, de <em>O Globo<\/em>, e a agress\u00e3o \u00e0 rep\u00f3rter fotogr\u00e1fica<em> freelancer<\/em> K\u00e1tia Carvalho durante o exerc\u00edcio da profiss\u00e3o nesse domingo (15)\u201d.<\/p>\n<p>A jornalista Vera Ara\u00fajo foi presa pelo sargento Edmundo Faria, da Pol\u00edcia Militar (PM), quando se\u00a0 recusou a parar de filmar a deten\u00e7\u00e3o de um torcedor argentino que urinava nas proximidades do Est\u00e1dio do Maracan\u00e3, zona norte da cidade.<\/p>\n<blockquote><p>De acordo com o sindicato, \u201cela foi algemada, agredida, impedida de usar seu celular e, dentro da viatura, deu voltas por diversos bairros antes de ser levada \u00e0 Cidade da Pol\u00edcia, onde a ocorr\u00eancia foi registrada. No mesmo dia, K\u00e1tia foi atingida por uma bomba disparada pela PM em protesto perto do est\u00e1dio, que a feriu gravemente nas costas\u201d.<\/p><\/blockquote>\n<p>A nota acrescenta que \u201cdiante da escalada de viola\u00e7\u00f5es direcionadas \u00e0 nossa categoria, o Sindicato dos Jornalistas Profissionais do Munic\u00edpio do Rio contratou o advogado Lucas Sada, especializado em direito criminal, para auxiliar os associados, que j\u00e1 contam hoje com assist\u00eancia nas \u00e1reas c\u00edvel e trabalhista. Orientamos ainda os profissionais que foram agredidos por policiais que busquem o sindicato para entrar com a\u00e7\u00f5es judiciais por danos morais contra o Estado. Estudamos ainda entrar com uma a\u00e7\u00e3o civil p\u00fablica que, atuando de forma coletiva, possa conter a viol\u00eancia contra os jornalistas no Rio\u201d.<\/p>\n<p>O Sindjor Rio deve enviar amanh\u00e3 (17) of\u00edcios ao governo estadual, representado pelo gabinete do pr\u00f3prio governador Luiz Fernando Pez\u00e3o, pela Secretaria de Seguran\u00e7a P\u00fablica e pelo comando da PM, e\u00a0 tamb\u00e9m ao Minist\u00e9rio P\u00fablico, solicitando que sejam tomadas\u00a0 provid\u00eancias e feita uma\u00a0 rigorosa apura\u00e7\u00e3o dos culpados pelos epis\u00f3dios envolvendo as jornalistas Vera Ara\u00fajo e K\u00e1tia Carvalho. As den\u00fancias dos profissionais de imprensa que sofrerem agress\u00f5es enquanto\u00a0 trabalham podem ser feitas\u00a0 pelos telefones de plant\u00e3o do sindicato\u00a0 (21) 99439 2951 e (21) 99278-2137.<\/p>\n<p>Segundo relata o sindicato, o n\u00famero de casos de viol\u00eancia contra jornalistas na cidade \u00e9 crescente. De maio de 2013 a maio deste ano foram agredidos ou hostilizados 73 profissionais no Rio, sendo que um deles, o rep\u00f3rter cinematogr\u00e1fico Santiago Andrade, morreu. A maioria das situa\u00e7\u00f5es (80%), assegura o Sindjor Rio, foi provocada por policiais militares.<\/p>\n<div class=\"node-info\"><strong>Alana Gandra, ABr<\/strong><strong><br \/>\n<\/strong><\/div>\n","protected":false},"excerpt":{"rendered":"<p>Em nota divulgada na noite desta segunda-feira 16, o Sindicato dos Jornalistas Profissionais do Munic\u00edpio do Rio de Janeiro (Sindjor Rio) manifestou que \u201ca viol\u00eancia praticada contra jornalistas chegou a n\u00edveis inaceit\u00e1veis &#8211; e insustent\u00e1veis &#8211; na cidade do Rio de Janeiro com a pris\u00e3o da rep\u00f3rter Vera Ara\u00fajo, de O Globo, e a agress\u00e3o [&hellip;]<\/p>\n","protected":false},"author":2,"featured_media":13664,"comment_status":"open","ping_status":"closed","sticky":false,"template":"","format":"standard","meta":{"_acf_changed":false,"footnotes":""},"categories":[16],"tags":[],"class_list":["post-13663","post","type-post","status-publish","format-standard","has-post-thumbnail","hentry","category-brasil"],"acf":[],"yoast_head":"<!-- This site is optimized with the Yoast SEO plugin v27.2 - https:\/\/yoast.com\/product\/yoast-seo-wordpress\/ -->\n<title>Sindicato denuncia onda de viol\u00eancia contra a imprensa - Notibras<\/title>\n<meta name=\"robots\" content=\"index, follow, max-snippet:-1, max-image-preview:large, max-video-preview:-1\" \/>\n<link rel=\"canonical\" href=\"https:\/\/www.notibras.com\/site\/sindicato-denuncia-onda-de-violencia-da-policia-contra-jornalistas\/\" \/>\n<meta property=\"og:locale\" content=\"pt_BR\" \/>\n<meta property=\"og:type\" content=\"article\" \/>\n<meta property=\"og:title\" content=\"Sindicato denuncia onda de viol\u00eancia contra a imprensa - Notibras\" \/>\n<meta property=\"og:description\" content=\"Em nota divulgada na noite desta segunda-feira 16, o Sindicato dos Jornalistas Profissionais do Munic\u00edpio do Rio de Janeiro (Sindjor Rio) manifestou que \u201ca viol\u00eancia praticada contra jornalistas chegou a n\u00edveis inaceit\u00e1veis &#8211; e insustent\u00e1veis &#8211; na cidade do Rio de Janeiro com a pris\u00e3o da rep\u00f3rter Vera Ara\u00fajo, de O Globo, e a agress\u00e3o [&hellip;]\" \/>\n<meta property=\"og:url\" content=\"https:\/\/www.notibras.com\/site\/sindicato-denuncia-onda-de-violencia-da-policia-contra-jornalistas\/\" \/>\n<meta property=\"og:site_name\" content=\"Notibras\" \/>\n<meta property=\"article:publisher\" content=\"https:\/\/www.facebook.com\/notibras\/\" \/>\n<meta property=\"article:published_time\" content=\"2014-06-17T02:55:50+00:00\" \/>\n<meta property=\"article:modified_time\" content=\"2014-06-17T18:42:39+00:00\" \/>\n<meta property=\"og:image\" content=\"https:\/\/www.notibras.com\/site\/wp-content\/uploads\/2014\/06\/agress\u00e3o_jornalista.jpg\" \/>\n\t<meta property=\"og:image:width\" content=\"1024\" \/>\n\t<meta property=\"og:image:height\" content=\"801\" \/>\n\t<meta property=\"og:image:type\" content=\"image\/jpeg\" \/>\n<meta name=\"author\" content=\"Reda\u00e7\u00e3o\" \/>\n<meta name=\"twitter:card\" content=\"summary_large_image\" \/>\n<meta name=\"twitter:creator\" content=\"@Notibras\" \/>\n<meta name=\"twitter:site\" content=\"@Notibras\" \/>\n<meta name=\"twitter:label1\" content=\"Escrito por\" \/>\n\t<meta name=\"twitter:data1\" content=\"Reda\u00e7\u00e3o\" \/>\n\t<meta name=\"twitter:label2\" content=\"Est. tempo de leitura\" \/>\n\t<meta name=\"twitter:data2\" content=\"2 minutos\" \/>\n<script type=\"application\/ld+json\" class=\"yoast-schema-graph\">{\"@context\":\"https:\/\/schema.org\",\"@graph\":[{\"@type\":\"Article\",\"@id\":\"https:\/\/www.notibras.com\/site\/sindicato-denuncia-onda-de-violencia-da-policia-contra-jornalistas\/#article\",\"isPartOf\":{\"@id\":\"https:\/\/www.notibras.com\/site\/sindicato-denuncia-onda-de-violencia-da-policia-contra-jornalistas\/\"},\"author\":{\"name\":\"Reda\u00e7\u00e3o\",\"@id\":\"https:\/\/www.notibras.com\/site\/#\/schema\/person\/36ab0979449956132d3e5b517ea76ac8\"},\"headline\":\"Sindicato denuncia onda de viol\u00eancia contra a imprensa\",\"datePublished\":\"2014-06-17T02:55:50+00:00\",\"dateModified\":\"2014-06-17T18:42:39+00:00\",\"mainEntityOfPage\":{\"@id\":\"https:\/\/www.notibras.com\/site\/sindicato-denuncia-onda-de-violencia-da-policia-contra-jornalistas\/\"},\"wordCount\":447,\"commentCount\":0,\"publisher\":{\"@id\":\"https:\/\/www.notibras.com\/site\/#organization\"},\"image\":{\"@id\":\"https:\/\/www.notibras.com\/site\/sindicato-denuncia-onda-de-violencia-da-policia-contra-jornalistas\/#primaryimage\"},\"thumbnailUrl\":\"https:\/\/www.notibras.com\/site\/wp-content\/uploads\/2014\/06\/agress\u00e3o_jornalista.jpg\",\"articleSection\":[\"Brasil\"],\"inLanguage\":\"pt-BR\",\"potentialAction\":[{\"@type\":\"CommentAction\",\"name\":\"Comment\",\"target\":[\"https:\/\/www.notibras.com\/site\/sindicato-denuncia-onda-de-violencia-da-policia-contra-jornalistas\/#respond\"]}]},{\"@type\":\"WebPage\",\"@id\":\"https:\/\/www.notibras.com\/site\/sindicato-denuncia-onda-de-violencia-da-policia-contra-jornalistas\/\",\"url\":\"https:\/\/www.notibras.com\/site\/sindicato-denuncia-onda-de-violencia-da-policia-contra-jornalistas\/\",\"name\":\"Sindicato denuncia onda de viol\u00eancia contra a imprensa - Notibras\",\"isPartOf\":{\"@id\":\"https:\/\/www.notibras.com\/site\/#website\"},\"primaryImageOfPage\":{\"@id\":\"https:\/\/www.notibras.com\/site\/sindicato-denuncia-onda-de-violencia-da-policia-contra-jornalistas\/#primaryimage\"},\"image\":{\"@id\":\"https:\/\/www.notibras.com\/site\/sindicato-denuncia-onda-de-violencia-da-policia-contra-jornalistas\/#primaryimage\"},\"thumbnailUrl\":\"https:\/\/www.notibras.com\/site\/wp-content\/uploads\/2014\/06\/agress\u00e3o_jornalista.jpg\",\"datePublished\":\"2014-06-17T02:55:50+00:00\",\"dateModified\":\"2014-06-17T18:42:39+00:00\",\"breadcrumb\":{\"@id\":\"https:\/\/www.notibras.com\/site\/sindicato-denuncia-onda-de-violencia-da-policia-contra-jornalistas\/#breadcrumb\"},\"inLanguage\":\"pt-BR\",\"potentialAction\":[{\"@type\":\"ReadAction\",\"target\":[\"https:\/\/www.notibras.com\/site\/sindicato-denuncia-onda-de-violencia-da-policia-contra-jornalistas\/\"]}]},{\"@type\":\"ImageObject\",\"inLanguage\":\"pt-BR\",\"@id\":\"https:\/\/www.notibras.com\/site\/sindicato-denuncia-onda-de-violencia-da-policia-contra-jornalistas\/#primaryimage\",\"url\":\"https:\/\/www.notibras.com\/site\/wp-content\/uploads\/2014\/06\/agress\u00e3o_jornalista.jpg\",\"contentUrl\":\"https:\/\/www.notibras.com\/site\/wp-content\/uploads\/2014\/06\/agress\u00e3o_jornalista.jpg\",\"width\":1024,\"height\":801},{\"@type\":\"BreadcrumbList\",\"@id\":\"https:\/\/www.notibras.com\/site\/sindicato-denuncia-onda-de-violencia-da-policia-contra-jornalistas\/#breadcrumb\",\"itemListElement\":[{\"@type\":\"ListItem\",\"position\":1,\"name\":\"In\u00edcio\",\"item\":\"https:\/\/www.notibras.com\/site\/\"},{\"@type\":\"ListItem\",\"position\":2,\"name\":\"Sindicato denuncia onda de viol\u00eancia contra a imprensa\"}]},{\"@type\":\"WebSite\",\"@id\":\"https:\/\/www.notibras.com\/site\/#website\",\"url\":\"https:\/\/www.notibras.com\/site\/\",\"name\":\"Notibras\",\"description\":\"Not\u00edcias de Bras\u00edlia, do Brasil e do Mundo\",\"publisher\":{\"@id\":\"https:\/\/www.notibras.com\/site\/#organization\"},\"potentialAction\":[{\"@type\":\"SearchAction\",\"target\":{\"@type\":\"EntryPoint\",\"urlTemplate\":\"https:\/\/www.notibras.com\/site\/?s={search_term_string}\"},\"query-input\":{\"@type\":\"PropertyValueSpecification\",\"valueRequired\":true,\"valueName\":\"search_term_string\"}}],\"inLanguage\":\"pt-BR\"},{\"@type\":\"Organization\",\"@id\":\"https:\/\/www.notibras.com\/site\/#organization\",\"name\":\"Grupo Notibras de Comunica\u00e7\u00e3o\",\"url\":\"https:\/\/www.notibras.com\/site\/\",\"logo\":{\"@type\":\"ImageObject\",\"inLanguage\":\"pt-BR\",\"@id\":\"https:\/\/www.notibras.com\/site\/#\/schema\/logo\/image\/\",\"url\":\"https:\/\/www.notibras.com\/site\/wp-content\/uploads\/2023\/01\/notibras23.png\",\"contentUrl\":\"https:\/\/www.notibras.com\/site\/wp-content\/uploads\/2023\/01\/notibras23.png\",\"width\":350,\"height\":87,\"caption\":\"Grupo Notibras de Comunica\u00e7\u00e3o\"},\"image\":{\"@id\":\"https:\/\/www.notibras.com\/site\/#\/schema\/logo\/image\/\"},\"sameAs\":[\"https:\/\/www.facebook.com\/notibras\/\",\"https:\/\/x.com\/Notibras\",\"https:\/\/www.instagram.com\/notibras\/\"]},{\"@type\":\"Person\",\"@id\":\"https:\/\/www.notibras.com\/site\/#\/schema\/person\/36ab0979449956132d3e5b517ea76ac8\",\"name\":\"Reda\u00e7\u00e3o\",\"image\":{\"@type\":\"ImageObject\",\"inLanguage\":\"pt-BR\",\"@id\":\"https:\/\/secure.gravatar.com\/avatar\/e0a867bdedb85fd243eadf09663511f96fc81e0720a4a42581f334ad4303aa6b?s=96&d=mm&r=g\",\"url\":\"https:\/\/secure.gravatar.com\/avatar\/e0a867bdedb85fd243eadf09663511f96fc81e0720a4a42581f334ad4303aa6b?s=96&d=mm&r=g\",\"contentUrl\":\"https:\/\/secure.gravatar.com\/avatar\/e0a867bdedb85fd243eadf09663511f96fc81e0720a4a42581f334ad4303aa6b?s=96&d=mm&r=g\",\"caption\":\"Reda\u00e7\u00e3o\"}}]}<\/script>\n<!-- \/ Yoast SEO plugin. -->","yoast_head_json":{"title":"Sindicato denuncia onda de viol\u00eancia contra a imprensa - Notibras","robots":{"index":"index","follow":"follow","max-snippet":"max-snippet:-1","max-image-preview":"max-image-preview:large","max-video-preview":"max-video-preview:-1"},"canonical":"https:\/\/www.notibras.com\/site\/sindicato-denuncia-onda-de-violencia-da-policia-contra-jornalistas\/","og_locale":"pt_BR","og_type":"article","og_title":"Sindicato denuncia onda de viol\u00eancia contra a imprensa - Notibras","og_description":"Em nota divulgada na noite desta segunda-feira 16, o Sindicato dos Jornalistas Profissionais do Munic\u00edpio do Rio de Janeiro (Sindjor Rio) manifestou que \u201ca viol\u00eancia praticada contra jornalistas chegou a n\u00edveis inaceit\u00e1veis &#8211; e insustent\u00e1veis &#8211; na cidade do Rio de Janeiro com a pris\u00e3o da rep\u00f3rter Vera Ara\u00fajo, de O Globo, e a agress\u00e3o [&hellip;]","og_url":"https:\/\/www.notibras.com\/site\/sindicato-denuncia-onda-de-violencia-da-policia-contra-jornalistas\/","og_site_name":"Notibras","article_publisher":"https:\/\/www.facebook.com\/notibras\/","article_published_time":"2014-06-17T02:55:50+00:00","article_modified_time":"2014-06-17T18:42:39+00:00","og_image":[{"width":1024,"height":801,"url":"https:\/\/www.notibras.com\/site\/wp-content\/uploads\/2014\/06\/agress\u00e3o_jornalista.jpg","type":"image\/jpeg"}],"author":"Reda\u00e7\u00e3o","twitter_card":"summary_large_image","twitter_creator":"@Notibras","twitter_site":"@Notibras","twitter_misc":{"Escrito por":"Reda\u00e7\u00e3o","Est. tempo de leitura":"2 minutos"},"schema":{"@context":"https:\/\/schema.org","@graph":[{"@type":"Article","@id":"https:\/\/www.notibras.com\/site\/sindicato-denuncia-onda-de-violencia-da-policia-contra-jornalistas\/#article","isPartOf":{"@id":"https:\/\/www.notibras.com\/site\/sindicato-denuncia-onda-de-violencia-da-policia-contra-jornalistas\/"},"author":{"name":"Reda\u00e7\u00e3o","@id":"https:\/\/www.notibras.com\/site\/#\/schema\/person\/36ab0979449956132d3e5b517ea76ac8"},"headline":"Sindicato denuncia onda de viol\u00eancia contra a imprensa","datePublished":"2014-06-17T02:55:50+00:00","dateModified":"2014-06-17T18:42:39+00:00","mainEntityOfPage":{"@id":"https:\/\/www.notibras.com\/site\/sindicato-denuncia-onda-de-violencia-da-policia-contra-jornalistas\/"},"wordCount":447,"commentCount":0,"publisher":{"@id":"https:\/\/www.notibras.com\/site\/#organization"},"image":{"@id":"https:\/\/www.notibras.com\/site\/sindicato-denuncia-onda-de-violencia-da-policia-contra-jornalistas\/#primaryimage"},"thumbnailUrl":"https:\/\/www.notibras.com\/site\/wp-content\/uploads\/2014\/06\/agress\u00e3o_jornalista.jpg","articleSection":["Brasil"],"inLanguage":"pt-BR","potentialAction":[{"@type":"CommentAction","name":"Comment","target":["https:\/\/www.notibras.com\/site\/sindicato-denuncia-onda-de-violencia-da-policia-contra-jornalistas\/#respond"]}]},{"@type":"WebPage","@id":"https:\/\/www.notibras.com\/site\/sindicato-denuncia-onda-de-violencia-da-policia-contra-jornalistas\/","url":"https:\/\/www.notibras.com\/site\/sindicato-denuncia-onda-de-violencia-da-policia-contra-jornalistas\/","name":"Sindicato denuncia onda de viol\u00eancia contra a imprensa - Notibras","isPartOf":{"@id":"https:\/\/www.notibras.com\/site\/#website"},"primaryImageOfPage":{"@id":"https:\/\/www.notibras.com\/site\/sindicato-denuncia-onda-de-violencia-da-policia-contra-jornalistas\/#primaryimage"},"image":{"@id":"https:\/\/www.notibras.com\/site\/sindicato-denuncia-onda-de-violencia-da-policia-contra-jornalistas\/#primaryimage"},"thumbnailUrl":"https:\/\/www.notibras.com\/site\/wp-content\/uploads\/2014\/06\/agress\u00e3o_jornalista.jpg","datePublished":"2014-06-17T02:55:50+00:00","dateModified":"2014-06-17T18:42:39+00:00","breadcrumb":{"@id":"https:\/\/www.notibras.com\/site\/sindicato-denuncia-onda-de-violencia-da-policia-contra-jornalistas\/#breadcrumb"},"inLanguage":"pt-BR","potentialAction":[{"@type":"ReadAction","target":["https:\/\/www.notibras.com\/site\/sindicato-denuncia-onda-de-violencia-da-policia-contra-jornalistas\/"]}]},{"@type":"ImageObject","inLanguage":"pt-BR","@id":"https:\/\/www.notibras.com\/site\/sindicato-denuncia-onda-de-violencia-da-policia-contra-jornalistas\/#primaryimage","url":"https:\/\/www.notibras.com\/site\/wp-content\/uploads\/2014\/06\/agress\u00e3o_jornalista.jpg","contentUrl":"https:\/\/www.notibras.com\/site\/wp-content\/uploads\/2014\/06\/agress\u00e3o_jornalista.jpg","width":1024,"height":801},{"@type":"BreadcrumbList","@id":"https:\/\/www.notibras.com\/site\/sindicato-denuncia-onda-de-violencia-da-policia-contra-jornalistas\/#breadcrumb","itemListElement":[{"@type":"ListItem","position":1,"name":"In\u00edcio","item":"https:\/\/www.notibras.com\/site\/"},{"@type":"ListItem","position":2,"name":"Sindicato denuncia onda de viol\u00eancia contra a imprensa"}]},{"@type":"WebSite","@id":"https:\/\/www.notibras.com\/site\/#website","url":"https:\/\/www.notibras.com\/site\/","name":"Notibras","description":"Not\u00edcias de Bras\u00edlia, do Brasil e do Mundo","publisher":{"@id":"https:\/\/www.notibras.com\/site\/#organization"},"potentialAction":[{"@type":"SearchAction","target":{"@type":"EntryPoint","urlTemplate":"https:\/\/www.notibras.com\/site\/?s={search_term_string}"},"query-input":{"@type":"PropertyValueSpecification","valueRequired":true,"valueName":"search_term_string"}}],"inLanguage":"pt-BR"},{"@type":"Organization","@id":"https:\/\/www.notibras.com\/site\/#organization","name":"Grupo Notibras de Comunica\u00e7\u00e3o","url":"https:\/\/www.notibras.com\/site\/","logo":{"@type":"ImageObject","inLanguage":"pt-BR","@id":"https:\/\/www.notibras.com\/site\/#\/schema\/logo\/image\/","url":"https:\/\/www.notibras.com\/site\/wp-content\/uploads\/2023\/01\/notibras23.png","contentUrl":"https:\/\/www.notibras.com\/site\/wp-content\/uploads\/2023\/01\/notibras23.png","width":350,"height":87,"caption":"Grupo Notibras de Comunica\u00e7\u00e3o"},"image":{"@id":"https:\/\/www.notibras.com\/site\/#\/schema\/logo\/image\/"},"sameAs":["https:\/\/www.facebook.com\/notibras\/","https:\/\/x.com\/Notibras","https:\/\/www.instagram.com\/notibras\/"]},{"@type":"Person","@id":"https:\/\/www.notibras.com\/site\/#\/schema\/person\/36ab0979449956132d3e5b517ea76ac8","name":"Reda\u00e7\u00e3o","image":{"@type":"ImageObject","inLanguage":"pt-BR","@id":"https:\/\/secure.gravatar.com\/avatar\/e0a867bdedb85fd243eadf09663511f96fc81e0720a4a42581f334ad4303aa6b?s=96&d=mm&r=g","url":"https:\/\/secure.gravatar.com\/avatar\/e0a867bdedb85fd243eadf09663511f96fc81e0720a4a42581f334ad4303aa6b?s=96&d=mm&r=g","contentUrl":"https:\/\/secure.gravatar.com\/avatar\/e0a867bdedb85fd243eadf09663511f96fc81e0720a4a42581f334ad4303aa6b?s=96&d=mm&r=g","caption":"Reda\u00e7\u00e3o"}}]}},"amp_enabled":true,"_links":{"self":[{"href":"https:\/\/www.notibras.com\/site\/wp-json\/wp\/v2\/posts\/13663","targetHints":{"allow":["GET"]}}],"collection":[{"href":"https:\/\/www.notibras.com\/site\/wp-json\/wp\/v2\/posts"}],"about":[{"href":"https:\/\/www.notibras.com\/site\/wp-json\/wp\/v2\/types\/post"}],"author":[{"embeddable":true,"href":"https:\/\/www.notibras.com\/site\/wp-json\/wp\/v2\/users\/2"}],"replies":[{"embeddable":true,"href":"https:\/\/www.notibras.com\/site\/wp-json\/wp\/v2\/comments?post=13663"}],"version-history":[{"count":0,"href":"https:\/\/www.notibras.com\/site\/wp-json\/wp\/v2\/posts\/13663\/revisions"}],"wp:featuredmedia":[{"embeddable":true,"href":"https:\/\/www.notibras.com\/site\/wp-json\/wp\/v2\/media\/13664"}],"wp:attachment":[{"href":"https:\/\/www.notibras.com\/site\/wp-json\/wp\/v2\/media?parent=13663"}],"wp:term":[{"taxonomy":"category","embeddable":true,"href":"https:\/\/www.notibras.com\/site\/wp-json\/wp\/v2\/categories?post=13663"},{"taxonomy":"post_tag","embeddable":true,"href":"https:\/\/www.notibras.com\/site\/wp-json\/wp\/v2\/tags?post=13663"}],"curies":[{"name":"wp","href":"https:\/\/api.w.org\/{rel}","templated":true}]}}