{"id":136853,"date":"2017-05-01T03:09:07","date_gmt":"2017-05-01T06:09:07","guid":{"rendered":"http:\/\/www.notibras.com\/site\/?p=136853"},"modified":"2017-05-01T03:09:07","modified_gmt":"2017-05-01T06:09:07","slug":"oposicao-vence-batalha-das-ruas-com-greve-geral","status":"publish","type":"post","link":"https:\/\/www.notibras.com\/site\/oposicao-vence-batalha-das-ruas-com-greve-geral\/","title":{"rendered":"Oposi\u00e7\u00e3o vence batalha das ruas com greve geral"},"content":{"rendered":"<p><strong>Roberto Amaral<\/strong><\/p>\n<p>A greve geral do dia 28 de abril \u2013 a primeira, na vig\u00eancia do governo antipopular e antinacional \u2014 foi amplamente vitoriosa.<\/p>\n<p>Seu sucesso excedeu as melhores expectativas das for\u00e7as populares, constituindo-se numa das mais expressivas manifesta\u00e7\u00f5es pol\u00edticas da nossa Hist\u00f3ria, porque nacional, abrangente, unit\u00e1ria, madura e democr\u00e1tica. Nada a ver, portanto, com a vers\u00e3o tendenciosa dos grandes meios de comunica\u00e7\u00e3o.<\/p>\n<p>Setores at\u00e9 aqui silenciosos, como a Igreja Cat\u00f3lica e outros credos, passam a se contrapor a seitas pentecostais comprometidas, no p\u00falpito e na atividade parlamentar, com a pauta conservadora e reacion\u00e1ria.<\/p>\n<p>Apesar de voltada para a defesa de interesses objetivos dos assalariados (rep\u00fadio a uma terceiriza\u00e7\u00e3o perversa e a uma reforma da previd\u00eancia que mant\u00e9m privil\u00e9gios e s\u00f3 prejudica os mais necessitados), trata-se de uma greve pol\u00edtica, com apoio popular.<\/p>\n<p>Este \u00e9 o fato novo e a partir de hoje, portanto, podemos vislumbrar uma nova correla\u00e7\u00e3o de for\u00e7as, apta a alterar a atual luta pol\u00edtica.<\/p>\n<p>O protesto, ademais, valeu por seu significado simb\u00f3lico e como processo de politiza\u00e7\u00e3o e organiza\u00e7\u00e3o dos trabalhadores, levando-os \u00e0 a\u00e7\u00e3o para al\u00e9m dos seus interesses imediatos, a etapa superior da batalha sindical. Neste ponto se d\u00e1 a transi\u00e7\u00e3o da reivindica\u00e7\u00e3o econ\u00f4mica corporativa para a afirma\u00e7\u00e3o pol\u00edtica.<\/p>\n<p>Tratou-se da afirma\u00e7\u00e3o de um sonoro \u201cn\u00e3o\u201d ao governo de fato. Foi este, igualmente, um dos fatores do apoio popular.<\/p>\n<p>A greve j\u00e1 seria um sucesso pelo simples fato de haver-se realizado na esteira da captura do poder pelas for\u00e7as do atraso, com caracter\u00edsticas desconhecidas pela Hist\u00f3ria recente da Rep\u00fablica, tal o somat\u00f3rio de intervenientes adversos: monop\u00f3lio ideol\u00f3gico dos meios de comunica\u00e7\u00e3o de massa, donde a deslavada manipula\u00e7\u00e3o da informa\u00e7\u00e3o; governo reacion\u00e1rio e repressor, ademais de ileg\u00edtimo; e Congresso que, n\u00e3o obstante a aus\u00eancia de representatividade, enceta, sob o comando da s\u00facia que ocupa o poder, o criminoso processo de revoga\u00e7\u00e3o de direitos e garantias conquistados desde os anos 40 do s\u00e9culo passado e consolidados pela Constitui\u00e7\u00e3o de 1988.<\/p>\n<p>Agindo em uma razia, o Governo, sem origem na soberania popular, rejeitado pelo pa\u00eds (segundo pesquisa IPSOS, 92% da popula\u00e7\u00e3o dizem que o governo est\u00e1 no rumo errado), manobrando a peso de ouro (e cargos) a vontade parlamentar, intenta destruir a ordem constitucional democr\u00e1tica, os direitos dos trabalhadores e a soberania nacional.<\/p>\n<p>A greve ecoou o sentimento das ruas. Mais que isso, como disse, percorreu o pa\u00eds de Norte a Sul, foi abrangente, unit\u00e1ria e democr\u00e1tica, cimentando o apoio que logrou na sociedade.<\/p>\n<p>Tamb\u00e9m foi pedag\u00f3gica, ao deixar claro para certas for\u00e7as da esquerda brasileira que o caminho da vit\u00f3ria passa pela pol\u00edtica de Frente, t\u00e3o ampla quanto poss\u00edvel, articulando \u2013 independentemente de filia\u00e7\u00f5es partid\u00e1rias e outras \u2013 todas as correntes de pensamento e a\u00e7\u00e3o que se disponham a dar sua m\u00e3o aos trabalhadores e aos democratas e progressistas na luta contra o desmonte do pa\u00eds, amea\u00e7ado por um retrocesso de d\u00e9cadas.<\/p>\n<p>Do ponto de vista do sindicalismo, constituiu importante instrumento de consci\u00eancia de classe, conditio sine qua non para a interven\u00e7\u00e3o pol\u00edtica. De outra parte, haver\u00e3o de ter aprendido as dire\u00e7\u00f5es sindicais esta li\u00e7\u00e3o prim\u00e1ria: a lideran\u00e7a n\u00e3o pode afastar-se do \u2018ch\u00e3o de fabrica\u2019.<\/p>\n<p>O ant\u00eddoto da aliena\u00e7\u00e3o \u00e9 o di\u00e1logo permanente, assim como \u00e9 a organiza\u00e7\u00e3o que assegura a a\u00e7\u00e3o. A ades\u00e3o massiva \u00e0 greve foi o resultado de meses de prepara\u00e7\u00e3o, de debates, de assembleias e de muita \u2018porta de f\u00e1brica\u2019.<\/p>\n<p>Esta greve \u2013 e eis outro grande m\u00e9rito seu \u2013 foi tamb\u00e9m um sucesso como pol\u00edtica de Frente na ordem sindical, reunindo todas as centrais sindicais, reunindo, por exemplo, CUT-CTB e For\u00e7a Sindical (t\u00e3o ant\u00edpodas do ponto de vista estrat\u00e9gico) e reunindo essas for\u00e7as aos camponeses do MST, \u00e0 Frente Brasil Popular, ao MTST (Movimento dos Trabalhadores sem Teto) e \u00e0 CMT (Central dos Movimentos Populares). E, a partir da\u00ed, a um sem n\u00famero de organiza\u00e7\u00f5es sociais-populares espalhadas por todo o pa\u00eds.<\/p>\n<p>A greve precisa ser comemorada como momento importante da resist\u00eancia ao governo antinacional: p\u00f4s em patamar elevado a luta contra suas pol\u00edticas e a defesa da Constitui\u00e7\u00e3o agredida diariamente pelo presidente e sua trupe, pelo Congresso e por setores do Poder Judici\u00e1rio, desde o piso aos tribunais superiores.<\/p>\n<p>Para as for\u00e7as populares n\u00e3o h\u00e1 alternativa de combate fora da democracia e, na democracia, n\u00e3o h\u00e1 alternativa \u00e0s crises pol\u00edticas fora das elei\u00e7\u00f5es. A organiza\u00e7\u00e3o do povo, ponto de partida para a a\u00e7\u00e3o, \u00e9 a \u00fanica garantia para a restaura\u00e7\u00e3o constitucional\/democr\u00e1tica.<\/p>\n<p>O que nos cabe \u00e9 insistir em mais do mesmo: mobilizar, unir e organizar as for\u00e7as populares, em alian\u00e7a com setores liberais e o capital produtivo, para isolar e derrotar o governo antipopular e antinacional, oferecendo ao pa\u00eds um novo pacto, que assegure a democracia, o desenvolvimento e a soberania, no rumo de uma sociedade mais justa, sonho do qual n\u00e3o abrimos m\u00e3o.<\/p>\n","protected":false},"excerpt":{"rendered":"<p>Roberto Amaral A greve geral do dia 28 de abril \u2013 a primeira, na vig\u00eancia do governo antipopular e antinacional \u2014 foi amplamente vitoriosa. Seu sucesso excedeu as melhores expectativas das for\u00e7as populares, constituindo-se numa das mais expressivas manifesta\u00e7\u00f5es pol\u00edticas da nossa Hist\u00f3ria, porque nacional, abrangente, unit\u00e1ria, madura e democr\u00e1tica. Nada a ver, portanto, com [&hellip;]<\/p>\n","protected":false},"author":2,"featured_media":133324,"comment_status":"open","ping_status":"closed","sticky":false,"template":"","format":"standard","meta":{"_acf_changed":false,"footnotes":""},"categories":[25],"tags":[],"class_list":["post-136853","post","type-post","status-publish","format-standard","has-post-thumbnail","hentry","category-opina-ai"],"acf":[],"yoast_head":"<!-- This site is optimized with the Yoast SEO plugin v27.2 - https:\/\/yoast.com\/product\/yoast-seo-wordpress\/ -->\n<title>Oposi\u00e7\u00e3o vence batalha das ruas com greve geral - Notibras<\/title>\n<meta name=\"robots\" content=\"index, follow, max-snippet:-1, max-image-preview:large, max-video-preview:-1\" \/>\n<link rel=\"canonical\" href=\"https:\/\/www.notibras.com\/site\/oposicao-vence-batalha-das-ruas-com-greve-geral\/\" \/>\n<meta property=\"og:locale\" content=\"pt_BR\" \/>\n<meta property=\"og:type\" content=\"article\" \/>\n<meta property=\"og:title\" content=\"Oposi\u00e7\u00e3o vence batalha das ruas com greve geral - Notibras\" \/>\n<meta property=\"og:description\" content=\"Roberto Amaral A greve geral do dia 28 de abril \u2013 a primeira, na vig\u00eancia do governo antipopular e antinacional \u2014 foi amplamente vitoriosa. Seu sucesso excedeu as melhores expectativas das for\u00e7as populares, constituindo-se numa das mais expressivas manifesta\u00e7\u00f5es pol\u00edticas da nossa Hist\u00f3ria, porque nacional, abrangente, unit\u00e1ria, madura e democr\u00e1tica. Nada a ver, portanto, com [&hellip;]\" \/>\n<meta property=\"og:url\" content=\"https:\/\/www.notibras.com\/site\/oposicao-vence-batalha-das-ruas-com-greve-geral\/\" \/>\n<meta property=\"og:site_name\" content=\"Notibras\" \/>\n<meta property=\"article:publisher\" content=\"https:\/\/www.facebook.com\/notibras\/\" \/>\n<meta property=\"article:published_time\" content=\"2017-05-01T06:09:07+00:00\" \/>\n<meta property=\"og:image\" content=\"https:\/\/www.notibras.com\/site\/wp-content\/uploads\/2017\/03\/TW_Apos-29-dias-de-paralisacao-professores-do-DF-encerram-greve_0005-850x565.jpg\" \/>\n\t<meta property=\"og:image:width\" content=\"850\" \/>\n\t<meta property=\"og:image:height\" content=\"565\" \/>\n\t<meta property=\"og:image:type\" content=\"image\/jpeg\" \/>\n<meta name=\"author\" content=\"Reda\u00e7\u00e3o\" \/>\n<meta name=\"twitter:card\" content=\"summary_large_image\" \/>\n<meta name=\"twitter:creator\" content=\"@Notibras\" \/>\n<meta name=\"twitter:site\" content=\"@Notibras\" \/>\n<meta name=\"twitter:label1\" content=\"Escrito por\" \/>\n\t<meta name=\"twitter:data1\" content=\"Reda\u00e7\u00e3o\" \/>\n\t<meta name=\"twitter:label2\" content=\"Est. tempo de leitura\" \/>\n\t<meta name=\"twitter:data2\" content=\"4 minutos\" \/>\n<script type=\"application\/ld+json\" class=\"yoast-schema-graph\">{\"@context\":\"https:\/\/schema.org\",\"@graph\":[{\"@type\":\"Article\",\"@id\":\"https:\/\/www.notibras.com\/site\/oposicao-vence-batalha-das-ruas-com-greve-geral\/#article\",\"isPartOf\":{\"@id\":\"https:\/\/www.notibras.com\/site\/oposicao-vence-batalha-das-ruas-com-greve-geral\/\"},\"author\":{\"name\":\"Reda\u00e7\u00e3o\",\"@id\":\"https:\/\/www.notibras.com\/site\/#\/schema\/person\/36ab0979449956132d3e5b517ea76ac8\"},\"headline\":\"Oposi\u00e7\u00e3o vence batalha das ruas com greve geral\",\"datePublished\":\"2017-05-01T06:09:07+00:00\",\"mainEntityOfPage\":{\"@id\":\"https:\/\/www.notibras.com\/site\/oposicao-vence-batalha-das-ruas-com-greve-geral\/\"},\"wordCount\":902,\"commentCount\":0,\"publisher\":{\"@id\":\"https:\/\/www.notibras.com\/site\/#organization\"},\"image\":{\"@id\":\"https:\/\/www.notibras.com\/site\/oposicao-vence-batalha-das-ruas-com-greve-geral\/#primaryimage\"},\"thumbnailUrl\":\"https:\/\/www.notibras.com\/site\/wp-content\/uploads\/2017\/03\/TW_Apos-29-dias-de-paralisacao-professores-do-DF-encerram-greve_0005-850x565.jpg\",\"articleSection\":[\"Opina a\u00ed\"],\"inLanguage\":\"pt-BR\",\"potentialAction\":[{\"@type\":\"CommentAction\",\"name\":\"Comment\",\"target\":[\"https:\/\/www.notibras.com\/site\/oposicao-vence-batalha-das-ruas-com-greve-geral\/#respond\"]}]},{\"@type\":\"WebPage\",\"@id\":\"https:\/\/www.notibras.com\/site\/oposicao-vence-batalha-das-ruas-com-greve-geral\/\",\"url\":\"https:\/\/www.notibras.com\/site\/oposicao-vence-batalha-das-ruas-com-greve-geral\/\",\"name\":\"Oposi\u00e7\u00e3o vence batalha das ruas com greve geral - Notibras\",\"isPartOf\":{\"@id\":\"https:\/\/www.notibras.com\/site\/#website\"},\"primaryImageOfPage\":{\"@id\":\"https:\/\/www.notibras.com\/site\/oposicao-vence-batalha-das-ruas-com-greve-geral\/#primaryimage\"},\"image\":{\"@id\":\"https:\/\/www.notibras.com\/site\/oposicao-vence-batalha-das-ruas-com-greve-geral\/#primaryimage\"},\"thumbnailUrl\":\"https:\/\/www.notibras.com\/site\/wp-content\/uploads\/2017\/03\/TW_Apos-29-dias-de-paralisacao-professores-do-DF-encerram-greve_0005-850x565.jpg\",\"datePublished\":\"2017-05-01T06:09:07+00:00\",\"breadcrumb\":{\"@id\":\"https:\/\/www.notibras.com\/site\/oposicao-vence-batalha-das-ruas-com-greve-geral\/#breadcrumb\"},\"inLanguage\":\"pt-BR\",\"potentialAction\":[{\"@type\":\"ReadAction\",\"target\":[\"https:\/\/www.notibras.com\/site\/oposicao-vence-batalha-das-ruas-com-greve-geral\/\"]}]},{\"@type\":\"ImageObject\",\"inLanguage\":\"pt-BR\",\"@id\":\"https:\/\/www.notibras.com\/site\/oposicao-vence-batalha-das-ruas-com-greve-geral\/#primaryimage\",\"url\":\"https:\/\/www.notibras.com\/site\/wp-content\/uploads\/2017\/03\/TW_Apos-29-dias-de-paralisacao-professores-do-DF-encerram-greve_0005-850x565.jpg\",\"contentUrl\":\"https:\/\/www.notibras.com\/site\/wp-content\/uploads\/2017\/03\/TW_Apos-29-dias-de-paralisacao-professores-do-DF-encerram-greve_0005-850x565.jpg\",\"width\":850,\"height\":565},{\"@type\":\"BreadcrumbList\",\"@id\":\"https:\/\/www.notibras.com\/site\/oposicao-vence-batalha-das-ruas-com-greve-geral\/#breadcrumb\",\"itemListElement\":[{\"@type\":\"ListItem\",\"position\":1,\"name\":\"In\u00edcio\",\"item\":\"https:\/\/www.notibras.com\/site\/\"},{\"@type\":\"ListItem\",\"position\":2,\"name\":\"Oposi\u00e7\u00e3o vence batalha das ruas com greve geral\"}]},{\"@type\":\"WebSite\",\"@id\":\"https:\/\/www.notibras.com\/site\/#website\",\"url\":\"https:\/\/www.notibras.com\/site\/\",\"name\":\"Notibras\",\"description\":\"Not\u00edcias de Bras\u00edlia, do Brasil e do Mundo\",\"publisher\":{\"@id\":\"https:\/\/www.notibras.com\/site\/#organization\"},\"potentialAction\":[{\"@type\":\"SearchAction\",\"target\":{\"@type\":\"EntryPoint\",\"urlTemplate\":\"https:\/\/www.notibras.com\/site\/?s={search_term_string}\"},\"query-input\":{\"@type\":\"PropertyValueSpecification\",\"valueRequired\":true,\"valueName\":\"search_term_string\"}}],\"inLanguage\":\"pt-BR\"},{\"@type\":\"Organization\",\"@id\":\"https:\/\/www.notibras.com\/site\/#organization\",\"name\":\"Grupo Notibras de Comunica\u00e7\u00e3o\",\"url\":\"https:\/\/www.notibras.com\/site\/\",\"logo\":{\"@type\":\"ImageObject\",\"inLanguage\":\"pt-BR\",\"@id\":\"https:\/\/www.notibras.com\/site\/#\/schema\/logo\/image\/\",\"url\":\"https:\/\/www.notibras.com\/site\/wp-content\/uploads\/2023\/01\/notibras23.png\",\"contentUrl\":\"https:\/\/www.notibras.com\/site\/wp-content\/uploads\/2023\/01\/notibras23.png\",\"width\":350,\"height\":87,\"caption\":\"Grupo Notibras de Comunica\u00e7\u00e3o\"},\"image\":{\"@id\":\"https:\/\/www.notibras.com\/site\/#\/schema\/logo\/image\/\"},\"sameAs\":[\"https:\/\/www.facebook.com\/notibras\/\",\"https:\/\/x.com\/Notibras\",\"https:\/\/www.instagram.com\/notibras\/\"]},{\"@type\":\"Person\",\"@id\":\"https:\/\/www.notibras.com\/site\/#\/schema\/person\/36ab0979449956132d3e5b517ea76ac8\",\"name\":\"Reda\u00e7\u00e3o\",\"image\":{\"@type\":\"ImageObject\",\"inLanguage\":\"pt-BR\",\"@id\":\"https:\/\/secure.gravatar.com\/avatar\/e0a867bdedb85fd243eadf09663511f96fc81e0720a4a42581f334ad4303aa6b?s=96&d=mm&r=g\",\"url\":\"https:\/\/secure.gravatar.com\/avatar\/e0a867bdedb85fd243eadf09663511f96fc81e0720a4a42581f334ad4303aa6b?s=96&d=mm&r=g\",\"contentUrl\":\"https:\/\/secure.gravatar.com\/avatar\/e0a867bdedb85fd243eadf09663511f96fc81e0720a4a42581f334ad4303aa6b?s=96&d=mm&r=g\",\"caption\":\"Reda\u00e7\u00e3o\"}}]}<\/script>\n<!-- \/ Yoast SEO plugin. -->","yoast_head_json":{"title":"Oposi\u00e7\u00e3o vence batalha das ruas com greve geral - Notibras","robots":{"index":"index","follow":"follow","max-snippet":"max-snippet:-1","max-image-preview":"max-image-preview:large","max-video-preview":"max-video-preview:-1"},"canonical":"https:\/\/www.notibras.com\/site\/oposicao-vence-batalha-das-ruas-com-greve-geral\/","og_locale":"pt_BR","og_type":"article","og_title":"Oposi\u00e7\u00e3o vence batalha das ruas com greve geral - Notibras","og_description":"Roberto Amaral A greve geral do dia 28 de abril \u2013 a primeira, na vig\u00eancia do governo antipopular e antinacional \u2014 foi amplamente vitoriosa. Seu sucesso excedeu as melhores expectativas das for\u00e7as populares, constituindo-se numa das mais expressivas manifesta\u00e7\u00f5es pol\u00edticas da nossa Hist\u00f3ria, porque nacional, abrangente, unit\u00e1ria, madura e democr\u00e1tica. Nada a ver, portanto, com [&hellip;]","og_url":"https:\/\/www.notibras.com\/site\/oposicao-vence-batalha-das-ruas-com-greve-geral\/","og_site_name":"Notibras","article_publisher":"https:\/\/www.facebook.com\/notibras\/","article_published_time":"2017-05-01T06:09:07+00:00","og_image":[{"width":850,"height":565,"url":"https:\/\/www.notibras.com\/site\/wp-content\/uploads\/2017\/03\/TW_Apos-29-dias-de-paralisacao-professores-do-DF-encerram-greve_0005-850x565.jpg","type":"image\/jpeg"}],"author":"Reda\u00e7\u00e3o","twitter_card":"summary_large_image","twitter_creator":"@Notibras","twitter_site":"@Notibras","twitter_misc":{"Escrito por":"Reda\u00e7\u00e3o","Est. tempo de leitura":"4 minutos"},"schema":{"@context":"https:\/\/schema.org","@graph":[{"@type":"Article","@id":"https:\/\/www.notibras.com\/site\/oposicao-vence-batalha-das-ruas-com-greve-geral\/#article","isPartOf":{"@id":"https:\/\/www.notibras.com\/site\/oposicao-vence-batalha-das-ruas-com-greve-geral\/"},"author":{"name":"Reda\u00e7\u00e3o","@id":"https:\/\/www.notibras.com\/site\/#\/schema\/person\/36ab0979449956132d3e5b517ea76ac8"},"headline":"Oposi\u00e7\u00e3o vence batalha das ruas com greve geral","datePublished":"2017-05-01T06:09:07+00:00","mainEntityOfPage":{"@id":"https:\/\/www.notibras.com\/site\/oposicao-vence-batalha-das-ruas-com-greve-geral\/"},"wordCount":902,"commentCount":0,"publisher":{"@id":"https:\/\/www.notibras.com\/site\/#organization"},"image":{"@id":"https:\/\/www.notibras.com\/site\/oposicao-vence-batalha-das-ruas-com-greve-geral\/#primaryimage"},"thumbnailUrl":"https:\/\/www.notibras.com\/site\/wp-content\/uploads\/2017\/03\/TW_Apos-29-dias-de-paralisacao-professores-do-DF-encerram-greve_0005-850x565.jpg","articleSection":["Opina a\u00ed"],"inLanguage":"pt-BR","potentialAction":[{"@type":"CommentAction","name":"Comment","target":["https:\/\/www.notibras.com\/site\/oposicao-vence-batalha-das-ruas-com-greve-geral\/#respond"]}]},{"@type":"WebPage","@id":"https:\/\/www.notibras.com\/site\/oposicao-vence-batalha-das-ruas-com-greve-geral\/","url":"https:\/\/www.notibras.com\/site\/oposicao-vence-batalha-das-ruas-com-greve-geral\/","name":"Oposi\u00e7\u00e3o vence batalha das ruas com greve geral - Notibras","isPartOf":{"@id":"https:\/\/www.notibras.com\/site\/#website"},"primaryImageOfPage":{"@id":"https:\/\/www.notibras.com\/site\/oposicao-vence-batalha-das-ruas-com-greve-geral\/#primaryimage"},"image":{"@id":"https:\/\/www.notibras.com\/site\/oposicao-vence-batalha-das-ruas-com-greve-geral\/#primaryimage"},"thumbnailUrl":"https:\/\/www.notibras.com\/site\/wp-content\/uploads\/2017\/03\/TW_Apos-29-dias-de-paralisacao-professores-do-DF-encerram-greve_0005-850x565.jpg","datePublished":"2017-05-01T06:09:07+00:00","breadcrumb":{"@id":"https:\/\/www.notibras.com\/site\/oposicao-vence-batalha-das-ruas-com-greve-geral\/#breadcrumb"},"inLanguage":"pt-BR","potentialAction":[{"@type":"ReadAction","target":["https:\/\/www.notibras.com\/site\/oposicao-vence-batalha-das-ruas-com-greve-geral\/"]}]},{"@type":"ImageObject","inLanguage":"pt-BR","@id":"https:\/\/www.notibras.com\/site\/oposicao-vence-batalha-das-ruas-com-greve-geral\/#primaryimage","url":"https:\/\/www.notibras.com\/site\/wp-content\/uploads\/2017\/03\/TW_Apos-29-dias-de-paralisacao-professores-do-DF-encerram-greve_0005-850x565.jpg","contentUrl":"https:\/\/www.notibras.com\/site\/wp-content\/uploads\/2017\/03\/TW_Apos-29-dias-de-paralisacao-professores-do-DF-encerram-greve_0005-850x565.jpg","width":850,"height":565},{"@type":"BreadcrumbList","@id":"https:\/\/www.notibras.com\/site\/oposicao-vence-batalha-das-ruas-com-greve-geral\/#breadcrumb","itemListElement":[{"@type":"ListItem","position":1,"name":"In\u00edcio","item":"https:\/\/www.notibras.com\/site\/"},{"@type":"ListItem","position":2,"name":"Oposi\u00e7\u00e3o vence batalha das ruas com greve geral"}]},{"@type":"WebSite","@id":"https:\/\/www.notibras.com\/site\/#website","url":"https:\/\/www.notibras.com\/site\/","name":"Notibras","description":"Not\u00edcias de Bras\u00edlia, do Brasil e do Mundo","publisher":{"@id":"https:\/\/www.notibras.com\/site\/#organization"},"potentialAction":[{"@type":"SearchAction","target":{"@type":"EntryPoint","urlTemplate":"https:\/\/www.notibras.com\/site\/?s={search_term_string}"},"query-input":{"@type":"PropertyValueSpecification","valueRequired":true,"valueName":"search_term_string"}}],"inLanguage":"pt-BR"},{"@type":"Organization","@id":"https:\/\/www.notibras.com\/site\/#organization","name":"Grupo Notibras de Comunica\u00e7\u00e3o","url":"https:\/\/www.notibras.com\/site\/","logo":{"@type":"ImageObject","inLanguage":"pt-BR","@id":"https:\/\/www.notibras.com\/site\/#\/schema\/logo\/image\/","url":"https:\/\/www.notibras.com\/site\/wp-content\/uploads\/2023\/01\/notibras23.png","contentUrl":"https:\/\/www.notibras.com\/site\/wp-content\/uploads\/2023\/01\/notibras23.png","width":350,"height":87,"caption":"Grupo Notibras de Comunica\u00e7\u00e3o"},"image":{"@id":"https:\/\/www.notibras.com\/site\/#\/schema\/logo\/image\/"},"sameAs":["https:\/\/www.facebook.com\/notibras\/","https:\/\/x.com\/Notibras","https:\/\/www.instagram.com\/notibras\/"]},{"@type":"Person","@id":"https:\/\/www.notibras.com\/site\/#\/schema\/person\/36ab0979449956132d3e5b517ea76ac8","name":"Reda\u00e7\u00e3o","image":{"@type":"ImageObject","inLanguage":"pt-BR","@id":"https:\/\/secure.gravatar.com\/avatar\/e0a867bdedb85fd243eadf09663511f96fc81e0720a4a42581f334ad4303aa6b?s=96&d=mm&r=g","url":"https:\/\/secure.gravatar.com\/avatar\/e0a867bdedb85fd243eadf09663511f96fc81e0720a4a42581f334ad4303aa6b?s=96&d=mm&r=g","contentUrl":"https:\/\/secure.gravatar.com\/avatar\/e0a867bdedb85fd243eadf09663511f96fc81e0720a4a42581f334ad4303aa6b?s=96&d=mm&r=g","caption":"Reda\u00e7\u00e3o"}}]}},"amp_enabled":true,"_links":{"self":[{"href":"https:\/\/www.notibras.com\/site\/wp-json\/wp\/v2\/posts\/136853","targetHints":{"allow":["GET"]}}],"collection":[{"href":"https:\/\/www.notibras.com\/site\/wp-json\/wp\/v2\/posts"}],"about":[{"href":"https:\/\/www.notibras.com\/site\/wp-json\/wp\/v2\/types\/post"}],"author":[{"embeddable":true,"href":"https:\/\/www.notibras.com\/site\/wp-json\/wp\/v2\/users\/2"}],"replies":[{"embeddable":true,"href":"https:\/\/www.notibras.com\/site\/wp-json\/wp\/v2\/comments?post=136853"}],"version-history":[{"count":1,"href":"https:\/\/www.notibras.com\/site\/wp-json\/wp\/v2\/posts\/136853\/revisions"}],"predecessor-version":[{"id":136854,"href":"https:\/\/www.notibras.com\/site\/wp-json\/wp\/v2\/posts\/136853\/revisions\/136854"}],"wp:featuredmedia":[{"embeddable":true,"href":"https:\/\/www.notibras.com\/site\/wp-json\/wp\/v2\/media\/133324"}],"wp:attachment":[{"href":"https:\/\/www.notibras.com\/site\/wp-json\/wp\/v2\/media?parent=136853"}],"wp:term":[{"taxonomy":"category","embeddable":true,"href":"https:\/\/www.notibras.com\/site\/wp-json\/wp\/v2\/categories?post=136853"},{"taxonomy":"post_tag","embeddable":true,"href":"https:\/\/www.notibras.com\/site\/wp-json\/wp\/v2\/tags?post=136853"}],"curies":[{"name":"wp","href":"https:\/\/api.w.org\/{rel}","templated":true}]}}