{"id":13700,"date":"2014-06-17T15:39:10","date_gmt":"2014-06-17T18:39:10","guid":{"rendered":"http:\/\/www.notibras.com\/site\/?p=13700"},"modified":"2014-06-17T15:41:58","modified_gmt":"2014-06-17T18:41:58","slug":"luis-roberto-substitui-joaquim-e-cria-novas-expectativas-para-mensaleiros","status":"publish","type":"post","link":"https:\/\/www.notibras.com\/site\/luis-roberto-substitui-joaquim-e-cria-novas-expectativas-para-mensaleiros\/","title":{"rendered":"Luis Roberto substitui Joaquim e d\u00e1 um novo f\u00f4lego a mensaleiros"},"content":{"rendered":"<p>O ministro Lu\u00eds Roberto Barroso, do Supremo Tribunal Federal (STF), foi escolhido como novo relator da A\u00e7\u00e3o Penal 470, o processo do mensal\u00e3o. O processo foi redistribu\u00eddo ap\u00f3s o presidente da Corte, Joaquim Barbosa, renunciar \u00e0 relatoria.<\/p>\n<p>A partir de agora, caber\u00e1 a Barroso analisar os pedidos de trabalho externo dos condenados. Os benef\u00edcios foram cassados pelo presidente, que vai se aposentar da Corte no final deste m\u00eas.<\/p>\n<p>As defesas dos condenados que tiveram trabalho externo cassado aguardam que os recursos protocolados contra a decis\u00e3o de Barbosa sejam julgados pelo plen\u00e1rio do STF.<\/p>\n<blockquote><p>No in\u00edcio deste m\u00eas, em parecer enviado ao STF, o procurador-geral da Rep\u00fablica, Rodrigo Janot, pediu a revoga\u00e7\u00e3o da decis\u00e3o que cassou o benef\u00edcio de trabalho externo do ex-ministro da Casa Civil Jos\u00e9 Dirceu e do ex-tesoureiro do PT Del\u00fabio Soares, tamb\u00e9m condenado no processo do mensal\u00e3o.<\/p><\/blockquote>\n<p>Segundo o procurador, o entendimento de que n\u00e3o \u00e9 necess\u00e1rio o cumprimento de um sexto da pena, firmado pelo Superior Tribunal de Justi\u00e7a (STJ), \u00e9 acertado. Para Janot, n\u00e3o h\u00e1 previs\u00e3o legal que exija o cumprimento do lapso temporal para concess\u00e3o do trabalho externo a condenados em regime semiaberto.<\/p>\n<p>No m\u00eas passado, para cassar os benef\u00edcios, Barbosa entendeu que Dirceu, Del\u00fabio e outros condenados no processo n\u00e3o podem trabalhar fora da pris\u00e3o por n\u00e3o terem cumprido um sexto da pena em regime semiaberto. Com base no entendimento, Jos\u00e9 Dirceu nem chegou a ter o benef\u00edcio autorizado para trabalhar em um escrit\u00f3rio de advocacia em Bras\u00edlia.<\/p>\n<p>Na decis\u00e3o em que renunciou ao processo, Barbosa afirmou que os advogados dos condenados passaram a atuar politicamente no processo, por meio de manifestos e insultos pessoais. O presidente citou o fato envolvendo Luiz Fernando Pacheco, advogado do ex-deputado Jos\u00e9 Genoino. Na semana passada, Barbosa determinou que seguran\u00e7as do STF retirassem o profissional do plen\u00e1rio.<\/p>\n<blockquote><p>&#8220;Esse modo de agir culminou, na \u00faltima sess\u00e3o plen\u00e1ria do STF, em amea\u00e7as contra minha pessoa dirgidas pelo advogado do condenado Jos\u00e9 Genoino Neto que, para tanto, fez uso indevido da tribuna, conforme se verifica nos registros de \u00e1udio e v\u00eddeo da sess\u00e3o do dia 11 de junho&#8221;, disse Barbosa.<\/p><\/blockquote>\n<p>Na segunda-feira o presidente do Supremo pediu \u00e0 Procuradoria da Rep\u00fablica no Distrito Federal a abertura de uma a\u00e7\u00e3o penal contra advogado de Genoino. Barbosa pede que Pacheco seja investigado pelos crimes de desacato, cal\u00fania, difama\u00e7\u00e3o e inj\u00faria.<\/p>\n<p>Pacheco disse que vai se pronunciar sobre a a\u00e7\u00e3o somente ap\u00f3s conhecer os detalhes do pedido. \u201cFalo somente ap\u00f3s conhecer formalmente a acusa\u00e7\u00e3o. Por enquanto, fico apenas com a tranquilidade dos profissionais que cumprem com seu dever&#8221;, disse.<\/p>\n<p><strong>Andr\u00e9 Richter, ABr<\/strong><\/p>\n","protected":false},"excerpt":{"rendered":"<p>O ministro Lu\u00eds Roberto Barroso, do Supremo Tribunal Federal (STF), foi escolhido como novo relator da A\u00e7\u00e3o Penal 470, o processo do mensal\u00e3o. O processo foi redistribu\u00eddo ap\u00f3s o presidente da Corte, Joaquim Barbosa, renunciar \u00e0 relatoria. A partir de agora, caber\u00e1 a Barroso analisar os pedidos de trabalho externo dos condenados. Os benef\u00edcios foram [&hellip;]<\/p>\n","protected":false},"author":2,"featured_media":13701,"comment_status":"open","ping_status":"closed","sticky":false,"template":"","format":"standard","meta":{"_acf_changed":false,"footnotes":""},"categories":[16],"tags":[],"class_list":["post-13700","post","type-post","status-publish","format-standard","has-post-thumbnail","hentry","category-brasil"],"acf":[],"yoast_head":"<!-- This site is optimized with the Yoast SEO plugin v27.2 - https:\/\/yoast.com\/product\/yoast-seo-wordpress\/ -->\n<title>Luis Roberto substitui Joaquim e d\u00e1 um novo f\u00f4lego a mensaleiros - Notibras<\/title>\n<meta name=\"robots\" content=\"index, follow, max-snippet:-1, max-image-preview:large, max-video-preview:-1\" \/>\n<link rel=\"canonical\" href=\"https:\/\/www.notibras.com\/site\/luis-roberto-substitui-joaquim-e-cria-novas-expectativas-para-mensaleiros\/\" \/>\n<meta property=\"og:locale\" content=\"pt_BR\" \/>\n<meta property=\"og:type\" content=\"article\" \/>\n<meta property=\"og:title\" content=\"Luis Roberto substitui Joaquim e d\u00e1 um novo f\u00f4lego a mensaleiros - Notibras\" \/>\n<meta property=\"og:description\" content=\"O ministro Lu\u00eds Roberto Barroso, do Supremo Tribunal Federal (STF), foi escolhido como novo relator da A\u00e7\u00e3o Penal 470, o processo do mensal\u00e3o. O processo foi redistribu\u00eddo ap\u00f3s o presidente da Corte, Joaquim Barbosa, renunciar \u00e0 relatoria. A partir de agora, caber\u00e1 a Barroso analisar os pedidos de trabalho externo dos condenados. Os benef\u00edcios foram [&hellip;]\" \/>\n<meta property=\"og:url\" content=\"https:\/\/www.notibras.com\/site\/luis-roberto-substitui-joaquim-e-cria-novas-expectativas-para-mensaleiros\/\" \/>\n<meta property=\"og:site_name\" content=\"Notibras\" \/>\n<meta property=\"article:publisher\" content=\"https:\/\/www.facebook.com\/notibras\/\" \/>\n<meta property=\"article:published_time\" content=\"2014-06-17T18:39:10+00:00\" \/>\n<meta property=\"article:modified_time\" content=\"2014-06-17T18:41:58+00:00\" \/>\n<meta property=\"og:image\" content=\"https:\/\/www.notibras.com\/site\/wp-content\/uploads\/2014\/06\/Lu\u00eds-Roberto-Barroso.jpg\" \/>\n\t<meta property=\"og:image:width\" content=\"1500\" \/>\n\t<meta property=\"og:image:height\" content=\"1001\" \/>\n\t<meta property=\"og:image:type\" content=\"image\/jpeg\" \/>\n<meta name=\"author\" content=\"Reda\u00e7\u00e3o\" \/>\n<meta name=\"twitter:card\" content=\"summary_large_image\" \/>\n<meta name=\"twitter:creator\" content=\"@Notibras\" \/>\n<meta name=\"twitter:site\" content=\"@Notibras\" \/>\n<meta name=\"twitter:label1\" content=\"Escrito por\" \/>\n\t<meta name=\"twitter:data1\" content=\"Reda\u00e7\u00e3o\" \/>\n\t<meta name=\"twitter:label2\" content=\"Est. tempo de leitura\" \/>\n\t<meta name=\"twitter:data2\" content=\"2 minutos\" \/>\n<script type=\"application\/ld+json\" class=\"yoast-schema-graph\">{\"@context\":\"https:\/\/schema.org\",\"@graph\":[{\"@type\":\"Article\",\"@id\":\"https:\/\/www.notibras.com\/site\/luis-roberto-substitui-joaquim-e-cria-novas-expectativas-para-mensaleiros\/#article\",\"isPartOf\":{\"@id\":\"https:\/\/www.notibras.com\/site\/luis-roberto-substitui-joaquim-e-cria-novas-expectativas-para-mensaleiros\/\"},\"author\":{\"name\":\"Reda\u00e7\u00e3o\",\"@id\":\"https:\/\/www.notibras.com\/site\/#\/schema\/person\/36ab0979449956132d3e5b517ea76ac8\"},\"headline\":\"Luis Roberto substitui Joaquim e d\u00e1 um novo f\u00f4lego a mensaleiros\",\"datePublished\":\"2014-06-17T18:39:10+00:00\",\"dateModified\":\"2014-06-17T18:41:58+00:00\",\"mainEntityOfPage\":{\"@id\":\"https:\/\/www.notibras.com\/site\/luis-roberto-substitui-joaquim-e-cria-novas-expectativas-para-mensaleiros\/\"},\"wordCount\":485,\"commentCount\":0,\"publisher\":{\"@id\":\"https:\/\/www.notibras.com\/site\/#organization\"},\"image\":{\"@id\":\"https:\/\/www.notibras.com\/site\/luis-roberto-substitui-joaquim-e-cria-novas-expectativas-para-mensaleiros\/#primaryimage\"},\"thumbnailUrl\":\"https:\/\/www.notibras.com\/site\/wp-content\/uploads\/2014\/06\/Lu\u00eds-Roberto-Barroso.jpg\",\"articleSection\":[\"Brasil\"],\"inLanguage\":\"pt-BR\",\"potentialAction\":[{\"@type\":\"CommentAction\",\"name\":\"Comment\",\"target\":[\"https:\/\/www.notibras.com\/site\/luis-roberto-substitui-joaquim-e-cria-novas-expectativas-para-mensaleiros\/#respond\"]}]},{\"@type\":\"WebPage\",\"@id\":\"https:\/\/www.notibras.com\/site\/luis-roberto-substitui-joaquim-e-cria-novas-expectativas-para-mensaleiros\/\",\"url\":\"https:\/\/www.notibras.com\/site\/luis-roberto-substitui-joaquim-e-cria-novas-expectativas-para-mensaleiros\/\",\"name\":\"Luis Roberto substitui Joaquim e d\u00e1 um novo f\u00f4lego a mensaleiros - Notibras\",\"isPartOf\":{\"@id\":\"https:\/\/www.notibras.com\/site\/#website\"},\"primaryImageOfPage\":{\"@id\":\"https:\/\/www.notibras.com\/site\/luis-roberto-substitui-joaquim-e-cria-novas-expectativas-para-mensaleiros\/#primaryimage\"},\"image\":{\"@id\":\"https:\/\/www.notibras.com\/site\/luis-roberto-substitui-joaquim-e-cria-novas-expectativas-para-mensaleiros\/#primaryimage\"},\"thumbnailUrl\":\"https:\/\/www.notibras.com\/site\/wp-content\/uploads\/2014\/06\/Lu\u00eds-Roberto-Barroso.jpg\",\"datePublished\":\"2014-06-17T18:39:10+00:00\",\"dateModified\":\"2014-06-17T18:41:58+00:00\",\"breadcrumb\":{\"@id\":\"https:\/\/www.notibras.com\/site\/luis-roberto-substitui-joaquim-e-cria-novas-expectativas-para-mensaleiros\/#breadcrumb\"},\"inLanguage\":\"pt-BR\",\"potentialAction\":[{\"@type\":\"ReadAction\",\"target\":[\"https:\/\/www.notibras.com\/site\/luis-roberto-substitui-joaquim-e-cria-novas-expectativas-para-mensaleiros\/\"]}]},{\"@type\":\"ImageObject\",\"inLanguage\":\"pt-BR\",\"@id\":\"https:\/\/www.notibras.com\/site\/luis-roberto-substitui-joaquim-e-cria-novas-expectativas-para-mensaleiros\/#primaryimage\",\"url\":\"https:\/\/www.notibras.com\/site\/wp-content\/uploads\/2014\/06\/Lu\u00eds-Roberto-Barroso.jpg\",\"contentUrl\":\"https:\/\/www.notibras.com\/site\/wp-content\/uploads\/2014\/06\/Lu\u00eds-Roberto-Barroso.jpg\",\"width\":1500,\"height\":1001,\"caption\":\"Luis Roberto Barroso n\u00e3o aceitou desaforos de Gilmar Mendes. Foto: Arquivo Notibras\"},{\"@type\":\"BreadcrumbList\",\"@id\":\"https:\/\/www.notibras.com\/site\/luis-roberto-substitui-joaquim-e-cria-novas-expectativas-para-mensaleiros\/#breadcrumb\",\"itemListElement\":[{\"@type\":\"ListItem\",\"position\":1,\"name\":\"In\u00edcio\",\"item\":\"https:\/\/www.notibras.com\/site\/\"},{\"@type\":\"ListItem\",\"position\":2,\"name\":\"Luis Roberto substitui Joaquim e d\u00e1 um novo f\u00f4lego a mensaleiros\"}]},{\"@type\":\"WebSite\",\"@id\":\"https:\/\/www.notibras.com\/site\/#website\",\"url\":\"https:\/\/www.notibras.com\/site\/\",\"name\":\"Notibras\",\"description\":\"Not\u00edcias de Bras\u00edlia, do Brasil e do Mundo\",\"publisher\":{\"@id\":\"https:\/\/www.notibras.com\/site\/#organization\"},\"potentialAction\":[{\"@type\":\"SearchAction\",\"target\":{\"@type\":\"EntryPoint\",\"urlTemplate\":\"https:\/\/www.notibras.com\/site\/?s={search_term_string}\"},\"query-input\":{\"@type\":\"PropertyValueSpecification\",\"valueRequired\":true,\"valueName\":\"search_term_string\"}}],\"inLanguage\":\"pt-BR\"},{\"@type\":\"Organization\",\"@id\":\"https:\/\/www.notibras.com\/site\/#organization\",\"name\":\"Grupo Notibras de Comunica\u00e7\u00e3o\",\"url\":\"https:\/\/www.notibras.com\/site\/\",\"logo\":{\"@type\":\"ImageObject\",\"inLanguage\":\"pt-BR\",\"@id\":\"https:\/\/www.notibras.com\/site\/#\/schema\/logo\/image\/\",\"url\":\"https:\/\/www.notibras.com\/site\/wp-content\/uploads\/2023\/01\/notibras23.png\",\"contentUrl\":\"https:\/\/www.notibras.com\/site\/wp-content\/uploads\/2023\/01\/notibras23.png\",\"width\":350,\"height\":87,\"caption\":\"Grupo Notibras de Comunica\u00e7\u00e3o\"},\"image\":{\"@id\":\"https:\/\/www.notibras.com\/site\/#\/schema\/logo\/image\/\"},\"sameAs\":[\"https:\/\/www.facebook.com\/notibras\/\",\"https:\/\/x.com\/Notibras\",\"https:\/\/www.instagram.com\/notibras\/\"]},{\"@type\":\"Person\",\"@id\":\"https:\/\/www.notibras.com\/site\/#\/schema\/person\/36ab0979449956132d3e5b517ea76ac8\",\"name\":\"Reda\u00e7\u00e3o\",\"image\":{\"@type\":\"ImageObject\",\"inLanguage\":\"pt-BR\",\"@id\":\"https:\/\/secure.gravatar.com\/avatar\/e0a867bdedb85fd243eadf09663511f96fc81e0720a4a42581f334ad4303aa6b?s=96&d=mm&r=g\",\"url\":\"https:\/\/secure.gravatar.com\/avatar\/e0a867bdedb85fd243eadf09663511f96fc81e0720a4a42581f334ad4303aa6b?s=96&d=mm&r=g\",\"contentUrl\":\"https:\/\/secure.gravatar.com\/avatar\/e0a867bdedb85fd243eadf09663511f96fc81e0720a4a42581f334ad4303aa6b?s=96&d=mm&r=g\",\"caption\":\"Reda\u00e7\u00e3o\"}}]}<\/script>\n<!-- \/ Yoast SEO plugin. -->","yoast_head_json":{"title":"Luis Roberto substitui Joaquim e d\u00e1 um novo f\u00f4lego a mensaleiros - Notibras","robots":{"index":"index","follow":"follow","max-snippet":"max-snippet:-1","max-image-preview":"max-image-preview:large","max-video-preview":"max-video-preview:-1"},"canonical":"https:\/\/www.notibras.com\/site\/luis-roberto-substitui-joaquim-e-cria-novas-expectativas-para-mensaleiros\/","og_locale":"pt_BR","og_type":"article","og_title":"Luis Roberto substitui Joaquim e d\u00e1 um novo f\u00f4lego a mensaleiros - Notibras","og_description":"O ministro Lu\u00eds Roberto Barroso, do Supremo Tribunal Federal (STF), foi escolhido como novo relator da A\u00e7\u00e3o Penal 470, o processo do mensal\u00e3o. O processo foi redistribu\u00eddo ap\u00f3s o presidente da Corte, Joaquim Barbosa, renunciar \u00e0 relatoria. A partir de agora, caber\u00e1 a Barroso analisar os pedidos de trabalho externo dos condenados. Os benef\u00edcios foram [&hellip;]","og_url":"https:\/\/www.notibras.com\/site\/luis-roberto-substitui-joaquim-e-cria-novas-expectativas-para-mensaleiros\/","og_site_name":"Notibras","article_publisher":"https:\/\/www.facebook.com\/notibras\/","article_published_time":"2014-06-17T18:39:10+00:00","article_modified_time":"2014-06-17T18:41:58+00:00","og_image":[{"width":1500,"height":1001,"url":"https:\/\/www.notibras.com\/site\/wp-content\/uploads\/2014\/06\/Lu\u00eds-Roberto-Barroso.jpg","type":"image\/jpeg"}],"author":"Reda\u00e7\u00e3o","twitter_card":"summary_large_image","twitter_creator":"@Notibras","twitter_site":"@Notibras","twitter_misc":{"Escrito por":"Reda\u00e7\u00e3o","Est. tempo de leitura":"2 minutos"},"schema":{"@context":"https:\/\/schema.org","@graph":[{"@type":"Article","@id":"https:\/\/www.notibras.com\/site\/luis-roberto-substitui-joaquim-e-cria-novas-expectativas-para-mensaleiros\/#article","isPartOf":{"@id":"https:\/\/www.notibras.com\/site\/luis-roberto-substitui-joaquim-e-cria-novas-expectativas-para-mensaleiros\/"},"author":{"name":"Reda\u00e7\u00e3o","@id":"https:\/\/www.notibras.com\/site\/#\/schema\/person\/36ab0979449956132d3e5b517ea76ac8"},"headline":"Luis Roberto substitui Joaquim e d\u00e1 um novo f\u00f4lego a mensaleiros","datePublished":"2014-06-17T18:39:10+00:00","dateModified":"2014-06-17T18:41:58+00:00","mainEntityOfPage":{"@id":"https:\/\/www.notibras.com\/site\/luis-roberto-substitui-joaquim-e-cria-novas-expectativas-para-mensaleiros\/"},"wordCount":485,"commentCount":0,"publisher":{"@id":"https:\/\/www.notibras.com\/site\/#organization"},"image":{"@id":"https:\/\/www.notibras.com\/site\/luis-roberto-substitui-joaquim-e-cria-novas-expectativas-para-mensaleiros\/#primaryimage"},"thumbnailUrl":"https:\/\/www.notibras.com\/site\/wp-content\/uploads\/2014\/06\/Lu\u00eds-Roberto-Barroso.jpg","articleSection":["Brasil"],"inLanguage":"pt-BR","potentialAction":[{"@type":"CommentAction","name":"Comment","target":["https:\/\/www.notibras.com\/site\/luis-roberto-substitui-joaquim-e-cria-novas-expectativas-para-mensaleiros\/#respond"]}]},{"@type":"WebPage","@id":"https:\/\/www.notibras.com\/site\/luis-roberto-substitui-joaquim-e-cria-novas-expectativas-para-mensaleiros\/","url":"https:\/\/www.notibras.com\/site\/luis-roberto-substitui-joaquim-e-cria-novas-expectativas-para-mensaleiros\/","name":"Luis Roberto substitui Joaquim e d\u00e1 um novo f\u00f4lego a mensaleiros - Notibras","isPartOf":{"@id":"https:\/\/www.notibras.com\/site\/#website"},"primaryImageOfPage":{"@id":"https:\/\/www.notibras.com\/site\/luis-roberto-substitui-joaquim-e-cria-novas-expectativas-para-mensaleiros\/#primaryimage"},"image":{"@id":"https:\/\/www.notibras.com\/site\/luis-roberto-substitui-joaquim-e-cria-novas-expectativas-para-mensaleiros\/#primaryimage"},"thumbnailUrl":"https:\/\/www.notibras.com\/site\/wp-content\/uploads\/2014\/06\/Lu\u00eds-Roberto-Barroso.jpg","datePublished":"2014-06-17T18:39:10+00:00","dateModified":"2014-06-17T18:41:58+00:00","breadcrumb":{"@id":"https:\/\/www.notibras.com\/site\/luis-roberto-substitui-joaquim-e-cria-novas-expectativas-para-mensaleiros\/#breadcrumb"},"inLanguage":"pt-BR","potentialAction":[{"@type":"ReadAction","target":["https:\/\/www.notibras.com\/site\/luis-roberto-substitui-joaquim-e-cria-novas-expectativas-para-mensaleiros\/"]}]},{"@type":"ImageObject","inLanguage":"pt-BR","@id":"https:\/\/www.notibras.com\/site\/luis-roberto-substitui-joaquim-e-cria-novas-expectativas-para-mensaleiros\/#primaryimage","url":"https:\/\/www.notibras.com\/site\/wp-content\/uploads\/2014\/06\/Lu\u00eds-Roberto-Barroso.jpg","contentUrl":"https:\/\/www.notibras.com\/site\/wp-content\/uploads\/2014\/06\/Lu\u00eds-Roberto-Barroso.jpg","width":1500,"height":1001,"caption":"Luis Roberto Barroso n\u00e3o aceitou desaforos de Gilmar Mendes. Foto: Arquivo Notibras"},{"@type":"BreadcrumbList","@id":"https:\/\/www.notibras.com\/site\/luis-roberto-substitui-joaquim-e-cria-novas-expectativas-para-mensaleiros\/#breadcrumb","itemListElement":[{"@type":"ListItem","position":1,"name":"In\u00edcio","item":"https:\/\/www.notibras.com\/site\/"},{"@type":"ListItem","position":2,"name":"Luis Roberto substitui Joaquim e d\u00e1 um novo f\u00f4lego a mensaleiros"}]},{"@type":"WebSite","@id":"https:\/\/www.notibras.com\/site\/#website","url":"https:\/\/www.notibras.com\/site\/","name":"Notibras","description":"Not\u00edcias de Bras\u00edlia, do Brasil e do Mundo","publisher":{"@id":"https:\/\/www.notibras.com\/site\/#organization"},"potentialAction":[{"@type":"SearchAction","target":{"@type":"EntryPoint","urlTemplate":"https:\/\/www.notibras.com\/site\/?s={search_term_string}"},"query-input":{"@type":"PropertyValueSpecification","valueRequired":true,"valueName":"search_term_string"}}],"inLanguage":"pt-BR"},{"@type":"Organization","@id":"https:\/\/www.notibras.com\/site\/#organization","name":"Grupo Notibras de Comunica\u00e7\u00e3o","url":"https:\/\/www.notibras.com\/site\/","logo":{"@type":"ImageObject","inLanguage":"pt-BR","@id":"https:\/\/www.notibras.com\/site\/#\/schema\/logo\/image\/","url":"https:\/\/www.notibras.com\/site\/wp-content\/uploads\/2023\/01\/notibras23.png","contentUrl":"https:\/\/www.notibras.com\/site\/wp-content\/uploads\/2023\/01\/notibras23.png","width":350,"height":87,"caption":"Grupo Notibras de Comunica\u00e7\u00e3o"},"image":{"@id":"https:\/\/www.notibras.com\/site\/#\/schema\/logo\/image\/"},"sameAs":["https:\/\/www.facebook.com\/notibras\/","https:\/\/x.com\/Notibras","https:\/\/www.instagram.com\/notibras\/"]},{"@type":"Person","@id":"https:\/\/www.notibras.com\/site\/#\/schema\/person\/36ab0979449956132d3e5b517ea76ac8","name":"Reda\u00e7\u00e3o","image":{"@type":"ImageObject","inLanguage":"pt-BR","@id":"https:\/\/secure.gravatar.com\/avatar\/e0a867bdedb85fd243eadf09663511f96fc81e0720a4a42581f334ad4303aa6b?s=96&d=mm&r=g","url":"https:\/\/secure.gravatar.com\/avatar\/e0a867bdedb85fd243eadf09663511f96fc81e0720a4a42581f334ad4303aa6b?s=96&d=mm&r=g","contentUrl":"https:\/\/secure.gravatar.com\/avatar\/e0a867bdedb85fd243eadf09663511f96fc81e0720a4a42581f334ad4303aa6b?s=96&d=mm&r=g","caption":"Reda\u00e7\u00e3o"}}]}},"amp_enabled":true,"_links":{"self":[{"href":"https:\/\/www.notibras.com\/site\/wp-json\/wp\/v2\/posts\/13700","targetHints":{"allow":["GET"]}}],"collection":[{"href":"https:\/\/www.notibras.com\/site\/wp-json\/wp\/v2\/posts"}],"about":[{"href":"https:\/\/www.notibras.com\/site\/wp-json\/wp\/v2\/types\/post"}],"author":[{"embeddable":true,"href":"https:\/\/www.notibras.com\/site\/wp-json\/wp\/v2\/users\/2"}],"replies":[{"embeddable":true,"href":"https:\/\/www.notibras.com\/site\/wp-json\/wp\/v2\/comments?post=13700"}],"version-history":[{"count":0,"href":"https:\/\/www.notibras.com\/site\/wp-json\/wp\/v2\/posts\/13700\/revisions"}],"wp:featuredmedia":[{"embeddable":true,"href":"https:\/\/www.notibras.com\/site\/wp-json\/wp\/v2\/media\/13701"}],"wp:attachment":[{"href":"https:\/\/www.notibras.com\/site\/wp-json\/wp\/v2\/media?parent=13700"}],"wp:term":[{"taxonomy":"category","embeddable":true,"href":"https:\/\/www.notibras.com\/site\/wp-json\/wp\/v2\/categories?post=13700"},{"taxonomy":"post_tag","embeddable":true,"href":"https:\/\/www.notibras.com\/site\/wp-json\/wp\/v2\/tags?post=13700"}],"curies":[{"name":"wp","href":"https:\/\/api.w.org\/{rel}","templated":true}]}}