{"id":13751,"date":"2014-06-18T08:13:59","date_gmt":"2014-06-18T11:13:59","guid":{"rendered":"http:\/\/www.notibras.com\/site\/?p=13751"},"modified":"2014-06-18T08:13:59","modified_gmt":"2014-06-18T11:13:59","slug":"bim-para-que-onde-esta-a-inovacao-ninguem-pensa-nisso","status":"publish","type":"post","link":"https:\/\/www.notibras.com\/site\/bim-para-que-onde-esta-a-inovacao-ninguem-pensa-nisso\/","title":{"rendered":"BIM para que? Onde est\u00e1 a inova\u00e7\u00e3o? Ningu\u00e9m pensa nisso"},"content":{"rendered":"<p>Engenhar tem como sin\u00f4nimo tra\u00e7ar, idear, inventar, maquinar. Todas, palavras ligadas ao tema inova\u00e7\u00e3o, logo, pode-se dizer que a engenharia \u00e9 uma disciplina intrinsecamente associada \u00e0 inova\u00e7\u00e3o. Desta maneira, para as empresas e profissionais que fazem engenharia, seria l\u00f3gico concluir que inovar seja uma compet\u00eancia de destaque, algo que at\u00e9 mesmo esteja no seu DNA.<\/p>\n<p>Dentro deste racioc\u00ednio, por que ser\u00e1 que h\u00e1 tanta dificuldade para se inovar em rela\u00e7\u00e3o ao BIM (Building Information Modeling)? O mercado de engenharia est\u00e1 h\u00e1, pelo menos, sete anos ouvindo e discutindo os conceitos e os benef\u00edcios da tecnologia, por\u00e9m a velocidade de implanta\u00e7\u00e3o \u00e9 muito baixa, salvo rar\u00edssimas exce\u00e7\u00f5es que confirmam a regra. N\u00e3o existe nada al\u00e9m de \u201cprojetos vitrine\u201d, puro marketing na maioria dos casos. Por que o setor n\u00e3o consegue dar os passos e inovar implantando seus novos processos com base na tecnologia que j\u00e1 se faz presente? Inovar nos produtos finais \u00e9 mais f\u00e1cil do que inovar nos processos para ger\u00e1-los? Qu\u00e3o inovador conseguiremos ser nas solu\u00e7\u00f5es sem inovar nos processos?<\/p>\n<p>Quest\u00f5es como essas devem ser feitas para ajudar a quebrar alguns paradigmas e fazer o mercado avan\u00e7ar, trazendo benef\u00edcios para a sociedade. N\u00e3o h\u00e1 uma resposta \u00fanica, mas existe uma s\u00e9rie de motivos e tend\u00eancias. Vetores que, somados, ajudam a frear a velocidade de ado\u00e7\u00e3o da tecnologia, o grau de inova\u00e7\u00e3o.<\/p>\n<p>Um motivo que salta aos olhos, analisando a grande maioria das iniciativas das empresas de engenharia, \u00e9 ver que a introdu\u00e7\u00e3o do BIM n\u00e3o est\u00e1 sendo pensada como um processo de inova\u00e7\u00e3o, dentro de uma metodologia de inova\u00e7\u00e3o, mas tratada como a compra de uma tecnologia para executar o processo da mesma maneira que se faz com a tecnologia antiga.\u00a0 Se a compra e a venda do servi\u00e7o ocorrer da mesma forma, a expectativa do uso e, consequentemente, o seu valor, ficam inalterados. Normalmente, a maior preocupa\u00e7\u00e3o das empresas \u00e9 em como gerar a documenta\u00e7\u00e3o 2D, como deixar o produto final do BIM igual ao produto gerado pelo CAD.<\/p>\n<p>H\u00e1 uma simplifica\u00e7\u00e3o na introdu\u00e7\u00e3o do BIM que faz com que as empresas encarem a tecnologia como uma falsa inova\u00e7\u00e3o.\u00a0 Elas compram um modelador, fazem um treinamento b\u00e1sico, utilizam as m\u00e1quinas que possuem e pronto. Pretendem fazer projetos em BIM, com a mesma entrega, no mesmo prazo, no custo, com os mesmos benef\u00edcios. N\u00e3o se vende a vantagem, o maior valor que o projeto ter\u00e1. N\u00e3o se pactua um novo processo de desenvolvimento, com entregas de informa\u00e7\u00f5es e n\u00e3o de documentos. O cliente n\u00e3o entende como um projeto em BIM pode ser usado na obra e na opera\u00e7\u00e3o. O \u201cI\u201d do BIM n\u00e3o \u00e9 potencializado para diminuir custos e riscos na supervis\u00e3o e gerenciamento, assim, n\u00e3o se valoriza a tecnologia e n\u00e3o se inovam as a\u00e7\u00f5es de engenharia.<\/p>\n<p>Esta simplifica\u00e7\u00e3o de estrat\u00e9gica est\u00e1 causando um fen\u00f4meno interessante, o \u201cmedo do BIM\u201d. Empresas que j\u00e1 compraram software foram treinadas, mas n\u00e3o \u201cviraram a chave\u201d, continuaram a fazer os projetos da maneira tradicional. O receio em apostar em um projeto vem da falta de inova\u00e7\u00e3o, pois, no caso apresentado acima, qual seria o benef\u00edcio com o BIM? Por se manter o processo, os entreg\u00e1veis, tudo igual, introduzir o BIM significa introduzir um risco e n\u00e3o ter um benef\u00edcio que o justifique.<\/p>\n<p><strong>Marcus Granadeiro<\/strong><\/p>\n","protected":false},"excerpt":{"rendered":"<p>Engenhar tem como sin\u00f4nimo tra\u00e7ar, idear, inventar, maquinar. Todas, palavras ligadas ao tema inova\u00e7\u00e3o, logo, pode-se dizer que a engenharia \u00e9 uma disciplina intrinsecamente associada \u00e0 inova\u00e7\u00e3o. Desta maneira, para as empresas e profissionais que fazem engenharia, seria l\u00f3gico concluir que inovar seja uma compet\u00eancia de destaque, algo que at\u00e9 mesmo esteja no seu DNA. [&hellip;]<\/p>\n","protected":false},"author":2,"featured_media":13752,"comment_status":"open","ping_status":"closed","sticky":false,"template":"","format":"standard","meta":{"_acf_changed":false,"footnotes":""},"categories":[25],"tags":[],"class_list":["post-13751","post","type-post","status-publish","format-standard","has-post-thumbnail","hentry","category-opina-ai"],"acf":[],"yoast_head":"<!-- This site is optimized with the Yoast SEO plugin v27.5 - https:\/\/yoast.com\/product\/yoast-seo-wordpress\/ -->\n<title>BIM para que? Onde est\u00e1 a inova\u00e7\u00e3o? Ningu\u00e9m pensa nisso - Notibras<\/title>\n<meta name=\"robots\" content=\"index, follow, max-snippet:-1, max-image-preview:large, max-video-preview:-1\" \/>\n<link rel=\"canonical\" href=\"https:\/\/www.notibras.com\/site\/bim-para-que-onde-esta-a-inovacao-ninguem-pensa-nisso\/\" \/>\n<meta property=\"og:locale\" content=\"pt_BR\" \/>\n<meta property=\"og:type\" content=\"article\" \/>\n<meta property=\"og:title\" content=\"BIM para que? Onde est\u00e1 a inova\u00e7\u00e3o? Ningu\u00e9m pensa nisso - Notibras\" \/>\n<meta property=\"og:description\" content=\"Engenhar tem como sin\u00f4nimo tra\u00e7ar, idear, inventar, maquinar. Todas, palavras ligadas ao tema inova\u00e7\u00e3o, logo, pode-se dizer que a engenharia \u00e9 uma disciplina intrinsecamente associada \u00e0 inova\u00e7\u00e3o. Desta maneira, para as empresas e profissionais que fazem engenharia, seria l\u00f3gico concluir que inovar seja uma compet\u00eancia de destaque, algo que at\u00e9 mesmo esteja no seu DNA. [&hellip;]\" \/>\n<meta property=\"og:url\" content=\"https:\/\/www.notibras.com\/site\/bim-para-que-onde-esta-a-inovacao-ninguem-pensa-nisso\/\" \/>\n<meta property=\"og:site_name\" content=\"Notibras\" \/>\n<meta property=\"article:publisher\" content=\"https:\/\/www.facebook.com\/notibras\/\" \/>\n<meta property=\"article:published_time\" content=\"2014-06-18T11:13:59+00:00\" \/>\n<meta property=\"og:image\" content=\"https:\/\/www.notibras.com\/site\/wp-content\/uploads\/2014\/06\/bim6_thumb8.jpg\" \/>\n\t<meta property=\"og:image:width\" content=\"640\" \/>\n\t<meta property=\"og:image:height\" content=\"426\" \/>\n\t<meta property=\"og:image:type\" content=\"image\/jpeg\" \/>\n<meta name=\"author\" content=\"Reda\u00e7\u00e3o\" \/>\n<meta name=\"twitter:card\" content=\"summary_large_image\" \/>\n<meta name=\"twitter:creator\" content=\"@Notibras\" \/>\n<meta name=\"twitter:site\" content=\"@Notibras\" \/>\n<meta name=\"twitter:label1\" content=\"Escrito por\" \/>\n\t<meta name=\"twitter:data1\" content=\"Reda\u00e7\u00e3o\" \/>\n\t<meta name=\"twitter:label2\" content=\"Est. tempo de leitura\" \/>\n\t<meta name=\"twitter:data2\" content=\"3 minutos\" \/>\n<script type=\"application\/ld+json\" class=\"yoast-schema-graph\">{\"@context\":\"https:\\\/\\\/schema.org\",\"@graph\":[{\"@type\":\"Article\",\"@id\":\"https:\\\/\\\/www.notibras.com\\\/site\\\/bim-para-que-onde-esta-a-inovacao-ninguem-pensa-nisso\\\/#article\",\"isPartOf\":{\"@id\":\"https:\\\/\\\/www.notibras.com\\\/site\\\/bim-para-que-onde-esta-a-inovacao-ninguem-pensa-nisso\\\/\"},\"author\":{\"name\":\"Reda\u00e7\u00e3o\",\"@id\":\"https:\\\/\\\/www.notibras.com\\\/site\\\/#\\\/schema\\\/person\\\/36ab0979449956132d3e5b517ea76ac8\"},\"headline\":\"BIM para que? Onde est\u00e1 a inova\u00e7\u00e3o? Ningu\u00e9m pensa nisso\",\"datePublished\":\"2014-06-18T11:13:59+00:00\",\"mainEntityOfPage\":{\"@id\":\"https:\\\/\\\/www.notibras.com\\\/site\\\/bim-para-que-onde-esta-a-inovacao-ninguem-pensa-nisso\\\/\"},\"wordCount\":608,\"commentCount\":0,\"publisher\":{\"@id\":\"https:\\\/\\\/www.notibras.com\\\/site\\\/#organization\"},\"image\":{\"@id\":\"https:\\\/\\\/www.notibras.com\\\/site\\\/bim-para-que-onde-esta-a-inovacao-ninguem-pensa-nisso\\\/#primaryimage\"},\"thumbnailUrl\":\"https:\\\/\\\/www.notibras.com\\\/site\\\/wp-content\\\/uploads\\\/2014\\\/06\\\/bim6_thumb8.jpg\",\"articleSection\":[\"Opina a\u00ed\"],\"inLanguage\":\"pt-BR\",\"potentialAction\":[{\"@type\":\"CommentAction\",\"name\":\"Comment\",\"target\":[\"https:\\\/\\\/www.notibras.com\\\/site\\\/bim-para-que-onde-esta-a-inovacao-ninguem-pensa-nisso\\\/#respond\"]}]},{\"@type\":\"WebPage\",\"@id\":\"https:\\\/\\\/www.notibras.com\\\/site\\\/bim-para-que-onde-esta-a-inovacao-ninguem-pensa-nisso\\\/\",\"url\":\"https:\\\/\\\/www.notibras.com\\\/site\\\/bim-para-que-onde-esta-a-inovacao-ninguem-pensa-nisso\\\/\",\"name\":\"BIM para que? Onde est\u00e1 a inova\u00e7\u00e3o? Ningu\u00e9m pensa nisso - Notibras\",\"isPartOf\":{\"@id\":\"https:\\\/\\\/www.notibras.com\\\/site\\\/#website\"},\"primaryImageOfPage\":{\"@id\":\"https:\\\/\\\/www.notibras.com\\\/site\\\/bim-para-que-onde-esta-a-inovacao-ninguem-pensa-nisso\\\/#primaryimage\"},\"image\":{\"@id\":\"https:\\\/\\\/www.notibras.com\\\/site\\\/bim-para-que-onde-esta-a-inovacao-ninguem-pensa-nisso\\\/#primaryimage\"},\"thumbnailUrl\":\"https:\\\/\\\/www.notibras.com\\\/site\\\/wp-content\\\/uploads\\\/2014\\\/06\\\/bim6_thumb8.jpg\",\"datePublished\":\"2014-06-18T11:13:59+00:00\",\"breadcrumb\":{\"@id\":\"https:\\\/\\\/www.notibras.com\\\/site\\\/bim-para-que-onde-esta-a-inovacao-ninguem-pensa-nisso\\\/#breadcrumb\"},\"inLanguage\":\"pt-BR\",\"potentialAction\":[{\"@type\":\"ReadAction\",\"target\":[\"https:\\\/\\\/www.notibras.com\\\/site\\\/bim-para-que-onde-esta-a-inovacao-ninguem-pensa-nisso\\\/\"]}]},{\"@type\":\"ImageObject\",\"inLanguage\":\"pt-BR\",\"@id\":\"https:\\\/\\\/www.notibras.com\\\/site\\\/bim-para-que-onde-esta-a-inovacao-ninguem-pensa-nisso\\\/#primaryimage\",\"url\":\"https:\\\/\\\/www.notibras.com\\\/site\\\/wp-content\\\/uploads\\\/2014\\\/06\\\/bim6_thumb8.jpg\",\"contentUrl\":\"https:\\\/\\\/www.notibras.com\\\/site\\\/wp-content\\\/uploads\\\/2014\\\/06\\\/bim6_thumb8.jpg\",\"width\":640,\"height\":426},{\"@type\":\"BreadcrumbList\",\"@id\":\"https:\\\/\\\/www.notibras.com\\\/site\\\/bim-para-que-onde-esta-a-inovacao-ninguem-pensa-nisso\\\/#breadcrumb\",\"itemListElement\":[{\"@type\":\"ListItem\",\"position\":1,\"name\":\"In\u00edcio\",\"item\":\"https:\\\/\\\/www.notibras.com\\\/site\\\/\"},{\"@type\":\"ListItem\",\"position\":2,\"name\":\"BIM para que? Onde est\u00e1 a inova\u00e7\u00e3o? Ningu\u00e9m pensa nisso\"}]},{\"@type\":\"WebSite\",\"@id\":\"https:\\\/\\\/www.notibras.com\\\/site\\\/#website\",\"url\":\"https:\\\/\\\/www.notibras.com\\\/site\\\/\",\"name\":\"Notibras\",\"description\":\"Not\u00edcias de Bras\u00edlia, do Brasil e do Mundo\",\"publisher\":{\"@id\":\"https:\\\/\\\/www.notibras.com\\\/site\\\/#organization\"},\"potentialAction\":[{\"@type\":\"SearchAction\",\"target\":{\"@type\":\"EntryPoint\",\"urlTemplate\":\"https:\\\/\\\/www.notibras.com\\\/site\\\/?s={search_term_string}\"},\"query-input\":{\"@type\":\"PropertyValueSpecification\",\"valueRequired\":true,\"valueName\":\"search_term_string\"}}],\"inLanguage\":\"pt-BR\"},{\"@type\":\"Organization\",\"@id\":\"https:\\\/\\\/www.notibras.com\\\/site\\\/#organization\",\"name\":\"Grupo Notibras de Comunica\u00e7\u00e3o\",\"url\":\"https:\\\/\\\/www.notibras.com\\\/site\\\/\",\"logo\":{\"@type\":\"ImageObject\",\"inLanguage\":\"pt-BR\",\"@id\":\"https:\\\/\\\/www.notibras.com\\\/site\\\/#\\\/schema\\\/logo\\\/image\\\/\",\"url\":\"https:\\\/\\\/www.notibras.com\\\/site\\\/wp-content\\\/uploads\\\/2023\\\/01\\\/notibras23.png\",\"contentUrl\":\"https:\\\/\\\/www.notibras.com\\\/site\\\/wp-content\\\/uploads\\\/2023\\\/01\\\/notibras23.png\",\"width\":350,\"height\":87,\"caption\":\"Grupo Notibras de Comunica\u00e7\u00e3o\"},\"image\":{\"@id\":\"https:\\\/\\\/www.notibras.com\\\/site\\\/#\\\/schema\\\/logo\\\/image\\\/\"},\"sameAs\":[\"https:\\\/\\\/www.facebook.com\\\/notibras\\\/\",\"https:\\\/\\\/x.com\\\/Notibras\",\"https:\\\/\\\/www.instagram.com\\\/notibras\\\/\"]},{\"@type\":\"Person\",\"@id\":\"https:\\\/\\\/www.notibras.com\\\/site\\\/#\\\/schema\\\/person\\\/36ab0979449956132d3e5b517ea76ac8\",\"name\":\"Reda\u00e7\u00e3o\",\"image\":{\"@type\":\"ImageObject\",\"inLanguage\":\"pt-BR\",\"@id\":\"https:\\\/\\\/secure.gravatar.com\\\/avatar\\\/e0a867bdedb85fd243eadf09663511f96fc81e0720a4a42581f334ad4303aa6b?s=96&d=mm&r=g\",\"url\":\"https:\\\/\\\/secure.gravatar.com\\\/avatar\\\/e0a867bdedb85fd243eadf09663511f96fc81e0720a4a42581f334ad4303aa6b?s=96&d=mm&r=g\",\"contentUrl\":\"https:\\\/\\\/secure.gravatar.com\\\/avatar\\\/e0a867bdedb85fd243eadf09663511f96fc81e0720a4a42581f334ad4303aa6b?s=96&d=mm&r=g\",\"caption\":\"Reda\u00e7\u00e3o\"}}]}<\/script>\n<!-- \/ Yoast SEO plugin. -->","yoast_head_json":{"title":"BIM para que? Onde est\u00e1 a inova\u00e7\u00e3o? Ningu\u00e9m pensa nisso - Notibras","robots":{"index":"index","follow":"follow","max-snippet":"max-snippet:-1","max-image-preview":"max-image-preview:large","max-video-preview":"max-video-preview:-1"},"canonical":"https:\/\/www.notibras.com\/site\/bim-para-que-onde-esta-a-inovacao-ninguem-pensa-nisso\/","og_locale":"pt_BR","og_type":"article","og_title":"BIM para que? Onde est\u00e1 a inova\u00e7\u00e3o? Ningu\u00e9m pensa nisso - Notibras","og_description":"Engenhar tem como sin\u00f4nimo tra\u00e7ar, idear, inventar, maquinar. Todas, palavras ligadas ao tema inova\u00e7\u00e3o, logo, pode-se dizer que a engenharia \u00e9 uma disciplina intrinsecamente associada \u00e0 inova\u00e7\u00e3o. Desta maneira, para as empresas e profissionais que fazem engenharia, seria l\u00f3gico concluir que inovar seja uma compet\u00eancia de destaque, algo que at\u00e9 mesmo esteja no seu DNA. [&hellip;]","og_url":"https:\/\/www.notibras.com\/site\/bim-para-que-onde-esta-a-inovacao-ninguem-pensa-nisso\/","og_site_name":"Notibras","article_publisher":"https:\/\/www.facebook.com\/notibras\/","article_published_time":"2014-06-18T11:13:59+00:00","og_image":[{"width":640,"height":426,"url":"https:\/\/www.notibras.com\/site\/wp-content\/uploads\/2014\/06\/bim6_thumb8.jpg","type":"image\/jpeg"}],"author":"Reda\u00e7\u00e3o","twitter_card":"summary_large_image","twitter_creator":"@Notibras","twitter_site":"@Notibras","twitter_misc":{"Escrito por":"Reda\u00e7\u00e3o","Est. tempo de leitura":"3 minutos"},"schema":{"@context":"https:\/\/schema.org","@graph":[{"@type":"Article","@id":"https:\/\/www.notibras.com\/site\/bim-para-que-onde-esta-a-inovacao-ninguem-pensa-nisso\/#article","isPartOf":{"@id":"https:\/\/www.notibras.com\/site\/bim-para-que-onde-esta-a-inovacao-ninguem-pensa-nisso\/"},"author":{"name":"Reda\u00e7\u00e3o","@id":"https:\/\/www.notibras.com\/site\/#\/schema\/person\/36ab0979449956132d3e5b517ea76ac8"},"headline":"BIM para que? Onde est\u00e1 a inova\u00e7\u00e3o? Ningu\u00e9m pensa nisso","datePublished":"2014-06-18T11:13:59+00:00","mainEntityOfPage":{"@id":"https:\/\/www.notibras.com\/site\/bim-para-que-onde-esta-a-inovacao-ninguem-pensa-nisso\/"},"wordCount":608,"commentCount":0,"publisher":{"@id":"https:\/\/www.notibras.com\/site\/#organization"},"image":{"@id":"https:\/\/www.notibras.com\/site\/bim-para-que-onde-esta-a-inovacao-ninguem-pensa-nisso\/#primaryimage"},"thumbnailUrl":"https:\/\/www.notibras.com\/site\/wp-content\/uploads\/2014\/06\/bim6_thumb8.jpg","articleSection":["Opina a\u00ed"],"inLanguage":"pt-BR","potentialAction":[{"@type":"CommentAction","name":"Comment","target":["https:\/\/www.notibras.com\/site\/bim-para-que-onde-esta-a-inovacao-ninguem-pensa-nisso\/#respond"]}]},{"@type":"WebPage","@id":"https:\/\/www.notibras.com\/site\/bim-para-que-onde-esta-a-inovacao-ninguem-pensa-nisso\/","url":"https:\/\/www.notibras.com\/site\/bim-para-que-onde-esta-a-inovacao-ninguem-pensa-nisso\/","name":"BIM para que? Onde est\u00e1 a inova\u00e7\u00e3o? Ningu\u00e9m pensa nisso - Notibras","isPartOf":{"@id":"https:\/\/www.notibras.com\/site\/#website"},"primaryImageOfPage":{"@id":"https:\/\/www.notibras.com\/site\/bim-para-que-onde-esta-a-inovacao-ninguem-pensa-nisso\/#primaryimage"},"image":{"@id":"https:\/\/www.notibras.com\/site\/bim-para-que-onde-esta-a-inovacao-ninguem-pensa-nisso\/#primaryimage"},"thumbnailUrl":"https:\/\/www.notibras.com\/site\/wp-content\/uploads\/2014\/06\/bim6_thumb8.jpg","datePublished":"2014-06-18T11:13:59+00:00","breadcrumb":{"@id":"https:\/\/www.notibras.com\/site\/bim-para-que-onde-esta-a-inovacao-ninguem-pensa-nisso\/#breadcrumb"},"inLanguage":"pt-BR","potentialAction":[{"@type":"ReadAction","target":["https:\/\/www.notibras.com\/site\/bim-para-que-onde-esta-a-inovacao-ninguem-pensa-nisso\/"]}]},{"@type":"ImageObject","inLanguage":"pt-BR","@id":"https:\/\/www.notibras.com\/site\/bim-para-que-onde-esta-a-inovacao-ninguem-pensa-nisso\/#primaryimage","url":"https:\/\/www.notibras.com\/site\/wp-content\/uploads\/2014\/06\/bim6_thumb8.jpg","contentUrl":"https:\/\/www.notibras.com\/site\/wp-content\/uploads\/2014\/06\/bim6_thumb8.jpg","width":640,"height":426},{"@type":"BreadcrumbList","@id":"https:\/\/www.notibras.com\/site\/bim-para-que-onde-esta-a-inovacao-ninguem-pensa-nisso\/#breadcrumb","itemListElement":[{"@type":"ListItem","position":1,"name":"In\u00edcio","item":"https:\/\/www.notibras.com\/site\/"},{"@type":"ListItem","position":2,"name":"BIM para que? Onde est\u00e1 a inova\u00e7\u00e3o? Ningu\u00e9m pensa nisso"}]},{"@type":"WebSite","@id":"https:\/\/www.notibras.com\/site\/#website","url":"https:\/\/www.notibras.com\/site\/","name":"Notibras","description":"Not\u00edcias de Bras\u00edlia, do Brasil e do Mundo","publisher":{"@id":"https:\/\/www.notibras.com\/site\/#organization"},"potentialAction":[{"@type":"SearchAction","target":{"@type":"EntryPoint","urlTemplate":"https:\/\/www.notibras.com\/site\/?s={search_term_string}"},"query-input":{"@type":"PropertyValueSpecification","valueRequired":true,"valueName":"search_term_string"}}],"inLanguage":"pt-BR"},{"@type":"Organization","@id":"https:\/\/www.notibras.com\/site\/#organization","name":"Grupo Notibras de Comunica\u00e7\u00e3o","url":"https:\/\/www.notibras.com\/site\/","logo":{"@type":"ImageObject","inLanguage":"pt-BR","@id":"https:\/\/www.notibras.com\/site\/#\/schema\/logo\/image\/","url":"https:\/\/www.notibras.com\/site\/wp-content\/uploads\/2023\/01\/notibras23.png","contentUrl":"https:\/\/www.notibras.com\/site\/wp-content\/uploads\/2023\/01\/notibras23.png","width":350,"height":87,"caption":"Grupo Notibras de Comunica\u00e7\u00e3o"},"image":{"@id":"https:\/\/www.notibras.com\/site\/#\/schema\/logo\/image\/"},"sameAs":["https:\/\/www.facebook.com\/notibras\/","https:\/\/x.com\/Notibras","https:\/\/www.instagram.com\/notibras\/"]},{"@type":"Person","@id":"https:\/\/www.notibras.com\/site\/#\/schema\/person\/36ab0979449956132d3e5b517ea76ac8","name":"Reda\u00e7\u00e3o","image":{"@type":"ImageObject","inLanguage":"pt-BR","@id":"https:\/\/secure.gravatar.com\/avatar\/e0a867bdedb85fd243eadf09663511f96fc81e0720a4a42581f334ad4303aa6b?s=96&d=mm&r=g","url":"https:\/\/secure.gravatar.com\/avatar\/e0a867bdedb85fd243eadf09663511f96fc81e0720a4a42581f334ad4303aa6b?s=96&d=mm&r=g","contentUrl":"https:\/\/secure.gravatar.com\/avatar\/e0a867bdedb85fd243eadf09663511f96fc81e0720a4a42581f334ad4303aa6b?s=96&d=mm&r=g","caption":"Reda\u00e7\u00e3o"}}]}},"amp_enabled":true,"_links":{"self":[{"href":"https:\/\/www.notibras.com\/site\/wp-json\/wp\/v2\/posts\/13751","targetHints":{"allow":["GET"]}}],"collection":[{"href":"https:\/\/www.notibras.com\/site\/wp-json\/wp\/v2\/posts"}],"about":[{"href":"https:\/\/www.notibras.com\/site\/wp-json\/wp\/v2\/types\/post"}],"author":[{"embeddable":true,"href":"https:\/\/www.notibras.com\/site\/wp-json\/wp\/v2\/users\/2"}],"replies":[{"embeddable":true,"href":"https:\/\/www.notibras.com\/site\/wp-json\/wp\/v2\/comments?post=13751"}],"version-history":[{"count":0,"href":"https:\/\/www.notibras.com\/site\/wp-json\/wp\/v2\/posts\/13751\/revisions"}],"wp:featuredmedia":[{"embeddable":true,"href":"https:\/\/www.notibras.com\/site\/wp-json\/wp\/v2\/media\/13752"}],"wp:attachment":[{"href":"https:\/\/www.notibras.com\/site\/wp-json\/wp\/v2\/media?parent=13751"}],"wp:term":[{"taxonomy":"category","embeddable":true,"href":"https:\/\/www.notibras.com\/site\/wp-json\/wp\/v2\/categories?post=13751"},{"taxonomy":"post_tag","embeddable":true,"href":"https:\/\/www.notibras.com\/site\/wp-json\/wp\/v2\/tags?post=13751"}],"curies":[{"name":"wp","href":"https:\/\/api.w.org\/{rel}","templated":true}]}}