{"id":13786,"date":"2014-06-18T19:14:21","date_gmt":"2014-06-18T22:14:21","guid":{"rendered":"http:\/\/www.notibras.com\/site\/?p=13786"},"modified":"2014-06-19T10:09:16","modified_gmt":"2014-06-19T13:09:16","slug":"policia-gaucha-bate-em-manifestantes-e-reporteres-sao-atendidos-em-hospital","status":"publish","type":"post","link":"https:\/\/www.notibras.com\/site\/policia-gaucha-bate-em-manifestantes-e-reporteres-sao-atendidos-em-hospital\/","title":{"rendered":"Pol\u00edcia ga\u00facha bate em ato e rep\u00f3rteres v\u00e3o para hospital"},"content":{"rendered":"<p>Um protesto convocado por movimentos sociais de Porto Alegre terminou nesta quarta-feira 18 ap\u00f3s a\u00e7\u00e3o policial contra os manifestantes. Dois rep\u00f3rteres do Portal Terra e da R\u00e1dio Gua\u00edba foram atingidos por estilha\u00e7os de bombas de efeito moral lan\u00e7ados pela pol\u00edcia.<\/p>\n<p>De acordo com a assessoria de comunica\u00e7\u00e3o do Comit\u00ea Gestor da Copa do Governo do Rio Grande do Sul, os dois receberam atendimento m\u00e9dico no local e depois no Hospital de Pronto-Socorro, mas j\u00e1 foram liberados.<\/p>\n<p>A Secretaria de Seguran\u00e7a P\u00fablica do governo do Rio Grande do Sul informou que a pol\u00edcia acompanhou a movimenta\u00e7\u00e3o at\u00e9 o limite de uma faixa que havia sido colocada pelas for\u00e7as de seguran\u00e7a para demarcar o limite da manifesta\u00e7\u00e3o. Ap\u00f3s a faixa, estava a Brigada Militar.<\/p>\n<p>A secretaria disse que esse limite foi rapidamente ultrapassado por manifestantes, que romperam a fita e avan\u00e7aram em dire\u00e7\u00e3o \u00e0 tropa. &#8220;Para cont\u00ea-los, foram lan\u00e7adas quatro granadas de efeito moral pela Brigada Militar. N\u00e3o foram usadas bombas de g\u00e1s lacrimog\u00eanio para n\u00e3o atingir um n\u00famero maior de pessoas que estavam nas proximidades&#8221;, diz a nota.<\/p>\n<blockquote><p>Quando os manifestantes passaram da faixa, a brigada reagiu lan\u00e7ando bombas de efeito moral. Ainda de acordo com a secretaria, a \u00e1rea n\u00e3o faz parte da zona de restri\u00e7\u00e3o da Federa\u00e7\u00e3o Internacional de Futebol (Fifa) e n\u00e3o houve di\u00e1logo pr\u00e9vio com os ativistas acerca dos limites estabelecidos.<\/p><\/blockquote>\n<p>A a\u00e7\u00e3o de dispers\u00e3o ocorreu apesar das for\u00e7as de seguran\u00e7a n\u00e3o terem registrado nenhuma depreda\u00e7\u00e3o ou qualquer a\u00e7\u00e3o dos manifestantes que possa ser considerada crime.<\/p>\n<p>A concentra\u00e7\u00e3o para o ato teve in\u00edcio \u00e0s 12h, na regi\u00e3o central da cidade. O grupo fechou uma avenida e tentou marchar em dire\u00e7\u00e3o ao est\u00e1dio Beira-Rio, onde foi disputada hoje a partida entre Austr\u00e1lia e Holanda. De acordo com Katia Marko, integrante do Comit\u00ea Popular da Copa de Porto Alegre, os ativistas foram impedidos de continuar o trajeto pela Brigada Militar, permanecendo cercados em uma pra\u00e7a por cerca de uma hora. Uma negocia\u00e7\u00e3o entre policiais e os cerca de 150 participantes do ato possibilitou que os ativistas sa\u00edssem do local, segundo Katia. A a\u00e7\u00e3o da pol\u00edcia foi criticada pelos organizadores do ato. \u201c\u00c9 um aparato repressivo muito grande\u201d, afirmou.<\/p>\n<p>Integrante do Bloco de Lutas, articula\u00e7\u00e3o que liderou as principais manifesta\u00e7\u00f5es contra o aumento da tarifa de transporte p\u00fablico em Porto Alegre em 2013, Cl\u00e1udia Favoro disse que \u201co aparato repressor que a gente viu hoje eu nunca tinha visto na hist\u00f3ria. Nosso objetivo n\u00e3o \u00e9 enfrentar a pol\u00edcia, \u00e9 conseguir fazer a den\u00fancia e dialogar com a popula\u00e7\u00e3o para entender um pouco o que est\u00e1 ocorrendo no pa\u00eds\u201d.<\/p>\n<p>Favoro apontou a viol\u00eancia policial e a remo\u00e7\u00e3o de fam\u00edlias por causa de obras da Copa do Mundo como duas das principais cr\u00edticas feitas pelos movimentos sociais \u00e0 organiza\u00e7\u00e3o do Mundial. \u201cNa Vila Dique, comunidade que remanesceu da duplica\u00e7\u00e3o da pista do aeroporto, cerca de 600 pessoas permanecem sem nenhum servi\u00e7o p\u00fablico\u201d, afirmou. De acordo com Favoro, que \u00e9 arquiteta, a duplica\u00e7\u00e3o da via estava prevista na Matriz de Responsabilidade da Copa, mas teve que ser paralisada ap\u00f3s estudo geol\u00f3gico apontar a inviabilidade da obra. Cerca de 200 pessoas removidas desde 2009 foram reassentadas a cerca de 30 quil\u00f4metros da comunidade, enquanto parte permanece no local.<\/p>\n<p>Apesar do confronto, as duas organizadoras do ato disseram que os movimentos continuar\u00e3o saindo \u00e0s ruas para protestar. O pr\u00f3ximo ato est\u00e1 marcado para a segunda-feira, 23, dia de jogo da Sele\u00e7\u00e3o Brasileira com Camar\u00f5es, no est\u00e1dio Man\u00e9 Garrincha, em Bras\u00edlia. No \u00faltimo dia 12, outro protesto em Porto Alegre terminou com conflito entre policiais e manifestantes.<\/p>\n","protected":false},"excerpt":{"rendered":"<p>Um protesto convocado por movimentos sociais de Porto Alegre terminou nesta quarta-feira 18 ap\u00f3s a\u00e7\u00e3o policial contra os manifestantes. Dois rep\u00f3rteres do Portal Terra e da R\u00e1dio Gua\u00edba foram atingidos por estilha\u00e7os de bombas de efeito moral lan\u00e7ados pela pol\u00edcia. De acordo com a assessoria de comunica\u00e7\u00e3o do Comit\u00ea Gestor da Copa do Governo do [&hellip;]<\/p>\n","protected":false},"author":2,"featured_media":13788,"comment_status":"open","ping_status":"closed","sticky":false,"template":"","format":"standard","meta":{"_acf_changed":false,"footnotes":""},"categories":[16],"tags":[],"class_list":["post-13786","post","type-post","status-publish","format-standard","has-post-thumbnail","hentry","category-brasil"],"acf":[],"yoast_head":"<!-- This site is optimized with the Yoast SEO plugin v27.2 - https:\/\/yoast.com\/product\/yoast-seo-wordpress\/ -->\n<title>Pol\u00edcia ga\u00facha bate em ato e rep\u00f3rteres v\u00e3o para hospital - Notibras<\/title>\n<meta name=\"robots\" content=\"index, follow, max-snippet:-1, max-image-preview:large, max-video-preview:-1\" \/>\n<link rel=\"canonical\" href=\"https:\/\/www.notibras.com\/site\/policia-gaucha-bate-em-manifestantes-e-reporteres-sao-atendidos-em-hospital\/\" \/>\n<meta property=\"og:locale\" content=\"pt_BR\" \/>\n<meta property=\"og:type\" content=\"article\" \/>\n<meta property=\"og:title\" content=\"Pol\u00edcia ga\u00facha bate em ato e rep\u00f3rteres v\u00e3o para hospital - Notibras\" \/>\n<meta property=\"og:description\" content=\"Um protesto convocado por movimentos sociais de Porto Alegre terminou nesta quarta-feira 18 ap\u00f3s a\u00e7\u00e3o policial contra os manifestantes. Dois rep\u00f3rteres do Portal Terra e da R\u00e1dio Gua\u00edba foram atingidos por estilha\u00e7os de bombas de efeito moral lan\u00e7ados pela pol\u00edcia. De acordo com a assessoria de comunica\u00e7\u00e3o do Comit\u00ea Gestor da Copa do Governo do [&hellip;]\" \/>\n<meta property=\"og:url\" content=\"https:\/\/www.notibras.com\/site\/policia-gaucha-bate-em-manifestantes-e-reporteres-sao-atendidos-em-hospital\/\" \/>\n<meta property=\"og:site_name\" content=\"Notibras\" \/>\n<meta property=\"article:publisher\" content=\"https:\/\/www.facebook.com\/notibras\/\" \/>\n<meta property=\"article:published_time\" content=\"2014-06-18T22:14:21+00:00\" \/>\n<meta property=\"article:modified_time\" content=\"2014-06-19T13:09:16+00:00\" \/>\n<meta property=\"og:image\" content=\"https:\/\/www.notibras.com\/site\/wp-content\/uploads\/2014\/06\/cors.jpg\" \/>\n\t<meta property=\"og:image:width\" content=\"720\" \/>\n\t<meta property=\"og:image:height\" content=\"480\" \/>\n\t<meta property=\"og:image:type\" content=\"image\/jpeg\" \/>\n<meta name=\"author\" content=\"Reda\u00e7\u00e3o\" \/>\n<meta name=\"twitter:card\" content=\"summary_large_image\" \/>\n<meta name=\"twitter:creator\" content=\"@Notibras\" \/>\n<meta name=\"twitter:site\" content=\"@Notibras\" \/>\n<meta name=\"twitter:label1\" content=\"Escrito por\" \/>\n\t<meta name=\"twitter:data1\" content=\"Reda\u00e7\u00e3o\" \/>\n\t<meta name=\"twitter:label2\" content=\"Est. tempo de leitura\" \/>\n\t<meta name=\"twitter:data2\" content=\"3 minutos\" \/>\n<script type=\"application\/ld+json\" class=\"yoast-schema-graph\">{\"@context\":\"https:\/\/schema.org\",\"@graph\":[{\"@type\":\"Article\",\"@id\":\"https:\/\/www.notibras.com\/site\/policia-gaucha-bate-em-manifestantes-e-reporteres-sao-atendidos-em-hospital\/#article\",\"isPartOf\":{\"@id\":\"https:\/\/www.notibras.com\/site\/policia-gaucha-bate-em-manifestantes-e-reporteres-sao-atendidos-em-hospital\/\"},\"author\":{\"name\":\"Reda\u00e7\u00e3o\",\"@id\":\"https:\/\/www.notibras.com\/site\/#\/schema\/person\/36ab0979449956132d3e5b517ea76ac8\"},\"headline\":\"Pol\u00edcia ga\u00facha bate em ato e rep\u00f3rteres v\u00e3o para hospital\",\"datePublished\":\"2014-06-18T22:14:21+00:00\",\"dateModified\":\"2014-06-19T13:09:16+00:00\",\"mainEntityOfPage\":{\"@id\":\"https:\/\/www.notibras.com\/site\/policia-gaucha-bate-em-manifestantes-e-reporteres-sao-atendidos-em-hospital\/\"},\"wordCount\":670,\"commentCount\":0,\"publisher\":{\"@id\":\"https:\/\/www.notibras.com\/site\/#organization\"},\"image\":{\"@id\":\"https:\/\/www.notibras.com\/site\/policia-gaucha-bate-em-manifestantes-e-reporteres-sao-atendidos-em-hospital\/#primaryimage\"},\"thumbnailUrl\":\"https:\/\/www.notibras.com\/site\/wp-content\/uploads\/2014\/06\/cors.jpg\",\"articleSection\":[\"Brasil\"],\"inLanguage\":\"pt-BR\",\"potentialAction\":[{\"@type\":\"CommentAction\",\"name\":\"Comment\",\"target\":[\"https:\/\/www.notibras.com\/site\/policia-gaucha-bate-em-manifestantes-e-reporteres-sao-atendidos-em-hospital\/#respond\"]}]},{\"@type\":\"WebPage\",\"@id\":\"https:\/\/www.notibras.com\/site\/policia-gaucha-bate-em-manifestantes-e-reporteres-sao-atendidos-em-hospital\/\",\"url\":\"https:\/\/www.notibras.com\/site\/policia-gaucha-bate-em-manifestantes-e-reporteres-sao-atendidos-em-hospital\/\",\"name\":\"Pol\u00edcia ga\u00facha bate em ato e rep\u00f3rteres v\u00e3o para hospital - Notibras\",\"isPartOf\":{\"@id\":\"https:\/\/www.notibras.com\/site\/#website\"},\"primaryImageOfPage\":{\"@id\":\"https:\/\/www.notibras.com\/site\/policia-gaucha-bate-em-manifestantes-e-reporteres-sao-atendidos-em-hospital\/#primaryimage\"},\"image\":{\"@id\":\"https:\/\/www.notibras.com\/site\/policia-gaucha-bate-em-manifestantes-e-reporteres-sao-atendidos-em-hospital\/#primaryimage\"},\"thumbnailUrl\":\"https:\/\/www.notibras.com\/site\/wp-content\/uploads\/2014\/06\/cors.jpg\",\"datePublished\":\"2014-06-18T22:14:21+00:00\",\"dateModified\":\"2014-06-19T13:09:16+00:00\",\"breadcrumb\":{\"@id\":\"https:\/\/www.notibras.com\/site\/policia-gaucha-bate-em-manifestantes-e-reporteres-sao-atendidos-em-hospital\/#breadcrumb\"},\"inLanguage\":\"pt-BR\",\"potentialAction\":[{\"@type\":\"ReadAction\",\"target\":[\"https:\/\/www.notibras.com\/site\/policia-gaucha-bate-em-manifestantes-e-reporteres-sao-atendidos-em-hospital\/\"]}]},{\"@type\":\"ImageObject\",\"inLanguage\":\"pt-BR\",\"@id\":\"https:\/\/www.notibras.com\/site\/policia-gaucha-bate-em-manifestantes-e-reporteres-sao-atendidos-em-hospital\/#primaryimage\",\"url\":\"https:\/\/www.notibras.com\/site\/wp-content\/uploads\/2014\/06\/cors.jpg\",\"contentUrl\":\"https:\/\/www.notibras.com\/site\/wp-content\/uploads\/2014\/06\/cors.jpg\",\"width\":720,\"height\":480},{\"@type\":\"BreadcrumbList\",\"@id\":\"https:\/\/www.notibras.com\/site\/policia-gaucha-bate-em-manifestantes-e-reporteres-sao-atendidos-em-hospital\/#breadcrumb\",\"itemListElement\":[{\"@type\":\"ListItem\",\"position\":1,\"name\":\"In\u00edcio\",\"item\":\"https:\/\/www.notibras.com\/site\/\"},{\"@type\":\"ListItem\",\"position\":2,\"name\":\"Pol\u00edcia ga\u00facha bate em ato e rep\u00f3rteres v\u00e3o para hospital\"}]},{\"@type\":\"WebSite\",\"@id\":\"https:\/\/www.notibras.com\/site\/#website\",\"url\":\"https:\/\/www.notibras.com\/site\/\",\"name\":\"Notibras\",\"description\":\"Not\u00edcias de Bras\u00edlia, do Brasil e do Mundo\",\"publisher\":{\"@id\":\"https:\/\/www.notibras.com\/site\/#organization\"},\"potentialAction\":[{\"@type\":\"SearchAction\",\"target\":{\"@type\":\"EntryPoint\",\"urlTemplate\":\"https:\/\/www.notibras.com\/site\/?s={search_term_string}\"},\"query-input\":{\"@type\":\"PropertyValueSpecification\",\"valueRequired\":true,\"valueName\":\"search_term_string\"}}],\"inLanguage\":\"pt-BR\"},{\"@type\":\"Organization\",\"@id\":\"https:\/\/www.notibras.com\/site\/#organization\",\"name\":\"Grupo Notibras de Comunica\u00e7\u00e3o\",\"url\":\"https:\/\/www.notibras.com\/site\/\",\"logo\":{\"@type\":\"ImageObject\",\"inLanguage\":\"pt-BR\",\"@id\":\"https:\/\/www.notibras.com\/site\/#\/schema\/logo\/image\/\",\"url\":\"https:\/\/www.notibras.com\/site\/wp-content\/uploads\/2023\/01\/notibras23.png\",\"contentUrl\":\"https:\/\/www.notibras.com\/site\/wp-content\/uploads\/2023\/01\/notibras23.png\",\"width\":350,\"height\":87,\"caption\":\"Grupo Notibras de Comunica\u00e7\u00e3o\"},\"image\":{\"@id\":\"https:\/\/www.notibras.com\/site\/#\/schema\/logo\/image\/\"},\"sameAs\":[\"https:\/\/www.facebook.com\/notibras\/\",\"https:\/\/x.com\/Notibras\",\"https:\/\/www.instagram.com\/notibras\/\"]},{\"@type\":\"Person\",\"@id\":\"https:\/\/www.notibras.com\/site\/#\/schema\/person\/36ab0979449956132d3e5b517ea76ac8\",\"name\":\"Reda\u00e7\u00e3o\",\"image\":{\"@type\":\"ImageObject\",\"inLanguage\":\"pt-BR\",\"@id\":\"https:\/\/secure.gravatar.com\/avatar\/e0a867bdedb85fd243eadf09663511f96fc81e0720a4a42581f334ad4303aa6b?s=96&d=mm&r=g\",\"url\":\"https:\/\/secure.gravatar.com\/avatar\/e0a867bdedb85fd243eadf09663511f96fc81e0720a4a42581f334ad4303aa6b?s=96&d=mm&r=g\",\"contentUrl\":\"https:\/\/secure.gravatar.com\/avatar\/e0a867bdedb85fd243eadf09663511f96fc81e0720a4a42581f334ad4303aa6b?s=96&d=mm&r=g\",\"caption\":\"Reda\u00e7\u00e3o\"}}]}<\/script>\n<!-- \/ Yoast SEO plugin. -->","yoast_head_json":{"title":"Pol\u00edcia ga\u00facha bate em ato e rep\u00f3rteres v\u00e3o para hospital - Notibras","robots":{"index":"index","follow":"follow","max-snippet":"max-snippet:-1","max-image-preview":"max-image-preview:large","max-video-preview":"max-video-preview:-1"},"canonical":"https:\/\/www.notibras.com\/site\/policia-gaucha-bate-em-manifestantes-e-reporteres-sao-atendidos-em-hospital\/","og_locale":"pt_BR","og_type":"article","og_title":"Pol\u00edcia ga\u00facha bate em ato e rep\u00f3rteres v\u00e3o para hospital - Notibras","og_description":"Um protesto convocado por movimentos sociais de Porto Alegre terminou nesta quarta-feira 18 ap\u00f3s a\u00e7\u00e3o policial contra os manifestantes. Dois rep\u00f3rteres do Portal Terra e da R\u00e1dio Gua\u00edba foram atingidos por estilha\u00e7os de bombas de efeito moral lan\u00e7ados pela pol\u00edcia. De acordo com a assessoria de comunica\u00e7\u00e3o do Comit\u00ea Gestor da Copa do Governo do [&hellip;]","og_url":"https:\/\/www.notibras.com\/site\/policia-gaucha-bate-em-manifestantes-e-reporteres-sao-atendidos-em-hospital\/","og_site_name":"Notibras","article_publisher":"https:\/\/www.facebook.com\/notibras\/","article_published_time":"2014-06-18T22:14:21+00:00","article_modified_time":"2014-06-19T13:09:16+00:00","og_image":[{"width":720,"height":480,"url":"https:\/\/www.notibras.com\/site\/wp-content\/uploads\/2014\/06\/cors.jpg","type":"image\/jpeg"}],"author":"Reda\u00e7\u00e3o","twitter_card":"summary_large_image","twitter_creator":"@Notibras","twitter_site":"@Notibras","twitter_misc":{"Escrito por":"Reda\u00e7\u00e3o","Est. tempo de leitura":"3 minutos"},"schema":{"@context":"https:\/\/schema.org","@graph":[{"@type":"Article","@id":"https:\/\/www.notibras.com\/site\/policia-gaucha-bate-em-manifestantes-e-reporteres-sao-atendidos-em-hospital\/#article","isPartOf":{"@id":"https:\/\/www.notibras.com\/site\/policia-gaucha-bate-em-manifestantes-e-reporteres-sao-atendidos-em-hospital\/"},"author":{"name":"Reda\u00e7\u00e3o","@id":"https:\/\/www.notibras.com\/site\/#\/schema\/person\/36ab0979449956132d3e5b517ea76ac8"},"headline":"Pol\u00edcia ga\u00facha bate em ato e rep\u00f3rteres v\u00e3o para hospital","datePublished":"2014-06-18T22:14:21+00:00","dateModified":"2014-06-19T13:09:16+00:00","mainEntityOfPage":{"@id":"https:\/\/www.notibras.com\/site\/policia-gaucha-bate-em-manifestantes-e-reporteres-sao-atendidos-em-hospital\/"},"wordCount":670,"commentCount":0,"publisher":{"@id":"https:\/\/www.notibras.com\/site\/#organization"},"image":{"@id":"https:\/\/www.notibras.com\/site\/policia-gaucha-bate-em-manifestantes-e-reporteres-sao-atendidos-em-hospital\/#primaryimage"},"thumbnailUrl":"https:\/\/www.notibras.com\/site\/wp-content\/uploads\/2014\/06\/cors.jpg","articleSection":["Brasil"],"inLanguage":"pt-BR","potentialAction":[{"@type":"CommentAction","name":"Comment","target":["https:\/\/www.notibras.com\/site\/policia-gaucha-bate-em-manifestantes-e-reporteres-sao-atendidos-em-hospital\/#respond"]}]},{"@type":"WebPage","@id":"https:\/\/www.notibras.com\/site\/policia-gaucha-bate-em-manifestantes-e-reporteres-sao-atendidos-em-hospital\/","url":"https:\/\/www.notibras.com\/site\/policia-gaucha-bate-em-manifestantes-e-reporteres-sao-atendidos-em-hospital\/","name":"Pol\u00edcia ga\u00facha bate em ato e rep\u00f3rteres v\u00e3o para hospital - Notibras","isPartOf":{"@id":"https:\/\/www.notibras.com\/site\/#website"},"primaryImageOfPage":{"@id":"https:\/\/www.notibras.com\/site\/policia-gaucha-bate-em-manifestantes-e-reporteres-sao-atendidos-em-hospital\/#primaryimage"},"image":{"@id":"https:\/\/www.notibras.com\/site\/policia-gaucha-bate-em-manifestantes-e-reporteres-sao-atendidos-em-hospital\/#primaryimage"},"thumbnailUrl":"https:\/\/www.notibras.com\/site\/wp-content\/uploads\/2014\/06\/cors.jpg","datePublished":"2014-06-18T22:14:21+00:00","dateModified":"2014-06-19T13:09:16+00:00","breadcrumb":{"@id":"https:\/\/www.notibras.com\/site\/policia-gaucha-bate-em-manifestantes-e-reporteres-sao-atendidos-em-hospital\/#breadcrumb"},"inLanguage":"pt-BR","potentialAction":[{"@type":"ReadAction","target":["https:\/\/www.notibras.com\/site\/policia-gaucha-bate-em-manifestantes-e-reporteres-sao-atendidos-em-hospital\/"]}]},{"@type":"ImageObject","inLanguage":"pt-BR","@id":"https:\/\/www.notibras.com\/site\/policia-gaucha-bate-em-manifestantes-e-reporteres-sao-atendidos-em-hospital\/#primaryimage","url":"https:\/\/www.notibras.com\/site\/wp-content\/uploads\/2014\/06\/cors.jpg","contentUrl":"https:\/\/www.notibras.com\/site\/wp-content\/uploads\/2014\/06\/cors.jpg","width":720,"height":480},{"@type":"BreadcrumbList","@id":"https:\/\/www.notibras.com\/site\/policia-gaucha-bate-em-manifestantes-e-reporteres-sao-atendidos-em-hospital\/#breadcrumb","itemListElement":[{"@type":"ListItem","position":1,"name":"In\u00edcio","item":"https:\/\/www.notibras.com\/site\/"},{"@type":"ListItem","position":2,"name":"Pol\u00edcia ga\u00facha bate em ato e rep\u00f3rteres v\u00e3o para hospital"}]},{"@type":"WebSite","@id":"https:\/\/www.notibras.com\/site\/#website","url":"https:\/\/www.notibras.com\/site\/","name":"Notibras","description":"Not\u00edcias de Bras\u00edlia, do Brasil e do Mundo","publisher":{"@id":"https:\/\/www.notibras.com\/site\/#organization"},"potentialAction":[{"@type":"SearchAction","target":{"@type":"EntryPoint","urlTemplate":"https:\/\/www.notibras.com\/site\/?s={search_term_string}"},"query-input":{"@type":"PropertyValueSpecification","valueRequired":true,"valueName":"search_term_string"}}],"inLanguage":"pt-BR"},{"@type":"Organization","@id":"https:\/\/www.notibras.com\/site\/#organization","name":"Grupo Notibras de Comunica\u00e7\u00e3o","url":"https:\/\/www.notibras.com\/site\/","logo":{"@type":"ImageObject","inLanguage":"pt-BR","@id":"https:\/\/www.notibras.com\/site\/#\/schema\/logo\/image\/","url":"https:\/\/www.notibras.com\/site\/wp-content\/uploads\/2023\/01\/notibras23.png","contentUrl":"https:\/\/www.notibras.com\/site\/wp-content\/uploads\/2023\/01\/notibras23.png","width":350,"height":87,"caption":"Grupo Notibras de Comunica\u00e7\u00e3o"},"image":{"@id":"https:\/\/www.notibras.com\/site\/#\/schema\/logo\/image\/"},"sameAs":["https:\/\/www.facebook.com\/notibras\/","https:\/\/x.com\/Notibras","https:\/\/www.instagram.com\/notibras\/"]},{"@type":"Person","@id":"https:\/\/www.notibras.com\/site\/#\/schema\/person\/36ab0979449956132d3e5b517ea76ac8","name":"Reda\u00e7\u00e3o","image":{"@type":"ImageObject","inLanguage":"pt-BR","@id":"https:\/\/secure.gravatar.com\/avatar\/e0a867bdedb85fd243eadf09663511f96fc81e0720a4a42581f334ad4303aa6b?s=96&d=mm&r=g","url":"https:\/\/secure.gravatar.com\/avatar\/e0a867bdedb85fd243eadf09663511f96fc81e0720a4a42581f334ad4303aa6b?s=96&d=mm&r=g","contentUrl":"https:\/\/secure.gravatar.com\/avatar\/e0a867bdedb85fd243eadf09663511f96fc81e0720a4a42581f334ad4303aa6b?s=96&d=mm&r=g","caption":"Reda\u00e7\u00e3o"}}]}},"amp_enabled":true,"_links":{"self":[{"href":"https:\/\/www.notibras.com\/site\/wp-json\/wp\/v2\/posts\/13786","targetHints":{"allow":["GET"]}}],"collection":[{"href":"https:\/\/www.notibras.com\/site\/wp-json\/wp\/v2\/posts"}],"about":[{"href":"https:\/\/www.notibras.com\/site\/wp-json\/wp\/v2\/types\/post"}],"author":[{"embeddable":true,"href":"https:\/\/www.notibras.com\/site\/wp-json\/wp\/v2\/users\/2"}],"replies":[{"embeddable":true,"href":"https:\/\/www.notibras.com\/site\/wp-json\/wp\/v2\/comments?post=13786"}],"version-history":[{"count":0,"href":"https:\/\/www.notibras.com\/site\/wp-json\/wp\/v2\/posts\/13786\/revisions"}],"wp:featuredmedia":[{"embeddable":true,"href":"https:\/\/www.notibras.com\/site\/wp-json\/wp\/v2\/media\/13788"}],"wp:attachment":[{"href":"https:\/\/www.notibras.com\/site\/wp-json\/wp\/v2\/media?parent=13786"}],"wp:term":[{"taxonomy":"category","embeddable":true,"href":"https:\/\/www.notibras.com\/site\/wp-json\/wp\/v2\/categories?post=13786"},{"taxonomy":"post_tag","embeddable":true,"href":"https:\/\/www.notibras.com\/site\/wp-json\/wp\/v2\/tags?post=13786"}],"curies":[{"name":"wp","href":"https:\/\/api.w.org\/{rel}","templated":true}]}}