{"id":1380,"date":"2014-02-12T16:07:09","date_gmt":"2014-02-12T19:07:09","guid":{"rendered":"http:\/\/www.notibras.com\/site\/?p=1380"},"modified":"2014-02-12T17:08:09","modified_gmt":"2014-02-12T20:08:09","slug":"pesquisa-revela-desejo-do-povo-por-uma-saude-publica-melhor","status":"publish","type":"post","link":"https:\/\/www.notibras.com\/site\/pesquisa-revela-desejo-do-povo-por-uma-saude-publica-melhor\/","title":{"rendered":"Pesquisa revela desejo do povo por uma sa\u00fade p\u00fablica de melhor qualidade"},"content":{"rendered":"<p>Pesquisa divulgada nesta quarta-feira 12 indica que quase metade da popula\u00e7\u00e3o brasileira (49%) avalia que melhorar os servi\u00e7os de sa\u00fade deve ser prioridade para o governo federal este ano. O dado est\u00e1 na pesquisa Retratos da Sociedade Brasileira &#8211; Problemas e Prioridades para 2014, feita pela Confedera\u00e7\u00e3o Nacional da Ind\u00fastria (CNI) e pelo Ibope.<\/p>\n<p>Em segundo e terceiro lugares, informou a CNI, aparecem o combate \u00e0 viol\u00eancia e \u00e0 criminalidade e a melhora da qualidade da educa\u00e7\u00e3o, que devem ser priorizadas na opini\u00e3o de 31% e 28% dos 15.414 entrevistados, respectivamente. A confedera\u00e7\u00e3o explica que a soma ultrapassa os 100% porque na pesquisa era permitido escolher at\u00e9 tr\u00eas op\u00e7\u00f5es. Para os entrevistados, s\u00e3o essas as \u00e1reas com os principais problemas do pa\u00eds. Al\u00e9m dessas prioridades, as pessoas ouvidas mostraram preocupa\u00e7\u00e3o com as drogas (23%), o reajuste do sal\u00e1rio m\u00ednimo (23%) e o combate \u00e0 corrup\u00e7\u00e3o (20%).<\/p>\n<p>Na an\u00e1lise regional dos dados, as tr\u00eas \u00e1reas tamb\u00e9m s\u00e3o as mais citadas como as que devem ter prefer\u00eancia nas a\u00e7\u00f5es governamentais, com a melhora dos servi\u00e7os de sa\u00fade no topo de todos os <em>rankings<\/em>, informa a CNI. A exce\u00e7\u00e3o \u00e9 a Regi\u00e3o Sul, onde o combate \u00e0 viol\u00eancia e \u00e0 criminalidade perde posi\u00e7\u00e3o para o aumento do sal\u00e1rio m\u00ednimo e o enfrentamento \u00e0s drogas.<\/p>\n","protected":false},"excerpt":{"rendered":"<p>Pesquisa divulgada nesta quarta-feira 12 indica que quase metade da popula\u00e7\u00e3o brasileira (49%) avalia que melhorar os servi\u00e7os de sa\u00fade deve ser prioridade para o governo federal este ano. O dado est\u00e1 na pesquisa Retratos da Sociedade Brasileira &#8211; Problemas e Prioridades para 2014, feita pela Confedera\u00e7\u00e3o Nacional da Ind\u00fastria (CNI) e pelo Ibope. Em [&hellip;]<\/p>\n","protected":false},"author":2,"featured_media":1381,"comment_status":"open","ping_status":"closed","sticky":false,"template":"","format":"standard","meta":{"_acf_changed":false,"footnotes":""},"categories":[16],"tags":[],"class_list":["post-1380","post","type-post","status-publish","format-standard","has-post-thumbnail","hentry","category-brasil"],"acf":[],"yoast_head":"<!-- This site is optimized with the Yoast SEO plugin v27.2 - https:\/\/yoast.com\/product\/yoast-seo-wordpress\/ -->\n<title>Pesquisa revela desejo do povo por uma sa\u00fade p\u00fablica de melhor qualidade - Notibras<\/title>\n<meta name=\"robots\" content=\"index, follow, max-snippet:-1, max-image-preview:large, max-video-preview:-1\" \/>\n<link rel=\"canonical\" href=\"https:\/\/www.notibras.com\/site\/pesquisa-revela-desejo-do-povo-por-uma-saude-publica-melhor\/\" \/>\n<meta property=\"og:locale\" content=\"pt_BR\" \/>\n<meta property=\"og:type\" content=\"article\" \/>\n<meta property=\"og:title\" content=\"Pesquisa revela desejo do povo por uma sa\u00fade p\u00fablica de melhor qualidade - Notibras\" \/>\n<meta property=\"og:description\" content=\"Pesquisa divulgada nesta quarta-feira 12 indica que quase metade da popula\u00e7\u00e3o brasileira (49%) avalia que melhorar os servi\u00e7os de sa\u00fade deve ser prioridade para o governo federal este ano. O dado est\u00e1 na pesquisa Retratos da Sociedade Brasileira &#8211; Problemas e Prioridades para 2014, feita pela Confedera\u00e7\u00e3o Nacional da Ind\u00fastria (CNI) e pelo Ibope. Em [&hellip;]\" \/>\n<meta property=\"og:url\" content=\"https:\/\/www.notibras.com\/site\/pesquisa-revela-desejo-do-povo-por-uma-saude-publica-melhor\/\" \/>\n<meta property=\"og:site_name\" content=\"Notibras\" \/>\n<meta property=\"article:publisher\" content=\"https:\/\/www.facebook.com\/notibras\/\" \/>\n<meta property=\"article:published_time\" content=\"2014-02-12T19:07:09+00:00\" \/>\n<meta property=\"article:modified_time\" content=\"2014-02-12T20:08:09+00:00\" \/>\n<meta property=\"og:image\" content=\"https:\/\/www.notibras.com\/site\/wp-content\/uploads\/2014\/02\/sade-pblica.jpg\" \/>\n\t<meta property=\"og:image:width\" content=\"720\" \/>\n\t<meta property=\"og:image:height\" content=\"460\" \/>\n\t<meta property=\"og:image:type\" content=\"image\/jpeg\" \/>\n<meta name=\"author\" content=\"Reda\u00e7\u00e3o\" \/>\n<meta name=\"twitter:card\" content=\"summary_large_image\" \/>\n<meta name=\"twitter:creator\" content=\"@Notibras\" \/>\n<meta name=\"twitter:site\" content=\"@Notibras\" \/>\n<meta name=\"twitter:label1\" content=\"Escrito por\" \/>\n\t<meta name=\"twitter:data1\" content=\"Reda\u00e7\u00e3o\" \/>\n\t<meta name=\"twitter:label2\" content=\"Est. tempo de leitura\" \/>\n\t<meta name=\"twitter:data2\" content=\"1 minuto\" \/>\n<script type=\"application\/ld+json\" class=\"yoast-schema-graph\">{\"@context\":\"https:\/\/schema.org\",\"@graph\":[{\"@type\":\"Article\",\"@id\":\"https:\/\/www.notibras.com\/site\/pesquisa-revela-desejo-do-povo-por-uma-saude-publica-melhor\/#article\",\"isPartOf\":{\"@id\":\"https:\/\/www.notibras.com\/site\/pesquisa-revela-desejo-do-povo-por-uma-saude-publica-melhor\/\"},\"author\":{\"name\":\"Reda\u00e7\u00e3o\",\"@id\":\"https:\/\/www.notibras.com\/site\/#\/schema\/person\/36ab0979449956132d3e5b517ea76ac8\"},\"headline\":\"Pesquisa revela desejo do povo por uma sa\u00fade p\u00fablica de melhor qualidade\",\"datePublished\":\"2014-02-12T19:07:09+00:00\",\"dateModified\":\"2014-02-12T20:08:09+00:00\",\"mainEntityOfPage\":{\"@id\":\"https:\/\/www.notibras.com\/site\/pesquisa-revela-desejo-do-povo-por-uma-saude-publica-melhor\/\"},\"wordCount\":241,\"commentCount\":0,\"publisher\":{\"@id\":\"https:\/\/www.notibras.com\/site\/#organization\"},\"image\":{\"@id\":\"https:\/\/www.notibras.com\/site\/pesquisa-revela-desejo-do-povo-por-uma-saude-publica-melhor\/#primaryimage\"},\"thumbnailUrl\":\"https:\/\/www.notibras.com\/site\/wp-content\/uploads\/2014\/02\/sade-pblica.jpg\",\"articleSection\":[\"Brasil\"],\"inLanguage\":\"pt-BR\",\"potentialAction\":[{\"@type\":\"CommentAction\",\"name\":\"Comment\",\"target\":[\"https:\/\/www.notibras.com\/site\/pesquisa-revela-desejo-do-povo-por-uma-saude-publica-melhor\/#respond\"]}]},{\"@type\":\"WebPage\",\"@id\":\"https:\/\/www.notibras.com\/site\/pesquisa-revela-desejo-do-povo-por-uma-saude-publica-melhor\/\",\"url\":\"https:\/\/www.notibras.com\/site\/pesquisa-revela-desejo-do-povo-por-uma-saude-publica-melhor\/\",\"name\":\"Pesquisa revela desejo do povo por uma sa\u00fade p\u00fablica de melhor qualidade - Notibras\",\"isPartOf\":{\"@id\":\"https:\/\/www.notibras.com\/site\/#website\"},\"primaryImageOfPage\":{\"@id\":\"https:\/\/www.notibras.com\/site\/pesquisa-revela-desejo-do-povo-por-uma-saude-publica-melhor\/#primaryimage\"},\"image\":{\"@id\":\"https:\/\/www.notibras.com\/site\/pesquisa-revela-desejo-do-povo-por-uma-saude-publica-melhor\/#primaryimage\"},\"thumbnailUrl\":\"https:\/\/www.notibras.com\/site\/wp-content\/uploads\/2014\/02\/sade-pblica.jpg\",\"datePublished\":\"2014-02-12T19:07:09+00:00\",\"dateModified\":\"2014-02-12T20:08:09+00:00\",\"breadcrumb\":{\"@id\":\"https:\/\/www.notibras.com\/site\/pesquisa-revela-desejo-do-povo-por-uma-saude-publica-melhor\/#breadcrumb\"},\"inLanguage\":\"pt-BR\",\"potentialAction\":[{\"@type\":\"ReadAction\",\"target\":[\"https:\/\/www.notibras.com\/site\/pesquisa-revela-desejo-do-povo-por-uma-saude-publica-melhor\/\"]}]},{\"@type\":\"ImageObject\",\"inLanguage\":\"pt-BR\",\"@id\":\"https:\/\/www.notibras.com\/site\/pesquisa-revela-desejo-do-povo-por-uma-saude-publica-melhor\/#primaryimage\",\"url\":\"https:\/\/www.notibras.com\/site\/wp-content\/uploads\/2014\/02\/sade-pblica.jpg\",\"contentUrl\":\"https:\/\/www.notibras.com\/site\/wp-content\/uploads\/2014\/02\/sade-pblica.jpg\",\"width\":720,\"height\":460},{\"@type\":\"BreadcrumbList\",\"@id\":\"https:\/\/www.notibras.com\/site\/pesquisa-revela-desejo-do-povo-por-uma-saude-publica-melhor\/#breadcrumb\",\"itemListElement\":[{\"@type\":\"ListItem\",\"position\":1,\"name\":\"In\u00edcio\",\"item\":\"https:\/\/www.notibras.com\/site\/\"},{\"@type\":\"ListItem\",\"position\":2,\"name\":\"Pesquisa revela desejo do povo por uma sa\u00fade p\u00fablica de melhor qualidade\"}]},{\"@type\":\"WebSite\",\"@id\":\"https:\/\/www.notibras.com\/site\/#website\",\"url\":\"https:\/\/www.notibras.com\/site\/\",\"name\":\"Notibras\",\"description\":\"Not\u00edcias de Bras\u00edlia, do Brasil e do Mundo\",\"publisher\":{\"@id\":\"https:\/\/www.notibras.com\/site\/#organization\"},\"potentialAction\":[{\"@type\":\"SearchAction\",\"target\":{\"@type\":\"EntryPoint\",\"urlTemplate\":\"https:\/\/www.notibras.com\/site\/?s={search_term_string}\"},\"query-input\":{\"@type\":\"PropertyValueSpecification\",\"valueRequired\":true,\"valueName\":\"search_term_string\"}}],\"inLanguage\":\"pt-BR\"},{\"@type\":\"Organization\",\"@id\":\"https:\/\/www.notibras.com\/site\/#organization\",\"name\":\"Grupo Notibras de Comunica\u00e7\u00e3o\",\"url\":\"https:\/\/www.notibras.com\/site\/\",\"logo\":{\"@type\":\"ImageObject\",\"inLanguage\":\"pt-BR\",\"@id\":\"https:\/\/www.notibras.com\/site\/#\/schema\/logo\/image\/\",\"url\":\"https:\/\/www.notibras.com\/site\/wp-content\/uploads\/2023\/01\/notibras23.png\",\"contentUrl\":\"https:\/\/www.notibras.com\/site\/wp-content\/uploads\/2023\/01\/notibras23.png\",\"width\":350,\"height\":87,\"caption\":\"Grupo Notibras de Comunica\u00e7\u00e3o\"},\"image\":{\"@id\":\"https:\/\/www.notibras.com\/site\/#\/schema\/logo\/image\/\"},\"sameAs\":[\"https:\/\/www.facebook.com\/notibras\/\",\"https:\/\/x.com\/Notibras\",\"https:\/\/www.instagram.com\/notibras\/\"]},{\"@type\":\"Person\",\"@id\":\"https:\/\/www.notibras.com\/site\/#\/schema\/person\/36ab0979449956132d3e5b517ea76ac8\",\"name\":\"Reda\u00e7\u00e3o\",\"image\":{\"@type\":\"ImageObject\",\"inLanguage\":\"pt-BR\",\"@id\":\"https:\/\/secure.gravatar.com\/avatar\/e0a867bdedb85fd243eadf09663511f96fc81e0720a4a42581f334ad4303aa6b?s=96&d=mm&r=g\",\"url\":\"https:\/\/secure.gravatar.com\/avatar\/e0a867bdedb85fd243eadf09663511f96fc81e0720a4a42581f334ad4303aa6b?s=96&d=mm&r=g\",\"contentUrl\":\"https:\/\/secure.gravatar.com\/avatar\/e0a867bdedb85fd243eadf09663511f96fc81e0720a4a42581f334ad4303aa6b?s=96&d=mm&r=g\",\"caption\":\"Reda\u00e7\u00e3o\"}}]}<\/script>\n<!-- \/ Yoast SEO plugin. -->","yoast_head_json":{"title":"Pesquisa revela desejo do povo por uma sa\u00fade p\u00fablica de melhor qualidade - Notibras","robots":{"index":"index","follow":"follow","max-snippet":"max-snippet:-1","max-image-preview":"max-image-preview:large","max-video-preview":"max-video-preview:-1"},"canonical":"https:\/\/www.notibras.com\/site\/pesquisa-revela-desejo-do-povo-por-uma-saude-publica-melhor\/","og_locale":"pt_BR","og_type":"article","og_title":"Pesquisa revela desejo do povo por uma sa\u00fade p\u00fablica de melhor qualidade - Notibras","og_description":"Pesquisa divulgada nesta quarta-feira 12 indica que quase metade da popula\u00e7\u00e3o brasileira (49%) avalia que melhorar os servi\u00e7os de sa\u00fade deve ser prioridade para o governo federal este ano. O dado est\u00e1 na pesquisa Retratos da Sociedade Brasileira &#8211; Problemas e Prioridades para 2014, feita pela Confedera\u00e7\u00e3o Nacional da Ind\u00fastria (CNI) e pelo Ibope. Em [&hellip;]","og_url":"https:\/\/www.notibras.com\/site\/pesquisa-revela-desejo-do-povo-por-uma-saude-publica-melhor\/","og_site_name":"Notibras","article_publisher":"https:\/\/www.facebook.com\/notibras\/","article_published_time":"2014-02-12T19:07:09+00:00","article_modified_time":"2014-02-12T20:08:09+00:00","og_image":[{"width":720,"height":460,"url":"https:\/\/www.notibras.com\/site\/wp-content\/uploads\/2014\/02\/sade-pblica.jpg","type":"image\/jpeg"}],"author":"Reda\u00e7\u00e3o","twitter_card":"summary_large_image","twitter_creator":"@Notibras","twitter_site":"@Notibras","twitter_misc":{"Escrito por":"Reda\u00e7\u00e3o","Est. tempo de leitura":"1 minuto"},"schema":{"@context":"https:\/\/schema.org","@graph":[{"@type":"Article","@id":"https:\/\/www.notibras.com\/site\/pesquisa-revela-desejo-do-povo-por-uma-saude-publica-melhor\/#article","isPartOf":{"@id":"https:\/\/www.notibras.com\/site\/pesquisa-revela-desejo-do-povo-por-uma-saude-publica-melhor\/"},"author":{"name":"Reda\u00e7\u00e3o","@id":"https:\/\/www.notibras.com\/site\/#\/schema\/person\/36ab0979449956132d3e5b517ea76ac8"},"headline":"Pesquisa revela desejo do povo por uma sa\u00fade p\u00fablica de melhor qualidade","datePublished":"2014-02-12T19:07:09+00:00","dateModified":"2014-02-12T20:08:09+00:00","mainEntityOfPage":{"@id":"https:\/\/www.notibras.com\/site\/pesquisa-revela-desejo-do-povo-por-uma-saude-publica-melhor\/"},"wordCount":241,"commentCount":0,"publisher":{"@id":"https:\/\/www.notibras.com\/site\/#organization"},"image":{"@id":"https:\/\/www.notibras.com\/site\/pesquisa-revela-desejo-do-povo-por-uma-saude-publica-melhor\/#primaryimage"},"thumbnailUrl":"https:\/\/www.notibras.com\/site\/wp-content\/uploads\/2014\/02\/sade-pblica.jpg","articleSection":["Brasil"],"inLanguage":"pt-BR","potentialAction":[{"@type":"CommentAction","name":"Comment","target":["https:\/\/www.notibras.com\/site\/pesquisa-revela-desejo-do-povo-por-uma-saude-publica-melhor\/#respond"]}]},{"@type":"WebPage","@id":"https:\/\/www.notibras.com\/site\/pesquisa-revela-desejo-do-povo-por-uma-saude-publica-melhor\/","url":"https:\/\/www.notibras.com\/site\/pesquisa-revela-desejo-do-povo-por-uma-saude-publica-melhor\/","name":"Pesquisa revela desejo do povo por uma sa\u00fade p\u00fablica de melhor qualidade - Notibras","isPartOf":{"@id":"https:\/\/www.notibras.com\/site\/#website"},"primaryImageOfPage":{"@id":"https:\/\/www.notibras.com\/site\/pesquisa-revela-desejo-do-povo-por-uma-saude-publica-melhor\/#primaryimage"},"image":{"@id":"https:\/\/www.notibras.com\/site\/pesquisa-revela-desejo-do-povo-por-uma-saude-publica-melhor\/#primaryimage"},"thumbnailUrl":"https:\/\/www.notibras.com\/site\/wp-content\/uploads\/2014\/02\/sade-pblica.jpg","datePublished":"2014-02-12T19:07:09+00:00","dateModified":"2014-02-12T20:08:09+00:00","breadcrumb":{"@id":"https:\/\/www.notibras.com\/site\/pesquisa-revela-desejo-do-povo-por-uma-saude-publica-melhor\/#breadcrumb"},"inLanguage":"pt-BR","potentialAction":[{"@type":"ReadAction","target":["https:\/\/www.notibras.com\/site\/pesquisa-revela-desejo-do-povo-por-uma-saude-publica-melhor\/"]}]},{"@type":"ImageObject","inLanguage":"pt-BR","@id":"https:\/\/www.notibras.com\/site\/pesquisa-revela-desejo-do-povo-por-uma-saude-publica-melhor\/#primaryimage","url":"https:\/\/www.notibras.com\/site\/wp-content\/uploads\/2014\/02\/sade-pblica.jpg","contentUrl":"https:\/\/www.notibras.com\/site\/wp-content\/uploads\/2014\/02\/sade-pblica.jpg","width":720,"height":460},{"@type":"BreadcrumbList","@id":"https:\/\/www.notibras.com\/site\/pesquisa-revela-desejo-do-povo-por-uma-saude-publica-melhor\/#breadcrumb","itemListElement":[{"@type":"ListItem","position":1,"name":"In\u00edcio","item":"https:\/\/www.notibras.com\/site\/"},{"@type":"ListItem","position":2,"name":"Pesquisa revela desejo do povo por uma sa\u00fade p\u00fablica de melhor qualidade"}]},{"@type":"WebSite","@id":"https:\/\/www.notibras.com\/site\/#website","url":"https:\/\/www.notibras.com\/site\/","name":"Notibras","description":"Not\u00edcias de Bras\u00edlia, do Brasil e do Mundo","publisher":{"@id":"https:\/\/www.notibras.com\/site\/#organization"},"potentialAction":[{"@type":"SearchAction","target":{"@type":"EntryPoint","urlTemplate":"https:\/\/www.notibras.com\/site\/?s={search_term_string}"},"query-input":{"@type":"PropertyValueSpecification","valueRequired":true,"valueName":"search_term_string"}}],"inLanguage":"pt-BR"},{"@type":"Organization","@id":"https:\/\/www.notibras.com\/site\/#organization","name":"Grupo Notibras de Comunica\u00e7\u00e3o","url":"https:\/\/www.notibras.com\/site\/","logo":{"@type":"ImageObject","inLanguage":"pt-BR","@id":"https:\/\/www.notibras.com\/site\/#\/schema\/logo\/image\/","url":"https:\/\/www.notibras.com\/site\/wp-content\/uploads\/2023\/01\/notibras23.png","contentUrl":"https:\/\/www.notibras.com\/site\/wp-content\/uploads\/2023\/01\/notibras23.png","width":350,"height":87,"caption":"Grupo Notibras de Comunica\u00e7\u00e3o"},"image":{"@id":"https:\/\/www.notibras.com\/site\/#\/schema\/logo\/image\/"},"sameAs":["https:\/\/www.facebook.com\/notibras\/","https:\/\/x.com\/Notibras","https:\/\/www.instagram.com\/notibras\/"]},{"@type":"Person","@id":"https:\/\/www.notibras.com\/site\/#\/schema\/person\/36ab0979449956132d3e5b517ea76ac8","name":"Reda\u00e7\u00e3o","image":{"@type":"ImageObject","inLanguage":"pt-BR","@id":"https:\/\/secure.gravatar.com\/avatar\/e0a867bdedb85fd243eadf09663511f96fc81e0720a4a42581f334ad4303aa6b?s=96&d=mm&r=g","url":"https:\/\/secure.gravatar.com\/avatar\/e0a867bdedb85fd243eadf09663511f96fc81e0720a4a42581f334ad4303aa6b?s=96&d=mm&r=g","contentUrl":"https:\/\/secure.gravatar.com\/avatar\/e0a867bdedb85fd243eadf09663511f96fc81e0720a4a42581f334ad4303aa6b?s=96&d=mm&r=g","caption":"Reda\u00e7\u00e3o"}}]}},"amp_enabled":true,"_links":{"self":[{"href":"https:\/\/www.notibras.com\/site\/wp-json\/wp\/v2\/posts\/1380","targetHints":{"allow":["GET"]}}],"collection":[{"href":"https:\/\/www.notibras.com\/site\/wp-json\/wp\/v2\/posts"}],"about":[{"href":"https:\/\/www.notibras.com\/site\/wp-json\/wp\/v2\/types\/post"}],"author":[{"embeddable":true,"href":"https:\/\/www.notibras.com\/site\/wp-json\/wp\/v2\/users\/2"}],"replies":[{"embeddable":true,"href":"https:\/\/www.notibras.com\/site\/wp-json\/wp\/v2\/comments?post=1380"}],"version-history":[{"count":0,"href":"https:\/\/www.notibras.com\/site\/wp-json\/wp\/v2\/posts\/1380\/revisions"}],"wp:featuredmedia":[{"embeddable":true,"href":"https:\/\/www.notibras.com\/site\/wp-json\/wp\/v2\/media\/1381"}],"wp:attachment":[{"href":"https:\/\/www.notibras.com\/site\/wp-json\/wp\/v2\/media?parent=1380"}],"wp:term":[{"taxonomy":"category","embeddable":true,"href":"https:\/\/www.notibras.com\/site\/wp-json\/wp\/v2\/categories?post=1380"},{"taxonomy":"post_tag","embeddable":true,"href":"https:\/\/www.notibras.com\/site\/wp-json\/wp\/v2\/tags?post=1380"}],"curies":[{"name":"wp","href":"https:\/\/api.w.org\/{rel}","templated":true}]}}