{"id":13803,"date":"2014-06-18T16:19:57","date_gmt":"2014-06-18T19:19:57","guid":{"rendered":"http:\/\/www.notibras.com\/site\/?p=13803"},"modified":"2014-06-18T23:24:34","modified_gmt":"2014-06-19T02:24:34","slug":"motoboy-tera-direito-a-receber-adicional-de-periculosidade","status":"publish","type":"post","link":"https:\/\/www.notibras.com\/site\/motoboy-tera-direito-a-receber-adicional-de-periculosidade\/","title":{"rendered":"Motoboy ter\u00e1 direito a receber adicional de periculosidade"},"content":{"rendered":"<p>Ao sancionar a lei que inclui o pagamento de adicional de periculosidade para mototaxistas, motoboys e motofretistas, a presidente Dilma Rousseff disse que a medida \u00e9 justa, necess\u00e1ria e um direito desses trabalhadores, que enfrentam diversos perigos e at\u00e9 risco de vida.<\/p>\n<p>A lei altera a Consolida\u00e7\u00e3o das Leis do Trabalho (CLT) e determina que os brasileiros que usam a moto para trabalhar com o transporte de passageiros e mercadorias recebam adicional de 30% sobre o sal\u00e1rio. O projeto tramitou por mais de dois anos no Congresso.<\/p>\n<p>Dilma lembra que a profiss\u00e3o est\u00e1 presente em todos os grandes centros do pa\u00eds, e citou, por exemplo, o caso de m\u00e3es que precisam dos servi\u00e7os da categoria durante a madrugada para receberem rem\u00e9dios para os filhos. A presidenta acredita que a lei n\u00e3o ir\u00e1 gerar desempregos. \u201cEu duvido que o patr\u00e3o, que precisa ter um n\u00famero significativo de motoboys, em uma lei que abrange todo o Brasil, que caso n\u00e3o seja cumprida, criar\u00e1 uma ilegalidade no exerc\u00edcio da atividade para o qual o motoboy \u00e9 contratado, possa deixar de contratar\u201d, disse.<\/p>\n<p>Para o senador Marcelo Crivella, autor do projeto de lei no Senado, a expectativa \u00e9 que os profissionais invistam o adicional em equipamentos de seguran\u00e7a. \u201c[A lei garante] a possibilidade dele poder comprar uma bota de couro, um casaco de couro, n\u00e3o andar com pneu careca, ter as lanternas da motocicleta sinalizando corretamente, condi\u00e7\u00f5es de se aperfei\u00e7oar.<\/p>\n<p>Crivella lembrou que os motociclistas est\u00e3o entre as principais v\u00edtimas dos acidentes de tr\u00e2nsito, citando que diariamente em S\u00e3o Paulo dois motoboys morrem e dez ter\u00e3o de usar cadeira de rodas.<\/p>\n<p>A presidente Dilma defendeu ainda a ado\u00e7\u00e3o de faixas exclusivas para a circula\u00e7\u00e3o dos mototaxistas, motoboys e motofretistas. \u201cTemos dever, como representantes do Poder P\u00fablico, e no meu caso como presidenta da Rep\u00fablica, zelar e tomar todas medidas para proteger voc\u00eas. Essa medida do adicional de periculosidade \u00e9 apenas o come\u00e7o\u201d, concluiu.<\/p>\n<p>De acordo com o Sindicato dos Mensageiros, Motociclistas, Ciclistas e Mototaxistas de S\u00e3o Paulo (Sindimoto-SP), a categoria tem cerca de dois milh\u00f5es de trabalhadores em todo o pa\u00eds.<\/p>\n<p><strong>Paulo Victor Chagas, ABr<\/strong><\/p>\n","protected":false},"excerpt":{"rendered":"<p>Ao sancionar a lei que inclui o pagamento de adicional de periculosidade para mototaxistas, motoboys e motofretistas, a presidente Dilma Rousseff disse que a medida \u00e9 justa, necess\u00e1ria e um direito desses trabalhadores, que enfrentam diversos perigos e at\u00e9 risco de vida. A lei altera a Consolida\u00e7\u00e3o das Leis do Trabalho (CLT) e determina que [&hellip;]<\/p>\n","protected":false},"author":2,"featured_media":13804,"comment_status":"open","ping_status":"closed","sticky":false,"template":"","format":"standard","meta":{"_acf_changed":false,"footnotes":""},"categories":[16],"tags":[],"class_list":["post-13803","post","type-post","status-publish","format-standard","has-post-thumbnail","hentry","category-brasil"],"acf":[],"yoast_head":"<!-- This site is optimized with the Yoast SEO plugin v27.2 - https:\/\/yoast.com\/product\/yoast-seo-wordpress\/ -->\n<title>Motoboy ter\u00e1 direito a receber adicional de periculosidade - Notibras<\/title>\n<meta name=\"robots\" content=\"index, follow, max-snippet:-1, max-image-preview:large, max-video-preview:-1\" \/>\n<link rel=\"canonical\" href=\"https:\/\/www.notibras.com\/site\/motoboy-tera-direito-a-receber-adicional-de-periculosidade\/\" \/>\n<meta property=\"og:locale\" content=\"pt_BR\" \/>\n<meta property=\"og:type\" content=\"article\" \/>\n<meta property=\"og:title\" content=\"Motoboy ter\u00e1 direito a receber adicional de periculosidade - Notibras\" \/>\n<meta property=\"og:description\" content=\"Ao sancionar a lei que inclui o pagamento de adicional de periculosidade para mototaxistas, motoboys e motofretistas, a presidente Dilma Rousseff disse que a medida \u00e9 justa, necess\u00e1ria e um direito desses trabalhadores, que enfrentam diversos perigos e at\u00e9 risco de vida. A lei altera a Consolida\u00e7\u00e3o das Leis do Trabalho (CLT) e determina que [&hellip;]\" \/>\n<meta property=\"og:url\" content=\"https:\/\/www.notibras.com\/site\/motoboy-tera-direito-a-receber-adicional-de-periculosidade\/\" \/>\n<meta property=\"og:site_name\" content=\"Notibras\" \/>\n<meta property=\"article:publisher\" content=\"https:\/\/www.facebook.com\/notibras\/\" \/>\n<meta property=\"article:published_time\" content=\"2014-06-18T19:19:57+00:00\" \/>\n<meta property=\"article:modified_time\" content=\"2014-06-19T02:24:34+00:00\" \/>\n<meta property=\"og:image\" content=\"https:\/\/www.notibras.com\/site\/wp-content\/uploads\/2014\/06\/919770-dilma_motociclistas_5569.jpg\" \/>\n\t<meta property=\"og:image:width\" content=\"1082\" \/>\n\t<meta property=\"og:image:height\" content=\"720\" \/>\n\t<meta property=\"og:image:type\" content=\"image\/jpeg\" \/>\n<meta name=\"author\" content=\"Reda\u00e7\u00e3o\" \/>\n<meta name=\"twitter:card\" content=\"summary_large_image\" \/>\n<meta name=\"twitter:creator\" content=\"@Notibras\" \/>\n<meta name=\"twitter:site\" content=\"@Notibras\" \/>\n<meta name=\"twitter:label1\" content=\"Escrito por\" \/>\n\t<meta name=\"twitter:data1\" content=\"Reda\u00e7\u00e3o\" \/>\n\t<meta name=\"twitter:label2\" content=\"Est. tempo de leitura\" \/>\n\t<meta name=\"twitter:data2\" content=\"2 minutos\" \/>\n<script type=\"application\/ld+json\" class=\"yoast-schema-graph\">{\"@context\":\"https:\/\/schema.org\",\"@graph\":[{\"@type\":\"Article\",\"@id\":\"https:\/\/www.notibras.com\/site\/motoboy-tera-direito-a-receber-adicional-de-periculosidade\/#article\",\"isPartOf\":{\"@id\":\"https:\/\/www.notibras.com\/site\/motoboy-tera-direito-a-receber-adicional-de-periculosidade\/\"},\"author\":{\"name\":\"Reda\u00e7\u00e3o\",\"@id\":\"https:\/\/www.notibras.com\/site\/#\/schema\/person\/36ab0979449956132d3e5b517ea76ac8\"},\"headline\":\"Motoboy ter\u00e1 direito a receber adicional de periculosidade\",\"datePublished\":\"2014-06-18T19:19:57+00:00\",\"dateModified\":\"2014-06-19T02:24:34+00:00\",\"mainEntityOfPage\":{\"@id\":\"https:\/\/www.notibras.com\/site\/motoboy-tera-direito-a-receber-adicional-de-periculosidade\/\"},\"wordCount\":385,\"commentCount\":0,\"publisher\":{\"@id\":\"https:\/\/www.notibras.com\/site\/#organization\"},\"image\":{\"@id\":\"https:\/\/www.notibras.com\/site\/motoboy-tera-direito-a-receber-adicional-de-periculosidade\/#primaryimage\"},\"thumbnailUrl\":\"https:\/\/www.notibras.com\/site\/wp-content\/uploads\/2014\/06\/919770-dilma_motociclistas_5569.jpg\",\"articleSection\":[\"Brasil\"],\"inLanguage\":\"pt-BR\",\"potentialAction\":[{\"@type\":\"CommentAction\",\"name\":\"Comment\",\"target\":[\"https:\/\/www.notibras.com\/site\/motoboy-tera-direito-a-receber-adicional-de-periculosidade\/#respond\"]}]},{\"@type\":\"WebPage\",\"@id\":\"https:\/\/www.notibras.com\/site\/motoboy-tera-direito-a-receber-adicional-de-periculosidade\/\",\"url\":\"https:\/\/www.notibras.com\/site\/motoboy-tera-direito-a-receber-adicional-de-periculosidade\/\",\"name\":\"Motoboy ter\u00e1 direito a receber adicional de periculosidade - Notibras\",\"isPartOf\":{\"@id\":\"https:\/\/www.notibras.com\/site\/#website\"},\"primaryImageOfPage\":{\"@id\":\"https:\/\/www.notibras.com\/site\/motoboy-tera-direito-a-receber-adicional-de-periculosidade\/#primaryimage\"},\"image\":{\"@id\":\"https:\/\/www.notibras.com\/site\/motoboy-tera-direito-a-receber-adicional-de-periculosidade\/#primaryimage\"},\"thumbnailUrl\":\"https:\/\/www.notibras.com\/site\/wp-content\/uploads\/2014\/06\/919770-dilma_motociclistas_5569.jpg\",\"datePublished\":\"2014-06-18T19:19:57+00:00\",\"dateModified\":\"2014-06-19T02:24:34+00:00\",\"breadcrumb\":{\"@id\":\"https:\/\/www.notibras.com\/site\/motoboy-tera-direito-a-receber-adicional-de-periculosidade\/#breadcrumb\"},\"inLanguage\":\"pt-BR\",\"potentialAction\":[{\"@type\":\"ReadAction\",\"target\":[\"https:\/\/www.notibras.com\/site\/motoboy-tera-direito-a-receber-adicional-de-periculosidade\/\"]}]},{\"@type\":\"ImageObject\",\"inLanguage\":\"pt-BR\",\"@id\":\"https:\/\/www.notibras.com\/site\/motoboy-tera-direito-a-receber-adicional-de-periculosidade\/#primaryimage\",\"url\":\"https:\/\/www.notibras.com\/site\/wp-content\/uploads\/2014\/06\/919770-dilma_motociclistas_5569.jpg\",\"contentUrl\":\"https:\/\/www.notibras.com\/site\/wp-content\/uploads\/2014\/06\/919770-dilma_motociclistas_5569.jpg\",\"width\":1082,\"height\":720},{\"@type\":\"BreadcrumbList\",\"@id\":\"https:\/\/www.notibras.com\/site\/motoboy-tera-direito-a-receber-adicional-de-periculosidade\/#breadcrumb\",\"itemListElement\":[{\"@type\":\"ListItem\",\"position\":1,\"name\":\"In\u00edcio\",\"item\":\"https:\/\/www.notibras.com\/site\/\"},{\"@type\":\"ListItem\",\"position\":2,\"name\":\"Motoboy ter\u00e1 direito a receber adicional de periculosidade\"}]},{\"@type\":\"WebSite\",\"@id\":\"https:\/\/www.notibras.com\/site\/#website\",\"url\":\"https:\/\/www.notibras.com\/site\/\",\"name\":\"Notibras\",\"description\":\"Not\u00edcias de Bras\u00edlia, do Brasil e do Mundo\",\"publisher\":{\"@id\":\"https:\/\/www.notibras.com\/site\/#organization\"},\"potentialAction\":[{\"@type\":\"SearchAction\",\"target\":{\"@type\":\"EntryPoint\",\"urlTemplate\":\"https:\/\/www.notibras.com\/site\/?s={search_term_string}\"},\"query-input\":{\"@type\":\"PropertyValueSpecification\",\"valueRequired\":true,\"valueName\":\"search_term_string\"}}],\"inLanguage\":\"pt-BR\"},{\"@type\":\"Organization\",\"@id\":\"https:\/\/www.notibras.com\/site\/#organization\",\"name\":\"Grupo Notibras de Comunica\u00e7\u00e3o\",\"url\":\"https:\/\/www.notibras.com\/site\/\",\"logo\":{\"@type\":\"ImageObject\",\"inLanguage\":\"pt-BR\",\"@id\":\"https:\/\/www.notibras.com\/site\/#\/schema\/logo\/image\/\",\"url\":\"https:\/\/www.notibras.com\/site\/wp-content\/uploads\/2023\/01\/notibras23.png\",\"contentUrl\":\"https:\/\/www.notibras.com\/site\/wp-content\/uploads\/2023\/01\/notibras23.png\",\"width\":350,\"height\":87,\"caption\":\"Grupo Notibras de Comunica\u00e7\u00e3o\"},\"image\":{\"@id\":\"https:\/\/www.notibras.com\/site\/#\/schema\/logo\/image\/\"},\"sameAs\":[\"https:\/\/www.facebook.com\/notibras\/\",\"https:\/\/x.com\/Notibras\",\"https:\/\/www.instagram.com\/notibras\/\"]},{\"@type\":\"Person\",\"@id\":\"https:\/\/www.notibras.com\/site\/#\/schema\/person\/36ab0979449956132d3e5b517ea76ac8\",\"name\":\"Reda\u00e7\u00e3o\",\"image\":{\"@type\":\"ImageObject\",\"inLanguage\":\"pt-BR\",\"@id\":\"https:\/\/secure.gravatar.com\/avatar\/e0a867bdedb85fd243eadf09663511f96fc81e0720a4a42581f334ad4303aa6b?s=96&d=mm&r=g\",\"url\":\"https:\/\/secure.gravatar.com\/avatar\/e0a867bdedb85fd243eadf09663511f96fc81e0720a4a42581f334ad4303aa6b?s=96&d=mm&r=g\",\"contentUrl\":\"https:\/\/secure.gravatar.com\/avatar\/e0a867bdedb85fd243eadf09663511f96fc81e0720a4a42581f334ad4303aa6b?s=96&d=mm&r=g\",\"caption\":\"Reda\u00e7\u00e3o\"}}]}<\/script>\n<!-- \/ Yoast SEO plugin. -->","yoast_head_json":{"title":"Motoboy ter\u00e1 direito a receber adicional de periculosidade - Notibras","robots":{"index":"index","follow":"follow","max-snippet":"max-snippet:-1","max-image-preview":"max-image-preview:large","max-video-preview":"max-video-preview:-1"},"canonical":"https:\/\/www.notibras.com\/site\/motoboy-tera-direito-a-receber-adicional-de-periculosidade\/","og_locale":"pt_BR","og_type":"article","og_title":"Motoboy ter\u00e1 direito a receber adicional de periculosidade - Notibras","og_description":"Ao sancionar a lei que inclui o pagamento de adicional de periculosidade para mototaxistas, motoboys e motofretistas, a presidente Dilma Rousseff disse que a medida \u00e9 justa, necess\u00e1ria e um direito desses trabalhadores, que enfrentam diversos perigos e at\u00e9 risco de vida. A lei altera a Consolida\u00e7\u00e3o das Leis do Trabalho (CLT) e determina que [&hellip;]","og_url":"https:\/\/www.notibras.com\/site\/motoboy-tera-direito-a-receber-adicional-de-periculosidade\/","og_site_name":"Notibras","article_publisher":"https:\/\/www.facebook.com\/notibras\/","article_published_time":"2014-06-18T19:19:57+00:00","article_modified_time":"2014-06-19T02:24:34+00:00","og_image":[{"width":1082,"height":720,"url":"https:\/\/www.notibras.com\/site\/wp-content\/uploads\/2014\/06\/919770-dilma_motociclistas_5569.jpg","type":"image\/jpeg"}],"author":"Reda\u00e7\u00e3o","twitter_card":"summary_large_image","twitter_creator":"@Notibras","twitter_site":"@Notibras","twitter_misc":{"Escrito por":"Reda\u00e7\u00e3o","Est. tempo de leitura":"2 minutos"},"schema":{"@context":"https:\/\/schema.org","@graph":[{"@type":"Article","@id":"https:\/\/www.notibras.com\/site\/motoboy-tera-direito-a-receber-adicional-de-periculosidade\/#article","isPartOf":{"@id":"https:\/\/www.notibras.com\/site\/motoboy-tera-direito-a-receber-adicional-de-periculosidade\/"},"author":{"name":"Reda\u00e7\u00e3o","@id":"https:\/\/www.notibras.com\/site\/#\/schema\/person\/36ab0979449956132d3e5b517ea76ac8"},"headline":"Motoboy ter\u00e1 direito a receber adicional de periculosidade","datePublished":"2014-06-18T19:19:57+00:00","dateModified":"2014-06-19T02:24:34+00:00","mainEntityOfPage":{"@id":"https:\/\/www.notibras.com\/site\/motoboy-tera-direito-a-receber-adicional-de-periculosidade\/"},"wordCount":385,"commentCount":0,"publisher":{"@id":"https:\/\/www.notibras.com\/site\/#organization"},"image":{"@id":"https:\/\/www.notibras.com\/site\/motoboy-tera-direito-a-receber-adicional-de-periculosidade\/#primaryimage"},"thumbnailUrl":"https:\/\/www.notibras.com\/site\/wp-content\/uploads\/2014\/06\/919770-dilma_motociclistas_5569.jpg","articleSection":["Brasil"],"inLanguage":"pt-BR","potentialAction":[{"@type":"CommentAction","name":"Comment","target":["https:\/\/www.notibras.com\/site\/motoboy-tera-direito-a-receber-adicional-de-periculosidade\/#respond"]}]},{"@type":"WebPage","@id":"https:\/\/www.notibras.com\/site\/motoboy-tera-direito-a-receber-adicional-de-periculosidade\/","url":"https:\/\/www.notibras.com\/site\/motoboy-tera-direito-a-receber-adicional-de-periculosidade\/","name":"Motoboy ter\u00e1 direito a receber adicional de periculosidade - Notibras","isPartOf":{"@id":"https:\/\/www.notibras.com\/site\/#website"},"primaryImageOfPage":{"@id":"https:\/\/www.notibras.com\/site\/motoboy-tera-direito-a-receber-adicional-de-periculosidade\/#primaryimage"},"image":{"@id":"https:\/\/www.notibras.com\/site\/motoboy-tera-direito-a-receber-adicional-de-periculosidade\/#primaryimage"},"thumbnailUrl":"https:\/\/www.notibras.com\/site\/wp-content\/uploads\/2014\/06\/919770-dilma_motociclistas_5569.jpg","datePublished":"2014-06-18T19:19:57+00:00","dateModified":"2014-06-19T02:24:34+00:00","breadcrumb":{"@id":"https:\/\/www.notibras.com\/site\/motoboy-tera-direito-a-receber-adicional-de-periculosidade\/#breadcrumb"},"inLanguage":"pt-BR","potentialAction":[{"@type":"ReadAction","target":["https:\/\/www.notibras.com\/site\/motoboy-tera-direito-a-receber-adicional-de-periculosidade\/"]}]},{"@type":"ImageObject","inLanguage":"pt-BR","@id":"https:\/\/www.notibras.com\/site\/motoboy-tera-direito-a-receber-adicional-de-periculosidade\/#primaryimage","url":"https:\/\/www.notibras.com\/site\/wp-content\/uploads\/2014\/06\/919770-dilma_motociclistas_5569.jpg","contentUrl":"https:\/\/www.notibras.com\/site\/wp-content\/uploads\/2014\/06\/919770-dilma_motociclistas_5569.jpg","width":1082,"height":720},{"@type":"BreadcrumbList","@id":"https:\/\/www.notibras.com\/site\/motoboy-tera-direito-a-receber-adicional-de-periculosidade\/#breadcrumb","itemListElement":[{"@type":"ListItem","position":1,"name":"In\u00edcio","item":"https:\/\/www.notibras.com\/site\/"},{"@type":"ListItem","position":2,"name":"Motoboy ter\u00e1 direito a receber adicional de periculosidade"}]},{"@type":"WebSite","@id":"https:\/\/www.notibras.com\/site\/#website","url":"https:\/\/www.notibras.com\/site\/","name":"Notibras","description":"Not\u00edcias de Bras\u00edlia, do Brasil e do Mundo","publisher":{"@id":"https:\/\/www.notibras.com\/site\/#organization"},"potentialAction":[{"@type":"SearchAction","target":{"@type":"EntryPoint","urlTemplate":"https:\/\/www.notibras.com\/site\/?s={search_term_string}"},"query-input":{"@type":"PropertyValueSpecification","valueRequired":true,"valueName":"search_term_string"}}],"inLanguage":"pt-BR"},{"@type":"Organization","@id":"https:\/\/www.notibras.com\/site\/#organization","name":"Grupo Notibras de Comunica\u00e7\u00e3o","url":"https:\/\/www.notibras.com\/site\/","logo":{"@type":"ImageObject","inLanguage":"pt-BR","@id":"https:\/\/www.notibras.com\/site\/#\/schema\/logo\/image\/","url":"https:\/\/www.notibras.com\/site\/wp-content\/uploads\/2023\/01\/notibras23.png","contentUrl":"https:\/\/www.notibras.com\/site\/wp-content\/uploads\/2023\/01\/notibras23.png","width":350,"height":87,"caption":"Grupo Notibras de Comunica\u00e7\u00e3o"},"image":{"@id":"https:\/\/www.notibras.com\/site\/#\/schema\/logo\/image\/"},"sameAs":["https:\/\/www.facebook.com\/notibras\/","https:\/\/x.com\/Notibras","https:\/\/www.instagram.com\/notibras\/"]},{"@type":"Person","@id":"https:\/\/www.notibras.com\/site\/#\/schema\/person\/36ab0979449956132d3e5b517ea76ac8","name":"Reda\u00e7\u00e3o","image":{"@type":"ImageObject","inLanguage":"pt-BR","@id":"https:\/\/secure.gravatar.com\/avatar\/e0a867bdedb85fd243eadf09663511f96fc81e0720a4a42581f334ad4303aa6b?s=96&d=mm&r=g","url":"https:\/\/secure.gravatar.com\/avatar\/e0a867bdedb85fd243eadf09663511f96fc81e0720a4a42581f334ad4303aa6b?s=96&d=mm&r=g","contentUrl":"https:\/\/secure.gravatar.com\/avatar\/e0a867bdedb85fd243eadf09663511f96fc81e0720a4a42581f334ad4303aa6b?s=96&d=mm&r=g","caption":"Reda\u00e7\u00e3o"}}]}},"amp_enabled":true,"_links":{"self":[{"href":"https:\/\/www.notibras.com\/site\/wp-json\/wp\/v2\/posts\/13803","targetHints":{"allow":["GET"]}}],"collection":[{"href":"https:\/\/www.notibras.com\/site\/wp-json\/wp\/v2\/posts"}],"about":[{"href":"https:\/\/www.notibras.com\/site\/wp-json\/wp\/v2\/types\/post"}],"author":[{"embeddable":true,"href":"https:\/\/www.notibras.com\/site\/wp-json\/wp\/v2\/users\/2"}],"replies":[{"embeddable":true,"href":"https:\/\/www.notibras.com\/site\/wp-json\/wp\/v2\/comments?post=13803"}],"version-history":[{"count":0,"href":"https:\/\/www.notibras.com\/site\/wp-json\/wp\/v2\/posts\/13803\/revisions"}],"wp:featuredmedia":[{"embeddable":true,"href":"https:\/\/www.notibras.com\/site\/wp-json\/wp\/v2\/media\/13804"}],"wp:attachment":[{"href":"https:\/\/www.notibras.com\/site\/wp-json\/wp\/v2\/media?parent=13803"}],"wp:term":[{"taxonomy":"category","embeddable":true,"href":"https:\/\/www.notibras.com\/site\/wp-json\/wp\/v2\/categories?post=13803"},{"taxonomy":"post_tag","embeddable":true,"href":"https:\/\/www.notibras.com\/site\/wp-json\/wp\/v2\/tags?post=13803"}],"curies":[{"name":"wp","href":"https:\/\/api.w.org\/{rel}","templated":true}]}}