{"id":138414,"date":"2017-05-14T17:13:13","date_gmt":"2017-05-14T20:13:13","guid":{"rendered":"http:\/\/www.notibras.com\/site\/?p=138414"},"modified":"2017-05-15T08:03:34","modified_gmt":"2017-05-15T11:03:34","slug":"nova-constituicao-agora-seria-uma-carta-autoritaria","status":"publish","type":"post","link":"https:\/\/www.notibras.com\/site\/nova-constituicao-agora-seria-uma-carta-autoritaria\/","title":{"rendered":"Nova Constitui\u00e7\u00e3o agora seria uma carta autorit\u00e1ria"},"content":{"rendered":"<p><strong>Roberto Amaral<\/strong><\/p>\n<p>S\u00e3o diversas, por \u00f3bvio, as \u00f3ticas mediante as quais \u00e9 poss\u00edvel interpretar a Hist\u00f3ria, passo primeiro e indispens\u00e1vel para a correta interven\u00e7\u00e3o no processo social. A Hist\u00f3ria pode ser vista como processo, derivado da interven\u00e7\u00e3o humana, como tamb\u00e9m pode ser vista, e o \u00e9 frequentemente, como um fato aut\u00f4nomo, objetivo, pronto, acabado, parado.<\/p>\n<p>A primeira hip\u00f3tese lembra uma sucess\u00e3o de fatos que se encaixam segundo uma determinada l\u00f3gica que se expressa mediante o movimento, ou, mais precisamente, uma progress\u00e3o dial\u00e9tica. A segunda hip\u00f3tese l\u00ea a Hist\u00f3ria como quem contempla um fotograma, uma pintura, um quadro de arte pendurado na parede. Essa vis\u00e3o \u00e9 irm\u00e3 g\u00eamea do dogma. Nela, a verdade \u00e9 atemporal, a realidade est\u00e1 congelada, as palavras de ordem e os pleitos pol\u00edticos est\u00e3o imunes \u00e0 interven\u00e7\u00e3o da vida real.<\/p>\n<p>Ilustra\u00e7\u00e3o dessa vis\u00e3o \u00e9 o enredo do romance A ponte do Rio Kwai, do franc\u00eas Pierre Boulle, que se fez mundialmente conhecido pelo filme (de mesmo nome) que teve Alec Guinness num dos melhores momentos de sua longa carreira cinematogr\u00e1fica.<\/p>\n<p>A hist\u00f3ria \u00e9 simples, \u00e9 poss\u00edvel resumi-la.<\/p>\n<p>Prisioneiro dos japoneses, na II Guerra Mundial, o Cel. Nicholson (Guinness) \u00e9 intimado a construir uma ponte, fundamental para a estrat\u00e9gia nip\u00f4nica. Nosso her\u00f3i n\u00e3o apenas aceita o encargo como o executa, comandando sua tropa de prisioneiros ingleses com rigor t\u00e9cnico, esmero e dedica\u00e7\u00e3o, at\u00e9 paix\u00e3o, porque \u00e9 assim que sua forma\u00e7\u00e3o \u00e9tica dirige seu trabalho e sua vida. N\u00e3o lhe confrange, por\u00e9m, saber que aquela ponte era fundamental para o esfor\u00e7o de guerra japon\u00eas. Fala mais alto seu compromisso com a engenharia. E quando os soldados americanos e ingleses chegam para destruir o engenho, o pobre Nicholson, desesperado, tudo tenta para salv\u00e1-lo. Porque o fundamental, para ele, era sua honra depositada na obra, e exatamente por isso ele a defendia com unhas e dentes, sem cogitar das consequ\u00eancias de seu uso pelos japoneses.<\/p>\n<p>Essas imagens me ocorrem quando setores da esquerda brasileira, mais pr\u00f3ximos de Hegel do que de Marx, est\u00e3o a defender a convoca\u00e7\u00e3o de uma Constituinte, para j\u00e1, sem cogitar da correla\u00e7\u00e3o de for\u00e7as que determinar\u00e1 sua composi\u00e7\u00e3o e seu conte\u00fado.<\/p>\n<p>Nada mais leg\u00edtimo e nada mais necess\u00e1rio do que uma Constituinte para \u201cpassar o Pa\u00eds a limpo\u201d, como reclamava Darcy Ribeiro. Mas, antes, precisamos desmantelar o golpe e reconquistar a sociedade.<\/p>\n<p>A Constituinte de 1946 instalou-se ap\u00f3s a queda de Vargas e a de 1988, na sequ\u00eancia da derrubada da ditadura militar. Ambas foram precedidas de grandes mobiliza\u00e7\u00f5es populares e, principalmente, avan\u00e7o pol\u00edtico, mas mesmo assim estivemos longe de conquistar a hegemonia, embora tenha sido poss\u00edvel muitas conquistas na ordem democr\u00e1tica e social com o texto de 1988.<\/p>\n<p>O atestado de sua relev\u00e2ncia \u00e9 o denodo com o qual os presidentes eleitos sob o novo regime constitucional se empenharam na sua descarateriza\u00e7\u00e3o. Nesse sentido foram campe\u00f5es Jos\u00e9 Sarney e FHC, aquele que prometeu \u201centerrar a era Vargas\u201d, depois de pedir que esquec\u00eassemos o que havia escrito em seu tempo de soci\u00f3logo.<\/p>\n<p>Como \u00e9 sabido, n\u00e3o tivemos for\u00e7as para salvar os principais avan\u00e7os \u2013 e assim a Constitui\u00e7\u00e3o \u2018cidad\u00e3\u2019 sofreu 95 emendas que atingiram, principalmente, os direitos trabalhistas, a defesa da economia nacional e nossa soberania. Mesmo assim nos trouxe at\u00e9 aqui. Para desestabiliz\u00e1-la fez-se necess\u00e1rio um golpe de Estado reacion\u00e1rio que reuniu ao capital rentista o atraso pol\u00edtico do agroneg\u00f3cio e as mais reacion\u00e1rias seitas religiosas, como os diversos setores do neopentecostalismo.<\/p>\n<p>S\u00e3o s\u00edmbolos dessa desmontagem \u2013 que nos desafia \u2013 a \u201creforma trabalhista\u201d cujo \u00fanico objetivo \u00e9 retirar direitos que remontam h\u00e1 mais de 60 anos, fragilizando ainda mais o trabalho em face do capital, e a reforma da Previd\u00eancia, que pretende punir aqueles que mais dela necessitam, os pobres. Cogita-se, at\u00e9, de acabar com a Justi\u00e7a do Trabalho, acusada de protetora da classe oper\u00e1ria.<\/p>\n<p>Mas nada \u00e9 t\u00e3o significativo dos crimes em andamento que o projeto de certo l\u00edder tucano que simplesmente pretende revogar a Lei \u00c1urea! Sua excel\u00eancia prop\u00f5e que a jornada de trabalhador rural passe para 12 horas e em vez de sal\u00e1rio receba comida e choupana para morar. A alta burguesia rural, protegida pelo Estado sob seu controle, benefici\u00e1ria de empr\u00e9stimos que n\u00e3o s\u00e3o pagos, consumidora dos investimentos da Embrapa, descomprometida com objetivos nacionais, voltada para o mercado exterior, n\u00e3o faz concess\u00e3o na luta de classe, num didatismo que torna incompreens\u00edvel aqueles que ainda apostam na concilia\u00e7\u00e3o.<\/p>\n<p>O outro lado dessa luta de classe, que se opera contra os trabalhadores e contra o pa\u00eds, \u00e9 o avan\u00e7o de uma vis\u00e3o reacion\u00e1ria, protofascista, de Estado e sociedade, disseminada diariamente, insistentemente, sistematicamente pela m\u00eddia monopolizada ideologicamente. Uma imprensa que desde muito renunciou ao jornalismo para transformar-se em trincheira do pensamento e da a\u00e7\u00e3o de direita.<\/p>\n<p>Esse proselitismo tem dado frutos, como lembra o esfor\u00e7o midi\u00e1tico visando \u00e0 desestabiliza\u00e7\u00e3o da presidente Dilma, a campanha pelo impeachment, a implanta\u00e7\u00e3o do golpe. E, presentemente, sua sustenta\u00e7\u00e3o.<\/p>\n<p>Um e seus frutos \u2013 e nesse af\u00e3 a razia fascistoide conta com a colabora\u00e7\u00e3o de setores desgovernados do Poder Judici\u00e1rio e do Minist\u00e9rio P\u00fablico \u2013, \u00e9 a desmoraliza\u00e7\u00e3o da pol\u00edtica, dos pol\u00edticos e dos partidos. Para qu\u00ea e por qu\u00ea? Ora, n\u00e3o h\u00e1 possibilidade de vida democr\u00e1tica sem partidos e sem pol\u00edticos. A desmoraliza\u00e7\u00e3o da pol\u00edtica e dos pol\u00edticos foi o ar\u00edete da direita brasileira, que, com a omiss\u00e3o comprometedora dos liberais e a a\u00e7\u00e3o da imprensa, criou as condi\u00e7\u00f5es subjetivas necess\u00e1rias ao golpe de 1964. Essa mesma t\u00e1tica \u00e9 renovada presentemente, com os mesmos objetivos.<\/p>\n<p>Sem descartar as perspectivas futuras de uma Constituinte, a tarefa do curto prazo \u00e9 a defesa da ordem constitucional democr\u00e1tica, ponto de partida para a retomada da hegemonia, e a salva\u00e7\u00e3o, sem casu\u00edsmos, das elei\u00e7\u00f5es de 2018. Aos pobres e deserdados a democracia \u00e9 fundamental, tanto quanto o governo de exce\u00e7\u00e3o \u00e9 o regime de prefer\u00eancia das classes dominantes.<\/p>\n<p>Lamentavelmente, n\u00e3o est\u00e3o presentes as condi\u00e7\u00f5es pol\u00edticas que asseguraram a convoca\u00e7\u00e3o das constituintes de 1946 e 1988, e muito menos os textos democr\u00e1ticos que legaram. Esta \u00e9 a quest\u00e3o central, pois a pol\u00edtica, em qualquer tempo e onde quer que se experimente, \u00e9 produto da correla\u00e7\u00e3o de for\u00e7as. E esta, hoje, n\u00e3o nos \u00e9 favor\u00e1vel. Esta conclus\u00e3o mais do que \u00f3bvia, n\u00e3o descarta o projeto maior \u2013 uma Constituinte \u2013, apenas nos adverte da necessidade de conhecer previamente sua oportunidade, pois seu projeto s\u00f3 se justifica, para n\u00f3s, como instrumento de avan\u00e7o dos interesses da democracia e das grandes massas.<\/p>\n<p>Esta \u00e9 a quest\u00e3o fulcral: n\u00e3o se trata, para n\u00f3s, da defesa pura e simples de uma Constituinte, mas de uma determinada Constituinte. Tanto assim que a direita tamb\u00e9m a reivindica, pelas p\u00e1ginas autorizadas do O Estado de S. Paulo, e pela pena de seus intelectuais org\u00e2nicos, de que \u00e9 exemplo o \u2018Manifesto\u2019 assinado por Modesto Carvalhosa, Fl\u00e1vio Bierrenbach e Jos\u00e9 Carlos Dias.<\/p>\n<p>A Constituinte das elites \u2013 condicionada pelo monop\u00f3lio pol\u00edtico-ideol\u00f3gico, reacion\u00e1rio e golpista, dos meios de comunica\u00e7\u00e3o de massa associados ao capital internacional \u2013 \u00e9 a promessa, hoje, de uma carta autorit\u00e1ria, reacion\u00e1ria, deslavadamente entreguista, antipovo e antina\u00e7\u00e3o. J\u00e1 a Constituinte de que carecemos, sustentada pelas ruas cheias de povo, \u00e9 aquela que \u2013 a partir de novo pacto \u2013 tenha for\u00e7as para escrever uma Carta que retome as conquistas hist\u00f3ricas de nossa gente e avance no plano da democracia. Hoje, n\u00e3o temos condi\u00e7\u00f5es de garantir esse salto de qualidade.<\/p>\n<p>Para nos habilitarmos \u00e0 Constituinte, projeto de m\u00e9dio prazo, precisamos cuidar de nossas organiza\u00e7\u00f5es partid\u00e1rias, em crise exposta, e contribuir para a reorganiza\u00e7\u00e3o do movimento social, de que a Greve unit\u00e1ria de 28 de mar\u00e7o foi um marco. Esses dois objetivos construir\u00e3o as bases pol\u00edticas necess\u00e1rias \u00e0 constru\u00e7\u00e3o de uma Frente Ampla (como a que precipitou a derrota da ditadura em 1984) na qual, ao lado das esquerdas, org\u00e2nicas ou n\u00e3o, caibam todos aqueles que conosco estejam dispostos a resistir e derrotar o atual governo. E precisamos, por \u00f3bvio, travar a luta ideol\u00f3gica.<\/p>\n<p>Ao lado da resist\u00eancia congressual e popular, contra as \u2018reformas\u2019 da ordem do dia do Planalto, precisamos discutir com a sociedade os diversos projetos de reforma pol\u00edtica, que podem definir as condi\u00e7\u00f5es de disputa das elei\u00e7\u00f5es de 2018, que precisamos assegurar (e s\u00f3 a mobiliza\u00e7\u00e3o popular assegurar\u00e1) em condi\u00e7\u00f5es de justa competitividade. Essa reforma, \u00e0 merc\u00ea desse Congresso e do conluio com o Planalto, jamais ser\u00e1 aquele que fala aos interesses das massas, mas, a contar com nossa capacidade de mobiliza\u00e7\u00e3o, poder\u00e1 compreender alguns avan\u00e7os, como a continuidade da proibi\u00e7\u00e3o do financiamento privado das campanhas eleitorais de par com seu barateamento, o voto em listas fechadas, e o fim da reelei\u00e7\u00e3o.<\/p>\n<p>Ao fim e ao cabo, uma certeza: nunca foi t\u00e3o importante para as for\u00e7as populares a defesa da ordem constitucional democr\u00e1tica, agredida por um governo ileg\u00edtimo e um Congresso sem representatividade.<\/p>\n","protected":false},"excerpt":{"rendered":"<p>Roberto Amaral S\u00e3o diversas, por \u00f3bvio, as \u00f3ticas mediante as quais \u00e9 poss\u00edvel interpretar a Hist\u00f3ria, passo primeiro e indispens\u00e1vel para a correta interven\u00e7\u00e3o no processo social. A Hist\u00f3ria pode ser vista como processo, derivado da interven\u00e7\u00e3o humana, como tamb\u00e9m pode ser vista, e o \u00e9 frequentemente, como um fato aut\u00f4nomo, objetivo, pronto, acabado, parado. [&hellip;]<\/p>\n","protected":false},"author":2,"featured_media":128368,"comment_status":"open","ping_status":"closed","sticky":false,"template":"","format":"standard","meta":{"_acf_changed":false,"footnotes":""},"categories":[25],"tags":[],"class_list":["post-138414","post","type-post","status-publish","format-standard","has-post-thumbnail","hentry","category-opina-ai"],"acf":[],"yoast_head":"<!-- This site is optimized with the Yoast SEO plugin v27.2 - https:\/\/yoast.com\/product\/yoast-seo-wordpress\/ -->\n<title>Nova Constitui\u00e7\u00e3o agora seria uma carta autorit\u00e1ria - Notibras<\/title>\n<meta name=\"robots\" content=\"index, follow, max-snippet:-1, max-image-preview:large, max-video-preview:-1\" \/>\n<link rel=\"canonical\" href=\"https:\/\/www.notibras.com\/site\/nova-constituicao-agora-seria-uma-carta-autoritaria\/\" \/>\n<meta property=\"og:locale\" content=\"pt_BR\" \/>\n<meta property=\"og:type\" content=\"article\" \/>\n<meta property=\"og:title\" content=\"Nova Constitui\u00e7\u00e3o agora seria uma carta autorit\u00e1ria - Notibras\" \/>\n<meta property=\"og:description\" content=\"Roberto Amaral S\u00e3o diversas, por \u00f3bvio, as \u00f3ticas mediante as quais \u00e9 poss\u00edvel interpretar a Hist\u00f3ria, passo primeiro e indispens\u00e1vel para a correta interven\u00e7\u00e3o no processo social. A Hist\u00f3ria pode ser vista como processo, derivado da interven\u00e7\u00e3o humana, como tamb\u00e9m pode ser vista, e o \u00e9 frequentemente, como um fato aut\u00f4nomo, objetivo, pronto, acabado, parado. [&hellip;]\" \/>\n<meta property=\"og:url\" content=\"https:\/\/www.notibras.com\/site\/nova-constituicao-agora-seria-uma-carta-autoritaria\/\" \/>\n<meta property=\"og:site_name\" content=\"Notibras\" \/>\n<meta property=\"article:publisher\" content=\"https:\/\/www.facebook.com\/notibras\/\" \/>\n<meta property=\"article:published_time\" content=\"2017-05-14T20:13:13+00:00\" \/>\n<meta property=\"article:modified_time\" content=\"2017-05-15T11:03:34+00:00\" \/>\n<meta property=\"og:image\" content=\"https:\/\/www.notibras.com\/site\/wp-content\/uploads\/2017\/02\/Congresso-Nacional-Foto-George-Gianni.jpg\" \/>\n\t<meta property=\"og:image:width\" content=\"1757\" \/>\n\t<meta property=\"og:image:height\" content=\"1171\" \/>\n\t<meta property=\"og:image:type\" content=\"image\/jpeg\" \/>\n<meta name=\"author\" content=\"Reda\u00e7\u00e3o\" \/>\n<meta name=\"twitter:card\" content=\"summary_large_image\" \/>\n<meta name=\"twitter:creator\" content=\"@Notibras\" \/>\n<meta name=\"twitter:site\" content=\"@Notibras\" \/>\n<meta name=\"twitter:label1\" content=\"Escrito por\" \/>\n\t<meta name=\"twitter:data1\" content=\"Reda\u00e7\u00e3o\" \/>\n\t<meta name=\"twitter:label2\" content=\"Est. tempo de leitura\" \/>\n\t<meta name=\"twitter:data2\" content=\"8 minutos\" \/>\n<script type=\"application\/ld+json\" class=\"yoast-schema-graph\">{\"@context\":\"https:\/\/schema.org\",\"@graph\":[{\"@type\":\"Article\",\"@id\":\"https:\/\/www.notibras.com\/site\/nova-constituicao-agora-seria-uma-carta-autoritaria\/#article\",\"isPartOf\":{\"@id\":\"https:\/\/www.notibras.com\/site\/nova-constituicao-agora-seria-uma-carta-autoritaria\/\"},\"author\":{\"name\":\"Reda\u00e7\u00e3o\",\"@id\":\"https:\/\/www.notibras.com\/site\/#\/schema\/person\/36ab0979449956132d3e5b517ea76ac8\"},\"headline\":\"Nova Constitui\u00e7\u00e3o agora seria uma carta autorit\u00e1ria\",\"datePublished\":\"2017-05-14T20:13:13+00:00\",\"dateModified\":\"2017-05-15T11:03:34+00:00\",\"mainEntityOfPage\":{\"@id\":\"https:\/\/www.notibras.com\/site\/nova-constituicao-agora-seria-uma-carta-autoritaria\/\"},\"wordCount\":1596,\"commentCount\":0,\"publisher\":{\"@id\":\"https:\/\/www.notibras.com\/site\/#organization\"},\"image\":{\"@id\":\"https:\/\/www.notibras.com\/site\/nova-constituicao-agora-seria-uma-carta-autoritaria\/#primaryimage\"},\"thumbnailUrl\":\"https:\/\/www.notibras.com\/site\/wp-content\/uploads\/2017\/02\/Congresso-Nacional-Foto-George-Gianni.jpg\",\"articleSection\":[\"Opina a\u00ed\"],\"inLanguage\":\"pt-BR\",\"potentialAction\":[{\"@type\":\"CommentAction\",\"name\":\"Comment\",\"target\":[\"https:\/\/www.notibras.com\/site\/nova-constituicao-agora-seria-uma-carta-autoritaria\/#respond\"]}]},{\"@type\":\"WebPage\",\"@id\":\"https:\/\/www.notibras.com\/site\/nova-constituicao-agora-seria-uma-carta-autoritaria\/\",\"url\":\"https:\/\/www.notibras.com\/site\/nova-constituicao-agora-seria-uma-carta-autoritaria\/\",\"name\":\"Nova Constitui\u00e7\u00e3o agora seria uma carta autorit\u00e1ria - Notibras\",\"isPartOf\":{\"@id\":\"https:\/\/www.notibras.com\/site\/#website\"},\"primaryImageOfPage\":{\"@id\":\"https:\/\/www.notibras.com\/site\/nova-constituicao-agora-seria-uma-carta-autoritaria\/#primaryimage\"},\"image\":{\"@id\":\"https:\/\/www.notibras.com\/site\/nova-constituicao-agora-seria-uma-carta-autoritaria\/#primaryimage\"},\"thumbnailUrl\":\"https:\/\/www.notibras.com\/site\/wp-content\/uploads\/2017\/02\/Congresso-Nacional-Foto-George-Gianni.jpg\",\"datePublished\":\"2017-05-14T20:13:13+00:00\",\"dateModified\":\"2017-05-15T11:03:34+00:00\",\"breadcrumb\":{\"@id\":\"https:\/\/www.notibras.com\/site\/nova-constituicao-agora-seria-uma-carta-autoritaria\/#breadcrumb\"},\"inLanguage\":\"pt-BR\",\"potentialAction\":[{\"@type\":\"ReadAction\",\"target\":[\"https:\/\/www.notibras.com\/site\/nova-constituicao-agora-seria-uma-carta-autoritaria\/\"]}]},{\"@type\":\"ImageObject\",\"inLanguage\":\"pt-BR\",\"@id\":\"https:\/\/www.notibras.com\/site\/nova-constituicao-agora-seria-uma-carta-autoritaria\/#primaryimage\",\"url\":\"https:\/\/www.notibras.com\/site\/wp-content\/uploads\/2017\/02\/Congresso-Nacional-Foto-George-Gianni.jpg\",\"contentUrl\":\"https:\/\/www.notibras.com\/site\/wp-content\/uploads\/2017\/02\/Congresso-Nacional-Foto-George-Gianni.jpg\",\"width\":1757,\"height\":1171},{\"@type\":\"BreadcrumbList\",\"@id\":\"https:\/\/www.notibras.com\/site\/nova-constituicao-agora-seria-uma-carta-autoritaria\/#breadcrumb\",\"itemListElement\":[{\"@type\":\"ListItem\",\"position\":1,\"name\":\"In\u00edcio\",\"item\":\"https:\/\/www.notibras.com\/site\/\"},{\"@type\":\"ListItem\",\"position\":2,\"name\":\"Nova Constitui\u00e7\u00e3o agora seria uma carta autorit\u00e1ria\"}]},{\"@type\":\"WebSite\",\"@id\":\"https:\/\/www.notibras.com\/site\/#website\",\"url\":\"https:\/\/www.notibras.com\/site\/\",\"name\":\"Notibras\",\"description\":\"Not\u00edcias de Bras\u00edlia, do Brasil e do Mundo\",\"publisher\":{\"@id\":\"https:\/\/www.notibras.com\/site\/#organization\"},\"potentialAction\":[{\"@type\":\"SearchAction\",\"target\":{\"@type\":\"EntryPoint\",\"urlTemplate\":\"https:\/\/www.notibras.com\/site\/?s={search_term_string}\"},\"query-input\":{\"@type\":\"PropertyValueSpecification\",\"valueRequired\":true,\"valueName\":\"search_term_string\"}}],\"inLanguage\":\"pt-BR\"},{\"@type\":\"Organization\",\"@id\":\"https:\/\/www.notibras.com\/site\/#organization\",\"name\":\"Grupo Notibras de Comunica\u00e7\u00e3o\",\"url\":\"https:\/\/www.notibras.com\/site\/\",\"logo\":{\"@type\":\"ImageObject\",\"inLanguage\":\"pt-BR\",\"@id\":\"https:\/\/www.notibras.com\/site\/#\/schema\/logo\/image\/\",\"url\":\"https:\/\/www.notibras.com\/site\/wp-content\/uploads\/2023\/01\/notibras23.png\",\"contentUrl\":\"https:\/\/www.notibras.com\/site\/wp-content\/uploads\/2023\/01\/notibras23.png\",\"width\":350,\"height\":87,\"caption\":\"Grupo Notibras de Comunica\u00e7\u00e3o\"},\"image\":{\"@id\":\"https:\/\/www.notibras.com\/site\/#\/schema\/logo\/image\/\"},\"sameAs\":[\"https:\/\/www.facebook.com\/notibras\/\",\"https:\/\/x.com\/Notibras\",\"https:\/\/www.instagram.com\/notibras\/\"]},{\"@type\":\"Person\",\"@id\":\"https:\/\/www.notibras.com\/site\/#\/schema\/person\/36ab0979449956132d3e5b517ea76ac8\",\"name\":\"Reda\u00e7\u00e3o\",\"image\":{\"@type\":\"ImageObject\",\"inLanguage\":\"pt-BR\",\"@id\":\"https:\/\/secure.gravatar.com\/avatar\/e0a867bdedb85fd243eadf09663511f96fc81e0720a4a42581f334ad4303aa6b?s=96&d=mm&r=g\",\"url\":\"https:\/\/secure.gravatar.com\/avatar\/e0a867bdedb85fd243eadf09663511f96fc81e0720a4a42581f334ad4303aa6b?s=96&d=mm&r=g\",\"contentUrl\":\"https:\/\/secure.gravatar.com\/avatar\/e0a867bdedb85fd243eadf09663511f96fc81e0720a4a42581f334ad4303aa6b?s=96&d=mm&r=g\",\"caption\":\"Reda\u00e7\u00e3o\"}}]}<\/script>\n<!-- \/ Yoast SEO plugin. -->","yoast_head_json":{"title":"Nova Constitui\u00e7\u00e3o agora seria uma carta autorit\u00e1ria - Notibras","robots":{"index":"index","follow":"follow","max-snippet":"max-snippet:-1","max-image-preview":"max-image-preview:large","max-video-preview":"max-video-preview:-1"},"canonical":"https:\/\/www.notibras.com\/site\/nova-constituicao-agora-seria-uma-carta-autoritaria\/","og_locale":"pt_BR","og_type":"article","og_title":"Nova Constitui\u00e7\u00e3o agora seria uma carta autorit\u00e1ria - Notibras","og_description":"Roberto Amaral S\u00e3o diversas, por \u00f3bvio, as \u00f3ticas mediante as quais \u00e9 poss\u00edvel interpretar a Hist\u00f3ria, passo primeiro e indispens\u00e1vel para a correta interven\u00e7\u00e3o no processo social. A Hist\u00f3ria pode ser vista como processo, derivado da interven\u00e7\u00e3o humana, como tamb\u00e9m pode ser vista, e o \u00e9 frequentemente, como um fato aut\u00f4nomo, objetivo, pronto, acabado, parado. [&hellip;]","og_url":"https:\/\/www.notibras.com\/site\/nova-constituicao-agora-seria-uma-carta-autoritaria\/","og_site_name":"Notibras","article_publisher":"https:\/\/www.facebook.com\/notibras\/","article_published_time":"2017-05-14T20:13:13+00:00","article_modified_time":"2017-05-15T11:03:34+00:00","og_image":[{"width":1757,"height":1171,"url":"https:\/\/www.notibras.com\/site\/wp-content\/uploads\/2017\/02\/Congresso-Nacional-Foto-George-Gianni.jpg","type":"image\/jpeg"}],"author":"Reda\u00e7\u00e3o","twitter_card":"summary_large_image","twitter_creator":"@Notibras","twitter_site":"@Notibras","twitter_misc":{"Escrito por":"Reda\u00e7\u00e3o","Est. tempo de leitura":"8 minutos"},"schema":{"@context":"https:\/\/schema.org","@graph":[{"@type":"Article","@id":"https:\/\/www.notibras.com\/site\/nova-constituicao-agora-seria-uma-carta-autoritaria\/#article","isPartOf":{"@id":"https:\/\/www.notibras.com\/site\/nova-constituicao-agora-seria-uma-carta-autoritaria\/"},"author":{"name":"Reda\u00e7\u00e3o","@id":"https:\/\/www.notibras.com\/site\/#\/schema\/person\/36ab0979449956132d3e5b517ea76ac8"},"headline":"Nova Constitui\u00e7\u00e3o agora seria uma carta autorit\u00e1ria","datePublished":"2017-05-14T20:13:13+00:00","dateModified":"2017-05-15T11:03:34+00:00","mainEntityOfPage":{"@id":"https:\/\/www.notibras.com\/site\/nova-constituicao-agora-seria-uma-carta-autoritaria\/"},"wordCount":1596,"commentCount":0,"publisher":{"@id":"https:\/\/www.notibras.com\/site\/#organization"},"image":{"@id":"https:\/\/www.notibras.com\/site\/nova-constituicao-agora-seria-uma-carta-autoritaria\/#primaryimage"},"thumbnailUrl":"https:\/\/www.notibras.com\/site\/wp-content\/uploads\/2017\/02\/Congresso-Nacional-Foto-George-Gianni.jpg","articleSection":["Opina a\u00ed"],"inLanguage":"pt-BR","potentialAction":[{"@type":"CommentAction","name":"Comment","target":["https:\/\/www.notibras.com\/site\/nova-constituicao-agora-seria-uma-carta-autoritaria\/#respond"]}]},{"@type":"WebPage","@id":"https:\/\/www.notibras.com\/site\/nova-constituicao-agora-seria-uma-carta-autoritaria\/","url":"https:\/\/www.notibras.com\/site\/nova-constituicao-agora-seria-uma-carta-autoritaria\/","name":"Nova Constitui\u00e7\u00e3o agora seria uma carta autorit\u00e1ria - Notibras","isPartOf":{"@id":"https:\/\/www.notibras.com\/site\/#website"},"primaryImageOfPage":{"@id":"https:\/\/www.notibras.com\/site\/nova-constituicao-agora-seria-uma-carta-autoritaria\/#primaryimage"},"image":{"@id":"https:\/\/www.notibras.com\/site\/nova-constituicao-agora-seria-uma-carta-autoritaria\/#primaryimage"},"thumbnailUrl":"https:\/\/www.notibras.com\/site\/wp-content\/uploads\/2017\/02\/Congresso-Nacional-Foto-George-Gianni.jpg","datePublished":"2017-05-14T20:13:13+00:00","dateModified":"2017-05-15T11:03:34+00:00","breadcrumb":{"@id":"https:\/\/www.notibras.com\/site\/nova-constituicao-agora-seria-uma-carta-autoritaria\/#breadcrumb"},"inLanguage":"pt-BR","potentialAction":[{"@type":"ReadAction","target":["https:\/\/www.notibras.com\/site\/nova-constituicao-agora-seria-uma-carta-autoritaria\/"]}]},{"@type":"ImageObject","inLanguage":"pt-BR","@id":"https:\/\/www.notibras.com\/site\/nova-constituicao-agora-seria-uma-carta-autoritaria\/#primaryimage","url":"https:\/\/www.notibras.com\/site\/wp-content\/uploads\/2017\/02\/Congresso-Nacional-Foto-George-Gianni.jpg","contentUrl":"https:\/\/www.notibras.com\/site\/wp-content\/uploads\/2017\/02\/Congresso-Nacional-Foto-George-Gianni.jpg","width":1757,"height":1171},{"@type":"BreadcrumbList","@id":"https:\/\/www.notibras.com\/site\/nova-constituicao-agora-seria-uma-carta-autoritaria\/#breadcrumb","itemListElement":[{"@type":"ListItem","position":1,"name":"In\u00edcio","item":"https:\/\/www.notibras.com\/site\/"},{"@type":"ListItem","position":2,"name":"Nova Constitui\u00e7\u00e3o agora seria uma carta autorit\u00e1ria"}]},{"@type":"WebSite","@id":"https:\/\/www.notibras.com\/site\/#website","url":"https:\/\/www.notibras.com\/site\/","name":"Notibras","description":"Not\u00edcias de Bras\u00edlia, do Brasil e do Mundo","publisher":{"@id":"https:\/\/www.notibras.com\/site\/#organization"},"potentialAction":[{"@type":"SearchAction","target":{"@type":"EntryPoint","urlTemplate":"https:\/\/www.notibras.com\/site\/?s={search_term_string}"},"query-input":{"@type":"PropertyValueSpecification","valueRequired":true,"valueName":"search_term_string"}}],"inLanguage":"pt-BR"},{"@type":"Organization","@id":"https:\/\/www.notibras.com\/site\/#organization","name":"Grupo Notibras de Comunica\u00e7\u00e3o","url":"https:\/\/www.notibras.com\/site\/","logo":{"@type":"ImageObject","inLanguage":"pt-BR","@id":"https:\/\/www.notibras.com\/site\/#\/schema\/logo\/image\/","url":"https:\/\/www.notibras.com\/site\/wp-content\/uploads\/2023\/01\/notibras23.png","contentUrl":"https:\/\/www.notibras.com\/site\/wp-content\/uploads\/2023\/01\/notibras23.png","width":350,"height":87,"caption":"Grupo Notibras de Comunica\u00e7\u00e3o"},"image":{"@id":"https:\/\/www.notibras.com\/site\/#\/schema\/logo\/image\/"},"sameAs":["https:\/\/www.facebook.com\/notibras\/","https:\/\/x.com\/Notibras","https:\/\/www.instagram.com\/notibras\/"]},{"@type":"Person","@id":"https:\/\/www.notibras.com\/site\/#\/schema\/person\/36ab0979449956132d3e5b517ea76ac8","name":"Reda\u00e7\u00e3o","image":{"@type":"ImageObject","inLanguage":"pt-BR","@id":"https:\/\/secure.gravatar.com\/avatar\/e0a867bdedb85fd243eadf09663511f96fc81e0720a4a42581f334ad4303aa6b?s=96&d=mm&r=g","url":"https:\/\/secure.gravatar.com\/avatar\/e0a867bdedb85fd243eadf09663511f96fc81e0720a4a42581f334ad4303aa6b?s=96&d=mm&r=g","contentUrl":"https:\/\/secure.gravatar.com\/avatar\/e0a867bdedb85fd243eadf09663511f96fc81e0720a4a42581f334ad4303aa6b?s=96&d=mm&r=g","caption":"Reda\u00e7\u00e3o"}}]}},"amp_enabled":true,"_links":{"self":[{"href":"https:\/\/www.notibras.com\/site\/wp-json\/wp\/v2\/posts\/138414","targetHints":{"allow":["GET"]}}],"collection":[{"href":"https:\/\/www.notibras.com\/site\/wp-json\/wp\/v2\/posts"}],"about":[{"href":"https:\/\/www.notibras.com\/site\/wp-json\/wp\/v2\/types\/post"}],"author":[{"embeddable":true,"href":"https:\/\/www.notibras.com\/site\/wp-json\/wp\/v2\/users\/2"}],"replies":[{"embeddable":true,"href":"https:\/\/www.notibras.com\/site\/wp-json\/wp\/v2\/comments?post=138414"}],"version-history":[{"count":1,"href":"https:\/\/www.notibras.com\/site\/wp-json\/wp\/v2\/posts\/138414\/revisions"}],"predecessor-version":[{"id":138415,"href":"https:\/\/www.notibras.com\/site\/wp-json\/wp\/v2\/posts\/138414\/revisions\/138415"}],"wp:featuredmedia":[{"embeddable":true,"href":"https:\/\/www.notibras.com\/site\/wp-json\/wp\/v2\/media\/128368"}],"wp:attachment":[{"href":"https:\/\/www.notibras.com\/site\/wp-json\/wp\/v2\/media?parent=138414"}],"wp:term":[{"taxonomy":"category","embeddable":true,"href":"https:\/\/www.notibras.com\/site\/wp-json\/wp\/v2\/categories?post=138414"},{"taxonomy":"post_tag","embeddable":true,"href":"https:\/\/www.notibras.com\/site\/wp-json\/wp\/v2\/tags?post=138414"}],"curies":[{"name":"wp","href":"https:\/\/api.w.org\/{rel}","templated":true}]}}