{"id":1387,"date":"2014-02-12T17:00:59","date_gmt":"2014-02-12T20:00:59","guid":{"rendered":"http:\/\/www.notibras.com\/site\/?p=1387"},"modified":"2014-02-12T22:15:31","modified_gmt":"2014-02-13T01:15:31","slug":"luciana-genro-recua-e-aceita-ser-vice-de-randolfe-na-chapa-do-psol","status":"publish","type":"post","link":"https:\/\/www.notibras.com\/site\/luciana-genro-recua-e-aceita-ser-vice-de-randolfe-na-chapa-do-psol\/","title":{"rendered":"Luciana Genro recua e aceita ser vice de Randolfe no Psol"},"content":{"rendered":"<div>A ex-deputada ga\u00facha Luciana Genro, filha do governador Tarso Genro (PT), decidiu apoiar a candidatura do senador\u00a0 Randolfe Rodrigues (AP) e ficar com a a vice na chapa do Psol que disputar\u00e1 a sucess\u00e3o da presidente Dilma Rousseff.<\/div>\n<div><\/div>\n<div>Derrotada na conven\u00e7\u00e3o por 201 votos a 186 defendendo a tese de realiza\u00e7\u00e3o de pr\u00e9vias, Luciana Genro publicou carta p\u00fablica dizendo que aceita a vaga em virtude da necessidade de derrotar o que ela chama de \u201cvelha direita\u201d.\u00a0 As informa\u00e7\u00f5es s\u00e3o do Terra.<\/div>\n<div><\/div>\n<div>\u201cNeste momento, acredito, \u00e9 preciso fortalecer a unidade do PSOL, o que n\u00e3o significa escamotear as diferen\u00e7as, mas sim buscar o que nos une e aprofundar o debate pol\u00edtico. Nossa unidade est\u00e1 ancorada no enfrentamento ao governo Dilma e \u00e0 velha direita, e na afirma\u00e7\u00e3o da necessidade de construir uma alternativa pela esquerda.(\u2026) \u00c9 com este esp\u00edrito que estou disposta a ser candidata a vice-presidente na chapa com o companheiro Randolfe\u201d, declarou a ex-petista em carta oficial endere\u00e7ada \u00e0 milit\u00e2ncia do partido.<\/div>\n<div><\/div>\n<div>Impedida pela Justi\u00e7a Eleitoral de concorrer a qualquer cargo p\u00fablico no Rio Grande do Sul em virtude de ser filha do atual governador, a militante do PSOL diz que a miss\u00e3o dela na chapa presidencial \u00e9 \u201cdefender id\u00e9ias que possam credenciar o PSOL diante do novo momento pol\u00edtico que se abriu ap\u00f3s as jornadas de junho\u201d.<\/div>\n<div><\/div>\n<div>\u201cNa disputa presidencial vamos dar continuidade a este enfrentamento que fazemos todos os dias, com a autoridade pol\u00edtica de um partido que est\u00e1 presente em todas as lutas e que, no parlamento, est\u00e1 sempre apresentando propostas e denunciando os ataques aos interesses populares\u201d, declara Luciana Genro.<\/div>\n<div><\/div>\n<div>A candidatura de Luciana Genro como vice de Randolfe Rodrigues acontece no momento mais delicado do PSOL desde a funda\u00e7\u00e3o, em 2004. A legenda est\u00e1 sendo acusada por diversas lideran\u00e7as pol\u00edticas de incitar a viol\u00eancia nos protestos de rua contra a Copa do Mundo, al\u00e9m de arrebanhar e proteger alguns \u201cblack blocs\u201d no Rio de Janeiro.<\/div>\n<div><\/div>\n<div>Os membros do partido negam qualquer incita\u00e7\u00e3o \u00e0 viol\u00eancia e dizem apenas querer garantir o direito constitucional de manifesta\u00e7\u00e3o dos movimentos sociais.<\/div>\n<div><\/div>\n<div>&#8220;Nosso partido apoia de forma irrestrita o direito \u00e0 livre manifesta\u00e7\u00e3o e recrimina a postura repressiva do aparato estatal. Mas ao mesmo tempo, n\u00e3o concorda e nem participa de a\u00e7\u00f5es efetuadas por pequenos grupos presentes em alguns atos&#8221;, disse em nota a Executiva Nacional do PSOL sobre as acusa\u00e7\u00f5es.<\/div>\n","protected":false},"excerpt":{"rendered":"<p>A ex-deputada ga\u00facha Luciana Genro, filha do governador Tarso Genro (PT), decidiu apoiar a candidatura do senador\u00a0 Randolfe Rodrigues (AP) e ficar com a a vice na chapa do Psol que disputar\u00e1 a sucess\u00e3o da presidente Dilma Rousseff. Derrotada na conven\u00e7\u00e3o por 201 votos a 186 defendendo a tese de realiza\u00e7\u00e3o de pr\u00e9vias, Luciana Genro [&hellip;]<\/p>\n","protected":false},"author":2,"featured_media":1388,"comment_status":"open","ping_status":"closed","sticky":false,"template":"","format":"standard","meta":{"_acf_changed":false,"footnotes":""},"categories":[16],"tags":[],"class_list":["post-1387","post","type-post","status-publish","format-standard","has-post-thumbnail","hentry","category-brasil"],"acf":[],"yoast_head":"<!-- This site is optimized with the Yoast SEO plugin v27.2 - https:\/\/yoast.com\/product\/yoast-seo-wordpress\/ -->\n<title>Luciana Genro recua e aceita ser vice de Randolfe no Psol - Notibras<\/title>\n<meta name=\"robots\" content=\"index, follow, max-snippet:-1, max-image-preview:large, max-video-preview:-1\" \/>\n<link rel=\"canonical\" href=\"https:\/\/www.notibras.com\/site\/luciana-genro-recua-e-aceita-ser-vice-de-randolfe-na-chapa-do-psol\/\" \/>\n<meta property=\"og:locale\" content=\"pt_BR\" \/>\n<meta property=\"og:type\" content=\"article\" \/>\n<meta property=\"og:title\" content=\"Luciana Genro recua e aceita ser vice de Randolfe no Psol - Notibras\" \/>\n<meta property=\"og:description\" content=\"A ex-deputada ga\u00facha Luciana Genro, filha do governador Tarso Genro (PT), decidiu apoiar a candidatura do senador\u00a0 Randolfe Rodrigues (AP) e ficar com a a vice na chapa do Psol que disputar\u00e1 a sucess\u00e3o da presidente Dilma Rousseff. Derrotada na conven\u00e7\u00e3o por 201 votos a 186 defendendo a tese de realiza\u00e7\u00e3o de pr\u00e9vias, Luciana Genro [&hellip;]\" \/>\n<meta property=\"og:url\" content=\"https:\/\/www.notibras.com\/site\/luciana-genro-recua-e-aceita-ser-vice-de-randolfe-na-chapa-do-psol\/\" \/>\n<meta property=\"og:site_name\" content=\"Notibras\" \/>\n<meta property=\"article:publisher\" content=\"https:\/\/www.facebook.com\/notibras\/\" \/>\n<meta property=\"article:published_time\" content=\"2014-02-12T20:00:59+00:00\" \/>\n<meta property=\"article:modified_time\" content=\"2014-02-13T01:15:31+00:00\" \/>\n<meta property=\"og:image\" content=\"https:\/\/www.notibras.com\/site\/wp-content\/uploads\/2014\/02\/141236_luciana.jpg\" \/>\n\t<meta property=\"og:image:width\" content=\"480\" \/>\n\t<meta property=\"og:image:height\" content=\"320\" \/>\n\t<meta property=\"og:image:type\" content=\"image\/jpeg\" \/>\n<meta name=\"author\" content=\"Reda\u00e7\u00e3o\" \/>\n<meta name=\"twitter:card\" content=\"summary_large_image\" \/>\n<meta name=\"twitter:creator\" content=\"@Notibras\" \/>\n<meta name=\"twitter:site\" content=\"@Notibras\" \/>\n<meta name=\"twitter:label1\" content=\"Escrito por\" \/>\n\t<meta name=\"twitter:data1\" content=\"Reda\u00e7\u00e3o\" \/>\n\t<meta name=\"twitter:label2\" content=\"Est. tempo de leitura\" \/>\n\t<meta name=\"twitter:data2\" content=\"2 minutos\" \/>\n<script type=\"application\/ld+json\" class=\"yoast-schema-graph\">{\"@context\":\"https:\/\/schema.org\",\"@graph\":[{\"@type\":\"Article\",\"@id\":\"https:\/\/www.notibras.com\/site\/luciana-genro-recua-e-aceita-ser-vice-de-randolfe-na-chapa-do-psol\/#article\",\"isPartOf\":{\"@id\":\"https:\/\/www.notibras.com\/site\/luciana-genro-recua-e-aceita-ser-vice-de-randolfe-na-chapa-do-psol\/\"},\"author\":{\"name\":\"Reda\u00e7\u00e3o\",\"@id\":\"https:\/\/www.notibras.com\/site\/#\/schema\/person\/36ab0979449956132d3e5b517ea76ac8\"},\"headline\":\"Luciana Genro recua e aceita ser vice de Randolfe no Psol\",\"datePublished\":\"2014-02-12T20:00:59+00:00\",\"dateModified\":\"2014-02-13T01:15:31+00:00\",\"mainEntityOfPage\":{\"@id\":\"https:\/\/www.notibras.com\/site\/luciana-genro-recua-e-aceita-ser-vice-de-randolfe-na-chapa-do-psol\/\"},\"wordCount\":427,\"commentCount\":0,\"publisher\":{\"@id\":\"https:\/\/www.notibras.com\/site\/#organization\"},\"image\":{\"@id\":\"https:\/\/www.notibras.com\/site\/luciana-genro-recua-e-aceita-ser-vice-de-randolfe-na-chapa-do-psol\/#primaryimage\"},\"thumbnailUrl\":\"https:\/\/www.notibras.com\/site\/wp-content\/uploads\/2014\/02\/141236_luciana.jpg\",\"articleSection\":[\"Brasil\"],\"inLanguage\":\"pt-BR\",\"potentialAction\":[{\"@type\":\"CommentAction\",\"name\":\"Comment\",\"target\":[\"https:\/\/www.notibras.com\/site\/luciana-genro-recua-e-aceita-ser-vice-de-randolfe-na-chapa-do-psol\/#respond\"]}]},{\"@type\":\"WebPage\",\"@id\":\"https:\/\/www.notibras.com\/site\/luciana-genro-recua-e-aceita-ser-vice-de-randolfe-na-chapa-do-psol\/\",\"url\":\"https:\/\/www.notibras.com\/site\/luciana-genro-recua-e-aceita-ser-vice-de-randolfe-na-chapa-do-psol\/\",\"name\":\"Luciana Genro recua e aceita ser vice de Randolfe no Psol - Notibras\",\"isPartOf\":{\"@id\":\"https:\/\/www.notibras.com\/site\/#website\"},\"primaryImageOfPage\":{\"@id\":\"https:\/\/www.notibras.com\/site\/luciana-genro-recua-e-aceita-ser-vice-de-randolfe-na-chapa-do-psol\/#primaryimage\"},\"image\":{\"@id\":\"https:\/\/www.notibras.com\/site\/luciana-genro-recua-e-aceita-ser-vice-de-randolfe-na-chapa-do-psol\/#primaryimage\"},\"thumbnailUrl\":\"https:\/\/www.notibras.com\/site\/wp-content\/uploads\/2014\/02\/141236_luciana.jpg\",\"datePublished\":\"2014-02-12T20:00:59+00:00\",\"dateModified\":\"2014-02-13T01:15:31+00:00\",\"breadcrumb\":{\"@id\":\"https:\/\/www.notibras.com\/site\/luciana-genro-recua-e-aceita-ser-vice-de-randolfe-na-chapa-do-psol\/#breadcrumb\"},\"inLanguage\":\"pt-BR\",\"potentialAction\":[{\"@type\":\"ReadAction\",\"target\":[\"https:\/\/www.notibras.com\/site\/luciana-genro-recua-e-aceita-ser-vice-de-randolfe-na-chapa-do-psol\/\"]}]},{\"@type\":\"ImageObject\",\"inLanguage\":\"pt-BR\",\"@id\":\"https:\/\/www.notibras.com\/site\/luciana-genro-recua-e-aceita-ser-vice-de-randolfe-na-chapa-do-psol\/#primaryimage\",\"url\":\"https:\/\/www.notibras.com\/site\/wp-content\/uploads\/2014\/02\/141236_luciana.jpg\",\"contentUrl\":\"https:\/\/www.notibras.com\/site\/wp-content\/uploads\/2014\/02\/141236_luciana.jpg\",\"width\":480,\"height\":320},{\"@type\":\"BreadcrumbList\",\"@id\":\"https:\/\/www.notibras.com\/site\/luciana-genro-recua-e-aceita-ser-vice-de-randolfe-na-chapa-do-psol\/#breadcrumb\",\"itemListElement\":[{\"@type\":\"ListItem\",\"position\":1,\"name\":\"In\u00edcio\",\"item\":\"https:\/\/www.notibras.com\/site\/\"},{\"@type\":\"ListItem\",\"position\":2,\"name\":\"Luciana Genro recua e aceita ser vice de Randolfe no Psol\"}]},{\"@type\":\"WebSite\",\"@id\":\"https:\/\/www.notibras.com\/site\/#website\",\"url\":\"https:\/\/www.notibras.com\/site\/\",\"name\":\"Notibras\",\"description\":\"Not\u00edcias de Bras\u00edlia, do Brasil e do Mundo\",\"publisher\":{\"@id\":\"https:\/\/www.notibras.com\/site\/#organization\"},\"potentialAction\":[{\"@type\":\"SearchAction\",\"target\":{\"@type\":\"EntryPoint\",\"urlTemplate\":\"https:\/\/www.notibras.com\/site\/?s={search_term_string}\"},\"query-input\":{\"@type\":\"PropertyValueSpecification\",\"valueRequired\":true,\"valueName\":\"search_term_string\"}}],\"inLanguage\":\"pt-BR\"},{\"@type\":\"Organization\",\"@id\":\"https:\/\/www.notibras.com\/site\/#organization\",\"name\":\"Grupo Notibras de Comunica\u00e7\u00e3o\",\"url\":\"https:\/\/www.notibras.com\/site\/\",\"logo\":{\"@type\":\"ImageObject\",\"inLanguage\":\"pt-BR\",\"@id\":\"https:\/\/www.notibras.com\/site\/#\/schema\/logo\/image\/\",\"url\":\"https:\/\/www.notibras.com\/site\/wp-content\/uploads\/2023\/01\/notibras23.png\",\"contentUrl\":\"https:\/\/www.notibras.com\/site\/wp-content\/uploads\/2023\/01\/notibras23.png\",\"width\":350,\"height\":87,\"caption\":\"Grupo Notibras de Comunica\u00e7\u00e3o\"},\"image\":{\"@id\":\"https:\/\/www.notibras.com\/site\/#\/schema\/logo\/image\/\"},\"sameAs\":[\"https:\/\/www.facebook.com\/notibras\/\",\"https:\/\/x.com\/Notibras\",\"https:\/\/www.instagram.com\/notibras\/\"]},{\"@type\":\"Person\",\"@id\":\"https:\/\/www.notibras.com\/site\/#\/schema\/person\/36ab0979449956132d3e5b517ea76ac8\",\"name\":\"Reda\u00e7\u00e3o\",\"image\":{\"@type\":\"ImageObject\",\"inLanguage\":\"pt-BR\",\"@id\":\"https:\/\/secure.gravatar.com\/avatar\/e0a867bdedb85fd243eadf09663511f96fc81e0720a4a42581f334ad4303aa6b?s=96&d=mm&r=g\",\"url\":\"https:\/\/secure.gravatar.com\/avatar\/e0a867bdedb85fd243eadf09663511f96fc81e0720a4a42581f334ad4303aa6b?s=96&d=mm&r=g\",\"contentUrl\":\"https:\/\/secure.gravatar.com\/avatar\/e0a867bdedb85fd243eadf09663511f96fc81e0720a4a42581f334ad4303aa6b?s=96&d=mm&r=g\",\"caption\":\"Reda\u00e7\u00e3o\"}}]}<\/script>\n<!-- \/ Yoast SEO plugin. -->","yoast_head_json":{"title":"Luciana Genro recua e aceita ser vice de Randolfe no Psol - Notibras","robots":{"index":"index","follow":"follow","max-snippet":"max-snippet:-1","max-image-preview":"max-image-preview:large","max-video-preview":"max-video-preview:-1"},"canonical":"https:\/\/www.notibras.com\/site\/luciana-genro-recua-e-aceita-ser-vice-de-randolfe-na-chapa-do-psol\/","og_locale":"pt_BR","og_type":"article","og_title":"Luciana Genro recua e aceita ser vice de Randolfe no Psol - Notibras","og_description":"A ex-deputada ga\u00facha Luciana Genro, filha do governador Tarso Genro (PT), decidiu apoiar a candidatura do senador\u00a0 Randolfe Rodrigues (AP) e ficar com a a vice na chapa do Psol que disputar\u00e1 a sucess\u00e3o da presidente Dilma Rousseff. Derrotada na conven\u00e7\u00e3o por 201 votos a 186 defendendo a tese de realiza\u00e7\u00e3o de pr\u00e9vias, Luciana Genro [&hellip;]","og_url":"https:\/\/www.notibras.com\/site\/luciana-genro-recua-e-aceita-ser-vice-de-randolfe-na-chapa-do-psol\/","og_site_name":"Notibras","article_publisher":"https:\/\/www.facebook.com\/notibras\/","article_published_time":"2014-02-12T20:00:59+00:00","article_modified_time":"2014-02-13T01:15:31+00:00","og_image":[{"width":480,"height":320,"url":"https:\/\/www.notibras.com\/site\/wp-content\/uploads\/2014\/02\/141236_luciana.jpg","type":"image\/jpeg"}],"author":"Reda\u00e7\u00e3o","twitter_card":"summary_large_image","twitter_creator":"@Notibras","twitter_site":"@Notibras","twitter_misc":{"Escrito por":"Reda\u00e7\u00e3o","Est. tempo de leitura":"2 minutos"},"schema":{"@context":"https:\/\/schema.org","@graph":[{"@type":"Article","@id":"https:\/\/www.notibras.com\/site\/luciana-genro-recua-e-aceita-ser-vice-de-randolfe-na-chapa-do-psol\/#article","isPartOf":{"@id":"https:\/\/www.notibras.com\/site\/luciana-genro-recua-e-aceita-ser-vice-de-randolfe-na-chapa-do-psol\/"},"author":{"name":"Reda\u00e7\u00e3o","@id":"https:\/\/www.notibras.com\/site\/#\/schema\/person\/36ab0979449956132d3e5b517ea76ac8"},"headline":"Luciana Genro recua e aceita ser vice de Randolfe no Psol","datePublished":"2014-02-12T20:00:59+00:00","dateModified":"2014-02-13T01:15:31+00:00","mainEntityOfPage":{"@id":"https:\/\/www.notibras.com\/site\/luciana-genro-recua-e-aceita-ser-vice-de-randolfe-na-chapa-do-psol\/"},"wordCount":427,"commentCount":0,"publisher":{"@id":"https:\/\/www.notibras.com\/site\/#organization"},"image":{"@id":"https:\/\/www.notibras.com\/site\/luciana-genro-recua-e-aceita-ser-vice-de-randolfe-na-chapa-do-psol\/#primaryimage"},"thumbnailUrl":"https:\/\/www.notibras.com\/site\/wp-content\/uploads\/2014\/02\/141236_luciana.jpg","articleSection":["Brasil"],"inLanguage":"pt-BR","potentialAction":[{"@type":"CommentAction","name":"Comment","target":["https:\/\/www.notibras.com\/site\/luciana-genro-recua-e-aceita-ser-vice-de-randolfe-na-chapa-do-psol\/#respond"]}]},{"@type":"WebPage","@id":"https:\/\/www.notibras.com\/site\/luciana-genro-recua-e-aceita-ser-vice-de-randolfe-na-chapa-do-psol\/","url":"https:\/\/www.notibras.com\/site\/luciana-genro-recua-e-aceita-ser-vice-de-randolfe-na-chapa-do-psol\/","name":"Luciana Genro recua e aceita ser vice de Randolfe no Psol - Notibras","isPartOf":{"@id":"https:\/\/www.notibras.com\/site\/#website"},"primaryImageOfPage":{"@id":"https:\/\/www.notibras.com\/site\/luciana-genro-recua-e-aceita-ser-vice-de-randolfe-na-chapa-do-psol\/#primaryimage"},"image":{"@id":"https:\/\/www.notibras.com\/site\/luciana-genro-recua-e-aceita-ser-vice-de-randolfe-na-chapa-do-psol\/#primaryimage"},"thumbnailUrl":"https:\/\/www.notibras.com\/site\/wp-content\/uploads\/2014\/02\/141236_luciana.jpg","datePublished":"2014-02-12T20:00:59+00:00","dateModified":"2014-02-13T01:15:31+00:00","breadcrumb":{"@id":"https:\/\/www.notibras.com\/site\/luciana-genro-recua-e-aceita-ser-vice-de-randolfe-na-chapa-do-psol\/#breadcrumb"},"inLanguage":"pt-BR","potentialAction":[{"@type":"ReadAction","target":["https:\/\/www.notibras.com\/site\/luciana-genro-recua-e-aceita-ser-vice-de-randolfe-na-chapa-do-psol\/"]}]},{"@type":"ImageObject","inLanguage":"pt-BR","@id":"https:\/\/www.notibras.com\/site\/luciana-genro-recua-e-aceita-ser-vice-de-randolfe-na-chapa-do-psol\/#primaryimage","url":"https:\/\/www.notibras.com\/site\/wp-content\/uploads\/2014\/02\/141236_luciana.jpg","contentUrl":"https:\/\/www.notibras.com\/site\/wp-content\/uploads\/2014\/02\/141236_luciana.jpg","width":480,"height":320},{"@type":"BreadcrumbList","@id":"https:\/\/www.notibras.com\/site\/luciana-genro-recua-e-aceita-ser-vice-de-randolfe-na-chapa-do-psol\/#breadcrumb","itemListElement":[{"@type":"ListItem","position":1,"name":"In\u00edcio","item":"https:\/\/www.notibras.com\/site\/"},{"@type":"ListItem","position":2,"name":"Luciana Genro recua e aceita ser vice de Randolfe no Psol"}]},{"@type":"WebSite","@id":"https:\/\/www.notibras.com\/site\/#website","url":"https:\/\/www.notibras.com\/site\/","name":"Notibras","description":"Not\u00edcias de Bras\u00edlia, do Brasil e do Mundo","publisher":{"@id":"https:\/\/www.notibras.com\/site\/#organization"},"potentialAction":[{"@type":"SearchAction","target":{"@type":"EntryPoint","urlTemplate":"https:\/\/www.notibras.com\/site\/?s={search_term_string}"},"query-input":{"@type":"PropertyValueSpecification","valueRequired":true,"valueName":"search_term_string"}}],"inLanguage":"pt-BR"},{"@type":"Organization","@id":"https:\/\/www.notibras.com\/site\/#organization","name":"Grupo Notibras de Comunica\u00e7\u00e3o","url":"https:\/\/www.notibras.com\/site\/","logo":{"@type":"ImageObject","inLanguage":"pt-BR","@id":"https:\/\/www.notibras.com\/site\/#\/schema\/logo\/image\/","url":"https:\/\/www.notibras.com\/site\/wp-content\/uploads\/2023\/01\/notibras23.png","contentUrl":"https:\/\/www.notibras.com\/site\/wp-content\/uploads\/2023\/01\/notibras23.png","width":350,"height":87,"caption":"Grupo Notibras de Comunica\u00e7\u00e3o"},"image":{"@id":"https:\/\/www.notibras.com\/site\/#\/schema\/logo\/image\/"},"sameAs":["https:\/\/www.facebook.com\/notibras\/","https:\/\/x.com\/Notibras","https:\/\/www.instagram.com\/notibras\/"]},{"@type":"Person","@id":"https:\/\/www.notibras.com\/site\/#\/schema\/person\/36ab0979449956132d3e5b517ea76ac8","name":"Reda\u00e7\u00e3o","image":{"@type":"ImageObject","inLanguage":"pt-BR","@id":"https:\/\/secure.gravatar.com\/avatar\/e0a867bdedb85fd243eadf09663511f96fc81e0720a4a42581f334ad4303aa6b?s=96&d=mm&r=g","url":"https:\/\/secure.gravatar.com\/avatar\/e0a867bdedb85fd243eadf09663511f96fc81e0720a4a42581f334ad4303aa6b?s=96&d=mm&r=g","contentUrl":"https:\/\/secure.gravatar.com\/avatar\/e0a867bdedb85fd243eadf09663511f96fc81e0720a4a42581f334ad4303aa6b?s=96&d=mm&r=g","caption":"Reda\u00e7\u00e3o"}}]}},"amp_enabled":true,"_links":{"self":[{"href":"https:\/\/www.notibras.com\/site\/wp-json\/wp\/v2\/posts\/1387","targetHints":{"allow":["GET"]}}],"collection":[{"href":"https:\/\/www.notibras.com\/site\/wp-json\/wp\/v2\/posts"}],"about":[{"href":"https:\/\/www.notibras.com\/site\/wp-json\/wp\/v2\/types\/post"}],"author":[{"embeddable":true,"href":"https:\/\/www.notibras.com\/site\/wp-json\/wp\/v2\/users\/2"}],"replies":[{"embeddable":true,"href":"https:\/\/www.notibras.com\/site\/wp-json\/wp\/v2\/comments?post=1387"}],"version-history":[{"count":0,"href":"https:\/\/www.notibras.com\/site\/wp-json\/wp\/v2\/posts\/1387\/revisions"}],"wp:featuredmedia":[{"embeddable":true,"href":"https:\/\/www.notibras.com\/site\/wp-json\/wp\/v2\/media\/1388"}],"wp:attachment":[{"href":"https:\/\/www.notibras.com\/site\/wp-json\/wp\/v2\/media?parent=1387"}],"wp:term":[{"taxonomy":"category","embeddable":true,"href":"https:\/\/www.notibras.com\/site\/wp-json\/wp\/v2\/categories?post=1387"},{"taxonomy":"post_tag","embeddable":true,"href":"https:\/\/www.notibras.com\/site\/wp-json\/wp\/v2\/tags?post=1387"}],"curies":[{"name":"wp","href":"https:\/\/api.w.org\/{rel}","templated":true}]}}