{"id":138726,"date":"2017-05-17T03:47:29","date_gmt":"2017-05-17T06:47:29","guid":{"rendered":"http:\/\/www.notibras.com\/site\/?p=138726"},"modified":"2017-05-17T03:48:29","modified_gmt":"2017-05-17T06:48:29","slug":"patinhas-e-patalogica-vao-definhar-nos-seus-dias-finais","status":"publish","type":"post","link":"https:\/\/www.notibras.com\/site\/patinhas-e-patalogica-vao-definhar-nos-seus-dias-finais\/","title":{"rendered":"Patinhas e Patal\u00f3gica v\u00e3o definhar juntos"},"content":{"rendered":"<p><strong>Jolivaldo Freitas<\/strong><\/p>\n<p>N\u00e3o vou entrar no m\u00e9rito do Caixa 2, do trabalho que d\u00e1 receber dinheiro de campanha quando se trabalha com qualquer tipo de pol\u00edtico e s\u00f3 quem sabe o que \u00e9 enfrentar uma campanha como marqueteiro, tem na pele o sofrimento de ver que as d\u00edvidas assumidas pela campanha v\u00e3o aumentando e o candidato, seja vereador, deputado, senador, governador, prefeito ou presidente, e pode ser at\u00e9 campanha para s\u00edndico, come\u00e7a pagando e depois vai desaparecendo, dando desculpas, dizendo que o cheque molhou com a chuva, que o cachorro comeu o tal\u00e3o, que a mulher descobriu uma conta num motel e rasgou o cart\u00e3o de cr\u00e9dito, que o gerente s\u00f3 porque viu que a transfer\u00eancia bloqueio, sustou o maldito cheque; manda o marqueteiro cobrar do presidente do partido, que manda que fale com o candidato, que coloca a mulher para atender, que diz que vai enviar pelo cunhado, e este diz que a verba est\u00e1 na m\u00e3o do padre que manda o credor para o inferno.<\/p>\n<p>A\u00ed o cara fica pirado e vai receber pelo caixa 2 e se lasca todo. Mas, deixo claro que n\u00e3o estou defendendo o marqueteiro Jo\u00e3o Santana, que conhe\u00e7o de outros tempos \u2013 eu no A Tarde e depois na Tribuna da Bahia e ele no mitol\u00f3gico Jornal da Bahia -, mas nunca tivemos proximidade que ele era mais antigo que eu na profiss\u00e3o de rep\u00f3rter.<\/p>\n<p>Mas estou escrevendo preocupado que estou \u00e9 com o casal. Como se n\u00e3o bastasse ter de pagar uma multa de mais de seis milh\u00f5es de reais, ter\u00e3o de devolver dois milh\u00f5es de d\u00f3lares para a justi\u00e7a, o que significa que no final das contas trabalhou \u2013 se trabalhou certo ou errado \u00e9 outro papo \u2013 e vai ver que na reta final trabalhou de gra\u00e7a; sabe l\u00e1 o que \u00e9 ver da conta, como um rio feroz, como antigamente era o S\u00e3o Francisco, seguindo em frente e desaguando nos cofres dos outros, eles v\u00e3o ter de conviver cerca de dois anos sem sair de casa.<\/p>\n<p>Imagine a cena: primeiro m\u00eas dentro de casa, tudo indo mal, porque fica a dor de ter perdido boa parte do que ganhou, arrecadou, recebeu, colheu, depositou, aplicou para gastar numa vida nababesca, restrita a poucos escolhidos pelos destino; o assunto sendo o dinheiro que se foi, v\u00e1rios pr\u00eamios da Megasena, a dela\u00e7\u00e3o se foi certo ou errado fazer, Moro, a inimizade agora da ex-amiga do cora\u00e7\u00e3o Dilma, do ex-amigo do cora\u00e7\u00e3o Lula e de tantos pol\u00edticos que se beneficiaram em certo per\u00edodo eleitoral. Tendo ainda como inimiga a Odebrecht, a OAS e v\u00e1 l\u00e1 mais saber quantos.<\/p>\n<p>No segundo m\u00eas, pois como se sabe o tempo cura todo o mal e sofrimento, j\u00e1 acostumados com os preju\u00edzos e que os inimigos que se lasquem, pois fizeram certo ao delatar, passam a procurar meios de passar o tempo. Os poucos amigos de verdade, que restaram, aparecem para ver, mas somem aos poucos e ficam indo para um almo\u00e7o, um jantar, um queijos e vinhos; os amigos amorosos, uns de inf\u00e2ncia e outros feitos na lida profissional insistem na amizade.<\/p>\n<p>No terceiro m\u00eas come\u00e7a a rodada de filmes no Netflix, as s\u00e9ries, por sorte come\u00e7ou o Campeonato Brasileiro, conversam amenidades, discutem, o prosseguimento da Lavajato; novidades aparecem, at\u00e9 que do quarto m\u00eas em diante o casal j\u00e1 n\u00e3o tem mais conversa que n\u00e3o seja pol\u00edtica, que at\u00e9 perde certa import\u00e2ncia. Descobriram que nem todo mundo vai virar as costas e que haver\u00e1 uma outra consultoria para uma campanha, pois n\u00e3o foi crime de morte, e a M\u00f4nica mesmo aparentando &#8211; e tomara que seja sen\u00e3o o inferno ser\u00e1 no apartamento da Vit\u00f3ria \u2013 ser uma pessoa extremamente bem-humorada, j\u00e1 n\u00e3o quer fazer amor todo dia \u2013 nem Patinhas \u00e9 mais menino, tempo quando bastava ver uma nesga de coxa para ficar que nem pau-brasil ou jacarand\u00e1. O sexo come\u00e7a a rarear, a conversa a se limitar. Os filmes repetitivos e a cara de William Bonner fica mais intrag\u00e1vel, Ent\u00e3o os dias de TPM de M\u00f4nica s\u00e3o esperados com resma de alho, cruz, escapul\u00e1rio e \u00e1gua benta. N\u00e3o tem oferenda a Iemanj\u00e1 \u2013 que s\u00f3 pode ser dada pela internet (se Moro n\u00e3o proibir). E a\u00ed caro leitor, minha senhora, at\u00e9 chegar ao fim da remiss\u00e3o dos pecados\u2026 Os empregados que se preparem.<\/p>\n","protected":false},"excerpt":{"rendered":"<p>Jolivaldo Freitas N\u00e3o vou entrar no m\u00e9rito do Caixa 2, do trabalho que d\u00e1 receber dinheiro de campanha quando se trabalha com qualquer tipo de pol\u00edtico e s\u00f3 quem sabe o que \u00e9 enfrentar uma campanha como marqueteiro, tem na pele o sofrimento de ver que as d\u00edvidas assumidas pela campanha v\u00e3o aumentando e o [&hellip;]<\/p>\n","protected":false},"author":2,"featured_media":93304,"comment_status":"open","ping_status":"closed","sticky":false,"template":"","format":"standard","meta":{"_acf_changed":false,"footnotes":""},"categories":[25],"tags":[],"class_list":["post-138726","post","type-post","status-publish","format-standard","has-post-thumbnail","hentry","category-opina-ai"],"acf":[],"yoast_head":"<!-- This site is optimized with the Yoast SEO plugin v27.2 - https:\/\/yoast.com\/product\/yoast-seo-wordpress\/ -->\n<title>Patinhas e Patal\u00f3gica v\u00e3o definhar juntos - Notibras<\/title>\n<meta name=\"robots\" content=\"index, follow, max-snippet:-1, max-image-preview:large, max-video-preview:-1\" \/>\n<link rel=\"canonical\" href=\"https:\/\/www.notibras.com\/site\/patinhas-e-patalogica-vao-definhar-nos-seus-dias-finais\/\" \/>\n<meta property=\"og:locale\" content=\"pt_BR\" \/>\n<meta property=\"og:type\" content=\"article\" \/>\n<meta property=\"og:title\" content=\"Patinhas e Patal\u00f3gica v\u00e3o definhar juntos - Notibras\" \/>\n<meta property=\"og:description\" content=\"Jolivaldo Freitas N\u00e3o vou entrar no m\u00e9rito do Caixa 2, do trabalho que d\u00e1 receber dinheiro de campanha quando se trabalha com qualquer tipo de pol\u00edtico e s\u00f3 quem sabe o que \u00e9 enfrentar uma campanha como marqueteiro, tem na pele o sofrimento de ver que as d\u00edvidas assumidas pela campanha v\u00e3o aumentando e o [&hellip;]\" \/>\n<meta property=\"og:url\" content=\"https:\/\/www.notibras.com\/site\/patinhas-e-patalogica-vao-definhar-nos-seus-dias-finais\/\" \/>\n<meta property=\"og:site_name\" content=\"Notibras\" \/>\n<meta property=\"article:publisher\" content=\"https:\/\/www.facebook.com\/notibras\/\" \/>\n<meta property=\"article:published_time\" content=\"2017-05-17T06:47:29+00:00\" \/>\n<meta property=\"article:modified_time\" content=\"2017-05-17T06:48:29+00:00\" \/>\n<meta property=\"og:image\" content=\"https:\/\/www.notibras.com\/site\/wp-content\/uploads\/2016\/03\/joao-santana-monica.jpg\" \/>\n\t<meta property=\"og:image:width\" content=\"620\" \/>\n\t<meta property=\"og:image:height\" content=\"465\" \/>\n\t<meta property=\"og:image:type\" content=\"image\/jpeg\" \/>\n<meta name=\"author\" content=\"Reda\u00e7\u00e3o\" \/>\n<meta name=\"twitter:card\" content=\"summary_large_image\" \/>\n<meta name=\"twitter:creator\" content=\"@Notibras\" \/>\n<meta name=\"twitter:site\" content=\"@Notibras\" \/>\n<meta name=\"twitter:label1\" content=\"Escrito por\" \/>\n\t<meta name=\"twitter:data1\" content=\"Reda\u00e7\u00e3o\" \/>\n\t<meta name=\"twitter:label2\" content=\"Est. tempo de leitura\" \/>\n\t<meta name=\"twitter:data2\" content=\"4 minutos\" \/>\n<script type=\"application\/ld+json\" class=\"yoast-schema-graph\">{\"@context\":\"https:\/\/schema.org\",\"@graph\":[{\"@type\":\"Article\",\"@id\":\"https:\/\/www.notibras.com\/site\/patinhas-e-patalogica-vao-definhar-nos-seus-dias-finais\/#article\",\"isPartOf\":{\"@id\":\"https:\/\/www.notibras.com\/site\/patinhas-e-patalogica-vao-definhar-nos-seus-dias-finais\/\"},\"author\":{\"name\":\"Reda\u00e7\u00e3o\",\"@id\":\"https:\/\/www.notibras.com\/site\/#\/schema\/person\/36ab0979449956132d3e5b517ea76ac8\"},\"headline\":\"Patinhas e Patal\u00f3gica v\u00e3o definhar juntos\",\"datePublished\":\"2017-05-17T06:47:29+00:00\",\"dateModified\":\"2017-05-17T06:48:29+00:00\",\"mainEntityOfPage\":{\"@id\":\"https:\/\/www.notibras.com\/site\/patinhas-e-patalogica-vao-definhar-nos-seus-dias-finais\/\"},\"wordCount\":775,\"commentCount\":0,\"publisher\":{\"@id\":\"https:\/\/www.notibras.com\/site\/#organization\"},\"image\":{\"@id\":\"https:\/\/www.notibras.com\/site\/patinhas-e-patalogica-vao-definhar-nos-seus-dias-finais\/#primaryimage\"},\"thumbnailUrl\":\"https:\/\/www.notibras.com\/site\/wp-content\/uploads\/2016\/03\/joao-santana-monica.jpg\",\"articleSection\":[\"Opina a\u00ed\"],\"inLanguage\":\"pt-BR\",\"potentialAction\":[{\"@type\":\"CommentAction\",\"name\":\"Comment\",\"target\":[\"https:\/\/www.notibras.com\/site\/patinhas-e-patalogica-vao-definhar-nos-seus-dias-finais\/#respond\"]}]},{\"@type\":\"WebPage\",\"@id\":\"https:\/\/www.notibras.com\/site\/patinhas-e-patalogica-vao-definhar-nos-seus-dias-finais\/\",\"url\":\"https:\/\/www.notibras.com\/site\/patinhas-e-patalogica-vao-definhar-nos-seus-dias-finais\/\",\"name\":\"Patinhas e Patal\u00f3gica v\u00e3o definhar juntos - Notibras\",\"isPartOf\":{\"@id\":\"https:\/\/www.notibras.com\/site\/#website\"},\"primaryImageOfPage\":{\"@id\":\"https:\/\/www.notibras.com\/site\/patinhas-e-patalogica-vao-definhar-nos-seus-dias-finais\/#primaryimage\"},\"image\":{\"@id\":\"https:\/\/www.notibras.com\/site\/patinhas-e-patalogica-vao-definhar-nos-seus-dias-finais\/#primaryimage\"},\"thumbnailUrl\":\"https:\/\/www.notibras.com\/site\/wp-content\/uploads\/2016\/03\/joao-santana-monica.jpg\",\"datePublished\":\"2017-05-17T06:47:29+00:00\",\"dateModified\":\"2017-05-17T06:48:29+00:00\",\"breadcrumb\":{\"@id\":\"https:\/\/www.notibras.com\/site\/patinhas-e-patalogica-vao-definhar-nos-seus-dias-finais\/#breadcrumb\"},\"inLanguage\":\"pt-BR\",\"potentialAction\":[{\"@type\":\"ReadAction\",\"target\":[\"https:\/\/www.notibras.com\/site\/patinhas-e-patalogica-vao-definhar-nos-seus-dias-finais\/\"]}]},{\"@type\":\"ImageObject\",\"inLanguage\":\"pt-BR\",\"@id\":\"https:\/\/www.notibras.com\/site\/patinhas-e-patalogica-vao-definhar-nos-seus-dias-finais\/#primaryimage\",\"url\":\"https:\/\/www.notibras.com\/site\/wp-content\/uploads\/2016\/03\/joao-santana-monica.jpg\",\"contentUrl\":\"https:\/\/www.notibras.com\/site\/wp-content\/uploads\/2016\/03\/joao-santana-monica.jpg\",\"width\":620,\"height\":465,\"caption\":\"Foto\/Arquivo Notibras\"},{\"@type\":\"BreadcrumbList\",\"@id\":\"https:\/\/www.notibras.com\/site\/patinhas-e-patalogica-vao-definhar-nos-seus-dias-finais\/#breadcrumb\",\"itemListElement\":[{\"@type\":\"ListItem\",\"position\":1,\"name\":\"In\u00edcio\",\"item\":\"https:\/\/www.notibras.com\/site\/\"},{\"@type\":\"ListItem\",\"position\":2,\"name\":\"Patinhas e Patal\u00f3gica v\u00e3o definhar juntos\"}]},{\"@type\":\"WebSite\",\"@id\":\"https:\/\/www.notibras.com\/site\/#website\",\"url\":\"https:\/\/www.notibras.com\/site\/\",\"name\":\"Notibras\",\"description\":\"Not\u00edcias de Bras\u00edlia, do Brasil e do Mundo\",\"publisher\":{\"@id\":\"https:\/\/www.notibras.com\/site\/#organization\"},\"potentialAction\":[{\"@type\":\"SearchAction\",\"target\":{\"@type\":\"EntryPoint\",\"urlTemplate\":\"https:\/\/www.notibras.com\/site\/?s={search_term_string}\"},\"query-input\":{\"@type\":\"PropertyValueSpecification\",\"valueRequired\":true,\"valueName\":\"search_term_string\"}}],\"inLanguage\":\"pt-BR\"},{\"@type\":\"Organization\",\"@id\":\"https:\/\/www.notibras.com\/site\/#organization\",\"name\":\"Grupo Notibras de Comunica\u00e7\u00e3o\",\"url\":\"https:\/\/www.notibras.com\/site\/\",\"logo\":{\"@type\":\"ImageObject\",\"inLanguage\":\"pt-BR\",\"@id\":\"https:\/\/www.notibras.com\/site\/#\/schema\/logo\/image\/\",\"url\":\"https:\/\/www.notibras.com\/site\/wp-content\/uploads\/2023\/01\/notibras23.png\",\"contentUrl\":\"https:\/\/www.notibras.com\/site\/wp-content\/uploads\/2023\/01\/notibras23.png\",\"width\":350,\"height\":87,\"caption\":\"Grupo Notibras de Comunica\u00e7\u00e3o\"},\"image\":{\"@id\":\"https:\/\/www.notibras.com\/site\/#\/schema\/logo\/image\/\"},\"sameAs\":[\"https:\/\/www.facebook.com\/notibras\/\",\"https:\/\/x.com\/Notibras\",\"https:\/\/www.instagram.com\/notibras\/\"]},{\"@type\":\"Person\",\"@id\":\"https:\/\/www.notibras.com\/site\/#\/schema\/person\/36ab0979449956132d3e5b517ea76ac8\",\"name\":\"Reda\u00e7\u00e3o\",\"image\":{\"@type\":\"ImageObject\",\"inLanguage\":\"pt-BR\",\"@id\":\"https:\/\/secure.gravatar.com\/avatar\/e0a867bdedb85fd243eadf09663511f96fc81e0720a4a42581f334ad4303aa6b?s=96&d=mm&r=g\",\"url\":\"https:\/\/secure.gravatar.com\/avatar\/e0a867bdedb85fd243eadf09663511f96fc81e0720a4a42581f334ad4303aa6b?s=96&d=mm&r=g\",\"contentUrl\":\"https:\/\/secure.gravatar.com\/avatar\/e0a867bdedb85fd243eadf09663511f96fc81e0720a4a42581f334ad4303aa6b?s=96&d=mm&r=g\",\"caption\":\"Reda\u00e7\u00e3o\"}}]}<\/script>\n<!-- \/ Yoast SEO plugin. -->","yoast_head_json":{"title":"Patinhas e Patal\u00f3gica v\u00e3o definhar juntos - Notibras","robots":{"index":"index","follow":"follow","max-snippet":"max-snippet:-1","max-image-preview":"max-image-preview:large","max-video-preview":"max-video-preview:-1"},"canonical":"https:\/\/www.notibras.com\/site\/patinhas-e-patalogica-vao-definhar-nos-seus-dias-finais\/","og_locale":"pt_BR","og_type":"article","og_title":"Patinhas e Patal\u00f3gica v\u00e3o definhar juntos - Notibras","og_description":"Jolivaldo Freitas N\u00e3o vou entrar no m\u00e9rito do Caixa 2, do trabalho que d\u00e1 receber dinheiro de campanha quando se trabalha com qualquer tipo de pol\u00edtico e s\u00f3 quem sabe o que \u00e9 enfrentar uma campanha como marqueteiro, tem na pele o sofrimento de ver que as d\u00edvidas assumidas pela campanha v\u00e3o aumentando e o [&hellip;]","og_url":"https:\/\/www.notibras.com\/site\/patinhas-e-patalogica-vao-definhar-nos-seus-dias-finais\/","og_site_name":"Notibras","article_publisher":"https:\/\/www.facebook.com\/notibras\/","article_published_time":"2017-05-17T06:47:29+00:00","article_modified_time":"2017-05-17T06:48:29+00:00","og_image":[{"width":620,"height":465,"url":"https:\/\/www.notibras.com\/site\/wp-content\/uploads\/2016\/03\/joao-santana-monica.jpg","type":"image\/jpeg"}],"author":"Reda\u00e7\u00e3o","twitter_card":"summary_large_image","twitter_creator":"@Notibras","twitter_site":"@Notibras","twitter_misc":{"Escrito por":"Reda\u00e7\u00e3o","Est. tempo de leitura":"4 minutos"},"schema":{"@context":"https:\/\/schema.org","@graph":[{"@type":"Article","@id":"https:\/\/www.notibras.com\/site\/patinhas-e-patalogica-vao-definhar-nos-seus-dias-finais\/#article","isPartOf":{"@id":"https:\/\/www.notibras.com\/site\/patinhas-e-patalogica-vao-definhar-nos-seus-dias-finais\/"},"author":{"name":"Reda\u00e7\u00e3o","@id":"https:\/\/www.notibras.com\/site\/#\/schema\/person\/36ab0979449956132d3e5b517ea76ac8"},"headline":"Patinhas e Patal\u00f3gica v\u00e3o definhar juntos","datePublished":"2017-05-17T06:47:29+00:00","dateModified":"2017-05-17T06:48:29+00:00","mainEntityOfPage":{"@id":"https:\/\/www.notibras.com\/site\/patinhas-e-patalogica-vao-definhar-nos-seus-dias-finais\/"},"wordCount":775,"commentCount":0,"publisher":{"@id":"https:\/\/www.notibras.com\/site\/#organization"},"image":{"@id":"https:\/\/www.notibras.com\/site\/patinhas-e-patalogica-vao-definhar-nos-seus-dias-finais\/#primaryimage"},"thumbnailUrl":"https:\/\/www.notibras.com\/site\/wp-content\/uploads\/2016\/03\/joao-santana-monica.jpg","articleSection":["Opina a\u00ed"],"inLanguage":"pt-BR","potentialAction":[{"@type":"CommentAction","name":"Comment","target":["https:\/\/www.notibras.com\/site\/patinhas-e-patalogica-vao-definhar-nos-seus-dias-finais\/#respond"]}]},{"@type":"WebPage","@id":"https:\/\/www.notibras.com\/site\/patinhas-e-patalogica-vao-definhar-nos-seus-dias-finais\/","url":"https:\/\/www.notibras.com\/site\/patinhas-e-patalogica-vao-definhar-nos-seus-dias-finais\/","name":"Patinhas e Patal\u00f3gica v\u00e3o definhar juntos - Notibras","isPartOf":{"@id":"https:\/\/www.notibras.com\/site\/#website"},"primaryImageOfPage":{"@id":"https:\/\/www.notibras.com\/site\/patinhas-e-patalogica-vao-definhar-nos-seus-dias-finais\/#primaryimage"},"image":{"@id":"https:\/\/www.notibras.com\/site\/patinhas-e-patalogica-vao-definhar-nos-seus-dias-finais\/#primaryimage"},"thumbnailUrl":"https:\/\/www.notibras.com\/site\/wp-content\/uploads\/2016\/03\/joao-santana-monica.jpg","datePublished":"2017-05-17T06:47:29+00:00","dateModified":"2017-05-17T06:48:29+00:00","breadcrumb":{"@id":"https:\/\/www.notibras.com\/site\/patinhas-e-patalogica-vao-definhar-nos-seus-dias-finais\/#breadcrumb"},"inLanguage":"pt-BR","potentialAction":[{"@type":"ReadAction","target":["https:\/\/www.notibras.com\/site\/patinhas-e-patalogica-vao-definhar-nos-seus-dias-finais\/"]}]},{"@type":"ImageObject","inLanguage":"pt-BR","@id":"https:\/\/www.notibras.com\/site\/patinhas-e-patalogica-vao-definhar-nos-seus-dias-finais\/#primaryimage","url":"https:\/\/www.notibras.com\/site\/wp-content\/uploads\/2016\/03\/joao-santana-monica.jpg","contentUrl":"https:\/\/www.notibras.com\/site\/wp-content\/uploads\/2016\/03\/joao-santana-monica.jpg","width":620,"height":465,"caption":"Foto\/Arquivo Notibras"},{"@type":"BreadcrumbList","@id":"https:\/\/www.notibras.com\/site\/patinhas-e-patalogica-vao-definhar-nos-seus-dias-finais\/#breadcrumb","itemListElement":[{"@type":"ListItem","position":1,"name":"In\u00edcio","item":"https:\/\/www.notibras.com\/site\/"},{"@type":"ListItem","position":2,"name":"Patinhas e Patal\u00f3gica v\u00e3o definhar juntos"}]},{"@type":"WebSite","@id":"https:\/\/www.notibras.com\/site\/#website","url":"https:\/\/www.notibras.com\/site\/","name":"Notibras","description":"Not\u00edcias de Bras\u00edlia, do Brasil e do Mundo","publisher":{"@id":"https:\/\/www.notibras.com\/site\/#organization"},"potentialAction":[{"@type":"SearchAction","target":{"@type":"EntryPoint","urlTemplate":"https:\/\/www.notibras.com\/site\/?s={search_term_string}"},"query-input":{"@type":"PropertyValueSpecification","valueRequired":true,"valueName":"search_term_string"}}],"inLanguage":"pt-BR"},{"@type":"Organization","@id":"https:\/\/www.notibras.com\/site\/#organization","name":"Grupo Notibras de Comunica\u00e7\u00e3o","url":"https:\/\/www.notibras.com\/site\/","logo":{"@type":"ImageObject","inLanguage":"pt-BR","@id":"https:\/\/www.notibras.com\/site\/#\/schema\/logo\/image\/","url":"https:\/\/www.notibras.com\/site\/wp-content\/uploads\/2023\/01\/notibras23.png","contentUrl":"https:\/\/www.notibras.com\/site\/wp-content\/uploads\/2023\/01\/notibras23.png","width":350,"height":87,"caption":"Grupo Notibras de Comunica\u00e7\u00e3o"},"image":{"@id":"https:\/\/www.notibras.com\/site\/#\/schema\/logo\/image\/"},"sameAs":["https:\/\/www.facebook.com\/notibras\/","https:\/\/x.com\/Notibras","https:\/\/www.instagram.com\/notibras\/"]},{"@type":"Person","@id":"https:\/\/www.notibras.com\/site\/#\/schema\/person\/36ab0979449956132d3e5b517ea76ac8","name":"Reda\u00e7\u00e3o","image":{"@type":"ImageObject","inLanguage":"pt-BR","@id":"https:\/\/secure.gravatar.com\/avatar\/e0a867bdedb85fd243eadf09663511f96fc81e0720a4a42581f334ad4303aa6b?s=96&d=mm&r=g","url":"https:\/\/secure.gravatar.com\/avatar\/e0a867bdedb85fd243eadf09663511f96fc81e0720a4a42581f334ad4303aa6b?s=96&d=mm&r=g","contentUrl":"https:\/\/secure.gravatar.com\/avatar\/e0a867bdedb85fd243eadf09663511f96fc81e0720a4a42581f334ad4303aa6b?s=96&d=mm&r=g","caption":"Reda\u00e7\u00e3o"}}]}},"amp_enabled":true,"_links":{"self":[{"href":"https:\/\/www.notibras.com\/site\/wp-json\/wp\/v2\/posts\/138726","targetHints":{"allow":["GET"]}}],"collection":[{"href":"https:\/\/www.notibras.com\/site\/wp-json\/wp\/v2\/posts"}],"about":[{"href":"https:\/\/www.notibras.com\/site\/wp-json\/wp\/v2\/types\/post"}],"author":[{"embeddable":true,"href":"https:\/\/www.notibras.com\/site\/wp-json\/wp\/v2\/users\/2"}],"replies":[{"embeddable":true,"href":"https:\/\/www.notibras.com\/site\/wp-json\/wp\/v2\/comments?post=138726"}],"version-history":[{"count":2,"href":"https:\/\/www.notibras.com\/site\/wp-json\/wp\/v2\/posts\/138726\/revisions"}],"predecessor-version":[{"id":138728,"href":"https:\/\/www.notibras.com\/site\/wp-json\/wp\/v2\/posts\/138726\/revisions\/138728"}],"wp:featuredmedia":[{"embeddable":true,"href":"https:\/\/www.notibras.com\/site\/wp-json\/wp\/v2\/media\/93304"}],"wp:attachment":[{"href":"https:\/\/www.notibras.com\/site\/wp-json\/wp\/v2\/media?parent=138726"}],"wp:term":[{"taxonomy":"category","embeddable":true,"href":"https:\/\/www.notibras.com\/site\/wp-json\/wp\/v2\/categories?post=138726"},{"taxonomy":"post_tag","embeddable":true,"href":"https:\/\/www.notibras.com\/site\/wp-json\/wp\/v2\/tags?post=138726"}],"curies":[{"name":"wp","href":"https:\/\/api.w.org\/{rel}","templated":true}]}}