{"id":13885,"date":"2014-06-19T20:10:23","date_gmt":"2014-06-19T23:10:23","guid":{"rendered":"http:\/\/www.notibras.com\/site\/?p=13885"},"modified":"2014-06-19T20:10:23","modified_gmt":"2014-06-19T23:10:23","slug":"em-defesa-da-liberdade-e-o-direito-a-livre-opiniao-e-expressao","status":"publish","type":"post","link":"https:\/\/www.notibras.com\/site\/em-defesa-da-liberdade-e-o-direito-a-livre-opiniao-e-expressao\/","title":{"rendered":"Em defesa da liberdade e o direito a livre opini\u00e3o e express\u00e3o"},"content":{"rendered":"<p>Como j\u00e1 vem ocorrendo h\u00e1 anos, de forma assistencialista e demag\u00f3gica, n\u00e3o basta doar aos carentes, exclu\u00eddos e miser\u00e1veis, muitos nem t\u00e3o desfavorecidos, bolsas e ajudas governamentais,\u00a0 pagas por todos os cidad\u00e3os, contribuintes compuls\u00f3rios de um sistema fiscal escorchante e injusto, em especial para com a classe m\u00e9dia, os aposentados e os pensionistas. O governo, entre os 70 milh\u00f5es que recebem tais \u201cajudas\u201d, cria uma falsa esperan\u00e7a de progresso e de um melhor padr\u00e3o de vida, n\u00e3o concretizado, pois a infla\u00e7\u00e3o galopante que cresce todos os dias, ao contr\u00e1rio dos n\u00fameros\u00a0 divulgados pelo governo, retira a maior parte das benesses financeiras recebidas, o que torna o sofrimento desses milh\u00f5es de brasileiros cada vez mais intenso.<\/p>\n<p>Atr\u00e1s da in\u00fameras promessas, poucas efetivamente cumpridas, principalmente aquelas que s\u00e3o feitas aos mais pobres, o que existe \u00e9 uma ca\u00e7a aos votos dessa popula\u00e7\u00e3o, quase toda apenas semialfabetizada, portanto facilmente manipulada pelos \u00faltimos governos, e pelos pol\u00edticos de sempre, os mesmo ou quase em todas as elei\u00e7\u00f5es, tendo em vista a manuten\u00e7\u00e3o de um partido e de seus aliados no poder de forma cont\u00ednua e permanente.<\/p>\n<blockquote><p>Esquecem tais governantes e pol\u00edticos que promessas criam e geram esperan\u00e7as e uma expectativa que sejam cumpridas, quando o que observamos, de forma cr\u00edtica imparcial, \u00e9 justamente o contr\u00e1rio. Elas ficam vagando no ar e s\u00e3o apenas promessas, ou melhor, palavras soltas ao vento, o que significa que o sofrimento das classes menos favorecidas s\u00f3 tender\u00e1 a crescer.<\/p><\/blockquote>\n<p>Paralela a essa constata\u00e7\u00e3o ocorre outra relativa \u00e0 repress\u00e3o, que cada vez mais se acentua, contra o direito de livre opini\u00e3o e de express\u00e3o, principalmente em rela\u00e7\u00e3o aos jornalistas independentes, que n\u00e3o aceitam o cabresto que lhes querem impor os governantes, nem os propriet\u00e1rios dos meios de comunica\u00e7\u00e3o, todos eles \u00e1vidos por serem simp\u00e1ticos em busca das vultosas verbas publicit\u00e1rias distribu\u00eddas e repassadas pelo Banco do Brasil, Petrobr\u00e1s, Caixa e BNDES entre outros. \u00c9 essa a moeda de compra, de venda e de troca, para que a m\u00eddia silencie e n\u00e3o se manifeste de forma mais critica e investigativa em rela\u00e7\u00e3o ao governo.<\/p>\n<p>Prova de tal assertiva est\u00e1 no fato do CNJ (Conselho Nacional de Justi\u00e7a), afirmar que 44% dos presos no Brasil s\u00e3o provis\u00f3rios. Que a maior parte dessas pris\u00f5es se baseia em ofensas \u00e0 ordem p\u00fablica (artigo 312, C\u00f3digo de Processo Penal), o que, por si s\u00f3, \u00e9 altamente significativo; demonstra bem o car\u00e1ter repressivo que est\u00e1 se instalando pouco a pouco em nosso pa\u00eds.<\/p>\n<p>Neste ponto, sinto uma certa semelhan\u00e7a entre essa democracia de faz de conta em nosso pa\u00eds e os governos chamados ditatoriais ou militares, com vantagem para estes \u00faltimos pois no primeiro caso, os governos de Lula e de Dilma tratam o Poder Legislativo, o Judici\u00e1rio, o Minist\u00e9rio P\u00fablico e a Pol\u00edcia como se eles n\u00e3o existissem de fato e fossem obrigados a aceitar e a acatar as decis\u00f5es do executivo sem as questionar ou sequer discutir.<\/p>\n<p>Para o executivo, os outros poderes da Rep\u00fablica s\u00e3o consideradas irrelevantes; n\u00e3o fazem parte de um processo realmente democr\u00e1tico. Os \u00faltimos presidentes da Rep\u00fablica ignoram ou fazem de conta que n\u00e3o buscam a democracia cientes\u00a0 de que em situa\u00e7\u00f5es normais ela n\u00e3o existe sem todas as institui\u00e7\u00f5es e poderes independentes, principalmente em uma sociedade complexa, como\u00a0 a nossa.<\/p>\n<blockquote><p>As pol\u00edticas governamentais s\u00e3o apoiadas por entidades, como o Movimento dos Sem Terra, Movimento dos Sem Casa, e tantas outras, subsidiadas por verbas oficiais, que pregam a luta de classes e se fundamentam em discursos de intoler\u00e2ncia e de \u00f3dio, basicamente todos, antidemocr\u00e1ticos.<\/p><\/blockquote>\n<p>Dentro desse contexto a liberdade e todos os direitos conexos, incluso entre eles o direito de manifesta\u00e7\u00e3o e de protestos pac\u00edficos, de livre opini\u00e3o e express\u00e3o s\u00e3o jogados no ralo\u00a0 pelos governantes em todos os n\u00edveis, que n\u00e3o desejam o \u201cpov\u00e3o\u201d, mesmo que de forma ordeira, nas ruas protestando contra a infla\u00e7\u00e3o, a inseguran\u00e7a e a falta de servi\u00e7os b\u00e1sicos de qualidade nas \u00e1reas da educa\u00e7\u00e3o e da sa\u00fade, dentre outros.<\/p>\n<p>Quanto \u00e0 desculpa c\u00f4moda que defende a falsa assertiva que a cultura democr\u00e1tica ainda n\u00e3o se consolidou no Brasil, ela \u00e9 perigosa e danosa, merecendo de todos o rep\u00fadio e uma melhor an\u00e1lise e reflex\u00e3o.<\/p>\n<p>N\u00e3o se pode aceitar que a preval\u00eancia do Direito (e os direitos) seja esquecida em beneficio de desmandos e de leis facciosas, criadas por governantes e por pol\u00edticos, muitos deles, corruptos e incompetentes, que em benef\u00edcio pr\u00f3prio consideram, por exemplo, que revelar gastos sobre a compra e o consumo de alimentos e de bebidas nacionais e importados \u00e9 assunto \u201cde seguran\u00e7a nacional\u201d!<\/p>\n<p>Da mesma forma \u00e9 inadmiss\u00edvel que tais autoridades, em todos os n\u00edveis, quer do Executivo, Legislativo e Judici\u00e1rio, defendam e adotem termos vagos e gen\u00e9ricos como terroristas, baderneiros, agitadores, ordem p\u00fablica, periculosidade, etc, entre outros tantos, buscando excluir e aniquilar a liberdade de opini\u00e3o e de express\u00e3o de muitos dos cidad\u00e3os brasileiros,\u00a0 de acordo com crit\u00e9rios falaciosos e comprometidos com o sistema dominante.<\/p>\n<p>Indubitavelmente, o que se assiste e piora de ano para ano \u00e9 o uso do Direito. em geral atuando como um instrumento de exclus\u00e3o e de repress\u00e3o social. A m\u00e1xima, do conhecimento da maioria, revela que os ricos e poderosos n\u00e3o s\u00e3o condenados ou se o s\u00e3o, poucos meses ficam detidos e retidos em pris\u00f5es. \u00c9 fato inconteste que apesar do Mensal\u00e3o, e talvez mesmo por ele ter existido, essa realidade continua vigorando. A maioria dos pol\u00edticos que dele se beneficiaram foi condenadaa penas m\u00ednimas e irris\u00f3rias, quase todas possibilitando que em poucos meses os condenados tenham os benef\u00edcios legais, atrav\u00e9s de uma sucess\u00e3o de recursos, que com bons advogados todos far\u00e3o jus.<\/p>\n<p>Tudo isto infelizmente \u00e9 ignorado pela maioria dos cidad\u00e3os brasileiros, preocupados que est\u00e3o em sobreviver nessa imensa selva de pedra, que constitui a grande parte das cidades de nosso pa\u00eds, sem atentarem para o fato e a raiz do problema: ou aceitamos que seja \u201cdado a cada um o que \u00e9 seu\u201d,\u00a0 de acordo com crit\u00e9rios sociais e econ\u00f4micos, corretos e saud\u00e1veis, onde n\u00e3o possa subsistir e prevalecer conceitos controversos de democracia, baseados na repress\u00e3o individual e coletiva, na intoler\u00e2ncia e na exclus\u00e3o, que infelizmente parece ser o caminho escolhido por muitos de nossos governantes e pol\u00edticos, ou caminharemos de forma c\u00e9lere para uma convuls\u00e3o social o que, certamente, n\u00e3o \u00e9 o desejo da maioria do povo brasileiro.<\/p>\n<p><strong>Roberto Romanelli Maia<\/strong><\/p>\n","protected":false},"excerpt":{"rendered":"<p>Como j\u00e1 vem ocorrendo h\u00e1 anos, de forma assistencialista e demag\u00f3gica, n\u00e3o basta doar aos carentes, exclu\u00eddos e miser\u00e1veis, muitos nem t\u00e3o desfavorecidos, bolsas e ajudas governamentais,\u00a0 pagas por todos os cidad\u00e3os, contribuintes compuls\u00f3rios de um sistema fiscal escorchante e injusto, em especial para com a classe m\u00e9dia, os aposentados e os pensionistas. O governo, [&hellip;]<\/p>\n","protected":false},"author":2,"featured_media":13886,"comment_status":"open","ping_status":"closed","sticky":false,"template":"","format":"standard","meta":{"_acf_changed":false,"footnotes":""},"categories":[25],"tags":[],"class_list":["post-13885","post","type-post","status-publish","format-standard","has-post-thumbnail","hentry","category-opina-ai"],"acf":[],"yoast_head":"<!-- This site is optimized with the Yoast SEO plugin v27.5 - https:\/\/yoast.com\/product\/yoast-seo-wordpress\/ -->\n<title>Em defesa da liberdade e o direito a livre opini\u00e3o e express\u00e3o - Notibras<\/title>\n<meta name=\"robots\" content=\"index, follow, max-snippet:-1, max-image-preview:large, max-video-preview:-1\" \/>\n<link rel=\"canonical\" href=\"https:\/\/www.notibras.com\/site\/em-defesa-da-liberdade-e-o-direito-a-livre-opiniao-e-expressao\/\" \/>\n<meta property=\"og:locale\" content=\"pt_BR\" \/>\n<meta property=\"og:type\" content=\"article\" \/>\n<meta property=\"og:title\" content=\"Em defesa da liberdade e o direito a livre opini\u00e3o e express\u00e3o - Notibras\" \/>\n<meta property=\"og:description\" content=\"Como j\u00e1 vem ocorrendo h\u00e1 anos, de forma assistencialista e demag\u00f3gica, n\u00e3o basta doar aos carentes, exclu\u00eddos e miser\u00e1veis, muitos nem t\u00e3o desfavorecidos, bolsas e ajudas governamentais,\u00a0 pagas por todos os cidad\u00e3os, contribuintes compuls\u00f3rios de um sistema fiscal escorchante e injusto, em especial para com a classe m\u00e9dia, os aposentados e os pensionistas. O governo, [&hellip;]\" \/>\n<meta property=\"og:url\" content=\"https:\/\/www.notibras.com\/site\/em-defesa-da-liberdade-e-o-direito-a-livre-opiniao-e-expressao\/\" \/>\n<meta property=\"og:site_name\" content=\"Notibras\" \/>\n<meta property=\"article:publisher\" content=\"https:\/\/www.facebook.com\/notibras\/\" \/>\n<meta property=\"article:published_time\" content=\"2014-06-19T23:10:23+00:00\" \/>\n<meta property=\"og:image\" content=\"https:\/\/www.notibras.com\/site\/wp-content\/uploads\/2014\/06\/liberdade-express\u00e3o-2.jpg\" \/>\n\t<meta property=\"og:image:width\" content=\"493\" \/>\n\t<meta property=\"og:image:height\" content=\"367\" \/>\n\t<meta property=\"og:image:type\" content=\"image\/jpeg\" \/>\n<meta name=\"author\" content=\"Reda\u00e7\u00e3o\" \/>\n<meta name=\"twitter:card\" content=\"summary_large_image\" \/>\n<meta name=\"twitter:creator\" content=\"@Notibras\" \/>\n<meta name=\"twitter:site\" content=\"@Notibras\" \/>\n<meta name=\"twitter:label1\" content=\"Escrito por\" \/>\n\t<meta name=\"twitter:data1\" content=\"Reda\u00e7\u00e3o\" \/>\n\t<meta name=\"twitter:label2\" content=\"Est. tempo de leitura\" \/>\n\t<meta name=\"twitter:data2\" content=\"6 minutos\" \/>\n<script type=\"application\/ld+json\" class=\"yoast-schema-graph\">{\"@context\":\"https:\\\/\\\/schema.org\",\"@graph\":[{\"@type\":\"Article\",\"@id\":\"https:\\\/\\\/www.notibras.com\\\/site\\\/em-defesa-da-liberdade-e-o-direito-a-livre-opiniao-e-expressao\\\/#article\",\"isPartOf\":{\"@id\":\"https:\\\/\\\/www.notibras.com\\\/site\\\/em-defesa-da-liberdade-e-o-direito-a-livre-opiniao-e-expressao\\\/\"},\"author\":{\"name\":\"Reda\u00e7\u00e3o\",\"@id\":\"https:\\\/\\\/www.notibras.com\\\/site\\\/#\\\/schema\\\/person\\\/36ab0979449956132d3e5b517ea76ac8\"},\"headline\":\"Em defesa da liberdade e o direito a livre opini\u00e3o e express\u00e3o\",\"datePublished\":\"2014-06-19T23:10:23+00:00\",\"mainEntityOfPage\":{\"@id\":\"https:\\\/\\\/www.notibras.com\\\/site\\\/em-defesa-da-liberdade-e-o-direito-a-livre-opiniao-e-expressao\\\/\"},\"wordCount\":1183,\"commentCount\":0,\"publisher\":{\"@id\":\"https:\\\/\\\/www.notibras.com\\\/site\\\/#organization\"},\"image\":{\"@id\":\"https:\\\/\\\/www.notibras.com\\\/site\\\/em-defesa-da-liberdade-e-o-direito-a-livre-opiniao-e-expressao\\\/#primaryimage\"},\"thumbnailUrl\":\"https:\\\/\\\/www.notibras.com\\\/site\\\/wp-content\\\/uploads\\\/2014\\\/06\\\/liberdade-express\u00e3o-2.jpg\",\"articleSection\":[\"Opina a\u00ed\"],\"inLanguage\":\"pt-BR\",\"potentialAction\":[{\"@type\":\"CommentAction\",\"name\":\"Comment\",\"target\":[\"https:\\\/\\\/www.notibras.com\\\/site\\\/em-defesa-da-liberdade-e-o-direito-a-livre-opiniao-e-expressao\\\/#respond\"]}]},{\"@type\":\"WebPage\",\"@id\":\"https:\\\/\\\/www.notibras.com\\\/site\\\/em-defesa-da-liberdade-e-o-direito-a-livre-opiniao-e-expressao\\\/\",\"url\":\"https:\\\/\\\/www.notibras.com\\\/site\\\/em-defesa-da-liberdade-e-o-direito-a-livre-opiniao-e-expressao\\\/\",\"name\":\"Em defesa da liberdade e o direito a livre opini\u00e3o e express\u00e3o - Notibras\",\"isPartOf\":{\"@id\":\"https:\\\/\\\/www.notibras.com\\\/site\\\/#website\"},\"primaryImageOfPage\":{\"@id\":\"https:\\\/\\\/www.notibras.com\\\/site\\\/em-defesa-da-liberdade-e-o-direito-a-livre-opiniao-e-expressao\\\/#primaryimage\"},\"image\":{\"@id\":\"https:\\\/\\\/www.notibras.com\\\/site\\\/em-defesa-da-liberdade-e-o-direito-a-livre-opiniao-e-expressao\\\/#primaryimage\"},\"thumbnailUrl\":\"https:\\\/\\\/www.notibras.com\\\/site\\\/wp-content\\\/uploads\\\/2014\\\/06\\\/liberdade-express\u00e3o-2.jpg\",\"datePublished\":\"2014-06-19T23:10:23+00:00\",\"breadcrumb\":{\"@id\":\"https:\\\/\\\/www.notibras.com\\\/site\\\/em-defesa-da-liberdade-e-o-direito-a-livre-opiniao-e-expressao\\\/#breadcrumb\"},\"inLanguage\":\"pt-BR\",\"potentialAction\":[{\"@type\":\"ReadAction\",\"target\":[\"https:\\\/\\\/www.notibras.com\\\/site\\\/em-defesa-da-liberdade-e-o-direito-a-livre-opiniao-e-expressao\\\/\"]}]},{\"@type\":\"ImageObject\",\"inLanguage\":\"pt-BR\",\"@id\":\"https:\\\/\\\/www.notibras.com\\\/site\\\/em-defesa-da-liberdade-e-o-direito-a-livre-opiniao-e-expressao\\\/#primaryimage\",\"url\":\"https:\\\/\\\/www.notibras.com\\\/site\\\/wp-content\\\/uploads\\\/2014\\\/06\\\/liberdade-express\u00e3o-2.jpg\",\"contentUrl\":\"https:\\\/\\\/www.notibras.com\\\/site\\\/wp-content\\\/uploads\\\/2014\\\/06\\\/liberdade-express\u00e3o-2.jpg\",\"width\":493,\"height\":367},{\"@type\":\"BreadcrumbList\",\"@id\":\"https:\\\/\\\/www.notibras.com\\\/site\\\/em-defesa-da-liberdade-e-o-direito-a-livre-opiniao-e-expressao\\\/#breadcrumb\",\"itemListElement\":[{\"@type\":\"ListItem\",\"position\":1,\"name\":\"In\u00edcio\",\"item\":\"https:\\\/\\\/www.notibras.com\\\/site\\\/\"},{\"@type\":\"ListItem\",\"position\":2,\"name\":\"Em defesa da liberdade e o direito a livre opini\u00e3o e express\u00e3o\"}]},{\"@type\":\"WebSite\",\"@id\":\"https:\\\/\\\/www.notibras.com\\\/site\\\/#website\",\"url\":\"https:\\\/\\\/www.notibras.com\\\/site\\\/\",\"name\":\"Notibras\",\"description\":\"Not\u00edcias de Bras\u00edlia, do Brasil e do Mundo\",\"publisher\":{\"@id\":\"https:\\\/\\\/www.notibras.com\\\/site\\\/#organization\"},\"potentialAction\":[{\"@type\":\"SearchAction\",\"target\":{\"@type\":\"EntryPoint\",\"urlTemplate\":\"https:\\\/\\\/www.notibras.com\\\/site\\\/?s={search_term_string}\"},\"query-input\":{\"@type\":\"PropertyValueSpecification\",\"valueRequired\":true,\"valueName\":\"search_term_string\"}}],\"inLanguage\":\"pt-BR\"},{\"@type\":\"Organization\",\"@id\":\"https:\\\/\\\/www.notibras.com\\\/site\\\/#organization\",\"name\":\"Grupo Notibras de Comunica\u00e7\u00e3o\",\"url\":\"https:\\\/\\\/www.notibras.com\\\/site\\\/\",\"logo\":{\"@type\":\"ImageObject\",\"inLanguage\":\"pt-BR\",\"@id\":\"https:\\\/\\\/www.notibras.com\\\/site\\\/#\\\/schema\\\/logo\\\/image\\\/\",\"url\":\"https:\\\/\\\/www.notibras.com\\\/site\\\/wp-content\\\/uploads\\\/2023\\\/01\\\/notibras23.png\",\"contentUrl\":\"https:\\\/\\\/www.notibras.com\\\/site\\\/wp-content\\\/uploads\\\/2023\\\/01\\\/notibras23.png\",\"width\":350,\"height\":87,\"caption\":\"Grupo Notibras de Comunica\u00e7\u00e3o\"},\"image\":{\"@id\":\"https:\\\/\\\/www.notibras.com\\\/site\\\/#\\\/schema\\\/logo\\\/image\\\/\"},\"sameAs\":[\"https:\\\/\\\/www.facebook.com\\\/notibras\\\/\",\"https:\\\/\\\/x.com\\\/Notibras\",\"https:\\\/\\\/www.instagram.com\\\/notibras\\\/\"]},{\"@type\":\"Person\",\"@id\":\"https:\\\/\\\/www.notibras.com\\\/site\\\/#\\\/schema\\\/person\\\/36ab0979449956132d3e5b517ea76ac8\",\"name\":\"Reda\u00e7\u00e3o\",\"image\":{\"@type\":\"ImageObject\",\"inLanguage\":\"pt-BR\",\"@id\":\"https:\\\/\\\/secure.gravatar.com\\\/avatar\\\/e0a867bdedb85fd243eadf09663511f96fc81e0720a4a42581f334ad4303aa6b?s=96&d=mm&r=g\",\"url\":\"https:\\\/\\\/secure.gravatar.com\\\/avatar\\\/e0a867bdedb85fd243eadf09663511f96fc81e0720a4a42581f334ad4303aa6b?s=96&d=mm&r=g\",\"contentUrl\":\"https:\\\/\\\/secure.gravatar.com\\\/avatar\\\/e0a867bdedb85fd243eadf09663511f96fc81e0720a4a42581f334ad4303aa6b?s=96&d=mm&r=g\",\"caption\":\"Reda\u00e7\u00e3o\"}}]}<\/script>\n<!-- \/ Yoast SEO plugin. -->","yoast_head_json":{"title":"Em defesa da liberdade e o direito a livre opini\u00e3o e express\u00e3o - Notibras","robots":{"index":"index","follow":"follow","max-snippet":"max-snippet:-1","max-image-preview":"max-image-preview:large","max-video-preview":"max-video-preview:-1"},"canonical":"https:\/\/www.notibras.com\/site\/em-defesa-da-liberdade-e-o-direito-a-livre-opiniao-e-expressao\/","og_locale":"pt_BR","og_type":"article","og_title":"Em defesa da liberdade e o direito a livre opini\u00e3o e express\u00e3o - Notibras","og_description":"Como j\u00e1 vem ocorrendo h\u00e1 anos, de forma assistencialista e demag\u00f3gica, n\u00e3o basta doar aos carentes, exclu\u00eddos e miser\u00e1veis, muitos nem t\u00e3o desfavorecidos, bolsas e ajudas governamentais,\u00a0 pagas por todos os cidad\u00e3os, contribuintes compuls\u00f3rios de um sistema fiscal escorchante e injusto, em especial para com a classe m\u00e9dia, os aposentados e os pensionistas. O governo, [&hellip;]","og_url":"https:\/\/www.notibras.com\/site\/em-defesa-da-liberdade-e-o-direito-a-livre-opiniao-e-expressao\/","og_site_name":"Notibras","article_publisher":"https:\/\/www.facebook.com\/notibras\/","article_published_time":"2014-06-19T23:10:23+00:00","og_image":[{"width":493,"height":367,"url":"https:\/\/www.notibras.com\/site\/wp-content\/uploads\/2014\/06\/liberdade-express\u00e3o-2.jpg","type":"image\/jpeg"}],"author":"Reda\u00e7\u00e3o","twitter_card":"summary_large_image","twitter_creator":"@Notibras","twitter_site":"@Notibras","twitter_misc":{"Escrito por":"Reda\u00e7\u00e3o","Est. tempo de leitura":"6 minutos"},"schema":{"@context":"https:\/\/schema.org","@graph":[{"@type":"Article","@id":"https:\/\/www.notibras.com\/site\/em-defesa-da-liberdade-e-o-direito-a-livre-opiniao-e-expressao\/#article","isPartOf":{"@id":"https:\/\/www.notibras.com\/site\/em-defesa-da-liberdade-e-o-direito-a-livre-opiniao-e-expressao\/"},"author":{"name":"Reda\u00e7\u00e3o","@id":"https:\/\/www.notibras.com\/site\/#\/schema\/person\/36ab0979449956132d3e5b517ea76ac8"},"headline":"Em defesa da liberdade e o direito a livre opini\u00e3o e express\u00e3o","datePublished":"2014-06-19T23:10:23+00:00","mainEntityOfPage":{"@id":"https:\/\/www.notibras.com\/site\/em-defesa-da-liberdade-e-o-direito-a-livre-opiniao-e-expressao\/"},"wordCount":1183,"commentCount":0,"publisher":{"@id":"https:\/\/www.notibras.com\/site\/#organization"},"image":{"@id":"https:\/\/www.notibras.com\/site\/em-defesa-da-liberdade-e-o-direito-a-livre-opiniao-e-expressao\/#primaryimage"},"thumbnailUrl":"https:\/\/www.notibras.com\/site\/wp-content\/uploads\/2014\/06\/liberdade-express\u00e3o-2.jpg","articleSection":["Opina a\u00ed"],"inLanguage":"pt-BR","potentialAction":[{"@type":"CommentAction","name":"Comment","target":["https:\/\/www.notibras.com\/site\/em-defesa-da-liberdade-e-o-direito-a-livre-opiniao-e-expressao\/#respond"]}]},{"@type":"WebPage","@id":"https:\/\/www.notibras.com\/site\/em-defesa-da-liberdade-e-o-direito-a-livre-opiniao-e-expressao\/","url":"https:\/\/www.notibras.com\/site\/em-defesa-da-liberdade-e-o-direito-a-livre-opiniao-e-expressao\/","name":"Em defesa da liberdade e o direito a livre opini\u00e3o e express\u00e3o - Notibras","isPartOf":{"@id":"https:\/\/www.notibras.com\/site\/#website"},"primaryImageOfPage":{"@id":"https:\/\/www.notibras.com\/site\/em-defesa-da-liberdade-e-o-direito-a-livre-opiniao-e-expressao\/#primaryimage"},"image":{"@id":"https:\/\/www.notibras.com\/site\/em-defesa-da-liberdade-e-o-direito-a-livre-opiniao-e-expressao\/#primaryimage"},"thumbnailUrl":"https:\/\/www.notibras.com\/site\/wp-content\/uploads\/2014\/06\/liberdade-express\u00e3o-2.jpg","datePublished":"2014-06-19T23:10:23+00:00","breadcrumb":{"@id":"https:\/\/www.notibras.com\/site\/em-defesa-da-liberdade-e-o-direito-a-livre-opiniao-e-expressao\/#breadcrumb"},"inLanguage":"pt-BR","potentialAction":[{"@type":"ReadAction","target":["https:\/\/www.notibras.com\/site\/em-defesa-da-liberdade-e-o-direito-a-livre-opiniao-e-expressao\/"]}]},{"@type":"ImageObject","inLanguage":"pt-BR","@id":"https:\/\/www.notibras.com\/site\/em-defesa-da-liberdade-e-o-direito-a-livre-opiniao-e-expressao\/#primaryimage","url":"https:\/\/www.notibras.com\/site\/wp-content\/uploads\/2014\/06\/liberdade-express\u00e3o-2.jpg","contentUrl":"https:\/\/www.notibras.com\/site\/wp-content\/uploads\/2014\/06\/liberdade-express\u00e3o-2.jpg","width":493,"height":367},{"@type":"BreadcrumbList","@id":"https:\/\/www.notibras.com\/site\/em-defesa-da-liberdade-e-o-direito-a-livre-opiniao-e-expressao\/#breadcrumb","itemListElement":[{"@type":"ListItem","position":1,"name":"In\u00edcio","item":"https:\/\/www.notibras.com\/site\/"},{"@type":"ListItem","position":2,"name":"Em defesa da liberdade e o direito a livre opini\u00e3o e express\u00e3o"}]},{"@type":"WebSite","@id":"https:\/\/www.notibras.com\/site\/#website","url":"https:\/\/www.notibras.com\/site\/","name":"Notibras","description":"Not\u00edcias de Bras\u00edlia, do Brasil e do Mundo","publisher":{"@id":"https:\/\/www.notibras.com\/site\/#organization"},"potentialAction":[{"@type":"SearchAction","target":{"@type":"EntryPoint","urlTemplate":"https:\/\/www.notibras.com\/site\/?s={search_term_string}"},"query-input":{"@type":"PropertyValueSpecification","valueRequired":true,"valueName":"search_term_string"}}],"inLanguage":"pt-BR"},{"@type":"Organization","@id":"https:\/\/www.notibras.com\/site\/#organization","name":"Grupo Notibras de Comunica\u00e7\u00e3o","url":"https:\/\/www.notibras.com\/site\/","logo":{"@type":"ImageObject","inLanguage":"pt-BR","@id":"https:\/\/www.notibras.com\/site\/#\/schema\/logo\/image\/","url":"https:\/\/www.notibras.com\/site\/wp-content\/uploads\/2023\/01\/notibras23.png","contentUrl":"https:\/\/www.notibras.com\/site\/wp-content\/uploads\/2023\/01\/notibras23.png","width":350,"height":87,"caption":"Grupo Notibras de Comunica\u00e7\u00e3o"},"image":{"@id":"https:\/\/www.notibras.com\/site\/#\/schema\/logo\/image\/"},"sameAs":["https:\/\/www.facebook.com\/notibras\/","https:\/\/x.com\/Notibras","https:\/\/www.instagram.com\/notibras\/"]},{"@type":"Person","@id":"https:\/\/www.notibras.com\/site\/#\/schema\/person\/36ab0979449956132d3e5b517ea76ac8","name":"Reda\u00e7\u00e3o","image":{"@type":"ImageObject","inLanguage":"pt-BR","@id":"https:\/\/secure.gravatar.com\/avatar\/e0a867bdedb85fd243eadf09663511f96fc81e0720a4a42581f334ad4303aa6b?s=96&d=mm&r=g","url":"https:\/\/secure.gravatar.com\/avatar\/e0a867bdedb85fd243eadf09663511f96fc81e0720a4a42581f334ad4303aa6b?s=96&d=mm&r=g","contentUrl":"https:\/\/secure.gravatar.com\/avatar\/e0a867bdedb85fd243eadf09663511f96fc81e0720a4a42581f334ad4303aa6b?s=96&d=mm&r=g","caption":"Reda\u00e7\u00e3o"}}]}},"amp_enabled":true,"_links":{"self":[{"href":"https:\/\/www.notibras.com\/site\/wp-json\/wp\/v2\/posts\/13885","targetHints":{"allow":["GET"]}}],"collection":[{"href":"https:\/\/www.notibras.com\/site\/wp-json\/wp\/v2\/posts"}],"about":[{"href":"https:\/\/www.notibras.com\/site\/wp-json\/wp\/v2\/types\/post"}],"author":[{"embeddable":true,"href":"https:\/\/www.notibras.com\/site\/wp-json\/wp\/v2\/users\/2"}],"replies":[{"embeddable":true,"href":"https:\/\/www.notibras.com\/site\/wp-json\/wp\/v2\/comments?post=13885"}],"version-history":[{"count":0,"href":"https:\/\/www.notibras.com\/site\/wp-json\/wp\/v2\/posts\/13885\/revisions"}],"wp:featuredmedia":[{"embeddable":true,"href":"https:\/\/www.notibras.com\/site\/wp-json\/wp\/v2\/media\/13886"}],"wp:attachment":[{"href":"https:\/\/www.notibras.com\/site\/wp-json\/wp\/v2\/media?parent=13885"}],"wp:term":[{"taxonomy":"category","embeddable":true,"href":"https:\/\/www.notibras.com\/site\/wp-json\/wp\/v2\/categories?post=13885"},{"taxonomy":"post_tag","embeddable":true,"href":"https:\/\/www.notibras.com\/site\/wp-json\/wp\/v2\/tags?post=13885"}],"curies":[{"name":"wp","href":"https:\/\/api.w.org\/{rel}","templated":true}]}}