{"id":139034,"date":"2017-05-19T08:09:30","date_gmt":"2017-05-19T11:09:30","guid":{"rendered":"http:\/\/www.notibras.com\/site\/?p=139034"},"modified":"2017-05-19T08:09:53","modified_gmt":"2017-05-19T11:09:53","slug":"fatos-lula-so-fatos-sera-mesmo-que-isso-nao-lhe-interessa","status":"publish","type":"post","link":"https:\/\/www.notibras.com\/site\/fatos-lula-so-fatos-sera-mesmo-que-isso-nao-lhe-interessa\/","title":{"rendered":"Fatos, Lula, s\u00f3 fatos. Ser\u00e1 mesmo que isso n\u00e3o interessa?"},"content":{"rendered":"<p><strong>Percival Puggina<\/strong><\/p>\n<p>Quanto mais Lula se desdobra em artif\u00edcios ret\u00f3ricos, como quem trata de escapar, em ziguezague, da artilharia dos fatos, mais parecido fica com o que se empenha em afirmar que n\u00e3o \u00e9. Assistindo trechos de sua inquiri\u00e7\u00e3o perante o juiz S\u00e9rgio Moro, lembrei-me de uma entrevista dele, em Portugal, \u00e0 jornalista Cristina Esteves, da RTP, em abril de 2014.<\/p>\n<p>Nos \u00faltimos momentos da conversa, veio uma pergunta sobre o mensal\u00e3o. A resposta de Lula tem tudo a ver com seu comportamento dia 10 em Curitiba. Transcrevo: &#8220;O tempo vai se encarregar de provar que o mensal\u00e3o teve praticamente 80% de decis\u00e3o pol\u00edtica e 20% de decis\u00e3o jur\u00eddica. O que eu acho \u00e9 que n\u00e3o houve mensal\u00e3o. Tamb\u00e9m n\u00e3o vou ficar discutindo decis\u00e3o da Suprema Corte. Mas esse processo foi um massacre que visava destruir o PT e n\u00e3o conseguiu&#8221;.<\/p>\n<p>Em sequ\u00eancia, questionado sobre o fato de estarem detidas pessoas pr\u00f3ximas a ele &#8211; como o ex-ministro Jos\u00e9 Dirceu e o ex-deputado Jos\u00e9 Genoino &#8211; saltou fora. &#8220;N\u00e3o se trata de gente da minha confian\u00e7a. Tem companheiros do PT presos&#8221;.<\/p>\n<p>Esse &#8220;tchau queridos&#8221;, proclamado em Lisboa, antecedeu o &#8220;tchau querida&#8221; do telefonema sobre a mensagem do Bessil; antecedeu o abandono dos parceiros encarcerados posteriormente, a quem e sobre quem nada tem a dizer; e antecedeu a tentativa de transformar a pacata Marisa Let\u00edcia em condutora de provid\u00eancias escandalosas que ele n\u00e3o tem como explicar e que com ela sepultou.<\/p>\n<p>Eis o homem que governou o pa\u00eds sem ningu\u00e9m de sua confian\u00e7a por perto, cuja proximidade funcionava como um toque de Midas, gerando inesperadas fortunas, mesadas, pens\u00f5es, neg\u00f3cios, a quem os amigos davam tudo e que nega lhes haver alcan\u00e7ado a menor vantagem. Eis o homem que se agita no partidor, disposto a concorrer \u00e0 presid\u00eancia. Sua anunciada campanha para desfazer as intrigas do mensal\u00e3o e sua convic\u00e7\u00e3o sobre a natureza pol\u00edtica do referido processo nunca passaram de pe\u00e7as de discurso.<\/p>\n<p>Tudo isso porque a Lula n\u00e3o interessam os fatos. Os desarranjos pol\u00edticos, econ\u00f4micos e sociais a que d\u00e1 causa se agravam e prolongam precisamente porque sua conduta contamina o ju\u00edzo e o discernimento moral de dezenas de milh\u00f5es de pessoas. A exemplo dos grandes \u00edcones do populismo, ele trata o povo que o segue como massa da qual usa e abusa para objetivos pessoais, subtraindo do repert\u00f3rio mental dessas multid\u00f5es valores sem os quais \u00e9 imposs\u00edvel operar adequadamente uma democracia constitucional. Os recentes atos de viol\u00eancia contra o direito de ir e vir, a queima de pneus e de \u00f4nibus, o abandono de preceitos essenciais \u00e0 vida civilizada e os an\u00e1temas lan\u00e7ados contra a Lava Jato s\u00e3o consequ\u00eancias do que acabei de descrever.<\/p>\n<p>A pat\u00e9tica inquiri\u00e7\u00e3o levada a cabo em Curitiba pode ser parodiada com apenas uma frase: &#8220;Doutor, vou lhe confessar. Eu n\u00e3o sou eu. Eu sou um amigo meu, que, se conhe\u00e7o, n\u00e3o lembro&#8221;.<\/p>\n","protected":false},"excerpt":{"rendered":"<p>Percival Puggina Quanto mais Lula se desdobra em artif\u00edcios ret\u00f3ricos, como quem trata de escapar, em ziguezague, da artilharia dos fatos, mais parecido fica com o que se empenha em afirmar que n\u00e3o \u00e9. Assistindo trechos de sua inquiri\u00e7\u00e3o perante o juiz S\u00e9rgio Moro, lembrei-me de uma entrevista dele, em Portugal, \u00e0 jornalista Cristina Esteves, [&hellip;]<\/p>\n","protected":false},"author":2,"featured_media":138504,"comment_status":"open","ping_status":"closed","sticky":false,"template":"","format":"standard","meta":{"_acf_changed":false,"footnotes":""},"categories":[25],"tags":[],"class_list":["post-139034","post","type-post","status-publish","format-standard","has-post-thumbnail","hentry","category-opina-ai"],"acf":[],"yoast_head":"<!-- This site is optimized with the Yoast SEO plugin v27.5 - https:\/\/yoast.com\/product\/yoast-seo-wordpress\/ -->\n<title>Fatos, Lula, s\u00f3 fatos. Ser\u00e1 mesmo que isso n\u00e3o interessa? - Notibras<\/title>\n<meta name=\"robots\" content=\"index, follow, max-snippet:-1, max-image-preview:large, max-video-preview:-1\" \/>\n<link rel=\"canonical\" href=\"https:\/\/www.notibras.com\/site\/fatos-lula-so-fatos-sera-mesmo-que-isso-nao-lhe-interessa\/\" \/>\n<meta property=\"og:locale\" content=\"pt_BR\" \/>\n<meta property=\"og:type\" content=\"article\" \/>\n<meta property=\"og:title\" content=\"Fatos, Lula, s\u00f3 fatos. Ser\u00e1 mesmo que isso n\u00e3o interessa? - Notibras\" \/>\n<meta property=\"og:description\" content=\"Percival Puggina Quanto mais Lula se desdobra em artif\u00edcios ret\u00f3ricos, como quem trata de escapar, em ziguezague, da artilharia dos fatos, mais parecido fica com o que se empenha em afirmar que n\u00e3o \u00e9. Assistindo trechos de sua inquiri\u00e7\u00e3o perante o juiz S\u00e9rgio Moro, lembrei-me de uma entrevista dele, em Portugal, \u00e0 jornalista Cristina Esteves, [&hellip;]\" \/>\n<meta property=\"og:url\" content=\"https:\/\/www.notibras.com\/site\/fatos-lula-so-fatos-sera-mesmo-que-isso-nao-lhe-interessa\/\" \/>\n<meta property=\"og:site_name\" content=\"Notibras\" \/>\n<meta property=\"article:publisher\" content=\"https:\/\/www.facebook.com\/notibras\/\" \/>\n<meta property=\"article:published_time\" content=\"2017-05-19T11:09:30+00:00\" \/>\n<meta property=\"article:modified_time\" content=\"2017-05-19T11:09:53+00:00\" \/>\n<meta property=\"og:image\" content=\"https:\/\/www.notibras.com\/site\/wp-content\/uploads\/2017\/05\/lulabilo750_15092016.jpg\" \/>\n\t<meta property=\"og:image:width\" content=\"750\" \/>\n\t<meta property=\"og:image:height\" content=\"423\" \/>\n\t<meta property=\"og:image:type\" content=\"image\/jpeg\" \/>\n<meta name=\"author\" content=\"Reda\u00e7\u00e3o\" \/>\n<meta name=\"twitter:card\" content=\"summary_large_image\" \/>\n<meta name=\"twitter:creator\" content=\"@Notibras\" \/>\n<meta name=\"twitter:site\" content=\"@Notibras\" \/>\n<meta name=\"twitter:label1\" content=\"Escrito por\" \/>\n\t<meta name=\"twitter:data1\" content=\"Reda\u00e7\u00e3o\" \/>\n\t<meta name=\"twitter:label2\" content=\"Est. tempo de leitura\" \/>\n\t<meta name=\"twitter:data2\" content=\"3 minutos\" \/>\n<script type=\"application\/ld+json\" class=\"yoast-schema-graph\">{\"@context\":\"https:\\\/\\\/schema.org\",\"@graph\":[{\"@type\":\"Article\",\"@id\":\"https:\\\/\\\/www.notibras.com\\\/site\\\/fatos-lula-so-fatos-sera-mesmo-que-isso-nao-lhe-interessa\\\/#article\",\"isPartOf\":{\"@id\":\"https:\\\/\\\/www.notibras.com\\\/site\\\/fatos-lula-so-fatos-sera-mesmo-que-isso-nao-lhe-interessa\\\/\"},\"author\":{\"name\":\"Reda\u00e7\u00e3o\",\"@id\":\"https:\\\/\\\/www.notibras.com\\\/site\\\/#\\\/schema\\\/person\\\/36ab0979449956132d3e5b517ea76ac8\"},\"headline\":\"Fatos, Lula, s\u00f3 fatos. Ser\u00e1 mesmo que isso n\u00e3o interessa?\",\"datePublished\":\"2017-05-19T11:09:30+00:00\",\"dateModified\":\"2017-05-19T11:09:53+00:00\",\"mainEntityOfPage\":{\"@id\":\"https:\\\/\\\/www.notibras.com\\\/site\\\/fatos-lula-so-fatos-sera-mesmo-que-isso-nao-lhe-interessa\\\/\"},\"wordCount\":531,\"commentCount\":0,\"publisher\":{\"@id\":\"https:\\\/\\\/www.notibras.com\\\/site\\\/#organization\"},\"image\":{\"@id\":\"https:\\\/\\\/www.notibras.com\\\/site\\\/fatos-lula-so-fatos-sera-mesmo-que-isso-nao-lhe-interessa\\\/#primaryimage\"},\"thumbnailUrl\":\"https:\\\/\\\/www.notibras.com\\\/site\\\/wp-content\\\/uploads\\\/2017\\\/05\\\/lulabilo750_15092016.jpg\",\"articleSection\":[\"Opina a\u00ed\"],\"inLanguage\":\"pt-BR\",\"potentialAction\":[{\"@type\":\"CommentAction\",\"name\":\"Comment\",\"target\":[\"https:\\\/\\\/www.notibras.com\\\/site\\\/fatos-lula-so-fatos-sera-mesmo-que-isso-nao-lhe-interessa\\\/#respond\"]}]},{\"@type\":\"WebPage\",\"@id\":\"https:\\\/\\\/www.notibras.com\\\/site\\\/fatos-lula-so-fatos-sera-mesmo-que-isso-nao-lhe-interessa\\\/\",\"url\":\"https:\\\/\\\/www.notibras.com\\\/site\\\/fatos-lula-so-fatos-sera-mesmo-que-isso-nao-lhe-interessa\\\/\",\"name\":\"Fatos, Lula, s\u00f3 fatos. Ser\u00e1 mesmo que isso n\u00e3o interessa? - Notibras\",\"isPartOf\":{\"@id\":\"https:\\\/\\\/www.notibras.com\\\/site\\\/#website\"},\"primaryImageOfPage\":{\"@id\":\"https:\\\/\\\/www.notibras.com\\\/site\\\/fatos-lula-so-fatos-sera-mesmo-que-isso-nao-lhe-interessa\\\/#primaryimage\"},\"image\":{\"@id\":\"https:\\\/\\\/www.notibras.com\\\/site\\\/fatos-lula-so-fatos-sera-mesmo-que-isso-nao-lhe-interessa\\\/#primaryimage\"},\"thumbnailUrl\":\"https:\\\/\\\/www.notibras.com\\\/site\\\/wp-content\\\/uploads\\\/2017\\\/05\\\/lulabilo750_15092016.jpg\",\"datePublished\":\"2017-05-19T11:09:30+00:00\",\"dateModified\":\"2017-05-19T11:09:53+00:00\",\"breadcrumb\":{\"@id\":\"https:\\\/\\\/www.notibras.com\\\/site\\\/fatos-lula-so-fatos-sera-mesmo-que-isso-nao-lhe-interessa\\\/#breadcrumb\"},\"inLanguage\":\"pt-BR\",\"potentialAction\":[{\"@type\":\"ReadAction\",\"target\":[\"https:\\\/\\\/www.notibras.com\\\/site\\\/fatos-lula-so-fatos-sera-mesmo-que-isso-nao-lhe-interessa\\\/\"]}]},{\"@type\":\"ImageObject\",\"inLanguage\":\"pt-BR\",\"@id\":\"https:\\\/\\\/www.notibras.com\\\/site\\\/fatos-lula-so-fatos-sera-mesmo-que-isso-nao-lhe-interessa\\\/#primaryimage\",\"url\":\"https:\\\/\\\/www.notibras.com\\\/site\\\/wp-content\\\/uploads\\\/2017\\\/05\\\/lulabilo750_15092016.jpg\",\"contentUrl\":\"https:\\\/\\\/www.notibras.com\\\/site\\\/wp-content\\\/uploads\\\/2017\\\/05\\\/lulabilo750_15092016.jpg\",\"width\":750,\"height\":423},{\"@type\":\"BreadcrumbList\",\"@id\":\"https:\\\/\\\/www.notibras.com\\\/site\\\/fatos-lula-so-fatos-sera-mesmo-que-isso-nao-lhe-interessa\\\/#breadcrumb\",\"itemListElement\":[{\"@type\":\"ListItem\",\"position\":1,\"name\":\"In\u00edcio\",\"item\":\"https:\\\/\\\/www.notibras.com\\\/site\\\/\"},{\"@type\":\"ListItem\",\"position\":2,\"name\":\"Fatos, Lula, s\u00f3 fatos. Ser\u00e1 mesmo que isso n\u00e3o interessa?\"}]},{\"@type\":\"WebSite\",\"@id\":\"https:\\\/\\\/www.notibras.com\\\/site\\\/#website\",\"url\":\"https:\\\/\\\/www.notibras.com\\\/site\\\/\",\"name\":\"Notibras\",\"description\":\"Not\u00edcias de Bras\u00edlia, do Brasil e do Mundo\",\"publisher\":{\"@id\":\"https:\\\/\\\/www.notibras.com\\\/site\\\/#organization\"},\"potentialAction\":[{\"@type\":\"SearchAction\",\"target\":{\"@type\":\"EntryPoint\",\"urlTemplate\":\"https:\\\/\\\/www.notibras.com\\\/site\\\/?s={search_term_string}\"},\"query-input\":{\"@type\":\"PropertyValueSpecification\",\"valueRequired\":true,\"valueName\":\"search_term_string\"}}],\"inLanguage\":\"pt-BR\"},{\"@type\":\"Organization\",\"@id\":\"https:\\\/\\\/www.notibras.com\\\/site\\\/#organization\",\"name\":\"Grupo Notibras de Comunica\u00e7\u00e3o\",\"url\":\"https:\\\/\\\/www.notibras.com\\\/site\\\/\",\"logo\":{\"@type\":\"ImageObject\",\"inLanguage\":\"pt-BR\",\"@id\":\"https:\\\/\\\/www.notibras.com\\\/site\\\/#\\\/schema\\\/logo\\\/image\\\/\",\"url\":\"https:\\\/\\\/www.notibras.com\\\/site\\\/wp-content\\\/uploads\\\/2023\\\/01\\\/notibras23.png\",\"contentUrl\":\"https:\\\/\\\/www.notibras.com\\\/site\\\/wp-content\\\/uploads\\\/2023\\\/01\\\/notibras23.png\",\"width\":350,\"height\":87,\"caption\":\"Grupo Notibras de Comunica\u00e7\u00e3o\"},\"image\":{\"@id\":\"https:\\\/\\\/www.notibras.com\\\/site\\\/#\\\/schema\\\/logo\\\/image\\\/\"},\"sameAs\":[\"https:\\\/\\\/www.facebook.com\\\/notibras\\\/\",\"https:\\\/\\\/x.com\\\/Notibras\",\"https:\\\/\\\/www.instagram.com\\\/notibras\\\/\"]},{\"@type\":\"Person\",\"@id\":\"https:\\\/\\\/www.notibras.com\\\/site\\\/#\\\/schema\\\/person\\\/36ab0979449956132d3e5b517ea76ac8\",\"name\":\"Reda\u00e7\u00e3o\",\"image\":{\"@type\":\"ImageObject\",\"inLanguage\":\"pt-BR\",\"@id\":\"https:\\\/\\\/secure.gravatar.com\\\/avatar\\\/e0a867bdedb85fd243eadf09663511f96fc81e0720a4a42581f334ad4303aa6b?s=96&d=mm&r=g\",\"url\":\"https:\\\/\\\/secure.gravatar.com\\\/avatar\\\/e0a867bdedb85fd243eadf09663511f96fc81e0720a4a42581f334ad4303aa6b?s=96&d=mm&r=g\",\"contentUrl\":\"https:\\\/\\\/secure.gravatar.com\\\/avatar\\\/e0a867bdedb85fd243eadf09663511f96fc81e0720a4a42581f334ad4303aa6b?s=96&d=mm&r=g\",\"caption\":\"Reda\u00e7\u00e3o\"}}]}<\/script>\n<!-- \/ Yoast SEO plugin. -->","yoast_head_json":{"title":"Fatos, Lula, s\u00f3 fatos. Ser\u00e1 mesmo que isso n\u00e3o interessa? - Notibras","robots":{"index":"index","follow":"follow","max-snippet":"max-snippet:-1","max-image-preview":"max-image-preview:large","max-video-preview":"max-video-preview:-1"},"canonical":"https:\/\/www.notibras.com\/site\/fatos-lula-so-fatos-sera-mesmo-que-isso-nao-lhe-interessa\/","og_locale":"pt_BR","og_type":"article","og_title":"Fatos, Lula, s\u00f3 fatos. Ser\u00e1 mesmo que isso n\u00e3o interessa? - Notibras","og_description":"Percival Puggina Quanto mais Lula se desdobra em artif\u00edcios ret\u00f3ricos, como quem trata de escapar, em ziguezague, da artilharia dos fatos, mais parecido fica com o que se empenha em afirmar que n\u00e3o \u00e9. Assistindo trechos de sua inquiri\u00e7\u00e3o perante o juiz S\u00e9rgio Moro, lembrei-me de uma entrevista dele, em Portugal, \u00e0 jornalista Cristina Esteves, [&hellip;]","og_url":"https:\/\/www.notibras.com\/site\/fatos-lula-so-fatos-sera-mesmo-que-isso-nao-lhe-interessa\/","og_site_name":"Notibras","article_publisher":"https:\/\/www.facebook.com\/notibras\/","article_published_time":"2017-05-19T11:09:30+00:00","article_modified_time":"2017-05-19T11:09:53+00:00","og_image":[{"width":750,"height":423,"url":"https:\/\/www.notibras.com\/site\/wp-content\/uploads\/2017\/05\/lulabilo750_15092016.jpg","type":"image\/jpeg"}],"author":"Reda\u00e7\u00e3o","twitter_card":"summary_large_image","twitter_creator":"@Notibras","twitter_site":"@Notibras","twitter_misc":{"Escrito por":"Reda\u00e7\u00e3o","Est. tempo de leitura":"3 minutos"},"schema":{"@context":"https:\/\/schema.org","@graph":[{"@type":"Article","@id":"https:\/\/www.notibras.com\/site\/fatos-lula-so-fatos-sera-mesmo-que-isso-nao-lhe-interessa\/#article","isPartOf":{"@id":"https:\/\/www.notibras.com\/site\/fatos-lula-so-fatos-sera-mesmo-que-isso-nao-lhe-interessa\/"},"author":{"name":"Reda\u00e7\u00e3o","@id":"https:\/\/www.notibras.com\/site\/#\/schema\/person\/36ab0979449956132d3e5b517ea76ac8"},"headline":"Fatos, Lula, s\u00f3 fatos. Ser\u00e1 mesmo que isso n\u00e3o interessa?","datePublished":"2017-05-19T11:09:30+00:00","dateModified":"2017-05-19T11:09:53+00:00","mainEntityOfPage":{"@id":"https:\/\/www.notibras.com\/site\/fatos-lula-so-fatos-sera-mesmo-que-isso-nao-lhe-interessa\/"},"wordCount":531,"commentCount":0,"publisher":{"@id":"https:\/\/www.notibras.com\/site\/#organization"},"image":{"@id":"https:\/\/www.notibras.com\/site\/fatos-lula-so-fatos-sera-mesmo-que-isso-nao-lhe-interessa\/#primaryimage"},"thumbnailUrl":"https:\/\/www.notibras.com\/site\/wp-content\/uploads\/2017\/05\/lulabilo750_15092016.jpg","articleSection":["Opina a\u00ed"],"inLanguage":"pt-BR","potentialAction":[{"@type":"CommentAction","name":"Comment","target":["https:\/\/www.notibras.com\/site\/fatos-lula-so-fatos-sera-mesmo-que-isso-nao-lhe-interessa\/#respond"]}]},{"@type":"WebPage","@id":"https:\/\/www.notibras.com\/site\/fatos-lula-so-fatos-sera-mesmo-que-isso-nao-lhe-interessa\/","url":"https:\/\/www.notibras.com\/site\/fatos-lula-so-fatos-sera-mesmo-que-isso-nao-lhe-interessa\/","name":"Fatos, Lula, s\u00f3 fatos. Ser\u00e1 mesmo que isso n\u00e3o interessa? - Notibras","isPartOf":{"@id":"https:\/\/www.notibras.com\/site\/#website"},"primaryImageOfPage":{"@id":"https:\/\/www.notibras.com\/site\/fatos-lula-so-fatos-sera-mesmo-que-isso-nao-lhe-interessa\/#primaryimage"},"image":{"@id":"https:\/\/www.notibras.com\/site\/fatos-lula-so-fatos-sera-mesmo-que-isso-nao-lhe-interessa\/#primaryimage"},"thumbnailUrl":"https:\/\/www.notibras.com\/site\/wp-content\/uploads\/2017\/05\/lulabilo750_15092016.jpg","datePublished":"2017-05-19T11:09:30+00:00","dateModified":"2017-05-19T11:09:53+00:00","breadcrumb":{"@id":"https:\/\/www.notibras.com\/site\/fatos-lula-so-fatos-sera-mesmo-que-isso-nao-lhe-interessa\/#breadcrumb"},"inLanguage":"pt-BR","potentialAction":[{"@type":"ReadAction","target":["https:\/\/www.notibras.com\/site\/fatos-lula-so-fatos-sera-mesmo-que-isso-nao-lhe-interessa\/"]}]},{"@type":"ImageObject","inLanguage":"pt-BR","@id":"https:\/\/www.notibras.com\/site\/fatos-lula-so-fatos-sera-mesmo-que-isso-nao-lhe-interessa\/#primaryimage","url":"https:\/\/www.notibras.com\/site\/wp-content\/uploads\/2017\/05\/lulabilo750_15092016.jpg","contentUrl":"https:\/\/www.notibras.com\/site\/wp-content\/uploads\/2017\/05\/lulabilo750_15092016.jpg","width":750,"height":423},{"@type":"BreadcrumbList","@id":"https:\/\/www.notibras.com\/site\/fatos-lula-so-fatos-sera-mesmo-que-isso-nao-lhe-interessa\/#breadcrumb","itemListElement":[{"@type":"ListItem","position":1,"name":"In\u00edcio","item":"https:\/\/www.notibras.com\/site\/"},{"@type":"ListItem","position":2,"name":"Fatos, Lula, s\u00f3 fatos. Ser\u00e1 mesmo que isso n\u00e3o interessa?"}]},{"@type":"WebSite","@id":"https:\/\/www.notibras.com\/site\/#website","url":"https:\/\/www.notibras.com\/site\/","name":"Notibras","description":"Not\u00edcias de Bras\u00edlia, do Brasil e do Mundo","publisher":{"@id":"https:\/\/www.notibras.com\/site\/#organization"},"potentialAction":[{"@type":"SearchAction","target":{"@type":"EntryPoint","urlTemplate":"https:\/\/www.notibras.com\/site\/?s={search_term_string}"},"query-input":{"@type":"PropertyValueSpecification","valueRequired":true,"valueName":"search_term_string"}}],"inLanguage":"pt-BR"},{"@type":"Organization","@id":"https:\/\/www.notibras.com\/site\/#organization","name":"Grupo Notibras de Comunica\u00e7\u00e3o","url":"https:\/\/www.notibras.com\/site\/","logo":{"@type":"ImageObject","inLanguage":"pt-BR","@id":"https:\/\/www.notibras.com\/site\/#\/schema\/logo\/image\/","url":"https:\/\/www.notibras.com\/site\/wp-content\/uploads\/2023\/01\/notibras23.png","contentUrl":"https:\/\/www.notibras.com\/site\/wp-content\/uploads\/2023\/01\/notibras23.png","width":350,"height":87,"caption":"Grupo Notibras de Comunica\u00e7\u00e3o"},"image":{"@id":"https:\/\/www.notibras.com\/site\/#\/schema\/logo\/image\/"},"sameAs":["https:\/\/www.facebook.com\/notibras\/","https:\/\/x.com\/Notibras","https:\/\/www.instagram.com\/notibras\/"]},{"@type":"Person","@id":"https:\/\/www.notibras.com\/site\/#\/schema\/person\/36ab0979449956132d3e5b517ea76ac8","name":"Reda\u00e7\u00e3o","image":{"@type":"ImageObject","inLanguage":"pt-BR","@id":"https:\/\/secure.gravatar.com\/avatar\/e0a867bdedb85fd243eadf09663511f96fc81e0720a4a42581f334ad4303aa6b?s=96&d=mm&r=g","url":"https:\/\/secure.gravatar.com\/avatar\/e0a867bdedb85fd243eadf09663511f96fc81e0720a4a42581f334ad4303aa6b?s=96&d=mm&r=g","contentUrl":"https:\/\/secure.gravatar.com\/avatar\/e0a867bdedb85fd243eadf09663511f96fc81e0720a4a42581f334ad4303aa6b?s=96&d=mm&r=g","caption":"Reda\u00e7\u00e3o"}}]}},"amp_enabled":true,"_links":{"self":[{"href":"https:\/\/www.notibras.com\/site\/wp-json\/wp\/v2\/posts\/139034","targetHints":{"allow":["GET"]}}],"collection":[{"href":"https:\/\/www.notibras.com\/site\/wp-json\/wp\/v2\/posts"}],"about":[{"href":"https:\/\/www.notibras.com\/site\/wp-json\/wp\/v2\/types\/post"}],"author":[{"embeddable":true,"href":"https:\/\/www.notibras.com\/site\/wp-json\/wp\/v2\/users\/2"}],"replies":[{"embeddable":true,"href":"https:\/\/www.notibras.com\/site\/wp-json\/wp\/v2\/comments?post=139034"}],"version-history":[{"count":2,"href":"https:\/\/www.notibras.com\/site\/wp-json\/wp\/v2\/posts\/139034\/revisions"}],"predecessor-version":[{"id":139036,"href":"https:\/\/www.notibras.com\/site\/wp-json\/wp\/v2\/posts\/139034\/revisions\/139036"}],"wp:featuredmedia":[{"embeddable":true,"href":"https:\/\/www.notibras.com\/site\/wp-json\/wp\/v2\/media\/138504"}],"wp:attachment":[{"href":"https:\/\/www.notibras.com\/site\/wp-json\/wp\/v2\/media?parent=139034"}],"wp:term":[{"taxonomy":"category","embeddable":true,"href":"https:\/\/www.notibras.com\/site\/wp-json\/wp\/v2\/categories?post=139034"},{"taxonomy":"post_tag","embeddable":true,"href":"https:\/\/www.notibras.com\/site\/wp-json\/wp\/v2\/tags?post=139034"}],"curies":[{"name":"wp","href":"https:\/\/api.w.org\/{rel}","templated":true}]}}