{"id":13934,"date":"2014-06-20T15:00:12","date_gmt":"2014-06-20T18:00:12","guid":{"rendered":"http:\/\/www.notibras.com\/site\/?p=13934"},"modified":"2014-06-20T17:57:51","modified_gmt":"2014-06-20T20:57:51","slug":"costa-rica-faz-mais-uma-vitima-passa-para-as-oitavas-e-italia-fica-ameacada","status":"publish","type":"post","link":"https:\/\/www.notibras.com\/site\/costa-rica-faz-mais-uma-vitima-passa-para-as-oitavas-e-italia-fica-ameacada\/","title":{"rendered":"Costa Rica faz mais uma v\u00edtima, avan\u00e7a e It\u00e1lia fica amea\u00e7ada"},"content":{"rendered":"<p>Depois da Espanha, primeira grande a cair fora, e a Inglaterra, agora \u00e9 a sele\u00e7\u00e3o italiana que est\u00e1 prestes a carimbar o passaporte e embarcar para Roma antes do tempo previsto. E os respons\u00e1veis por essa fa\u00e7anha s\u00e3o os costarriquenhos, que derrotaram a Azurra nesta sexta-feira 20 por 1 a 0, na Arena Pernambuco.<\/p>\n<p>A It\u00e1lia come\u00e7ou o jogo com muita dificuldade e s\u00f3 conseguiu dar o primeiro arremate no gol de Navas aos 26 minutos. O jogo, at\u00e9 ent\u00e3o dominado pela Costa Rica, ficou equilibrado, com as duas sele\u00e7\u00f5es se revezando no ataque.<\/p>\n<blockquote><p>Aos 42 minutos o \u00e1rbitro n\u00e3o marcou um p\u00eanalti claro de Chiellini em Campbell. No lance seguinte, Ruiz, de cabe\u00e7a, marcou o \u00fanico gol do jogo para a Costa Rica: Diaz descolou bom levantamento da esquerda e Ruiz, livre, cabeceou forte. A bola resvalou no travess\u00e3o e entrou.<\/p><\/blockquote>\n<p>Na \u00faltima rodada, a It\u00e1lia encara o Uruguai, na pr\u00f3xima ter\u00e7a-feira, \u00e0s 13hs, na Arena das Dunas. J\u00e1 Costa Rica enfrentar\u00e1 a Inglaterra, tamb\u00e9m na ter\u00e7a no mesmo hor\u00e1rio, no Mineir\u00e3o.<\/p>\n<p>Vale observar, como lembrou o Uol Esportes, que quando ocorreu o sorteio para a Copa de 2014, a Costa Rica era apontada como o &#8216;saco de pancadas&#8217; de uma chave com tr\u00eas campe\u00f5es mundiais.<\/p>\n<p>Duas rodadas depois e a sele\u00e7\u00e3o centro-americana \u00e9 a \u00fanica do &#8216;grupo da morte&#8217; classificada com anteced\u00eancia para as oitavas de final. Depois do Uruguai, foi a vez da It\u00e1lia ser v\u00edtima da &#8216;zebra&#8217;.<\/p>\n<p>Classifica\u00e7\u00e3o hist\u00f3rica de uma equipe que n\u00e3o se intimidou diante gigantes do futebol mundial. Com ousadia e alegria, talvez inspiradas pelo per\u00edodo de treinamentos na Vila Belmiro de Pel\u00e9 e Neymar. E que ainda contou com a ajuda da nova tecnologia da Fifa no gol em que a bola ultrapassou a linha por poucos cent\u00edmetros.<\/p>\n<p>Com dois triunfos seguidos, a Costa Rica precisa de um empate na \u00faltima rodada contra a eliminada Inglaterra para ser l\u00edder da chave. A It\u00e1lia ter\u00e1 pela frente um confronto direto contra o Uruguai pela segunda vaga do grupo D.<\/p>\n","protected":false},"excerpt":{"rendered":"<p>Depois da Espanha, primeira grande a cair fora, e a Inglaterra, agora \u00e9 a sele\u00e7\u00e3o italiana que est\u00e1 prestes a carimbar o passaporte e embarcar para Roma antes do tempo previsto. E os respons\u00e1veis por essa fa\u00e7anha s\u00e3o os costarriquenhos, que derrotaram a Azurra nesta sexta-feira 20 por 1 a 0, na Arena Pernambuco. A [&hellip;]<\/p>\n","protected":false},"author":2,"featured_media":13935,"comment_status":"open","ping_status":"closed","sticky":false,"template":"","format":"standard","meta":{"_acf_changed":false,"footnotes":""},"categories":[19],"tags":[],"class_list":["post-13934","post","type-post","status-publish","format-standard","has-post-thumbnail","hentry","category-esportes"],"acf":[],"yoast_head":"<!-- This site is optimized with the Yoast SEO plugin v27.2 - https:\/\/yoast.com\/product\/yoast-seo-wordpress\/ -->\n<title>Costa Rica faz mais uma v\u00edtima, avan\u00e7a e It\u00e1lia fica amea\u00e7ada - Notibras<\/title>\n<meta name=\"robots\" content=\"index, follow, max-snippet:-1, max-image-preview:large, max-video-preview:-1\" \/>\n<link rel=\"canonical\" href=\"https:\/\/www.notibras.com\/site\/costa-rica-faz-mais-uma-vitima-passa-para-as-oitavas-e-italia-fica-ameacada\/\" \/>\n<meta property=\"og:locale\" content=\"pt_BR\" \/>\n<meta property=\"og:type\" content=\"article\" \/>\n<meta property=\"og:title\" content=\"Costa Rica faz mais uma v\u00edtima, avan\u00e7a e It\u00e1lia fica amea\u00e7ada - Notibras\" \/>\n<meta property=\"og:description\" content=\"Depois da Espanha, primeira grande a cair fora, e a Inglaterra, agora \u00e9 a sele\u00e7\u00e3o italiana que est\u00e1 prestes a carimbar o passaporte e embarcar para Roma antes do tempo previsto. E os respons\u00e1veis por essa fa\u00e7anha s\u00e3o os costarriquenhos, que derrotaram a Azurra nesta sexta-feira 20 por 1 a 0, na Arena Pernambuco. A [&hellip;]\" \/>\n<meta property=\"og:url\" content=\"https:\/\/www.notibras.com\/site\/costa-rica-faz-mais-uma-vitima-passa-para-as-oitavas-e-italia-fica-ameacada\/\" \/>\n<meta property=\"og:site_name\" content=\"Notibras\" \/>\n<meta property=\"article:publisher\" content=\"https:\/\/www.facebook.com\/notibras\/\" \/>\n<meta property=\"article:published_time\" content=\"2014-06-20T18:00:12+00:00\" \/>\n<meta property=\"article:modified_time\" content=\"2014-06-20T20:57:51+00:00\" \/>\n<meta property=\"og:image\" content=\"https:\/\/www.notibras.com\/site\/wp-content\/uploads\/2014\/06\/golciosta-scaled.jpg\" \/>\n\t<meta property=\"og:image:width\" content=\"2560\" \/>\n\t<meta property=\"og:image:height\" content=\"1851\" \/>\n\t<meta property=\"og:image:type\" content=\"image\/jpeg\" \/>\n<meta name=\"author\" content=\"Reda\u00e7\u00e3o\" \/>\n<meta name=\"twitter:card\" content=\"summary_large_image\" \/>\n<meta name=\"twitter:creator\" content=\"@Notibras\" \/>\n<meta name=\"twitter:site\" content=\"@Notibras\" \/>\n<meta name=\"twitter:label1\" content=\"Escrito por\" \/>\n\t<meta name=\"twitter:data1\" content=\"Reda\u00e7\u00e3o\" \/>\n\t<meta name=\"twitter:label2\" content=\"Est. tempo de leitura\" \/>\n\t<meta name=\"twitter:data2\" content=\"2 minutos\" \/>\n<script type=\"application\/ld+json\" class=\"yoast-schema-graph\">{\"@context\":\"https:\/\/schema.org\",\"@graph\":[{\"@type\":\"Article\",\"@id\":\"https:\/\/www.notibras.com\/site\/costa-rica-faz-mais-uma-vitima-passa-para-as-oitavas-e-italia-fica-ameacada\/#article\",\"isPartOf\":{\"@id\":\"https:\/\/www.notibras.com\/site\/costa-rica-faz-mais-uma-vitima-passa-para-as-oitavas-e-italia-fica-ameacada\/\"},\"author\":{\"name\":\"Reda\u00e7\u00e3o\",\"@id\":\"https:\/\/www.notibras.com\/site\/#\/schema\/person\/36ab0979449956132d3e5b517ea76ac8\"},\"headline\":\"Costa Rica faz mais uma v\u00edtima, avan\u00e7a e It\u00e1lia fica amea\u00e7ada\",\"datePublished\":\"2014-06-20T18:00:12+00:00\",\"dateModified\":\"2014-06-20T20:57:51+00:00\",\"mainEntityOfPage\":{\"@id\":\"https:\/\/www.notibras.com\/site\/costa-rica-faz-mais-uma-vitima-passa-para-as-oitavas-e-italia-fica-ameacada\/\"},\"wordCount\":375,\"commentCount\":0,\"publisher\":{\"@id\":\"https:\/\/www.notibras.com\/site\/#organization\"},\"image\":{\"@id\":\"https:\/\/www.notibras.com\/site\/costa-rica-faz-mais-uma-vitima-passa-para-as-oitavas-e-italia-fica-ameacada\/#primaryimage\"},\"thumbnailUrl\":\"https:\/\/www.notibras.com\/site\/wp-content\/uploads\/2014\/06\/golciosta-scaled.jpg\",\"articleSection\":[\"Esportes\"],\"inLanguage\":\"pt-BR\",\"potentialAction\":[{\"@type\":\"CommentAction\",\"name\":\"Comment\",\"target\":[\"https:\/\/www.notibras.com\/site\/costa-rica-faz-mais-uma-vitima-passa-para-as-oitavas-e-italia-fica-ameacada\/#respond\"]}]},{\"@type\":\"WebPage\",\"@id\":\"https:\/\/www.notibras.com\/site\/costa-rica-faz-mais-uma-vitima-passa-para-as-oitavas-e-italia-fica-ameacada\/\",\"url\":\"https:\/\/www.notibras.com\/site\/costa-rica-faz-mais-uma-vitima-passa-para-as-oitavas-e-italia-fica-ameacada\/\",\"name\":\"Costa Rica faz mais uma v\u00edtima, avan\u00e7a e It\u00e1lia fica amea\u00e7ada - Notibras\",\"isPartOf\":{\"@id\":\"https:\/\/www.notibras.com\/site\/#website\"},\"primaryImageOfPage\":{\"@id\":\"https:\/\/www.notibras.com\/site\/costa-rica-faz-mais-uma-vitima-passa-para-as-oitavas-e-italia-fica-ameacada\/#primaryimage\"},\"image\":{\"@id\":\"https:\/\/www.notibras.com\/site\/costa-rica-faz-mais-uma-vitima-passa-para-as-oitavas-e-italia-fica-ameacada\/#primaryimage\"},\"thumbnailUrl\":\"https:\/\/www.notibras.com\/site\/wp-content\/uploads\/2014\/06\/golciosta-scaled.jpg\",\"datePublished\":\"2014-06-20T18:00:12+00:00\",\"dateModified\":\"2014-06-20T20:57:51+00:00\",\"breadcrumb\":{\"@id\":\"https:\/\/www.notibras.com\/site\/costa-rica-faz-mais-uma-vitima-passa-para-as-oitavas-e-italia-fica-ameacada\/#breadcrumb\"},\"inLanguage\":\"pt-BR\",\"potentialAction\":[{\"@type\":\"ReadAction\",\"target\":[\"https:\/\/www.notibras.com\/site\/costa-rica-faz-mais-uma-vitima-passa-para-as-oitavas-e-italia-fica-ameacada\/\"]}]},{\"@type\":\"ImageObject\",\"inLanguage\":\"pt-BR\",\"@id\":\"https:\/\/www.notibras.com\/site\/costa-rica-faz-mais-uma-vitima-passa-para-as-oitavas-e-italia-fica-ameacada\/#primaryimage\",\"url\":\"https:\/\/www.notibras.com\/site\/wp-content\/uploads\/2014\/06\/golciosta-scaled.jpg\",\"contentUrl\":\"https:\/\/www.notibras.com\/site\/wp-content\/uploads\/2014\/06\/golciosta-scaled.jpg\",\"width\":2560,\"height\":1851},{\"@type\":\"BreadcrumbList\",\"@id\":\"https:\/\/www.notibras.com\/site\/costa-rica-faz-mais-uma-vitima-passa-para-as-oitavas-e-italia-fica-ameacada\/#breadcrumb\",\"itemListElement\":[{\"@type\":\"ListItem\",\"position\":1,\"name\":\"In\u00edcio\",\"item\":\"https:\/\/www.notibras.com\/site\/\"},{\"@type\":\"ListItem\",\"position\":2,\"name\":\"Costa Rica faz mais uma v\u00edtima, avan\u00e7a e It\u00e1lia fica amea\u00e7ada\"}]},{\"@type\":\"WebSite\",\"@id\":\"https:\/\/www.notibras.com\/site\/#website\",\"url\":\"https:\/\/www.notibras.com\/site\/\",\"name\":\"Notibras\",\"description\":\"Not\u00edcias de Bras\u00edlia, do Brasil e do Mundo\",\"publisher\":{\"@id\":\"https:\/\/www.notibras.com\/site\/#organization\"},\"potentialAction\":[{\"@type\":\"SearchAction\",\"target\":{\"@type\":\"EntryPoint\",\"urlTemplate\":\"https:\/\/www.notibras.com\/site\/?s={search_term_string}\"},\"query-input\":{\"@type\":\"PropertyValueSpecification\",\"valueRequired\":true,\"valueName\":\"search_term_string\"}}],\"inLanguage\":\"pt-BR\"},{\"@type\":\"Organization\",\"@id\":\"https:\/\/www.notibras.com\/site\/#organization\",\"name\":\"Grupo Notibras de Comunica\u00e7\u00e3o\",\"url\":\"https:\/\/www.notibras.com\/site\/\",\"logo\":{\"@type\":\"ImageObject\",\"inLanguage\":\"pt-BR\",\"@id\":\"https:\/\/www.notibras.com\/site\/#\/schema\/logo\/image\/\",\"url\":\"https:\/\/www.notibras.com\/site\/wp-content\/uploads\/2023\/01\/notibras23.png\",\"contentUrl\":\"https:\/\/www.notibras.com\/site\/wp-content\/uploads\/2023\/01\/notibras23.png\",\"width\":350,\"height\":87,\"caption\":\"Grupo Notibras de Comunica\u00e7\u00e3o\"},\"image\":{\"@id\":\"https:\/\/www.notibras.com\/site\/#\/schema\/logo\/image\/\"},\"sameAs\":[\"https:\/\/www.facebook.com\/notibras\/\",\"https:\/\/x.com\/Notibras\",\"https:\/\/www.instagram.com\/notibras\/\"]},{\"@type\":\"Person\",\"@id\":\"https:\/\/www.notibras.com\/site\/#\/schema\/person\/36ab0979449956132d3e5b517ea76ac8\",\"name\":\"Reda\u00e7\u00e3o\",\"image\":{\"@type\":\"ImageObject\",\"inLanguage\":\"pt-BR\",\"@id\":\"https:\/\/secure.gravatar.com\/avatar\/e0a867bdedb85fd243eadf09663511f96fc81e0720a4a42581f334ad4303aa6b?s=96&d=mm&r=g\",\"url\":\"https:\/\/secure.gravatar.com\/avatar\/e0a867bdedb85fd243eadf09663511f96fc81e0720a4a42581f334ad4303aa6b?s=96&d=mm&r=g\",\"contentUrl\":\"https:\/\/secure.gravatar.com\/avatar\/e0a867bdedb85fd243eadf09663511f96fc81e0720a4a42581f334ad4303aa6b?s=96&d=mm&r=g\",\"caption\":\"Reda\u00e7\u00e3o\"}}]}<\/script>\n<!-- \/ Yoast SEO plugin. -->","yoast_head_json":{"title":"Costa Rica faz mais uma v\u00edtima, avan\u00e7a e It\u00e1lia fica amea\u00e7ada - Notibras","robots":{"index":"index","follow":"follow","max-snippet":"max-snippet:-1","max-image-preview":"max-image-preview:large","max-video-preview":"max-video-preview:-1"},"canonical":"https:\/\/www.notibras.com\/site\/costa-rica-faz-mais-uma-vitima-passa-para-as-oitavas-e-italia-fica-ameacada\/","og_locale":"pt_BR","og_type":"article","og_title":"Costa Rica faz mais uma v\u00edtima, avan\u00e7a e It\u00e1lia fica amea\u00e7ada - Notibras","og_description":"Depois da Espanha, primeira grande a cair fora, e a Inglaterra, agora \u00e9 a sele\u00e7\u00e3o italiana que est\u00e1 prestes a carimbar o passaporte e embarcar para Roma antes do tempo previsto. E os respons\u00e1veis por essa fa\u00e7anha s\u00e3o os costarriquenhos, que derrotaram a Azurra nesta sexta-feira 20 por 1 a 0, na Arena Pernambuco. A [&hellip;]","og_url":"https:\/\/www.notibras.com\/site\/costa-rica-faz-mais-uma-vitima-passa-para-as-oitavas-e-italia-fica-ameacada\/","og_site_name":"Notibras","article_publisher":"https:\/\/www.facebook.com\/notibras\/","article_published_time":"2014-06-20T18:00:12+00:00","article_modified_time":"2014-06-20T20:57:51+00:00","og_image":[{"width":2560,"height":1851,"url":"https:\/\/www.notibras.com\/site\/wp-content\/uploads\/2014\/06\/golciosta-scaled.jpg","type":"image\/jpeg"}],"author":"Reda\u00e7\u00e3o","twitter_card":"summary_large_image","twitter_creator":"@Notibras","twitter_site":"@Notibras","twitter_misc":{"Escrito por":"Reda\u00e7\u00e3o","Est. tempo de leitura":"2 minutos"},"schema":{"@context":"https:\/\/schema.org","@graph":[{"@type":"Article","@id":"https:\/\/www.notibras.com\/site\/costa-rica-faz-mais-uma-vitima-passa-para-as-oitavas-e-italia-fica-ameacada\/#article","isPartOf":{"@id":"https:\/\/www.notibras.com\/site\/costa-rica-faz-mais-uma-vitima-passa-para-as-oitavas-e-italia-fica-ameacada\/"},"author":{"name":"Reda\u00e7\u00e3o","@id":"https:\/\/www.notibras.com\/site\/#\/schema\/person\/36ab0979449956132d3e5b517ea76ac8"},"headline":"Costa Rica faz mais uma v\u00edtima, avan\u00e7a e It\u00e1lia fica amea\u00e7ada","datePublished":"2014-06-20T18:00:12+00:00","dateModified":"2014-06-20T20:57:51+00:00","mainEntityOfPage":{"@id":"https:\/\/www.notibras.com\/site\/costa-rica-faz-mais-uma-vitima-passa-para-as-oitavas-e-italia-fica-ameacada\/"},"wordCount":375,"commentCount":0,"publisher":{"@id":"https:\/\/www.notibras.com\/site\/#organization"},"image":{"@id":"https:\/\/www.notibras.com\/site\/costa-rica-faz-mais-uma-vitima-passa-para-as-oitavas-e-italia-fica-ameacada\/#primaryimage"},"thumbnailUrl":"https:\/\/www.notibras.com\/site\/wp-content\/uploads\/2014\/06\/golciosta-scaled.jpg","articleSection":["Esportes"],"inLanguage":"pt-BR","potentialAction":[{"@type":"CommentAction","name":"Comment","target":["https:\/\/www.notibras.com\/site\/costa-rica-faz-mais-uma-vitima-passa-para-as-oitavas-e-italia-fica-ameacada\/#respond"]}]},{"@type":"WebPage","@id":"https:\/\/www.notibras.com\/site\/costa-rica-faz-mais-uma-vitima-passa-para-as-oitavas-e-italia-fica-ameacada\/","url":"https:\/\/www.notibras.com\/site\/costa-rica-faz-mais-uma-vitima-passa-para-as-oitavas-e-italia-fica-ameacada\/","name":"Costa Rica faz mais uma v\u00edtima, avan\u00e7a e It\u00e1lia fica amea\u00e7ada - Notibras","isPartOf":{"@id":"https:\/\/www.notibras.com\/site\/#website"},"primaryImageOfPage":{"@id":"https:\/\/www.notibras.com\/site\/costa-rica-faz-mais-uma-vitima-passa-para-as-oitavas-e-italia-fica-ameacada\/#primaryimage"},"image":{"@id":"https:\/\/www.notibras.com\/site\/costa-rica-faz-mais-uma-vitima-passa-para-as-oitavas-e-italia-fica-ameacada\/#primaryimage"},"thumbnailUrl":"https:\/\/www.notibras.com\/site\/wp-content\/uploads\/2014\/06\/golciosta-scaled.jpg","datePublished":"2014-06-20T18:00:12+00:00","dateModified":"2014-06-20T20:57:51+00:00","breadcrumb":{"@id":"https:\/\/www.notibras.com\/site\/costa-rica-faz-mais-uma-vitima-passa-para-as-oitavas-e-italia-fica-ameacada\/#breadcrumb"},"inLanguage":"pt-BR","potentialAction":[{"@type":"ReadAction","target":["https:\/\/www.notibras.com\/site\/costa-rica-faz-mais-uma-vitima-passa-para-as-oitavas-e-italia-fica-ameacada\/"]}]},{"@type":"ImageObject","inLanguage":"pt-BR","@id":"https:\/\/www.notibras.com\/site\/costa-rica-faz-mais-uma-vitima-passa-para-as-oitavas-e-italia-fica-ameacada\/#primaryimage","url":"https:\/\/www.notibras.com\/site\/wp-content\/uploads\/2014\/06\/golciosta-scaled.jpg","contentUrl":"https:\/\/www.notibras.com\/site\/wp-content\/uploads\/2014\/06\/golciosta-scaled.jpg","width":2560,"height":1851},{"@type":"BreadcrumbList","@id":"https:\/\/www.notibras.com\/site\/costa-rica-faz-mais-uma-vitima-passa-para-as-oitavas-e-italia-fica-ameacada\/#breadcrumb","itemListElement":[{"@type":"ListItem","position":1,"name":"In\u00edcio","item":"https:\/\/www.notibras.com\/site\/"},{"@type":"ListItem","position":2,"name":"Costa Rica faz mais uma v\u00edtima, avan\u00e7a e It\u00e1lia fica amea\u00e7ada"}]},{"@type":"WebSite","@id":"https:\/\/www.notibras.com\/site\/#website","url":"https:\/\/www.notibras.com\/site\/","name":"Notibras","description":"Not\u00edcias de Bras\u00edlia, do Brasil e do Mundo","publisher":{"@id":"https:\/\/www.notibras.com\/site\/#organization"},"potentialAction":[{"@type":"SearchAction","target":{"@type":"EntryPoint","urlTemplate":"https:\/\/www.notibras.com\/site\/?s={search_term_string}"},"query-input":{"@type":"PropertyValueSpecification","valueRequired":true,"valueName":"search_term_string"}}],"inLanguage":"pt-BR"},{"@type":"Organization","@id":"https:\/\/www.notibras.com\/site\/#organization","name":"Grupo Notibras de Comunica\u00e7\u00e3o","url":"https:\/\/www.notibras.com\/site\/","logo":{"@type":"ImageObject","inLanguage":"pt-BR","@id":"https:\/\/www.notibras.com\/site\/#\/schema\/logo\/image\/","url":"https:\/\/www.notibras.com\/site\/wp-content\/uploads\/2023\/01\/notibras23.png","contentUrl":"https:\/\/www.notibras.com\/site\/wp-content\/uploads\/2023\/01\/notibras23.png","width":350,"height":87,"caption":"Grupo Notibras de Comunica\u00e7\u00e3o"},"image":{"@id":"https:\/\/www.notibras.com\/site\/#\/schema\/logo\/image\/"},"sameAs":["https:\/\/www.facebook.com\/notibras\/","https:\/\/x.com\/Notibras","https:\/\/www.instagram.com\/notibras\/"]},{"@type":"Person","@id":"https:\/\/www.notibras.com\/site\/#\/schema\/person\/36ab0979449956132d3e5b517ea76ac8","name":"Reda\u00e7\u00e3o","image":{"@type":"ImageObject","inLanguage":"pt-BR","@id":"https:\/\/secure.gravatar.com\/avatar\/e0a867bdedb85fd243eadf09663511f96fc81e0720a4a42581f334ad4303aa6b?s=96&d=mm&r=g","url":"https:\/\/secure.gravatar.com\/avatar\/e0a867bdedb85fd243eadf09663511f96fc81e0720a4a42581f334ad4303aa6b?s=96&d=mm&r=g","contentUrl":"https:\/\/secure.gravatar.com\/avatar\/e0a867bdedb85fd243eadf09663511f96fc81e0720a4a42581f334ad4303aa6b?s=96&d=mm&r=g","caption":"Reda\u00e7\u00e3o"}}]}},"amp_enabled":true,"_links":{"self":[{"href":"https:\/\/www.notibras.com\/site\/wp-json\/wp\/v2\/posts\/13934","targetHints":{"allow":["GET"]}}],"collection":[{"href":"https:\/\/www.notibras.com\/site\/wp-json\/wp\/v2\/posts"}],"about":[{"href":"https:\/\/www.notibras.com\/site\/wp-json\/wp\/v2\/types\/post"}],"author":[{"embeddable":true,"href":"https:\/\/www.notibras.com\/site\/wp-json\/wp\/v2\/users\/2"}],"replies":[{"embeddable":true,"href":"https:\/\/www.notibras.com\/site\/wp-json\/wp\/v2\/comments?post=13934"}],"version-history":[{"count":0,"href":"https:\/\/www.notibras.com\/site\/wp-json\/wp\/v2\/posts\/13934\/revisions"}],"wp:featuredmedia":[{"embeddable":true,"href":"https:\/\/www.notibras.com\/site\/wp-json\/wp\/v2\/media\/13935"}],"wp:attachment":[{"href":"https:\/\/www.notibras.com\/site\/wp-json\/wp\/v2\/media?parent=13934"}],"wp:term":[{"taxonomy":"category","embeddable":true,"href":"https:\/\/www.notibras.com\/site\/wp-json\/wp\/v2\/categories?post=13934"},{"taxonomy":"post_tag","embeddable":true,"href":"https:\/\/www.notibras.com\/site\/wp-json\/wp\/v2\/tags?post=13934"}],"curies":[{"name":"wp","href":"https:\/\/api.w.org\/{rel}","templated":true}]}}