{"id":139380,"date":"2017-05-22T09:09:45","date_gmt":"2017-05-22T12:09:45","guid":{"rendered":"http:\/\/www.notibras.com\/site\/?p=139380"},"modified":"2017-05-22T09:10:24","modified_gmt":"2017-05-22T12:10:24","slug":"temer-cai-temer-fica-ha-tantos-substitutos-dando-sopa","status":"publish","type":"post","link":"https:\/\/www.notibras.com\/site\/temer-cai-temer-fica-ha-tantos-substitutos-dando-sopa\/","title":{"rendered":"Temer cai, Temer fica? H\u00e1 tantos substitutos por a\u00ed"},"content":{"rendered":"<p><strong>Celso Lungaetti<\/strong><\/p>\n<p>Nova dela\u00e7\u00e3o premiada vazada, novo alvoro\u00e7o na pol\u00edtica brasileira. Muita gente antevendo uma revanche contra Michel Temer, como se ele n\u00e3o fosse apenas um pol\u00edtico profissional sem porte de estadista, nem carisma, nem nada que o distingua particularmente de milhares de outros que poderiam estar desempenhando o mesmo papel com desempenho equivalente. N\u00e3o passa, enfim, do servi\u00e7al da vez da classe dominante.<\/p>\n<p>Desta vez ele cair\u00e1? \u00c9 imposs\u00edvel afirmar agora, pois a partida mal come\u00e7ou. Mas, quem vai ganhar o campeonato, isto n\u00f3s sabemos: ser\u00e3o os de sempre.<\/p>\n<p>Se os donos do Brasil chegarem a um consenso quanto a substituto, descartar\u00e3o Temer. Se n\u00e3o houver um nome capaz de inspirar-lhes confian\u00e7a, manter\u00e3o Temer. \u00c9 simples assim.<\/p>\n<p>Nada de bom advir\u00e1 para n\u00f3s do jogo de cartas marcadas dos tr\u00eas Poderes. Decidida sua degola, ou Temer renuncia, ou o julgamento da chapa Dilma-Temer na Justi\u00e7a Eleitoral, que se encaminhava para livrar a cara dele, tem o script alterado, condenando ambos.<\/p>\n<p>S\u00e3o duas op\u00e7\u00f5es \u00f3bvias para se colocar a escolha do substituto nas m\u00e3os do Congresso Nacional, que, pela via indireta, eleger\u00e1 presidente quem o sistema escolher. Com isto, sairia seis para a entrada de meia d\u00fazia.<\/p>\n<p>Fazer campanha por uma elei\u00e7\u00e3o direta, embora a Constitui\u00e7\u00e3o n\u00e3o a preveja depois de completados dois anos de mandato? Quem disse que o povo est\u00e1 esperan\u00e7oso e ansioso por votar como em 1984 (quando lhe parecia que, escorra\u00e7ados os militares do poder, tudo melhoraria como que por encanto)? Hoje, pelo contr\u00e1rio, o pessimismo e o desencanto s\u00e3o generalizados. Dificilmente uma nova mobiliza\u00e7\u00e3o do tipo diretas-j\u00e1 reuniria as multid\u00f5es de ent\u00e3o.<\/p>\n<p>De resto, face \u00e0 acentuada desmoraliza\u00e7\u00e3o de todos os pol\u00edticos que estiveram em evid\u00eancia nos \u00faltimos e deplor\u00e1veis tempos, \u00e9 enorme a possibilidade de uma elei\u00e7\u00e3o direta \u2014seja a tamp\u00e3o definida no texto constitucional, seja a antecipada com que muitos sonham, seja a marcada para o final de 2018\u2014, levar ao poder um outsider como Jo\u00e3o D\u00f3ria Jr. ou Jair Bolsonaro.<\/p>\n<p>Est\u00e1 na hora de deixarmos de dar tanta import\u00e2ncia ao que acontece em Bras\u00edlia. \u00c9 t\u00e3o irrelevante quanto uma miragem no deserto. Presidente n\u00e3o passa de um miquinho amestrado da classe dominante. A burguesia est\u00e1 no poder e o presidente, de um jeito ou de outro, acaba sempre a ela servindo. Temos \u00e9 de mudar a ess\u00eancia do poder, fazendo com que passe a priorizar o bem comum, e n\u00e3o mais a gan\u00e2ncia e os privil\u00e9gios de \u00ednfimas minorias.<\/p>\n<p>Estamos desperdi\u00e7ando tempo desde a redemocratiza\u00e7\u00e3o; j\u00e1 s\u00e3o 32 anos jogados fora. Precisamos construir uma op\u00e7\u00e3o junto com o povo, travando as lutas do povo, at\u00e9 fazermos o capitalismo explodir pelas pr\u00f3prias contradi\u00e7\u00f5es.<\/p>\n<p>\u00c9 isto que verdadeiramente importa. \u00c9 esta a li\u00e7\u00e3o de casa que h\u00e1 bom tempo deixamos de fazer, desde ent\u00e3o colhendo resultados ora p\u00edfios, ora desastrosos.<\/p>\n","protected":false},"excerpt":{"rendered":"<p>Celso Lungaetti Nova dela\u00e7\u00e3o premiada vazada, novo alvoro\u00e7o na pol\u00edtica brasileira. Muita gente antevendo uma revanche contra Michel Temer, como se ele n\u00e3o fosse apenas um pol\u00edtico profissional sem porte de estadista, nem carisma, nem nada que o distingua particularmente de milhares de outros que poderiam estar desempenhando o mesmo papel com desempenho equivalente. N\u00e3o [&hellip;]<\/p>\n","protected":false},"author":2,"featured_media":123623,"comment_status":"open","ping_status":"closed","sticky":false,"template":"","format":"standard","meta":{"_acf_changed":false,"footnotes":""},"categories":[25],"tags":[],"class_list":["post-139380","post","type-post","status-publish","format-standard","has-post-thumbnail","hentry","category-opina-ai"],"acf":[],"yoast_head":"<!-- This site is optimized with the Yoast SEO plugin v27.2 - https:\/\/yoast.com\/product\/yoast-seo-wordpress\/ -->\n<title>Temer cai, Temer fica? H\u00e1 tantos substitutos por a\u00ed - Notibras<\/title>\n<meta name=\"robots\" content=\"index, follow, max-snippet:-1, max-image-preview:large, max-video-preview:-1\" \/>\n<link rel=\"canonical\" href=\"https:\/\/www.notibras.com\/site\/temer-cai-temer-fica-ha-tantos-substitutos-dando-sopa\/\" \/>\n<meta property=\"og:locale\" content=\"pt_BR\" \/>\n<meta property=\"og:type\" content=\"article\" \/>\n<meta property=\"og:title\" content=\"Temer cai, Temer fica? H\u00e1 tantos substitutos por a\u00ed - Notibras\" \/>\n<meta property=\"og:description\" content=\"Celso Lungaetti Nova dela\u00e7\u00e3o premiada vazada, novo alvoro\u00e7o na pol\u00edtica brasileira. Muita gente antevendo uma revanche contra Michel Temer, como se ele n\u00e3o fosse apenas um pol\u00edtico profissional sem porte de estadista, nem carisma, nem nada que o distingua particularmente de milhares de outros que poderiam estar desempenhando o mesmo papel com desempenho equivalente. N\u00e3o [&hellip;]\" \/>\n<meta property=\"og:url\" content=\"https:\/\/www.notibras.com\/site\/temer-cai-temer-fica-ha-tantos-substitutos-dando-sopa\/\" \/>\n<meta property=\"og:site_name\" content=\"Notibras\" \/>\n<meta property=\"article:publisher\" content=\"https:\/\/www.facebook.com\/notibras\/\" \/>\n<meta property=\"article:published_time\" content=\"2017-05-22T12:09:45+00:00\" \/>\n<meta property=\"article:modified_time\" content=\"2017-05-22T12:10:24+00:00\" \/>\n<meta property=\"og:image\" content=\"https:\/\/www.notibras.com\/site\/wp-content\/uploads\/2016\/12\/micheltemergetty.jpg\" \/>\n\t<meta property=\"og:image:width\" content=\"940\" \/>\n\t<meta property=\"og:image:height\" content=\"529\" \/>\n\t<meta property=\"og:image:type\" content=\"image\/jpeg\" \/>\n<meta name=\"author\" content=\"Reda\u00e7\u00e3o\" \/>\n<meta name=\"twitter:card\" content=\"summary_large_image\" \/>\n<meta name=\"twitter:creator\" content=\"@Notibras\" \/>\n<meta name=\"twitter:site\" content=\"@Notibras\" \/>\n<meta name=\"twitter:label1\" content=\"Escrito por\" \/>\n\t<meta name=\"twitter:data1\" content=\"Reda\u00e7\u00e3o\" \/>\n\t<meta name=\"twitter:label2\" content=\"Est. tempo de leitura\" \/>\n\t<meta name=\"twitter:data2\" content=\"3 minutos\" \/>\n<script type=\"application\/ld+json\" class=\"yoast-schema-graph\">{\"@context\":\"https:\/\/schema.org\",\"@graph\":[{\"@type\":\"Article\",\"@id\":\"https:\/\/www.notibras.com\/site\/temer-cai-temer-fica-ha-tantos-substitutos-dando-sopa\/#article\",\"isPartOf\":{\"@id\":\"https:\/\/www.notibras.com\/site\/temer-cai-temer-fica-ha-tantos-substitutos-dando-sopa\/\"},\"author\":{\"name\":\"Reda\u00e7\u00e3o\",\"@id\":\"https:\/\/www.notibras.com\/site\/#\/schema\/person\/36ab0979449956132d3e5b517ea76ac8\"},\"headline\":\"Temer cai, Temer fica? H\u00e1 tantos substitutos por a\u00ed\",\"datePublished\":\"2017-05-22T12:09:45+00:00\",\"dateModified\":\"2017-05-22T12:10:24+00:00\",\"mainEntityOfPage\":{\"@id\":\"https:\/\/www.notibras.com\/site\/temer-cai-temer-fica-ha-tantos-substitutos-dando-sopa\/\"},\"wordCount\":521,\"commentCount\":0,\"publisher\":{\"@id\":\"https:\/\/www.notibras.com\/site\/#organization\"},\"image\":{\"@id\":\"https:\/\/www.notibras.com\/site\/temer-cai-temer-fica-ha-tantos-substitutos-dando-sopa\/#primaryimage\"},\"thumbnailUrl\":\"https:\/\/www.notibras.com\/site\/wp-content\/uploads\/2016\/12\/micheltemergetty.jpg\",\"articleSection\":[\"Opina a\u00ed\"],\"inLanguage\":\"pt-BR\",\"potentialAction\":[{\"@type\":\"CommentAction\",\"name\":\"Comment\",\"target\":[\"https:\/\/www.notibras.com\/site\/temer-cai-temer-fica-ha-tantos-substitutos-dando-sopa\/#respond\"]}]},{\"@type\":\"WebPage\",\"@id\":\"https:\/\/www.notibras.com\/site\/temer-cai-temer-fica-ha-tantos-substitutos-dando-sopa\/\",\"url\":\"https:\/\/www.notibras.com\/site\/temer-cai-temer-fica-ha-tantos-substitutos-dando-sopa\/\",\"name\":\"Temer cai, Temer fica? H\u00e1 tantos substitutos por a\u00ed - Notibras\",\"isPartOf\":{\"@id\":\"https:\/\/www.notibras.com\/site\/#website\"},\"primaryImageOfPage\":{\"@id\":\"https:\/\/www.notibras.com\/site\/temer-cai-temer-fica-ha-tantos-substitutos-dando-sopa\/#primaryimage\"},\"image\":{\"@id\":\"https:\/\/www.notibras.com\/site\/temer-cai-temer-fica-ha-tantos-substitutos-dando-sopa\/#primaryimage\"},\"thumbnailUrl\":\"https:\/\/www.notibras.com\/site\/wp-content\/uploads\/2016\/12\/micheltemergetty.jpg\",\"datePublished\":\"2017-05-22T12:09:45+00:00\",\"dateModified\":\"2017-05-22T12:10:24+00:00\",\"breadcrumb\":{\"@id\":\"https:\/\/www.notibras.com\/site\/temer-cai-temer-fica-ha-tantos-substitutos-dando-sopa\/#breadcrumb\"},\"inLanguage\":\"pt-BR\",\"potentialAction\":[{\"@type\":\"ReadAction\",\"target\":[\"https:\/\/www.notibras.com\/site\/temer-cai-temer-fica-ha-tantos-substitutos-dando-sopa\/\"]}]},{\"@type\":\"ImageObject\",\"inLanguage\":\"pt-BR\",\"@id\":\"https:\/\/www.notibras.com\/site\/temer-cai-temer-fica-ha-tantos-substitutos-dando-sopa\/#primaryimage\",\"url\":\"https:\/\/www.notibras.com\/site\/wp-content\/uploads\/2016\/12\/micheltemergetty.jpg\",\"contentUrl\":\"https:\/\/www.notibras.com\/site\/wp-content\/uploads\/2016\/12\/micheltemergetty.jpg\",\"width\":940,\"height\":529},{\"@type\":\"BreadcrumbList\",\"@id\":\"https:\/\/www.notibras.com\/site\/temer-cai-temer-fica-ha-tantos-substitutos-dando-sopa\/#breadcrumb\",\"itemListElement\":[{\"@type\":\"ListItem\",\"position\":1,\"name\":\"In\u00edcio\",\"item\":\"https:\/\/www.notibras.com\/site\/\"},{\"@type\":\"ListItem\",\"position\":2,\"name\":\"Temer cai, Temer fica? H\u00e1 tantos substitutos por a\u00ed\"}]},{\"@type\":\"WebSite\",\"@id\":\"https:\/\/www.notibras.com\/site\/#website\",\"url\":\"https:\/\/www.notibras.com\/site\/\",\"name\":\"Notibras\",\"description\":\"Not\u00edcias de Bras\u00edlia, do Brasil e do Mundo\",\"publisher\":{\"@id\":\"https:\/\/www.notibras.com\/site\/#organization\"},\"potentialAction\":[{\"@type\":\"SearchAction\",\"target\":{\"@type\":\"EntryPoint\",\"urlTemplate\":\"https:\/\/www.notibras.com\/site\/?s={search_term_string}\"},\"query-input\":{\"@type\":\"PropertyValueSpecification\",\"valueRequired\":true,\"valueName\":\"search_term_string\"}}],\"inLanguage\":\"pt-BR\"},{\"@type\":\"Organization\",\"@id\":\"https:\/\/www.notibras.com\/site\/#organization\",\"name\":\"Grupo Notibras de Comunica\u00e7\u00e3o\",\"url\":\"https:\/\/www.notibras.com\/site\/\",\"logo\":{\"@type\":\"ImageObject\",\"inLanguage\":\"pt-BR\",\"@id\":\"https:\/\/www.notibras.com\/site\/#\/schema\/logo\/image\/\",\"url\":\"https:\/\/www.notibras.com\/site\/wp-content\/uploads\/2023\/01\/notibras23.png\",\"contentUrl\":\"https:\/\/www.notibras.com\/site\/wp-content\/uploads\/2023\/01\/notibras23.png\",\"width\":350,\"height\":87,\"caption\":\"Grupo Notibras de Comunica\u00e7\u00e3o\"},\"image\":{\"@id\":\"https:\/\/www.notibras.com\/site\/#\/schema\/logo\/image\/\"},\"sameAs\":[\"https:\/\/www.facebook.com\/notibras\/\",\"https:\/\/x.com\/Notibras\",\"https:\/\/www.instagram.com\/notibras\/\"]},{\"@type\":\"Person\",\"@id\":\"https:\/\/www.notibras.com\/site\/#\/schema\/person\/36ab0979449956132d3e5b517ea76ac8\",\"name\":\"Reda\u00e7\u00e3o\",\"image\":{\"@type\":\"ImageObject\",\"inLanguage\":\"pt-BR\",\"@id\":\"https:\/\/secure.gravatar.com\/avatar\/e0a867bdedb85fd243eadf09663511f96fc81e0720a4a42581f334ad4303aa6b?s=96&d=mm&r=g\",\"url\":\"https:\/\/secure.gravatar.com\/avatar\/e0a867bdedb85fd243eadf09663511f96fc81e0720a4a42581f334ad4303aa6b?s=96&d=mm&r=g\",\"contentUrl\":\"https:\/\/secure.gravatar.com\/avatar\/e0a867bdedb85fd243eadf09663511f96fc81e0720a4a42581f334ad4303aa6b?s=96&d=mm&r=g\",\"caption\":\"Reda\u00e7\u00e3o\"}}]}<\/script>\n<!-- \/ Yoast SEO plugin. -->","yoast_head_json":{"title":"Temer cai, Temer fica? H\u00e1 tantos substitutos por a\u00ed - Notibras","robots":{"index":"index","follow":"follow","max-snippet":"max-snippet:-1","max-image-preview":"max-image-preview:large","max-video-preview":"max-video-preview:-1"},"canonical":"https:\/\/www.notibras.com\/site\/temer-cai-temer-fica-ha-tantos-substitutos-dando-sopa\/","og_locale":"pt_BR","og_type":"article","og_title":"Temer cai, Temer fica? H\u00e1 tantos substitutos por a\u00ed - Notibras","og_description":"Celso Lungaetti Nova dela\u00e7\u00e3o premiada vazada, novo alvoro\u00e7o na pol\u00edtica brasileira. Muita gente antevendo uma revanche contra Michel Temer, como se ele n\u00e3o fosse apenas um pol\u00edtico profissional sem porte de estadista, nem carisma, nem nada que o distingua particularmente de milhares de outros que poderiam estar desempenhando o mesmo papel com desempenho equivalente. N\u00e3o [&hellip;]","og_url":"https:\/\/www.notibras.com\/site\/temer-cai-temer-fica-ha-tantos-substitutos-dando-sopa\/","og_site_name":"Notibras","article_publisher":"https:\/\/www.facebook.com\/notibras\/","article_published_time":"2017-05-22T12:09:45+00:00","article_modified_time":"2017-05-22T12:10:24+00:00","og_image":[{"width":940,"height":529,"url":"https:\/\/www.notibras.com\/site\/wp-content\/uploads\/2016\/12\/micheltemergetty.jpg","type":"image\/jpeg"}],"author":"Reda\u00e7\u00e3o","twitter_card":"summary_large_image","twitter_creator":"@Notibras","twitter_site":"@Notibras","twitter_misc":{"Escrito por":"Reda\u00e7\u00e3o","Est. tempo de leitura":"3 minutos"},"schema":{"@context":"https:\/\/schema.org","@graph":[{"@type":"Article","@id":"https:\/\/www.notibras.com\/site\/temer-cai-temer-fica-ha-tantos-substitutos-dando-sopa\/#article","isPartOf":{"@id":"https:\/\/www.notibras.com\/site\/temer-cai-temer-fica-ha-tantos-substitutos-dando-sopa\/"},"author":{"name":"Reda\u00e7\u00e3o","@id":"https:\/\/www.notibras.com\/site\/#\/schema\/person\/36ab0979449956132d3e5b517ea76ac8"},"headline":"Temer cai, Temer fica? H\u00e1 tantos substitutos por a\u00ed","datePublished":"2017-05-22T12:09:45+00:00","dateModified":"2017-05-22T12:10:24+00:00","mainEntityOfPage":{"@id":"https:\/\/www.notibras.com\/site\/temer-cai-temer-fica-ha-tantos-substitutos-dando-sopa\/"},"wordCount":521,"commentCount":0,"publisher":{"@id":"https:\/\/www.notibras.com\/site\/#organization"},"image":{"@id":"https:\/\/www.notibras.com\/site\/temer-cai-temer-fica-ha-tantos-substitutos-dando-sopa\/#primaryimage"},"thumbnailUrl":"https:\/\/www.notibras.com\/site\/wp-content\/uploads\/2016\/12\/micheltemergetty.jpg","articleSection":["Opina a\u00ed"],"inLanguage":"pt-BR","potentialAction":[{"@type":"CommentAction","name":"Comment","target":["https:\/\/www.notibras.com\/site\/temer-cai-temer-fica-ha-tantos-substitutos-dando-sopa\/#respond"]}]},{"@type":"WebPage","@id":"https:\/\/www.notibras.com\/site\/temer-cai-temer-fica-ha-tantos-substitutos-dando-sopa\/","url":"https:\/\/www.notibras.com\/site\/temer-cai-temer-fica-ha-tantos-substitutos-dando-sopa\/","name":"Temer cai, Temer fica? H\u00e1 tantos substitutos por a\u00ed - Notibras","isPartOf":{"@id":"https:\/\/www.notibras.com\/site\/#website"},"primaryImageOfPage":{"@id":"https:\/\/www.notibras.com\/site\/temer-cai-temer-fica-ha-tantos-substitutos-dando-sopa\/#primaryimage"},"image":{"@id":"https:\/\/www.notibras.com\/site\/temer-cai-temer-fica-ha-tantos-substitutos-dando-sopa\/#primaryimage"},"thumbnailUrl":"https:\/\/www.notibras.com\/site\/wp-content\/uploads\/2016\/12\/micheltemergetty.jpg","datePublished":"2017-05-22T12:09:45+00:00","dateModified":"2017-05-22T12:10:24+00:00","breadcrumb":{"@id":"https:\/\/www.notibras.com\/site\/temer-cai-temer-fica-ha-tantos-substitutos-dando-sopa\/#breadcrumb"},"inLanguage":"pt-BR","potentialAction":[{"@type":"ReadAction","target":["https:\/\/www.notibras.com\/site\/temer-cai-temer-fica-ha-tantos-substitutos-dando-sopa\/"]}]},{"@type":"ImageObject","inLanguage":"pt-BR","@id":"https:\/\/www.notibras.com\/site\/temer-cai-temer-fica-ha-tantos-substitutos-dando-sopa\/#primaryimage","url":"https:\/\/www.notibras.com\/site\/wp-content\/uploads\/2016\/12\/micheltemergetty.jpg","contentUrl":"https:\/\/www.notibras.com\/site\/wp-content\/uploads\/2016\/12\/micheltemergetty.jpg","width":940,"height":529},{"@type":"BreadcrumbList","@id":"https:\/\/www.notibras.com\/site\/temer-cai-temer-fica-ha-tantos-substitutos-dando-sopa\/#breadcrumb","itemListElement":[{"@type":"ListItem","position":1,"name":"In\u00edcio","item":"https:\/\/www.notibras.com\/site\/"},{"@type":"ListItem","position":2,"name":"Temer cai, Temer fica? H\u00e1 tantos substitutos por a\u00ed"}]},{"@type":"WebSite","@id":"https:\/\/www.notibras.com\/site\/#website","url":"https:\/\/www.notibras.com\/site\/","name":"Notibras","description":"Not\u00edcias de Bras\u00edlia, do Brasil e do Mundo","publisher":{"@id":"https:\/\/www.notibras.com\/site\/#organization"},"potentialAction":[{"@type":"SearchAction","target":{"@type":"EntryPoint","urlTemplate":"https:\/\/www.notibras.com\/site\/?s={search_term_string}"},"query-input":{"@type":"PropertyValueSpecification","valueRequired":true,"valueName":"search_term_string"}}],"inLanguage":"pt-BR"},{"@type":"Organization","@id":"https:\/\/www.notibras.com\/site\/#organization","name":"Grupo Notibras de Comunica\u00e7\u00e3o","url":"https:\/\/www.notibras.com\/site\/","logo":{"@type":"ImageObject","inLanguage":"pt-BR","@id":"https:\/\/www.notibras.com\/site\/#\/schema\/logo\/image\/","url":"https:\/\/www.notibras.com\/site\/wp-content\/uploads\/2023\/01\/notibras23.png","contentUrl":"https:\/\/www.notibras.com\/site\/wp-content\/uploads\/2023\/01\/notibras23.png","width":350,"height":87,"caption":"Grupo Notibras de Comunica\u00e7\u00e3o"},"image":{"@id":"https:\/\/www.notibras.com\/site\/#\/schema\/logo\/image\/"},"sameAs":["https:\/\/www.facebook.com\/notibras\/","https:\/\/x.com\/Notibras","https:\/\/www.instagram.com\/notibras\/"]},{"@type":"Person","@id":"https:\/\/www.notibras.com\/site\/#\/schema\/person\/36ab0979449956132d3e5b517ea76ac8","name":"Reda\u00e7\u00e3o","image":{"@type":"ImageObject","inLanguage":"pt-BR","@id":"https:\/\/secure.gravatar.com\/avatar\/e0a867bdedb85fd243eadf09663511f96fc81e0720a4a42581f334ad4303aa6b?s=96&d=mm&r=g","url":"https:\/\/secure.gravatar.com\/avatar\/e0a867bdedb85fd243eadf09663511f96fc81e0720a4a42581f334ad4303aa6b?s=96&d=mm&r=g","contentUrl":"https:\/\/secure.gravatar.com\/avatar\/e0a867bdedb85fd243eadf09663511f96fc81e0720a4a42581f334ad4303aa6b?s=96&d=mm&r=g","caption":"Reda\u00e7\u00e3o"}}]}},"amp_enabled":true,"_links":{"self":[{"href":"https:\/\/www.notibras.com\/site\/wp-json\/wp\/v2\/posts\/139380","targetHints":{"allow":["GET"]}}],"collection":[{"href":"https:\/\/www.notibras.com\/site\/wp-json\/wp\/v2\/posts"}],"about":[{"href":"https:\/\/www.notibras.com\/site\/wp-json\/wp\/v2\/types\/post"}],"author":[{"embeddable":true,"href":"https:\/\/www.notibras.com\/site\/wp-json\/wp\/v2\/users\/2"}],"replies":[{"embeddable":true,"href":"https:\/\/www.notibras.com\/site\/wp-json\/wp\/v2\/comments?post=139380"}],"version-history":[{"count":2,"href":"https:\/\/www.notibras.com\/site\/wp-json\/wp\/v2\/posts\/139380\/revisions"}],"predecessor-version":[{"id":139382,"href":"https:\/\/www.notibras.com\/site\/wp-json\/wp\/v2\/posts\/139380\/revisions\/139382"}],"wp:featuredmedia":[{"embeddable":true,"href":"https:\/\/www.notibras.com\/site\/wp-json\/wp\/v2\/media\/123623"}],"wp:attachment":[{"href":"https:\/\/www.notibras.com\/site\/wp-json\/wp\/v2\/media?parent=139380"}],"wp:term":[{"taxonomy":"category","embeddable":true,"href":"https:\/\/www.notibras.com\/site\/wp-json\/wp\/v2\/categories?post=139380"},{"taxonomy":"post_tag","embeddable":true,"href":"https:\/\/www.notibras.com\/site\/wp-json\/wp\/v2\/tags?post=139380"}],"curies":[{"name":"wp","href":"https:\/\/api.w.org\/{rel}","templated":true}]}}