{"id":13953,"date":"2014-06-20T17:56:11","date_gmt":"2014-06-20T20:56:11","guid":{"rendered":"http:\/\/www.notibras.com\/site\/?p=13953"},"modified":"2014-06-20T21:03:28","modified_gmt":"2014-06-21T00:03:28","slug":"franca-aplica-goleada-historica-na-suica-com-pinta-de-quem-quer-levar-a-taca","status":"publish","type":"post","link":"https:\/\/www.notibras.com\/site\/franca-aplica-goleada-historica-na-suica-com-pinta-de-quem-quer-levar-a-taca\/","title":{"rendered":"Fran\u00e7a aplica goleada na Su\u00ed\u00e7a com pinta de quem quer a ta\u00e7a"},"content":{"rendered":"<p>Em uma goleada hist\u00f3rica na Copa da Fifa que se realiza no Brasil, a Fran\u00e7a derrotou a Su\u00ed\u00e7a por 5 a 2, na tarde desta sexta-feira 20 em Salvador, fazendo a alegria de milhares de torcedores que lotaram a Fonte Nova.<\/p>\n<p>Quando sacramentou a goleada aos 28 minutos do segundo tempo, os franceses deram uma relaxada e permitiram que os su\u00ed\u00e7os anotassem dois gols.<\/p>\n<p>Mas, para mostrar que \u00e9 uma das favoritas ao t\u00edtulo, a Fran\u00e7a marcou mais um aos 48. Seriam os n\u00fameros finais do placar, se o juiz n\u00e3o tivesse apitado o encerramento da partida no mesmo segundo..<\/p>\n<p>A Fran\u00e7a come\u00e7ou a partida em ritmo fren\u00e9tico e quase abriu o placar na Arena Fonte Nova em tabela de Benzema aos 6min \u2013 a finaliza\u00e7\u00e3o passou rente \u00e0 trave. J\u00e1 os su\u00ed\u00e7os iniciaram mal e ainda por cima com azar: tiveram de substituir o zagueiro Von Bergen logo aos 9min, quando ele tentou cabecear uma bola e acabou levando chute no rosto dado por Giroud. O olho esquerdo sangrou bastante e impressionou a todos.<\/p>\n<blockquote>\n<p class=\"text\">N\u00e3o demorou para o placar sair do zero. Aos 17min, Valbueno cruzou na \u00e1rea pela direita do ataque e encontrou Giroud bem posicionado para cabecear no canto esquerdo do goleiro Benaglio, que ainda chegou a tocar na bola. No lance seguinte, aos 18min, Behrami errou na sa\u00edda de jogo, a bola ficou para Benzema e terminou nos p\u00e9s de Matuidi, que invadiu a \u00e1rea pela esquerda e chutou entre a trave e o goleiro, rasteiro, para fazer o segundo.<\/p>\n<\/blockquote>\n<p>A Su\u00ed\u00e7a criou poucas chances, mas chegou a balan\u00e7ar as redes aos 27min, quando Senderos desviou cobran\u00e7a de falta em posi\u00e7\u00e3o irregular \u2013 o gol foi anulado por impedimento. Aos 30min, eles quase diminu\u00edram de novo, em chute de Xhaka e rebote de Shaqiri ap\u00f3s defesa de Lloris. Aos 31min, no entanto, Benzema foi derrubado por Djorou dentro da \u00e1rea e conseguiu p\u00eanalti para os franceses.<\/p>\n<p class=\"text\">O pr\u00f3prio atacante bateu: tomou pouca dist\u00e2ncia e chutou forte, no canto esquerdo, mas Benaglio foi bem e rebateu; no rebote, Cabaye chegou em velocidade e, com o gol aberto, conseguiu acertar a bola na trave. Apesar disso, os franceses ainda marcaram o terceiro gol antes do intervalo. Aos 40min, em contra-ataque, Girou carregou pela esquerda e cruzou rasteiro para Valbuena, cara a cara com Benaglio, tocar para dentro.<\/p>\n<p class=\"text\">No segundo tempo, a Su\u00ed\u00e7a saiu mais para o jogo e deu aos advers\u00e1rios preocupa\u00e7\u00f5es defensivas, mas teve poucas oportunidades claras de gol. Por outro lado, os franceses chegaram bem aos 14min, com passe de Valbuena para finaliza\u00e7\u00e3o de Benzema na entrada da \u00e1rea \u2013 Djorou se jogou e desviou a bola, que passou rente ao travess\u00e3o. Aos 20min, a Su\u00ed\u00e7a quase descontou em chute de Mehmedi por cima do gol ap\u00f3s cruzamento de Lichststeiner.<\/p>\n<blockquote>\n<p class=\"text\">A vit\u00f3ria na Fonte Nova virou goleada aos 22min, quando Pogba lan\u00e7ou Benzema, que apareceu por tr\u00e1s da zaga e bateu por baixo do goleiro para fazer o quarto. O time franc\u00eas ainda perdeu grande chance com Evra, aos 27min. No lance seguinte, Benzema armou jogada e tocou na direita da \u00e1rea para infiltra\u00e7\u00e3o de Sissoko, que bateu cruzado e rasteiro, aumentando o placar para 5 a 0.<\/p>\n<\/blockquote>\n<p class=\"text\">O bombardeio franc\u00eas prosseguiu. Aos 33min, o goleiro Benaglio fez tr\u00eas defesas seguidas em finaliza\u00e7\u00f5es de Valbuena, Sissoko e Benzema. Nas arquibancadas, a torcida gritou \u201col\u00e9\u201d em festa e cantou a Marselhesa, o hino franc\u00eas. Os su\u00ed\u00e7os, por fim, conseguiram diminuir o preju\u00edzo.Aos 36min, Dzemaili cobrou falta de longe e mandou o chute rasteiro no canto de Lloris.\u00a0Aos 43min, Inler lan\u00e7ou bola por cima da \u00e1rea, e Xhaka pegou de primeira para marcar um gola\u00e7o.<\/p>\n<p class=\"text\">Apesar dos dois gols, a Su\u00ed\u00e7a acabou goleada e n\u00e3o foi capaz de diminuir a festa francesa. A partida na Fonte Nova ainda foi encerrada de forma estranha. Os jogadores franceses tocavam a bola quando o rel\u00f3gio entrava no terceiro e \u00faltimo minuto de acr\u00e9scimo dado pelo \u00e1rbitro Bjorn Kuipers. Ele resolveu encerrar o jogo quando a bola chegou ao ataque aos p\u00e9s de Benzema. De primeira, o atacante acertou belo chute e mandou a bola no \u00e2ngulo. Chegou a comemorar, mas aos risos o \u00e1rbitro negou a valida\u00e7\u00e3o do gol e decretou o placar de 5 a 2.<\/p>\n","protected":false},"excerpt":{"rendered":"<p>Em uma goleada hist\u00f3rica na Copa da Fifa que se realiza no Brasil, a Fran\u00e7a derrotou a Su\u00ed\u00e7a por 5 a 2, na tarde desta sexta-feira 20 em Salvador, fazendo a alegria de milhares de torcedores que lotaram a Fonte Nova. Quando sacramentou a goleada aos 28 minutos do segundo tempo, os franceses deram uma [&hellip;]<\/p>\n","protected":false},"author":2,"featured_media":13954,"comment_status":"open","ping_status":"closed","sticky":false,"template":"","format":"standard","meta":{"_acf_changed":false,"footnotes":""},"categories":[19],"tags":[],"class_list":["post-13953","post","type-post","status-publish","format-standard","has-post-thumbnail","hentry","category-esportes"],"acf":[],"yoast_head":"<!-- This site is optimized with the Yoast SEO plugin v27.2 - https:\/\/yoast.com\/product\/yoast-seo-wordpress\/ -->\n<title>Fran\u00e7a aplica goleada na Su\u00ed\u00e7a com pinta de quem quer a ta\u00e7a - Notibras<\/title>\n<meta name=\"robots\" content=\"index, follow, max-snippet:-1, max-image-preview:large, max-video-preview:-1\" \/>\n<link rel=\"canonical\" href=\"https:\/\/www.notibras.com\/site\/franca-aplica-goleada-historica-na-suica-com-pinta-de-quem-quer-levar-a-taca\/\" \/>\n<meta property=\"og:locale\" content=\"pt_BR\" \/>\n<meta property=\"og:type\" content=\"article\" \/>\n<meta property=\"og:title\" content=\"Fran\u00e7a aplica goleada na Su\u00ed\u00e7a com pinta de quem quer a ta\u00e7a - Notibras\" \/>\n<meta property=\"og:description\" content=\"Em uma goleada hist\u00f3rica na Copa da Fifa que se realiza no Brasil, a Fran\u00e7a derrotou a Su\u00ed\u00e7a por 5 a 2, na tarde desta sexta-feira 20 em Salvador, fazendo a alegria de milhares de torcedores que lotaram a Fonte Nova. Quando sacramentou a goleada aos 28 minutos do segundo tempo, os franceses deram uma [&hellip;]\" \/>\n<meta property=\"og:url\" content=\"https:\/\/www.notibras.com\/site\/franca-aplica-goleada-historica-na-suica-com-pinta-de-quem-quer-levar-a-taca\/\" \/>\n<meta property=\"og:site_name\" content=\"Notibras\" \/>\n<meta property=\"article:publisher\" content=\"https:\/\/www.facebook.com\/notibras\/\" \/>\n<meta property=\"article:published_time\" content=\"2014-06-20T20:56:11+00:00\" \/>\n<meta property=\"article:modified_time\" content=\"2014-06-21T00:03:28+00:00\" \/>\n<meta property=\"og:image\" content=\"https:\/\/www.notibras.com\/site\/wp-content\/uploads\/2014\/06\/terceirogolfrancachutaafp-scaled.jpg\" \/>\n\t<meta property=\"og:image:width\" content=\"2560\" \/>\n\t<meta property=\"og:image:height\" content=\"1672\" \/>\n\t<meta property=\"og:image:type\" content=\"image\/jpeg\" \/>\n<meta name=\"author\" content=\"Reda\u00e7\u00e3o\" \/>\n<meta name=\"twitter:card\" content=\"summary_large_image\" \/>\n<meta name=\"twitter:creator\" content=\"@Notibras\" \/>\n<meta name=\"twitter:site\" content=\"@Notibras\" \/>\n<meta name=\"twitter:label1\" content=\"Escrito por\" \/>\n\t<meta name=\"twitter:data1\" content=\"Reda\u00e7\u00e3o\" \/>\n\t<meta name=\"twitter:label2\" content=\"Est. tempo de leitura\" \/>\n\t<meta name=\"twitter:data2\" content=\"4 minutos\" \/>\n<script type=\"application\/ld+json\" class=\"yoast-schema-graph\">{\"@context\":\"https:\/\/schema.org\",\"@graph\":[{\"@type\":\"Article\",\"@id\":\"https:\/\/www.notibras.com\/site\/franca-aplica-goleada-historica-na-suica-com-pinta-de-quem-quer-levar-a-taca\/#article\",\"isPartOf\":{\"@id\":\"https:\/\/www.notibras.com\/site\/franca-aplica-goleada-historica-na-suica-com-pinta-de-quem-quer-levar-a-taca\/\"},\"author\":{\"name\":\"Reda\u00e7\u00e3o\",\"@id\":\"https:\/\/www.notibras.com\/site\/#\/schema\/person\/36ab0979449956132d3e5b517ea76ac8\"},\"headline\":\"Fran\u00e7a aplica goleada na Su\u00ed\u00e7a com pinta de quem quer a ta\u00e7a\",\"datePublished\":\"2014-06-20T20:56:11+00:00\",\"dateModified\":\"2014-06-21T00:03:28+00:00\",\"mainEntityOfPage\":{\"@id\":\"https:\/\/www.notibras.com\/site\/franca-aplica-goleada-historica-na-suica-com-pinta-de-quem-quer-levar-a-taca\/\"},\"wordCount\":760,\"commentCount\":0,\"publisher\":{\"@id\":\"https:\/\/www.notibras.com\/site\/#organization\"},\"image\":{\"@id\":\"https:\/\/www.notibras.com\/site\/franca-aplica-goleada-historica-na-suica-com-pinta-de-quem-quer-levar-a-taca\/#primaryimage\"},\"thumbnailUrl\":\"https:\/\/www.notibras.com\/site\/wp-content\/uploads\/2014\/06\/terceirogolfrancachutaafp-scaled.jpg\",\"articleSection\":[\"Esportes\"],\"inLanguage\":\"pt-BR\",\"potentialAction\":[{\"@type\":\"CommentAction\",\"name\":\"Comment\",\"target\":[\"https:\/\/www.notibras.com\/site\/franca-aplica-goleada-historica-na-suica-com-pinta-de-quem-quer-levar-a-taca\/#respond\"]}]},{\"@type\":\"WebPage\",\"@id\":\"https:\/\/www.notibras.com\/site\/franca-aplica-goleada-historica-na-suica-com-pinta-de-quem-quer-levar-a-taca\/\",\"url\":\"https:\/\/www.notibras.com\/site\/franca-aplica-goleada-historica-na-suica-com-pinta-de-quem-quer-levar-a-taca\/\",\"name\":\"Fran\u00e7a aplica goleada na Su\u00ed\u00e7a com pinta de quem quer a ta\u00e7a - Notibras\",\"isPartOf\":{\"@id\":\"https:\/\/www.notibras.com\/site\/#website\"},\"primaryImageOfPage\":{\"@id\":\"https:\/\/www.notibras.com\/site\/franca-aplica-goleada-historica-na-suica-com-pinta-de-quem-quer-levar-a-taca\/#primaryimage\"},\"image\":{\"@id\":\"https:\/\/www.notibras.com\/site\/franca-aplica-goleada-historica-na-suica-com-pinta-de-quem-quer-levar-a-taca\/#primaryimage\"},\"thumbnailUrl\":\"https:\/\/www.notibras.com\/site\/wp-content\/uploads\/2014\/06\/terceirogolfrancachutaafp-scaled.jpg\",\"datePublished\":\"2014-06-20T20:56:11+00:00\",\"dateModified\":\"2014-06-21T00:03:28+00:00\",\"breadcrumb\":{\"@id\":\"https:\/\/www.notibras.com\/site\/franca-aplica-goleada-historica-na-suica-com-pinta-de-quem-quer-levar-a-taca\/#breadcrumb\"},\"inLanguage\":\"pt-BR\",\"potentialAction\":[{\"@type\":\"ReadAction\",\"target\":[\"https:\/\/www.notibras.com\/site\/franca-aplica-goleada-historica-na-suica-com-pinta-de-quem-quer-levar-a-taca\/\"]}]},{\"@type\":\"ImageObject\",\"inLanguage\":\"pt-BR\",\"@id\":\"https:\/\/www.notibras.com\/site\/franca-aplica-goleada-historica-na-suica-com-pinta-de-quem-quer-levar-a-taca\/#primaryimage\",\"url\":\"https:\/\/www.notibras.com\/site\/wp-content\/uploads\/2014\/06\/terceirogolfrancachutaafp-scaled.jpg\",\"contentUrl\":\"https:\/\/www.notibras.com\/site\/wp-content\/uploads\/2014\/06\/terceirogolfrancachutaafp-scaled.jpg\",\"width\":2560,\"height\":1672},{\"@type\":\"BreadcrumbList\",\"@id\":\"https:\/\/www.notibras.com\/site\/franca-aplica-goleada-historica-na-suica-com-pinta-de-quem-quer-levar-a-taca\/#breadcrumb\",\"itemListElement\":[{\"@type\":\"ListItem\",\"position\":1,\"name\":\"In\u00edcio\",\"item\":\"https:\/\/www.notibras.com\/site\/\"},{\"@type\":\"ListItem\",\"position\":2,\"name\":\"Fran\u00e7a aplica goleada na Su\u00ed\u00e7a com pinta de quem quer a ta\u00e7a\"}]},{\"@type\":\"WebSite\",\"@id\":\"https:\/\/www.notibras.com\/site\/#website\",\"url\":\"https:\/\/www.notibras.com\/site\/\",\"name\":\"Notibras\",\"description\":\"Not\u00edcias de Bras\u00edlia, do Brasil e do Mundo\",\"publisher\":{\"@id\":\"https:\/\/www.notibras.com\/site\/#organization\"},\"potentialAction\":[{\"@type\":\"SearchAction\",\"target\":{\"@type\":\"EntryPoint\",\"urlTemplate\":\"https:\/\/www.notibras.com\/site\/?s={search_term_string}\"},\"query-input\":{\"@type\":\"PropertyValueSpecification\",\"valueRequired\":true,\"valueName\":\"search_term_string\"}}],\"inLanguage\":\"pt-BR\"},{\"@type\":\"Organization\",\"@id\":\"https:\/\/www.notibras.com\/site\/#organization\",\"name\":\"Grupo Notibras de Comunica\u00e7\u00e3o\",\"url\":\"https:\/\/www.notibras.com\/site\/\",\"logo\":{\"@type\":\"ImageObject\",\"inLanguage\":\"pt-BR\",\"@id\":\"https:\/\/www.notibras.com\/site\/#\/schema\/logo\/image\/\",\"url\":\"https:\/\/www.notibras.com\/site\/wp-content\/uploads\/2023\/01\/notibras23.png\",\"contentUrl\":\"https:\/\/www.notibras.com\/site\/wp-content\/uploads\/2023\/01\/notibras23.png\",\"width\":350,\"height\":87,\"caption\":\"Grupo Notibras de Comunica\u00e7\u00e3o\"},\"image\":{\"@id\":\"https:\/\/www.notibras.com\/site\/#\/schema\/logo\/image\/\"},\"sameAs\":[\"https:\/\/www.facebook.com\/notibras\/\",\"https:\/\/x.com\/Notibras\",\"https:\/\/www.instagram.com\/notibras\/\"]},{\"@type\":\"Person\",\"@id\":\"https:\/\/www.notibras.com\/site\/#\/schema\/person\/36ab0979449956132d3e5b517ea76ac8\",\"name\":\"Reda\u00e7\u00e3o\",\"image\":{\"@type\":\"ImageObject\",\"inLanguage\":\"pt-BR\",\"@id\":\"https:\/\/secure.gravatar.com\/avatar\/e0a867bdedb85fd243eadf09663511f96fc81e0720a4a42581f334ad4303aa6b?s=96&d=mm&r=g\",\"url\":\"https:\/\/secure.gravatar.com\/avatar\/e0a867bdedb85fd243eadf09663511f96fc81e0720a4a42581f334ad4303aa6b?s=96&d=mm&r=g\",\"contentUrl\":\"https:\/\/secure.gravatar.com\/avatar\/e0a867bdedb85fd243eadf09663511f96fc81e0720a4a42581f334ad4303aa6b?s=96&d=mm&r=g\",\"caption\":\"Reda\u00e7\u00e3o\"}}]}<\/script>\n<!-- \/ Yoast SEO plugin. -->","yoast_head_json":{"title":"Fran\u00e7a aplica goleada na Su\u00ed\u00e7a com pinta de quem quer a ta\u00e7a - Notibras","robots":{"index":"index","follow":"follow","max-snippet":"max-snippet:-1","max-image-preview":"max-image-preview:large","max-video-preview":"max-video-preview:-1"},"canonical":"https:\/\/www.notibras.com\/site\/franca-aplica-goleada-historica-na-suica-com-pinta-de-quem-quer-levar-a-taca\/","og_locale":"pt_BR","og_type":"article","og_title":"Fran\u00e7a aplica goleada na Su\u00ed\u00e7a com pinta de quem quer a ta\u00e7a - Notibras","og_description":"Em uma goleada hist\u00f3rica na Copa da Fifa que se realiza no Brasil, a Fran\u00e7a derrotou a Su\u00ed\u00e7a por 5 a 2, na tarde desta sexta-feira 20 em Salvador, fazendo a alegria de milhares de torcedores que lotaram a Fonte Nova. Quando sacramentou a goleada aos 28 minutos do segundo tempo, os franceses deram uma [&hellip;]","og_url":"https:\/\/www.notibras.com\/site\/franca-aplica-goleada-historica-na-suica-com-pinta-de-quem-quer-levar-a-taca\/","og_site_name":"Notibras","article_publisher":"https:\/\/www.facebook.com\/notibras\/","article_published_time":"2014-06-20T20:56:11+00:00","article_modified_time":"2014-06-21T00:03:28+00:00","og_image":[{"width":2560,"height":1672,"url":"https:\/\/www.notibras.com\/site\/wp-content\/uploads\/2014\/06\/terceirogolfrancachutaafp-scaled.jpg","type":"image\/jpeg"}],"author":"Reda\u00e7\u00e3o","twitter_card":"summary_large_image","twitter_creator":"@Notibras","twitter_site":"@Notibras","twitter_misc":{"Escrito por":"Reda\u00e7\u00e3o","Est. tempo de leitura":"4 minutos"},"schema":{"@context":"https:\/\/schema.org","@graph":[{"@type":"Article","@id":"https:\/\/www.notibras.com\/site\/franca-aplica-goleada-historica-na-suica-com-pinta-de-quem-quer-levar-a-taca\/#article","isPartOf":{"@id":"https:\/\/www.notibras.com\/site\/franca-aplica-goleada-historica-na-suica-com-pinta-de-quem-quer-levar-a-taca\/"},"author":{"name":"Reda\u00e7\u00e3o","@id":"https:\/\/www.notibras.com\/site\/#\/schema\/person\/36ab0979449956132d3e5b517ea76ac8"},"headline":"Fran\u00e7a aplica goleada na Su\u00ed\u00e7a com pinta de quem quer a ta\u00e7a","datePublished":"2014-06-20T20:56:11+00:00","dateModified":"2014-06-21T00:03:28+00:00","mainEntityOfPage":{"@id":"https:\/\/www.notibras.com\/site\/franca-aplica-goleada-historica-na-suica-com-pinta-de-quem-quer-levar-a-taca\/"},"wordCount":760,"commentCount":0,"publisher":{"@id":"https:\/\/www.notibras.com\/site\/#organization"},"image":{"@id":"https:\/\/www.notibras.com\/site\/franca-aplica-goleada-historica-na-suica-com-pinta-de-quem-quer-levar-a-taca\/#primaryimage"},"thumbnailUrl":"https:\/\/www.notibras.com\/site\/wp-content\/uploads\/2014\/06\/terceirogolfrancachutaafp-scaled.jpg","articleSection":["Esportes"],"inLanguage":"pt-BR","potentialAction":[{"@type":"CommentAction","name":"Comment","target":["https:\/\/www.notibras.com\/site\/franca-aplica-goleada-historica-na-suica-com-pinta-de-quem-quer-levar-a-taca\/#respond"]}]},{"@type":"WebPage","@id":"https:\/\/www.notibras.com\/site\/franca-aplica-goleada-historica-na-suica-com-pinta-de-quem-quer-levar-a-taca\/","url":"https:\/\/www.notibras.com\/site\/franca-aplica-goleada-historica-na-suica-com-pinta-de-quem-quer-levar-a-taca\/","name":"Fran\u00e7a aplica goleada na Su\u00ed\u00e7a com pinta de quem quer a ta\u00e7a - Notibras","isPartOf":{"@id":"https:\/\/www.notibras.com\/site\/#website"},"primaryImageOfPage":{"@id":"https:\/\/www.notibras.com\/site\/franca-aplica-goleada-historica-na-suica-com-pinta-de-quem-quer-levar-a-taca\/#primaryimage"},"image":{"@id":"https:\/\/www.notibras.com\/site\/franca-aplica-goleada-historica-na-suica-com-pinta-de-quem-quer-levar-a-taca\/#primaryimage"},"thumbnailUrl":"https:\/\/www.notibras.com\/site\/wp-content\/uploads\/2014\/06\/terceirogolfrancachutaafp-scaled.jpg","datePublished":"2014-06-20T20:56:11+00:00","dateModified":"2014-06-21T00:03:28+00:00","breadcrumb":{"@id":"https:\/\/www.notibras.com\/site\/franca-aplica-goleada-historica-na-suica-com-pinta-de-quem-quer-levar-a-taca\/#breadcrumb"},"inLanguage":"pt-BR","potentialAction":[{"@type":"ReadAction","target":["https:\/\/www.notibras.com\/site\/franca-aplica-goleada-historica-na-suica-com-pinta-de-quem-quer-levar-a-taca\/"]}]},{"@type":"ImageObject","inLanguage":"pt-BR","@id":"https:\/\/www.notibras.com\/site\/franca-aplica-goleada-historica-na-suica-com-pinta-de-quem-quer-levar-a-taca\/#primaryimage","url":"https:\/\/www.notibras.com\/site\/wp-content\/uploads\/2014\/06\/terceirogolfrancachutaafp-scaled.jpg","contentUrl":"https:\/\/www.notibras.com\/site\/wp-content\/uploads\/2014\/06\/terceirogolfrancachutaafp-scaled.jpg","width":2560,"height":1672},{"@type":"BreadcrumbList","@id":"https:\/\/www.notibras.com\/site\/franca-aplica-goleada-historica-na-suica-com-pinta-de-quem-quer-levar-a-taca\/#breadcrumb","itemListElement":[{"@type":"ListItem","position":1,"name":"In\u00edcio","item":"https:\/\/www.notibras.com\/site\/"},{"@type":"ListItem","position":2,"name":"Fran\u00e7a aplica goleada na Su\u00ed\u00e7a com pinta de quem quer a ta\u00e7a"}]},{"@type":"WebSite","@id":"https:\/\/www.notibras.com\/site\/#website","url":"https:\/\/www.notibras.com\/site\/","name":"Notibras","description":"Not\u00edcias de Bras\u00edlia, do Brasil e do Mundo","publisher":{"@id":"https:\/\/www.notibras.com\/site\/#organization"},"potentialAction":[{"@type":"SearchAction","target":{"@type":"EntryPoint","urlTemplate":"https:\/\/www.notibras.com\/site\/?s={search_term_string}"},"query-input":{"@type":"PropertyValueSpecification","valueRequired":true,"valueName":"search_term_string"}}],"inLanguage":"pt-BR"},{"@type":"Organization","@id":"https:\/\/www.notibras.com\/site\/#organization","name":"Grupo Notibras de Comunica\u00e7\u00e3o","url":"https:\/\/www.notibras.com\/site\/","logo":{"@type":"ImageObject","inLanguage":"pt-BR","@id":"https:\/\/www.notibras.com\/site\/#\/schema\/logo\/image\/","url":"https:\/\/www.notibras.com\/site\/wp-content\/uploads\/2023\/01\/notibras23.png","contentUrl":"https:\/\/www.notibras.com\/site\/wp-content\/uploads\/2023\/01\/notibras23.png","width":350,"height":87,"caption":"Grupo Notibras de Comunica\u00e7\u00e3o"},"image":{"@id":"https:\/\/www.notibras.com\/site\/#\/schema\/logo\/image\/"},"sameAs":["https:\/\/www.facebook.com\/notibras\/","https:\/\/x.com\/Notibras","https:\/\/www.instagram.com\/notibras\/"]},{"@type":"Person","@id":"https:\/\/www.notibras.com\/site\/#\/schema\/person\/36ab0979449956132d3e5b517ea76ac8","name":"Reda\u00e7\u00e3o","image":{"@type":"ImageObject","inLanguage":"pt-BR","@id":"https:\/\/secure.gravatar.com\/avatar\/e0a867bdedb85fd243eadf09663511f96fc81e0720a4a42581f334ad4303aa6b?s=96&d=mm&r=g","url":"https:\/\/secure.gravatar.com\/avatar\/e0a867bdedb85fd243eadf09663511f96fc81e0720a4a42581f334ad4303aa6b?s=96&d=mm&r=g","contentUrl":"https:\/\/secure.gravatar.com\/avatar\/e0a867bdedb85fd243eadf09663511f96fc81e0720a4a42581f334ad4303aa6b?s=96&d=mm&r=g","caption":"Reda\u00e7\u00e3o"}}]}},"amp_enabled":true,"_links":{"self":[{"href":"https:\/\/www.notibras.com\/site\/wp-json\/wp\/v2\/posts\/13953","targetHints":{"allow":["GET"]}}],"collection":[{"href":"https:\/\/www.notibras.com\/site\/wp-json\/wp\/v2\/posts"}],"about":[{"href":"https:\/\/www.notibras.com\/site\/wp-json\/wp\/v2\/types\/post"}],"author":[{"embeddable":true,"href":"https:\/\/www.notibras.com\/site\/wp-json\/wp\/v2\/users\/2"}],"replies":[{"embeddable":true,"href":"https:\/\/www.notibras.com\/site\/wp-json\/wp\/v2\/comments?post=13953"}],"version-history":[{"count":0,"href":"https:\/\/www.notibras.com\/site\/wp-json\/wp\/v2\/posts\/13953\/revisions"}],"wp:featuredmedia":[{"embeddable":true,"href":"https:\/\/www.notibras.com\/site\/wp-json\/wp\/v2\/media\/13954"}],"wp:attachment":[{"href":"https:\/\/www.notibras.com\/site\/wp-json\/wp\/v2\/media?parent=13953"}],"wp:term":[{"taxonomy":"category","embeddable":true,"href":"https:\/\/www.notibras.com\/site\/wp-json\/wp\/v2\/categories?post=13953"},{"taxonomy":"post_tag","embeddable":true,"href":"https:\/\/www.notibras.com\/site\/wp-json\/wp\/v2\/tags?post=13953"}],"curies":[{"name":"wp","href":"https:\/\/api.w.org\/{rel}","templated":true}]}}