{"id":140154,"date":"2017-05-29T05:34:58","date_gmt":"2017-05-29T08:34:58","guid":{"rendered":"http:\/\/www.notibras.com\/site\/?p=140154"},"modified":"2017-05-29T05:36:32","modified_gmt":"2017-05-29T08:36:32","slug":"eles-vieram-curaram-e-querem-ficar-como-fica-isso","status":"publish","type":"post","link":"https:\/\/www.notibras.com\/site\/eles-vieram-curaram-e-querem-ficar-como-fica-isso\/","title":{"rendered":"Eles vieram, curaram e querem ficar. Como vai ficar isso?"},"content":{"rendered":"<p><strong>Sarah Vargas<\/strong><\/p>\n<p>O Programa Mais M\u00e9dicos tem tido ampla aceita\u00e7\u00e3o popular, enfatizando-se, especialmente, o diferencial trazido pelos m\u00e9dicos cubanos.<\/p>\n<p>O exame cl\u00ednico detalhado e o elevado n\u00edvel human\u00edstico, elevaram a mais de 90% a taxa de aprova\u00e7\u00e3o dos pacientes.<\/p>\n<p>Esses profissionais conseguiram entrar em nossas comunidades n\u00e3o como deuses ou seres superiores, mas exclusivamente como amantes e defensores da vida.<\/p>\n<p>Eles transformaram o conceito de sa\u00fade e do atendimento b\u00e1sico. O melhor de tudo foi que n\u00e3o nos venderem o sistema pol\u00edtico ou da sa\u00fade daquela pequena ilha do Caribe, e sim, nos ensinaram que a principal ferramenta necess\u00e1ria para o sucesso desse trabalho nobre \u00e9 o amor.<\/p>\n<p>Muitos v\u00e3o voltar com suas fam\u00edlias, outros, com la\u00e7os mais fortes, permanecer\u00e3o no Brasil, por eles escolhido como segunda p\u00e1tria.<\/p>\n<p>Aos que cumpriram seus contratos e voltarem, a sociedade brasileira se diz agradecida. Aos que ficam, a solidariedade ser\u00e1 indispens\u00e1vel. S\u00e3o aplausos para aqueles que ao longo de tr\u00eas anos, cumprindo seus compromissos, decidiram ficar no Brasil em busca do sonho humano de amor e liberdade, que n\u00e3o fere princ\u00edpios, nem a legisla\u00e7\u00e3o brasileira ou internacional.<\/p>\n<p>Mas, fica uma pergunta. Qual ser\u00e1 a vida desses profissionais que entregaram tanto amor e suor ao povo brasileiro?<\/p>\n<p>E mais perguntas pipocam na mente de muita gente: Por que a repress\u00e3o do refgime castristas a quem fez a op\u00e7\u00e3o de n\u00e3o regressar \u00e0 Ilha?<\/p>\n<p>Por qu\u00ea, a n\u00edvel local, falta apoio do Minist\u00e9rio da Sa\u00fade?<\/p>\n<p>Para que serve eventual retalia\u00e7\u00e3o aos munic\u00edpios que ajudam seus novos enteados?<\/p>\n<p>\u00c0s vezes, escrever \u00e9 f\u00e1cil; o dif\u00edcil \u00e9 convencer aqueles que podem ajudar ou resolver essas situa\u00e7\u00f5es. O povo brasileiro \u00e9 grato e solid\u00e1rio. Agora depende da boa vontade das institui\u00e7\u00f5es, e o respeito dos princ\u00edpios b\u00e1sicos dos direitos ao trabalho e a vida.<\/p>\n<p>Porque uma imagem diz mais que mil palavras. \u00c9 o amor, que com amor se paga.<\/p>\n","protected":false},"excerpt":{"rendered":"<p>Sarah Vargas O Programa Mais M\u00e9dicos tem tido ampla aceita\u00e7\u00e3o popular, enfatizando-se, especialmente, o diferencial trazido pelos m\u00e9dicos cubanos. O exame cl\u00ednico detalhado e o elevado n\u00edvel human\u00edstico, elevaram a mais de 90% a taxa de aprova\u00e7\u00e3o dos pacientes. Esses profissionais conseguiram entrar em nossas comunidades n\u00e3o como deuses ou seres superiores, mas exclusivamente como [&hellip;]<\/p>\n","protected":false},"author":2,"featured_media":140155,"comment_status":"open","ping_status":"closed","sticky":false,"template":"","format":"standard","meta":{"_acf_changed":false,"footnotes":""},"categories":[25],"tags":[],"class_list":["post-140154","post","type-post","status-publish","format-standard","has-post-thumbnail","hentry","category-opina-ai"],"acf":[],"yoast_head":"<!-- This site is optimized with the Yoast SEO plugin v27.2 - https:\/\/yoast.com\/product\/yoast-seo-wordpress\/ -->\n<title>Eles vieram, curaram e querem ficar. Como vai ficar isso? - Notibras<\/title>\n<meta name=\"robots\" content=\"index, follow, max-snippet:-1, max-image-preview:large, max-video-preview:-1\" \/>\n<link rel=\"canonical\" href=\"https:\/\/www.notibras.com\/site\/eles-vieram-curaram-e-querem-ficar-como-fica-isso\/\" \/>\n<meta property=\"og:locale\" content=\"pt_BR\" \/>\n<meta property=\"og:type\" content=\"article\" \/>\n<meta property=\"og:title\" content=\"Eles vieram, curaram e querem ficar. Como vai ficar isso? - Notibras\" \/>\n<meta property=\"og:description\" content=\"Sarah Vargas O Programa Mais M\u00e9dicos tem tido ampla aceita\u00e7\u00e3o popular, enfatizando-se, especialmente, o diferencial trazido pelos m\u00e9dicos cubanos. O exame cl\u00ednico detalhado e o elevado n\u00edvel human\u00edstico, elevaram a mais de 90% a taxa de aprova\u00e7\u00e3o dos pacientes. Esses profissionais conseguiram entrar em nossas comunidades n\u00e3o como deuses ou seres superiores, mas exclusivamente como [&hellip;]\" \/>\n<meta property=\"og:url\" content=\"https:\/\/www.notibras.com\/site\/eles-vieram-curaram-e-querem-ficar-como-fica-isso\/\" \/>\n<meta property=\"og:site_name\" content=\"Notibras\" \/>\n<meta property=\"article:publisher\" content=\"https:\/\/www.facebook.com\/notibras\/\" \/>\n<meta property=\"article:published_time\" content=\"2017-05-29T08:34:58+00:00\" \/>\n<meta property=\"article:modified_time\" content=\"2017-05-29T08:36:32+00:00\" \/>\n<meta property=\"og:image\" content=\"https:\/\/www.notibras.com\/site\/wp-content\/uploads\/2017\/05\/maismedicos.jpg\" \/>\n\t<meta property=\"og:image:width\" content=\"768\" \/>\n\t<meta property=\"og:image:height\" content=\"518\" \/>\n\t<meta property=\"og:image:type\" content=\"image\/jpeg\" \/>\n<meta name=\"author\" content=\"Reda\u00e7\u00e3o\" \/>\n<meta name=\"twitter:card\" content=\"summary_large_image\" \/>\n<meta name=\"twitter:creator\" content=\"@Notibras\" \/>\n<meta name=\"twitter:site\" content=\"@Notibras\" \/>\n<meta name=\"twitter:label1\" content=\"Escrito por\" \/>\n\t<meta name=\"twitter:data1\" content=\"Reda\u00e7\u00e3o\" \/>\n\t<meta name=\"twitter:label2\" content=\"Est. tempo de leitura\" \/>\n\t<meta name=\"twitter:data2\" content=\"2 minutos\" \/>\n<script type=\"application\/ld+json\" class=\"yoast-schema-graph\">{\"@context\":\"https:\/\/schema.org\",\"@graph\":[{\"@type\":\"Article\",\"@id\":\"https:\/\/www.notibras.com\/site\/eles-vieram-curaram-e-querem-ficar-como-fica-isso\/#article\",\"isPartOf\":{\"@id\":\"https:\/\/www.notibras.com\/site\/eles-vieram-curaram-e-querem-ficar-como-fica-isso\/\"},\"author\":{\"name\":\"Reda\u00e7\u00e3o\",\"@id\":\"https:\/\/www.notibras.com\/site\/#\/schema\/person\/36ab0979449956132d3e5b517ea76ac8\"},\"headline\":\"Eles vieram, curaram e querem ficar. Como vai ficar isso?\",\"datePublished\":\"2017-05-29T08:34:58+00:00\",\"dateModified\":\"2017-05-29T08:36:32+00:00\",\"mainEntityOfPage\":{\"@id\":\"https:\/\/www.notibras.com\/site\/eles-vieram-curaram-e-querem-ficar-como-fica-isso\/\"},\"wordCount\":355,\"commentCount\":0,\"publisher\":{\"@id\":\"https:\/\/www.notibras.com\/site\/#organization\"},\"image\":{\"@id\":\"https:\/\/www.notibras.com\/site\/eles-vieram-curaram-e-querem-ficar-como-fica-isso\/#primaryimage\"},\"thumbnailUrl\":\"https:\/\/www.notibras.com\/site\/wp-content\/uploads\/2017\/05\/maismedicos.jpg\",\"articleSection\":[\"Opina a\u00ed\"],\"inLanguage\":\"pt-BR\",\"potentialAction\":[{\"@type\":\"CommentAction\",\"name\":\"Comment\",\"target\":[\"https:\/\/www.notibras.com\/site\/eles-vieram-curaram-e-querem-ficar-como-fica-isso\/#respond\"]}]},{\"@type\":\"WebPage\",\"@id\":\"https:\/\/www.notibras.com\/site\/eles-vieram-curaram-e-querem-ficar-como-fica-isso\/\",\"url\":\"https:\/\/www.notibras.com\/site\/eles-vieram-curaram-e-querem-ficar-como-fica-isso\/\",\"name\":\"Eles vieram, curaram e querem ficar. Como vai ficar isso? - Notibras\",\"isPartOf\":{\"@id\":\"https:\/\/www.notibras.com\/site\/#website\"},\"primaryImageOfPage\":{\"@id\":\"https:\/\/www.notibras.com\/site\/eles-vieram-curaram-e-querem-ficar-como-fica-isso\/#primaryimage\"},\"image\":{\"@id\":\"https:\/\/www.notibras.com\/site\/eles-vieram-curaram-e-querem-ficar-como-fica-isso\/#primaryimage\"},\"thumbnailUrl\":\"https:\/\/www.notibras.com\/site\/wp-content\/uploads\/2017\/05\/maismedicos.jpg\",\"datePublished\":\"2017-05-29T08:34:58+00:00\",\"dateModified\":\"2017-05-29T08:36:32+00:00\",\"breadcrumb\":{\"@id\":\"https:\/\/www.notibras.com\/site\/eles-vieram-curaram-e-querem-ficar-como-fica-isso\/#breadcrumb\"},\"inLanguage\":\"pt-BR\",\"potentialAction\":[{\"@type\":\"ReadAction\",\"target\":[\"https:\/\/www.notibras.com\/site\/eles-vieram-curaram-e-querem-ficar-como-fica-isso\/\"]}]},{\"@type\":\"ImageObject\",\"inLanguage\":\"pt-BR\",\"@id\":\"https:\/\/www.notibras.com\/site\/eles-vieram-curaram-e-querem-ficar-como-fica-isso\/#primaryimage\",\"url\":\"https:\/\/www.notibras.com\/site\/wp-content\/uploads\/2017\/05\/maismedicos.jpg\",\"contentUrl\":\"https:\/\/www.notibras.com\/site\/wp-content\/uploads\/2017\/05\/maismedicos.jpg\",\"width\":768,\"height\":518,\"caption\":\"Foto\/Arquivo Notibras\"},{\"@type\":\"BreadcrumbList\",\"@id\":\"https:\/\/www.notibras.com\/site\/eles-vieram-curaram-e-querem-ficar-como-fica-isso\/#breadcrumb\",\"itemListElement\":[{\"@type\":\"ListItem\",\"position\":1,\"name\":\"In\u00edcio\",\"item\":\"https:\/\/www.notibras.com\/site\/\"},{\"@type\":\"ListItem\",\"position\":2,\"name\":\"Eles vieram, curaram e querem ficar. Como vai ficar isso?\"}]},{\"@type\":\"WebSite\",\"@id\":\"https:\/\/www.notibras.com\/site\/#website\",\"url\":\"https:\/\/www.notibras.com\/site\/\",\"name\":\"Notibras\",\"description\":\"Not\u00edcias de Bras\u00edlia, do Brasil e do Mundo\",\"publisher\":{\"@id\":\"https:\/\/www.notibras.com\/site\/#organization\"},\"potentialAction\":[{\"@type\":\"SearchAction\",\"target\":{\"@type\":\"EntryPoint\",\"urlTemplate\":\"https:\/\/www.notibras.com\/site\/?s={search_term_string}\"},\"query-input\":{\"@type\":\"PropertyValueSpecification\",\"valueRequired\":true,\"valueName\":\"search_term_string\"}}],\"inLanguage\":\"pt-BR\"},{\"@type\":\"Organization\",\"@id\":\"https:\/\/www.notibras.com\/site\/#organization\",\"name\":\"Grupo Notibras de Comunica\u00e7\u00e3o\",\"url\":\"https:\/\/www.notibras.com\/site\/\",\"logo\":{\"@type\":\"ImageObject\",\"inLanguage\":\"pt-BR\",\"@id\":\"https:\/\/www.notibras.com\/site\/#\/schema\/logo\/image\/\",\"url\":\"https:\/\/www.notibras.com\/site\/wp-content\/uploads\/2023\/01\/notibras23.png\",\"contentUrl\":\"https:\/\/www.notibras.com\/site\/wp-content\/uploads\/2023\/01\/notibras23.png\",\"width\":350,\"height\":87,\"caption\":\"Grupo Notibras de Comunica\u00e7\u00e3o\"},\"image\":{\"@id\":\"https:\/\/www.notibras.com\/site\/#\/schema\/logo\/image\/\"},\"sameAs\":[\"https:\/\/www.facebook.com\/notibras\/\",\"https:\/\/x.com\/Notibras\",\"https:\/\/www.instagram.com\/notibras\/\"]},{\"@type\":\"Person\",\"@id\":\"https:\/\/www.notibras.com\/site\/#\/schema\/person\/36ab0979449956132d3e5b517ea76ac8\",\"name\":\"Reda\u00e7\u00e3o\",\"image\":{\"@type\":\"ImageObject\",\"inLanguage\":\"pt-BR\",\"@id\":\"https:\/\/secure.gravatar.com\/avatar\/e0a867bdedb85fd243eadf09663511f96fc81e0720a4a42581f334ad4303aa6b?s=96&d=mm&r=g\",\"url\":\"https:\/\/secure.gravatar.com\/avatar\/e0a867bdedb85fd243eadf09663511f96fc81e0720a4a42581f334ad4303aa6b?s=96&d=mm&r=g\",\"contentUrl\":\"https:\/\/secure.gravatar.com\/avatar\/e0a867bdedb85fd243eadf09663511f96fc81e0720a4a42581f334ad4303aa6b?s=96&d=mm&r=g\",\"caption\":\"Reda\u00e7\u00e3o\"}}]}<\/script>\n<!-- \/ Yoast SEO plugin. -->","yoast_head_json":{"title":"Eles vieram, curaram e querem ficar. Como vai ficar isso? - Notibras","robots":{"index":"index","follow":"follow","max-snippet":"max-snippet:-1","max-image-preview":"max-image-preview:large","max-video-preview":"max-video-preview:-1"},"canonical":"https:\/\/www.notibras.com\/site\/eles-vieram-curaram-e-querem-ficar-como-fica-isso\/","og_locale":"pt_BR","og_type":"article","og_title":"Eles vieram, curaram e querem ficar. Como vai ficar isso? - Notibras","og_description":"Sarah Vargas O Programa Mais M\u00e9dicos tem tido ampla aceita\u00e7\u00e3o popular, enfatizando-se, especialmente, o diferencial trazido pelos m\u00e9dicos cubanos. O exame cl\u00ednico detalhado e o elevado n\u00edvel human\u00edstico, elevaram a mais de 90% a taxa de aprova\u00e7\u00e3o dos pacientes. Esses profissionais conseguiram entrar em nossas comunidades n\u00e3o como deuses ou seres superiores, mas exclusivamente como [&hellip;]","og_url":"https:\/\/www.notibras.com\/site\/eles-vieram-curaram-e-querem-ficar-como-fica-isso\/","og_site_name":"Notibras","article_publisher":"https:\/\/www.facebook.com\/notibras\/","article_published_time":"2017-05-29T08:34:58+00:00","article_modified_time":"2017-05-29T08:36:32+00:00","og_image":[{"width":768,"height":518,"url":"https:\/\/www.notibras.com\/site\/wp-content\/uploads\/2017\/05\/maismedicos.jpg","type":"image\/jpeg"}],"author":"Reda\u00e7\u00e3o","twitter_card":"summary_large_image","twitter_creator":"@Notibras","twitter_site":"@Notibras","twitter_misc":{"Escrito por":"Reda\u00e7\u00e3o","Est. tempo de leitura":"2 minutos"},"schema":{"@context":"https:\/\/schema.org","@graph":[{"@type":"Article","@id":"https:\/\/www.notibras.com\/site\/eles-vieram-curaram-e-querem-ficar-como-fica-isso\/#article","isPartOf":{"@id":"https:\/\/www.notibras.com\/site\/eles-vieram-curaram-e-querem-ficar-como-fica-isso\/"},"author":{"name":"Reda\u00e7\u00e3o","@id":"https:\/\/www.notibras.com\/site\/#\/schema\/person\/36ab0979449956132d3e5b517ea76ac8"},"headline":"Eles vieram, curaram e querem ficar. Como vai ficar isso?","datePublished":"2017-05-29T08:34:58+00:00","dateModified":"2017-05-29T08:36:32+00:00","mainEntityOfPage":{"@id":"https:\/\/www.notibras.com\/site\/eles-vieram-curaram-e-querem-ficar-como-fica-isso\/"},"wordCount":355,"commentCount":0,"publisher":{"@id":"https:\/\/www.notibras.com\/site\/#organization"},"image":{"@id":"https:\/\/www.notibras.com\/site\/eles-vieram-curaram-e-querem-ficar-como-fica-isso\/#primaryimage"},"thumbnailUrl":"https:\/\/www.notibras.com\/site\/wp-content\/uploads\/2017\/05\/maismedicos.jpg","articleSection":["Opina a\u00ed"],"inLanguage":"pt-BR","potentialAction":[{"@type":"CommentAction","name":"Comment","target":["https:\/\/www.notibras.com\/site\/eles-vieram-curaram-e-querem-ficar-como-fica-isso\/#respond"]}]},{"@type":"WebPage","@id":"https:\/\/www.notibras.com\/site\/eles-vieram-curaram-e-querem-ficar-como-fica-isso\/","url":"https:\/\/www.notibras.com\/site\/eles-vieram-curaram-e-querem-ficar-como-fica-isso\/","name":"Eles vieram, curaram e querem ficar. Como vai ficar isso? - Notibras","isPartOf":{"@id":"https:\/\/www.notibras.com\/site\/#website"},"primaryImageOfPage":{"@id":"https:\/\/www.notibras.com\/site\/eles-vieram-curaram-e-querem-ficar-como-fica-isso\/#primaryimage"},"image":{"@id":"https:\/\/www.notibras.com\/site\/eles-vieram-curaram-e-querem-ficar-como-fica-isso\/#primaryimage"},"thumbnailUrl":"https:\/\/www.notibras.com\/site\/wp-content\/uploads\/2017\/05\/maismedicos.jpg","datePublished":"2017-05-29T08:34:58+00:00","dateModified":"2017-05-29T08:36:32+00:00","breadcrumb":{"@id":"https:\/\/www.notibras.com\/site\/eles-vieram-curaram-e-querem-ficar-como-fica-isso\/#breadcrumb"},"inLanguage":"pt-BR","potentialAction":[{"@type":"ReadAction","target":["https:\/\/www.notibras.com\/site\/eles-vieram-curaram-e-querem-ficar-como-fica-isso\/"]}]},{"@type":"ImageObject","inLanguage":"pt-BR","@id":"https:\/\/www.notibras.com\/site\/eles-vieram-curaram-e-querem-ficar-como-fica-isso\/#primaryimage","url":"https:\/\/www.notibras.com\/site\/wp-content\/uploads\/2017\/05\/maismedicos.jpg","contentUrl":"https:\/\/www.notibras.com\/site\/wp-content\/uploads\/2017\/05\/maismedicos.jpg","width":768,"height":518,"caption":"Foto\/Arquivo Notibras"},{"@type":"BreadcrumbList","@id":"https:\/\/www.notibras.com\/site\/eles-vieram-curaram-e-querem-ficar-como-fica-isso\/#breadcrumb","itemListElement":[{"@type":"ListItem","position":1,"name":"In\u00edcio","item":"https:\/\/www.notibras.com\/site\/"},{"@type":"ListItem","position":2,"name":"Eles vieram, curaram e querem ficar. Como vai ficar isso?"}]},{"@type":"WebSite","@id":"https:\/\/www.notibras.com\/site\/#website","url":"https:\/\/www.notibras.com\/site\/","name":"Notibras","description":"Not\u00edcias de Bras\u00edlia, do Brasil e do Mundo","publisher":{"@id":"https:\/\/www.notibras.com\/site\/#organization"},"potentialAction":[{"@type":"SearchAction","target":{"@type":"EntryPoint","urlTemplate":"https:\/\/www.notibras.com\/site\/?s={search_term_string}"},"query-input":{"@type":"PropertyValueSpecification","valueRequired":true,"valueName":"search_term_string"}}],"inLanguage":"pt-BR"},{"@type":"Organization","@id":"https:\/\/www.notibras.com\/site\/#organization","name":"Grupo Notibras de Comunica\u00e7\u00e3o","url":"https:\/\/www.notibras.com\/site\/","logo":{"@type":"ImageObject","inLanguage":"pt-BR","@id":"https:\/\/www.notibras.com\/site\/#\/schema\/logo\/image\/","url":"https:\/\/www.notibras.com\/site\/wp-content\/uploads\/2023\/01\/notibras23.png","contentUrl":"https:\/\/www.notibras.com\/site\/wp-content\/uploads\/2023\/01\/notibras23.png","width":350,"height":87,"caption":"Grupo Notibras de Comunica\u00e7\u00e3o"},"image":{"@id":"https:\/\/www.notibras.com\/site\/#\/schema\/logo\/image\/"},"sameAs":["https:\/\/www.facebook.com\/notibras\/","https:\/\/x.com\/Notibras","https:\/\/www.instagram.com\/notibras\/"]},{"@type":"Person","@id":"https:\/\/www.notibras.com\/site\/#\/schema\/person\/36ab0979449956132d3e5b517ea76ac8","name":"Reda\u00e7\u00e3o","image":{"@type":"ImageObject","inLanguage":"pt-BR","@id":"https:\/\/secure.gravatar.com\/avatar\/e0a867bdedb85fd243eadf09663511f96fc81e0720a4a42581f334ad4303aa6b?s=96&d=mm&r=g","url":"https:\/\/secure.gravatar.com\/avatar\/e0a867bdedb85fd243eadf09663511f96fc81e0720a4a42581f334ad4303aa6b?s=96&d=mm&r=g","contentUrl":"https:\/\/secure.gravatar.com\/avatar\/e0a867bdedb85fd243eadf09663511f96fc81e0720a4a42581f334ad4303aa6b?s=96&d=mm&r=g","caption":"Reda\u00e7\u00e3o"}}]}},"amp_enabled":true,"_links":{"self":[{"href":"https:\/\/www.notibras.com\/site\/wp-json\/wp\/v2\/posts\/140154","targetHints":{"allow":["GET"]}}],"collection":[{"href":"https:\/\/www.notibras.com\/site\/wp-json\/wp\/v2\/posts"}],"about":[{"href":"https:\/\/www.notibras.com\/site\/wp-json\/wp\/v2\/types\/post"}],"author":[{"embeddable":true,"href":"https:\/\/www.notibras.com\/site\/wp-json\/wp\/v2\/users\/2"}],"replies":[{"embeddable":true,"href":"https:\/\/www.notibras.com\/site\/wp-json\/wp\/v2\/comments?post=140154"}],"version-history":[{"count":3,"href":"https:\/\/www.notibras.com\/site\/wp-json\/wp\/v2\/posts\/140154\/revisions"}],"predecessor-version":[{"id":140158,"href":"https:\/\/www.notibras.com\/site\/wp-json\/wp\/v2\/posts\/140154\/revisions\/140158"}],"wp:featuredmedia":[{"embeddable":true,"href":"https:\/\/www.notibras.com\/site\/wp-json\/wp\/v2\/media\/140155"}],"wp:attachment":[{"href":"https:\/\/www.notibras.com\/site\/wp-json\/wp\/v2\/media?parent=140154"}],"wp:term":[{"taxonomy":"category","embeddable":true,"href":"https:\/\/www.notibras.com\/site\/wp-json\/wp\/v2\/categories?post=140154"},{"taxonomy":"post_tag","embeddable":true,"href":"https:\/\/www.notibras.com\/site\/wp-json\/wp\/v2\/tags?post=140154"}],"curies":[{"name":"wp","href":"https:\/\/api.w.org\/{rel}","templated":true}]}}