{"id":140329,"date":"2017-05-30T07:42:27","date_gmt":"2017-05-30T10:42:27","guid":{"rendered":"http:\/\/www.notibras.com\/site\/?p=140329"},"modified":"2017-05-30T07:42:27","modified_gmt":"2017-05-30T10:42:27","slug":"se-o-italiano-falar-como-lula-e-seus-aliados-reagirao","status":"publish","type":"post","link":"https:\/\/www.notibras.com\/site\/se-o-italiano-falar-como-lula-e-seus-aliados-reagirao\/","title":{"rendered":"Se o italiano falar, como Lula e seus aliados reagir\u00e3o?"},"content":{"rendered":"<p><strong>J\u00falio C\u00e9sar Cardoso<\/strong><\/p>\n<p>Palocci volta atr\u00e1s e recontrata advogado para negociar dela\u00e7\u00e3o. Lula se ferrar\u00e1, mais uma vez, caso o &#8220;Italiano&#8221; conte toda a patifaria mantida com o &#8220;chef\u00e3o&#8221;.<\/p>\n<p>Diante do juiz S\u00e9rgio Moro, Lula, irrequieto e nervoso, quis transferir \u00e0 sua falecida esposa a responsabilidade pelo tr\u00edplex de Guaruj\u00e1, com evasivas de que o im\u00f3vel tinha quinhentos defeitos, era pequeno demais para uma fam\u00edlia numerosa (como se todos fossem morar sob o mesmo teto) e que a falecida n\u00e3o gostava de praia, mas Lula e Marisa j\u00e1 foram fotografados in\u00fameras vezes em praia.<\/p>\n<p>Por outro lado, os marqueteiros Jo\u00e3o Santana e M\u00f4nica Moura &#8211; que n\u00e3o t\u00eam por que blindar Lula e Dilma, pois a atua\u00e7\u00e3o deles era apenas de presta\u00e7\u00e3o de servi\u00e7os profissionais e, portanto, tinham que ser remunerados pelos trabalhos prestados, n\u00e3o importando a fonte e nem o local dos pagamentos \u2013 se somam a Odebrecht, OAS, Delc\u00eddio do Amaral, Renato Duque e a Joesley Batista\/JBS, para desnudar a vestal, a pureza, o fingimento de Lula e Dilma, que sempre afirmaram que n\u00e3o havia corrup\u00e7\u00e3o em seus governos e que n\u00e3o participavam de falcatruas na macrodelinqu\u00eancia governamental.<\/p>\n<p>M\u00f4nica Moura revelou que recebia de Dilma informa\u00e7\u00f5es sigilosas da Lava-Jato. Elaborou at\u00e9 senha secreta para se comunicar com Dilma. Enfim, com a maior naturalidade M\u00f4nica contou o submundo corrupto da presidente cassada e do chef\u00e3o Lula e disse mais: que Dilma Rousseff mandou M\u00f4nica Moura pagar o cabeleireiro Celso Kamura porque ela &#8220;n\u00e3o tinha rubrica&#8221; para isso. Foram 40 mil reais em dinheiro para tratar da cabeleira da &#8220;presidenta inocenta&#8221;.<\/p>\n<p>E para completar o quadro emoldurado de den\u00fancias de corrup\u00e7\u00e3o, eis que o empres\u00e1rio Joesley Batista, da JBS, vem botar mais combust\u00edvel na fogueira ao divulgar grava\u00e7\u00f5es que comprometem o comportamento do presidente Michel Temer, como tamb\u00e9m do senador A\u00e9cio Neves.<\/p>\n<p>Como s\u00f3i acontecer, todos os denunciados negam a veracidade das acusa\u00e7\u00f5es. S\u00f3 que \u00e9 muita coincid\u00eancia haver uma conspira\u00e7\u00e3o de todos para prejudicar Lula, Dilma, Temer e A\u00e9cio.<\/p>\n<p>Somente ing\u00eanuos brasileiros podem acreditar na santa inoc\u00eancia dos personagens aqui abordados. E quanto \u00e0 honradez de Lula e Dilma, especialmente diante das confiss\u00f5es de gentes de sua rela\u00e7\u00e3o, a vestal deles fica desnudada.<\/p>\n<p>A hist\u00f3ria do Brasil n\u00e3o pode continuar sendo desmoralizada por pol\u00edticos ou grupos empresariais corruptos mais interessados em saquear os cofres p\u00fablicos, enquanto continuamos tendo bols\u00e3o de miser\u00e1veis acentuados nos estados, por exemplo, de Alagoas, Cear\u00e1, Maranh\u00e3o, Amazonas, como tamb\u00e9m nas demais unidades da federa\u00e7\u00e3o.<\/p>\n","protected":false},"excerpt":{"rendered":"<p>J\u00falio C\u00e9sar Cardoso Palocci volta atr\u00e1s e recontrata advogado para negociar dela\u00e7\u00e3o. Lula se ferrar\u00e1, mais uma vez, caso o &#8220;Italiano&#8221; conte toda a patifaria mantida com o &#8220;chef\u00e3o&#8221;. Diante do juiz S\u00e9rgio Moro, Lula, irrequieto e nervoso, quis transferir \u00e0 sua falecida esposa a responsabilidade pelo tr\u00edplex de Guaruj\u00e1, com evasivas de que o [&hellip;]<\/p>\n","protected":false},"author":2,"featured_media":116680,"comment_status":"open","ping_status":"closed","sticky":false,"template":"","format":"standard","meta":{"_acf_changed":false,"footnotes":""},"categories":[25],"tags":[],"class_list":["post-140329","post","type-post","status-publish","format-standard","has-post-thumbnail","hentry","category-opina-ai"],"acf":[],"yoast_head":"<!-- This site is optimized with the Yoast SEO plugin v27.2 - https:\/\/yoast.com\/product\/yoast-seo-wordpress\/ -->\n<title>Se o italiano falar, como Lula e seus aliados reagir\u00e3o? - Notibras<\/title>\n<meta name=\"robots\" content=\"index, follow, max-snippet:-1, max-image-preview:large, max-video-preview:-1\" \/>\n<link rel=\"canonical\" href=\"https:\/\/www.notibras.com\/site\/se-o-italiano-falar-como-lula-e-seus-aliados-reagirao\/\" \/>\n<meta property=\"og:locale\" content=\"pt_BR\" \/>\n<meta property=\"og:type\" content=\"article\" \/>\n<meta property=\"og:title\" content=\"Se o italiano falar, como Lula e seus aliados reagir\u00e3o? - Notibras\" \/>\n<meta property=\"og:description\" content=\"J\u00falio C\u00e9sar Cardoso Palocci volta atr\u00e1s e recontrata advogado para negociar dela\u00e7\u00e3o. Lula se ferrar\u00e1, mais uma vez, caso o &#8220;Italiano&#8221; conte toda a patifaria mantida com o &#8220;chef\u00e3o&#8221;. Diante do juiz S\u00e9rgio Moro, Lula, irrequieto e nervoso, quis transferir \u00e0 sua falecida esposa a responsabilidade pelo tr\u00edplex de Guaruj\u00e1, com evasivas de que o [&hellip;]\" \/>\n<meta property=\"og:url\" content=\"https:\/\/www.notibras.com\/site\/se-o-italiano-falar-como-lula-e-seus-aliados-reagirao\/\" \/>\n<meta property=\"og:site_name\" content=\"Notibras\" \/>\n<meta property=\"article:publisher\" content=\"https:\/\/www.facebook.com\/notibras\/\" \/>\n<meta property=\"article:published_time\" content=\"2017-05-30T10:42:27+00:00\" \/>\n<meta property=\"og:image\" content=\"https:\/\/www.notibras.com\/site\/wp-content\/uploads\/2016\/09\/antonio_palocci_2011_rts.jpg\" \/>\n\t<meta property=\"og:image:width\" content=\"1024\" \/>\n\t<meta property=\"og:image:height\" content=\"794\" \/>\n\t<meta property=\"og:image:type\" content=\"image\/jpeg\" \/>\n<meta name=\"author\" content=\"Reda\u00e7\u00e3o\" \/>\n<meta name=\"twitter:card\" content=\"summary_large_image\" \/>\n<meta name=\"twitter:creator\" content=\"@Notibras\" \/>\n<meta name=\"twitter:site\" content=\"@Notibras\" \/>\n<meta name=\"twitter:label1\" content=\"Escrito por\" \/>\n\t<meta name=\"twitter:data1\" content=\"Reda\u00e7\u00e3o\" \/>\n\t<meta name=\"twitter:label2\" content=\"Est. tempo de leitura\" \/>\n\t<meta name=\"twitter:data2\" content=\"2 minutos\" \/>\n<script type=\"application\/ld+json\" class=\"yoast-schema-graph\">{\"@context\":\"https:\/\/schema.org\",\"@graph\":[{\"@type\":\"Article\",\"@id\":\"https:\/\/www.notibras.com\/site\/se-o-italiano-falar-como-lula-e-seus-aliados-reagirao\/#article\",\"isPartOf\":{\"@id\":\"https:\/\/www.notibras.com\/site\/se-o-italiano-falar-como-lula-e-seus-aliados-reagirao\/\"},\"author\":{\"name\":\"Reda\u00e7\u00e3o\",\"@id\":\"https:\/\/www.notibras.com\/site\/#\/schema\/person\/36ab0979449956132d3e5b517ea76ac8\"},\"headline\":\"Se o italiano falar, como Lula e seus aliados reagir\u00e3o?\",\"datePublished\":\"2017-05-30T10:42:27+00:00\",\"mainEntityOfPage\":{\"@id\":\"https:\/\/www.notibras.com\/site\/se-o-italiano-falar-como-lula-e-seus-aliados-reagirao\/\"},\"wordCount\":471,\"commentCount\":0,\"publisher\":{\"@id\":\"https:\/\/www.notibras.com\/site\/#organization\"},\"image\":{\"@id\":\"https:\/\/www.notibras.com\/site\/se-o-italiano-falar-como-lula-e-seus-aliados-reagirao\/#primaryimage\"},\"thumbnailUrl\":\"https:\/\/www.notibras.com\/site\/wp-content\/uploads\/2016\/09\/antonio_palocci_2011_rts.jpg\",\"articleSection\":[\"Opina a\u00ed\"],\"inLanguage\":\"pt-BR\",\"potentialAction\":[{\"@type\":\"CommentAction\",\"name\":\"Comment\",\"target\":[\"https:\/\/www.notibras.com\/site\/se-o-italiano-falar-como-lula-e-seus-aliados-reagirao\/#respond\"]}]},{\"@type\":\"WebPage\",\"@id\":\"https:\/\/www.notibras.com\/site\/se-o-italiano-falar-como-lula-e-seus-aliados-reagirao\/\",\"url\":\"https:\/\/www.notibras.com\/site\/se-o-italiano-falar-como-lula-e-seus-aliados-reagirao\/\",\"name\":\"Se o italiano falar, como Lula e seus aliados reagir\u00e3o? - Notibras\",\"isPartOf\":{\"@id\":\"https:\/\/www.notibras.com\/site\/#website\"},\"primaryImageOfPage\":{\"@id\":\"https:\/\/www.notibras.com\/site\/se-o-italiano-falar-como-lula-e-seus-aliados-reagirao\/#primaryimage\"},\"image\":{\"@id\":\"https:\/\/www.notibras.com\/site\/se-o-italiano-falar-como-lula-e-seus-aliados-reagirao\/#primaryimage\"},\"thumbnailUrl\":\"https:\/\/www.notibras.com\/site\/wp-content\/uploads\/2016\/09\/antonio_palocci_2011_rts.jpg\",\"datePublished\":\"2017-05-30T10:42:27+00:00\",\"breadcrumb\":{\"@id\":\"https:\/\/www.notibras.com\/site\/se-o-italiano-falar-como-lula-e-seus-aliados-reagirao\/#breadcrumb\"},\"inLanguage\":\"pt-BR\",\"potentialAction\":[{\"@type\":\"ReadAction\",\"target\":[\"https:\/\/www.notibras.com\/site\/se-o-italiano-falar-como-lula-e-seus-aliados-reagirao\/\"]}]},{\"@type\":\"ImageObject\",\"inLanguage\":\"pt-BR\",\"@id\":\"https:\/\/www.notibras.com\/site\/se-o-italiano-falar-como-lula-e-seus-aliados-reagirao\/#primaryimage\",\"url\":\"https:\/\/www.notibras.com\/site\/wp-content\/uploads\/2016\/09\/antonio_palocci_2011_rts.jpg\",\"contentUrl\":\"https:\/\/www.notibras.com\/site\/wp-content\/uploads\/2016\/09\/antonio_palocci_2011_rts.jpg\",\"width\":1024,\"height\":794,\"caption\":\"Foto\/Arquivo Notibras\"},{\"@type\":\"BreadcrumbList\",\"@id\":\"https:\/\/www.notibras.com\/site\/se-o-italiano-falar-como-lula-e-seus-aliados-reagirao\/#breadcrumb\",\"itemListElement\":[{\"@type\":\"ListItem\",\"position\":1,\"name\":\"In\u00edcio\",\"item\":\"https:\/\/www.notibras.com\/site\/\"},{\"@type\":\"ListItem\",\"position\":2,\"name\":\"Se o italiano falar, como Lula e seus aliados reagir\u00e3o?\"}]},{\"@type\":\"WebSite\",\"@id\":\"https:\/\/www.notibras.com\/site\/#website\",\"url\":\"https:\/\/www.notibras.com\/site\/\",\"name\":\"Notibras\",\"description\":\"Not\u00edcias de Bras\u00edlia, do Brasil e do Mundo\",\"publisher\":{\"@id\":\"https:\/\/www.notibras.com\/site\/#organization\"},\"potentialAction\":[{\"@type\":\"SearchAction\",\"target\":{\"@type\":\"EntryPoint\",\"urlTemplate\":\"https:\/\/www.notibras.com\/site\/?s={search_term_string}\"},\"query-input\":{\"@type\":\"PropertyValueSpecification\",\"valueRequired\":true,\"valueName\":\"search_term_string\"}}],\"inLanguage\":\"pt-BR\"},{\"@type\":\"Organization\",\"@id\":\"https:\/\/www.notibras.com\/site\/#organization\",\"name\":\"Grupo Notibras de Comunica\u00e7\u00e3o\",\"url\":\"https:\/\/www.notibras.com\/site\/\",\"logo\":{\"@type\":\"ImageObject\",\"inLanguage\":\"pt-BR\",\"@id\":\"https:\/\/www.notibras.com\/site\/#\/schema\/logo\/image\/\",\"url\":\"https:\/\/www.notibras.com\/site\/wp-content\/uploads\/2023\/01\/notibras23.png\",\"contentUrl\":\"https:\/\/www.notibras.com\/site\/wp-content\/uploads\/2023\/01\/notibras23.png\",\"width\":350,\"height\":87,\"caption\":\"Grupo Notibras de Comunica\u00e7\u00e3o\"},\"image\":{\"@id\":\"https:\/\/www.notibras.com\/site\/#\/schema\/logo\/image\/\"},\"sameAs\":[\"https:\/\/www.facebook.com\/notibras\/\",\"https:\/\/x.com\/Notibras\",\"https:\/\/www.instagram.com\/notibras\/\"]},{\"@type\":\"Person\",\"@id\":\"https:\/\/www.notibras.com\/site\/#\/schema\/person\/36ab0979449956132d3e5b517ea76ac8\",\"name\":\"Reda\u00e7\u00e3o\",\"image\":{\"@type\":\"ImageObject\",\"inLanguage\":\"pt-BR\",\"@id\":\"https:\/\/secure.gravatar.com\/avatar\/e0a867bdedb85fd243eadf09663511f96fc81e0720a4a42581f334ad4303aa6b?s=96&d=mm&r=g\",\"url\":\"https:\/\/secure.gravatar.com\/avatar\/e0a867bdedb85fd243eadf09663511f96fc81e0720a4a42581f334ad4303aa6b?s=96&d=mm&r=g\",\"contentUrl\":\"https:\/\/secure.gravatar.com\/avatar\/e0a867bdedb85fd243eadf09663511f96fc81e0720a4a42581f334ad4303aa6b?s=96&d=mm&r=g\",\"caption\":\"Reda\u00e7\u00e3o\"}}]}<\/script>\n<!-- \/ Yoast SEO plugin. -->","yoast_head_json":{"title":"Se o italiano falar, como Lula e seus aliados reagir\u00e3o? - Notibras","robots":{"index":"index","follow":"follow","max-snippet":"max-snippet:-1","max-image-preview":"max-image-preview:large","max-video-preview":"max-video-preview:-1"},"canonical":"https:\/\/www.notibras.com\/site\/se-o-italiano-falar-como-lula-e-seus-aliados-reagirao\/","og_locale":"pt_BR","og_type":"article","og_title":"Se o italiano falar, como Lula e seus aliados reagir\u00e3o? - Notibras","og_description":"J\u00falio C\u00e9sar Cardoso Palocci volta atr\u00e1s e recontrata advogado para negociar dela\u00e7\u00e3o. Lula se ferrar\u00e1, mais uma vez, caso o &#8220;Italiano&#8221; conte toda a patifaria mantida com o &#8220;chef\u00e3o&#8221;. Diante do juiz S\u00e9rgio Moro, Lula, irrequieto e nervoso, quis transferir \u00e0 sua falecida esposa a responsabilidade pelo tr\u00edplex de Guaruj\u00e1, com evasivas de que o [&hellip;]","og_url":"https:\/\/www.notibras.com\/site\/se-o-italiano-falar-como-lula-e-seus-aliados-reagirao\/","og_site_name":"Notibras","article_publisher":"https:\/\/www.facebook.com\/notibras\/","article_published_time":"2017-05-30T10:42:27+00:00","og_image":[{"width":1024,"height":794,"url":"https:\/\/www.notibras.com\/site\/wp-content\/uploads\/2016\/09\/antonio_palocci_2011_rts.jpg","type":"image\/jpeg"}],"author":"Reda\u00e7\u00e3o","twitter_card":"summary_large_image","twitter_creator":"@Notibras","twitter_site":"@Notibras","twitter_misc":{"Escrito por":"Reda\u00e7\u00e3o","Est. tempo de leitura":"2 minutos"},"schema":{"@context":"https:\/\/schema.org","@graph":[{"@type":"Article","@id":"https:\/\/www.notibras.com\/site\/se-o-italiano-falar-como-lula-e-seus-aliados-reagirao\/#article","isPartOf":{"@id":"https:\/\/www.notibras.com\/site\/se-o-italiano-falar-como-lula-e-seus-aliados-reagirao\/"},"author":{"name":"Reda\u00e7\u00e3o","@id":"https:\/\/www.notibras.com\/site\/#\/schema\/person\/36ab0979449956132d3e5b517ea76ac8"},"headline":"Se o italiano falar, como Lula e seus aliados reagir\u00e3o?","datePublished":"2017-05-30T10:42:27+00:00","mainEntityOfPage":{"@id":"https:\/\/www.notibras.com\/site\/se-o-italiano-falar-como-lula-e-seus-aliados-reagirao\/"},"wordCount":471,"commentCount":0,"publisher":{"@id":"https:\/\/www.notibras.com\/site\/#organization"},"image":{"@id":"https:\/\/www.notibras.com\/site\/se-o-italiano-falar-como-lula-e-seus-aliados-reagirao\/#primaryimage"},"thumbnailUrl":"https:\/\/www.notibras.com\/site\/wp-content\/uploads\/2016\/09\/antonio_palocci_2011_rts.jpg","articleSection":["Opina a\u00ed"],"inLanguage":"pt-BR","potentialAction":[{"@type":"CommentAction","name":"Comment","target":["https:\/\/www.notibras.com\/site\/se-o-italiano-falar-como-lula-e-seus-aliados-reagirao\/#respond"]}]},{"@type":"WebPage","@id":"https:\/\/www.notibras.com\/site\/se-o-italiano-falar-como-lula-e-seus-aliados-reagirao\/","url":"https:\/\/www.notibras.com\/site\/se-o-italiano-falar-como-lula-e-seus-aliados-reagirao\/","name":"Se o italiano falar, como Lula e seus aliados reagir\u00e3o? - Notibras","isPartOf":{"@id":"https:\/\/www.notibras.com\/site\/#website"},"primaryImageOfPage":{"@id":"https:\/\/www.notibras.com\/site\/se-o-italiano-falar-como-lula-e-seus-aliados-reagirao\/#primaryimage"},"image":{"@id":"https:\/\/www.notibras.com\/site\/se-o-italiano-falar-como-lula-e-seus-aliados-reagirao\/#primaryimage"},"thumbnailUrl":"https:\/\/www.notibras.com\/site\/wp-content\/uploads\/2016\/09\/antonio_palocci_2011_rts.jpg","datePublished":"2017-05-30T10:42:27+00:00","breadcrumb":{"@id":"https:\/\/www.notibras.com\/site\/se-o-italiano-falar-como-lula-e-seus-aliados-reagirao\/#breadcrumb"},"inLanguage":"pt-BR","potentialAction":[{"@type":"ReadAction","target":["https:\/\/www.notibras.com\/site\/se-o-italiano-falar-como-lula-e-seus-aliados-reagirao\/"]}]},{"@type":"ImageObject","inLanguage":"pt-BR","@id":"https:\/\/www.notibras.com\/site\/se-o-italiano-falar-como-lula-e-seus-aliados-reagirao\/#primaryimage","url":"https:\/\/www.notibras.com\/site\/wp-content\/uploads\/2016\/09\/antonio_palocci_2011_rts.jpg","contentUrl":"https:\/\/www.notibras.com\/site\/wp-content\/uploads\/2016\/09\/antonio_palocci_2011_rts.jpg","width":1024,"height":794,"caption":"Foto\/Arquivo Notibras"},{"@type":"BreadcrumbList","@id":"https:\/\/www.notibras.com\/site\/se-o-italiano-falar-como-lula-e-seus-aliados-reagirao\/#breadcrumb","itemListElement":[{"@type":"ListItem","position":1,"name":"In\u00edcio","item":"https:\/\/www.notibras.com\/site\/"},{"@type":"ListItem","position":2,"name":"Se o italiano falar, como Lula e seus aliados reagir\u00e3o?"}]},{"@type":"WebSite","@id":"https:\/\/www.notibras.com\/site\/#website","url":"https:\/\/www.notibras.com\/site\/","name":"Notibras","description":"Not\u00edcias de Bras\u00edlia, do Brasil e do Mundo","publisher":{"@id":"https:\/\/www.notibras.com\/site\/#organization"},"potentialAction":[{"@type":"SearchAction","target":{"@type":"EntryPoint","urlTemplate":"https:\/\/www.notibras.com\/site\/?s={search_term_string}"},"query-input":{"@type":"PropertyValueSpecification","valueRequired":true,"valueName":"search_term_string"}}],"inLanguage":"pt-BR"},{"@type":"Organization","@id":"https:\/\/www.notibras.com\/site\/#organization","name":"Grupo Notibras de Comunica\u00e7\u00e3o","url":"https:\/\/www.notibras.com\/site\/","logo":{"@type":"ImageObject","inLanguage":"pt-BR","@id":"https:\/\/www.notibras.com\/site\/#\/schema\/logo\/image\/","url":"https:\/\/www.notibras.com\/site\/wp-content\/uploads\/2023\/01\/notibras23.png","contentUrl":"https:\/\/www.notibras.com\/site\/wp-content\/uploads\/2023\/01\/notibras23.png","width":350,"height":87,"caption":"Grupo Notibras de Comunica\u00e7\u00e3o"},"image":{"@id":"https:\/\/www.notibras.com\/site\/#\/schema\/logo\/image\/"},"sameAs":["https:\/\/www.facebook.com\/notibras\/","https:\/\/x.com\/Notibras","https:\/\/www.instagram.com\/notibras\/"]},{"@type":"Person","@id":"https:\/\/www.notibras.com\/site\/#\/schema\/person\/36ab0979449956132d3e5b517ea76ac8","name":"Reda\u00e7\u00e3o","image":{"@type":"ImageObject","inLanguage":"pt-BR","@id":"https:\/\/secure.gravatar.com\/avatar\/e0a867bdedb85fd243eadf09663511f96fc81e0720a4a42581f334ad4303aa6b?s=96&d=mm&r=g","url":"https:\/\/secure.gravatar.com\/avatar\/e0a867bdedb85fd243eadf09663511f96fc81e0720a4a42581f334ad4303aa6b?s=96&d=mm&r=g","contentUrl":"https:\/\/secure.gravatar.com\/avatar\/e0a867bdedb85fd243eadf09663511f96fc81e0720a4a42581f334ad4303aa6b?s=96&d=mm&r=g","caption":"Reda\u00e7\u00e3o"}}]}},"amp_enabled":true,"_links":{"self":[{"href":"https:\/\/www.notibras.com\/site\/wp-json\/wp\/v2\/posts\/140329","targetHints":{"allow":["GET"]}}],"collection":[{"href":"https:\/\/www.notibras.com\/site\/wp-json\/wp\/v2\/posts"}],"about":[{"href":"https:\/\/www.notibras.com\/site\/wp-json\/wp\/v2\/types\/post"}],"author":[{"embeddable":true,"href":"https:\/\/www.notibras.com\/site\/wp-json\/wp\/v2\/users\/2"}],"replies":[{"embeddable":true,"href":"https:\/\/www.notibras.com\/site\/wp-json\/wp\/v2\/comments?post=140329"}],"version-history":[{"count":1,"href":"https:\/\/www.notibras.com\/site\/wp-json\/wp\/v2\/posts\/140329\/revisions"}],"predecessor-version":[{"id":140330,"href":"https:\/\/www.notibras.com\/site\/wp-json\/wp\/v2\/posts\/140329\/revisions\/140330"}],"wp:featuredmedia":[{"embeddable":true,"href":"https:\/\/www.notibras.com\/site\/wp-json\/wp\/v2\/media\/116680"}],"wp:attachment":[{"href":"https:\/\/www.notibras.com\/site\/wp-json\/wp\/v2\/media?parent=140329"}],"wp:term":[{"taxonomy":"category","embeddable":true,"href":"https:\/\/www.notibras.com\/site\/wp-json\/wp\/v2\/categories?post=140329"},{"taxonomy":"post_tag","embeddable":true,"href":"https:\/\/www.notibras.com\/site\/wp-json\/wp\/v2\/tags?post=140329"}],"curies":[{"name":"wp","href":"https:\/\/api.w.org\/{rel}","templated":true}]}}