{"id":14067,"date":"2014-06-21T20:43:32","date_gmt":"2014-06-21T23:43:32","guid":{"rendered":"http:\/\/www.notibras.com\/site\/?p=14067"},"modified":"2014-06-21T20:44:16","modified_gmt":"2014-06-21T23:44:16","slug":"rose-muraro-patrona-do-feminismo-brasileiro-morre-aos-83-no-rio","status":"publish","type":"post","link":"https:\/\/www.notibras.com\/site\/rose-muraro-patrona-do-feminismo-brasileiro-morre-aos-83-no-rio\/","title":{"rendered":"Rose Marie Muraro, patrona do feminismo, morre aos 83, no Rio"},"content":{"rendered":"<p>A escritora e feminista brasileira Rose Marie Muraro faleceu neste s\u00e1bado (21) aos 83 anos, no Rio de Janeiro. Ela lutava contra um c\u00e2ncer reincidente, mas a causa da morte foi uma infec\u00e7\u00e3o urin\u00e1ria que se generalizou, de acordo com a assessoria de imprensa do Hospital S\u00e3o Lucas.<\/p>\n<p>Intelectual que lutava pela igualdade de direitos para as mulheres, Rose Marie Muraro foi reconhecida em 2005 pelo governo federal como Patrona do Feminismo Brasileiro. Nascida no dia 11 de novembro de 1930, com um problema na vis\u00e3o que a deixou praticamente cega durante parte da sua vida, a escritora deixou cinco filhos, doze netos e publicou 35 livros.<\/p>\n<blockquote><p>Al\u00e9m de escrever livros que retratavam de forma quase que in\u00e9dita no Brasil a condi\u00e7\u00e3o da mulher na sociedade da \u00e9poca, como <em>A Sexualidade da Mulher Brasileira<\/em>, Rose foi importante para a dissemina\u00e7\u00e3o de conte\u00fados estrangeiros sobre o tema, traduzindo e editando in\u00fameras publica\u00e7\u00f5es. Trabalhou durante 17 anos na Editora Vozes e depois fundou, junto com outras feministas, a \u00a0Editora Rosa dos Tempos (hoje pertencente \u00e0 Editora Record), criada para difundir um instrumento que desse voz \u00e0s mulheres.<\/p><\/blockquote>\n<p>De acordo com a professora da Universidade Federal Fluminense Hildete Pereira de Melo, a vida de Rose Marie Muraro foi influenciada pelo seu trabalho na Teologia da Liberta\u00e7\u00e3o, segmento da Igreja Cat\u00f3lica que transformou a vida da intelectual. Ap\u00f3s publicar <em>Por Uma Er\u00f3tica Crist\u00e3<\/em>, no entanto, as suas ideias n\u00e3o foram mais aceitas pela Igreja.<\/p>\n<p>Hildete contou que outro papel fundamental da intelectual foi na promo\u00e7\u00e3o de um semin\u00e1rio, h\u00e1 40 anos, que culminou com a cria\u00e7\u00e3o do Centro da Mulher Brasileira. O \u201cpapel vital\u201d de Rose se deu n\u00e3o apenas na funda\u00e7\u00e3o da organiza\u00e7\u00e3o feminista, mas tamb\u00e9m no financiamento para que tal empreendimento se viabilizasse.<\/p>\n<p>Pelo Twitter, a presidenta Dilma Rousseff \u00a0lamentou a morte de quem considerou um \u00edcone da luta pelos direitos das mulheres. \u201cIntelectual not\u00e1vel, Rose Marie foi uma mulher determinada em tudo, na luta contra a barreira da cegueira, na luta pelas suas ideias. Somos todas gratas \u00e0 dedica\u00e7\u00e3o incans\u00e1vel de Rose Marie\u201d, escreveu.<\/p>\n<p>\u201cEla \u00e9 um patrim\u00f4nio das mulheres brasileiras, pela sua intelig\u00eancia, vivacidade, pelo desprendimento na luta para vencer o patriarcado da sociedade e o machismo, na luta pela liberdade pol\u00edtica democr\u00e1tica e pela igualdade das mulheres. Hoje, as mulheres est\u00e3o \u00f3rf\u00e3s\u201d, declarou Hildete, que prepara uma homenagem neste domingo com muitas flores, o que, segundo ela, era desejo de Rose Marie Muraro antes de falecer.<\/p>\n<p>A ministra da Secretaria de Pol\u00edticas para Mulheres, Eleonora Menicucci, participa do vel\u00f3rio no Rio de Janeiro.<\/p>\n<p><strong>Paulo Victor Chagas, ABr<br \/>\n<\/strong><\/p>\n<p>&nbsp;<\/p>\n","protected":false},"excerpt":{"rendered":"<p>A escritora e feminista brasileira Rose Marie Muraro faleceu neste s\u00e1bado (21) aos 83 anos, no Rio de Janeiro. Ela lutava contra um c\u00e2ncer reincidente, mas a causa da morte foi uma infec\u00e7\u00e3o urin\u00e1ria que se generalizou, de acordo com a assessoria de imprensa do Hospital S\u00e3o Lucas. Intelectual que lutava pela igualdade de direitos [&hellip;]<\/p>\n","protected":false},"author":2,"featured_media":14068,"comment_status":"open","ping_status":"closed","sticky":false,"template":"","format":"standard","meta":{"_acf_changed":false,"footnotes":""},"categories":[16],"tags":[],"class_list":["post-14067","post","type-post","status-publish","format-standard","has-post-thumbnail","hentry","category-brasil"],"acf":[],"yoast_head":"<!-- This site is optimized with the Yoast SEO plugin v27.2 - https:\/\/yoast.com\/product\/yoast-seo-wordpress\/ -->\n<title>Rose Marie Muraro, patrona do feminismo, morre aos 83, no Rio - Notibras<\/title>\n<meta name=\"robots\" content=\"index, follow, max-snippet:-1, max-image-preview:large, max-video-preview:-1\" \/>\n<link rel=\"canonical\" href=\"https:\/\/www.notibras.com\/site\/rose-muraro-patrona-do-feminismo-brasileiro-morre-aos-83-no-rio\/\" \/>\n<meta property=\"og:locale\" content=\"pt_BR\" \/>\n<meta property=\"og:type\" content=\"article\" \/>\n<meta property=\"og:title\" content=\"Rose Marie Muraro, patrona do feminismo, morre aos 83, no Rio - Notibras\" \/>\n<meta property=\"og:description\" content=\"A escritora e feminista brasileira Rose Marie Muraro faleceu neste s\u00e1bado (21) aos 83 anos, no Rio de Janeiro. Ela lutava contra um c\u00e2ncer reincidente, mas a causa da morte foi uma infec\u00e7\u00e3o urin\u00e1ria que se generalizou, de acordo com a assessoria de imprensa do Hospital S\u00e3o Lucas. Intelectual que lutava pela igualdade de direitos [&hellip;]\" \/>\n<meta property=\"og:url\" content=\"https:\/\/www.notibras.com\/site\/rose-muraro-patrona-do-feminismo-brasileiro-morre-aos-83-no-rio\/\" \/>\n<meta property=\"og:site_name\" content=\"Notibras\" \/>\n<meta property=\"article:publisher\" content=\"https:\/\/www.facebook.com\/notibras\/\" \/>\n<meta property=\"article:published_time\" content=\"2014-06-21T23:43:32+00:00\" \/>\n<meta property=\"article:modified_time\" content=\"2014-06-21T23:44:16+00:00\" \/>\n<meta property=\"og:image\" content=\"https:\/\/www.notibras.com\/site\/wp-content\/uploads\/2014\/06\/rosemarie.jpg\" \/>\n\t<meta property=\"og:image:width\" content=\"500\" \/>\n\t<meta property=\"og:image:height\" content=\"413\" \/>\n\t<meta property=\"og:image:type\" content=\"image\/jpeg\" \/>\n<meta name=\"author\" content=\"Reda\u00e7\u00e3o\" \/>\n<meta name=\"twitter:card\" content=\"summary_large_image\" \/>\n<meta name=\"twitter:creator\" content=\"@Notibras\" \/>\n<meta name=\"twitter:site\" content=\"@Notibras\" \/>\n<meta name=\"twitter:label1\" content=\"Escrito por\" \/>\n\t<meta name=\"twitter:data1\" content=\"Reda\u00e7\u00e3o\" \/>\n\t<meta name=\"twitter:label2\" content=\"Est. tempo de leitura\" \/>\n\t<meta name=\"twitter:data2\" content=\"2 minutos\" \/>\n<script type=\"application\/ld+json\" class=\"yoast-schema-graph\">{\"@context\":\"https:\/\/schema.org\",\"@graph\":[{\"@type\":\"Article\",\"@id\":\"https:\/\/www.notibras.com\/site\/rose-muraro-patrona-do-feminismo-brasileiro-morre-aos-83-no-rio\/#article\",\"isPartOf\":{\"@id\":\"https:\/\/www.notibras.com\/site\/rose-muraro-patrona-do-feminismo-brasileiro-morre-aos-83-no-rio\/\"},\"author\":{\"name\":\"Reda\u00e7\u00e3o\",\"@id\":\"https:\/\/www.notibras.com\/site\/#\/schema\/person\/36ab0979449956132d3e5b517ea76ac8\"},\"headline\":\"Rose Marie Muraro, patrona do feminismo, morre aos 83, no Rio\",\"datePublished\":\"2014-06-21T23:43:32+00:00\",\"dateModified\":\"2014-06-21T23:44:16+00:00\",\"mainEntityOfPage\":{\"@id\":\"https:\/\/www.notibras.com\/site\/rose-muraro-patrona-do-feminismo-brasileiro-morre-aos-83-no-rio\/\"},\"wordCount\":464,\"commentCount\":0,\"publisher\":{\"@id\":\"https:\/\/www.notibras.com\/site\/#organization\"},\"image\":{\"@id\":\"https:\/\/www.notibras.com\/site\/rose-muraro-patrona-do-feminismo-brasileiro-morre-aos-83-no-rio\/#primaryimage\"},\"thumbnailUrl\":\"https:\/\/www.notibras.com\/site\/wp-content\/uploads\/2014\/06\/rosemarie.jpg\",\"articleSection\":[\"Brasil\"],\"inLanguage\":\"pt-BR\",\"potentialAction\":[{\"@type\":\"CommentAction\",\"name\":\"Comment\",\"target\":[\"https:\/\/www.notibras.com\/site\/rose-muraro-patrona-do-feminismo-brasileiro-morre-aos-83-no-rio\/#respond\"]}]},{\"@type\":\"WebPage\",\"@id\":\"https:\/\/www.notibras.com\/site\/rose-muraro-patrona-do-feminismo-brasileiro-morre-aos-83-no-rio\/\",\"url\":\"https:\/\/www.notibras.com\/site\/rose-muraro-patrona-do-feminismo-brasileiro-morre-aos-83-no-rio\/\",\"name\":\"Rose Marie Muraro, patrona do feminismo, morre aos 83, no Rio - Notibras\",\"isPartOf\":{\"@id\":\"https:\/\/www.notibras.com\/site\/#website\"},\"primaryImageOfPage\":{\"@id\":\"https:\/\/www.notibras.com\/site\/rose-muraro-patrona-do-feminismo-brasileiro-morre-aos-83-no-rio\/#primaryimage\"},\"image\":{\"@id\":\"https:\/\/www.notibras.com\/site\/rose-muraro-patrona-do-feminismo-brasileiro-morre-aos-83-no-rio\/#primaryimage\"},\"thumbnailUrl\":\"https:\/\/www.notibras.com\/site\/wp-content\/uploads\/2014\/06\/rosemarie.jpg\",\"datePublished\":\"2014-06-21T23:43:32+00:00\",\"dateModified\":\"2014-06-21T23:44:16+00:00\",\"breadcrumb\":{\"@id\":\"https:\/\/www.notibras.com\/site\/rose-muraro-patrona-do-feminismo-brasileiro-morre-aos-83-no-rio\/#breadcrumb\"},\"inLanguage\":\"pt-BR\",\"potentialAction\":[{\"@type\":\"ReadAction\",\"target\":[\"https:\/\/www.notibras.com\/site\/rose-muraro-patrona-do-feminismo-brasileiro-morre-aos-83-no-rio\/\"]}]},{\"@type\":\"ImageObject\",\"inLanguage\":\"pt-BR\",\"@id\":\"https:\/\/www.notibras.com\/site\/rose-muraro-patrona-do-feminismo-brasileiro-morre-aos-83-no-rio\/#primaryimage\",\"url\":\"https:\/\/www.notibras.com\/site\/wp-content\/uploads\/2014\/06\/rosemarie.jpg\",\"contentUrl\":\"https:\/\/www.notibras.com\/site\/wp-content\/uploads\/2014\/06\/rosemarie.jpg\",\"width\":500,\"height\":413},{\"@type\":\"BreadcrumbList\",\"@id\":\"https:\/\/www.notibras.com\/site\/rose-muraro-patrona-do-feminismo-brasileiro-morre-aos-83-no-rio\/#breadcrumb\",\"itemListElement\":[{\"@type\":\"ListItem\",\"position\":1,\"name\":\"In\u00edcio\",\"item\":\"https:\/\/www.notibras.com\/site\/\"},{\"@type\":\"ListItem\",\"position\":2,\"name\":\"Rose Marie Muraro, patrona do feminismo, morre aos 83, no Rio\"}]},{\"@type\":\"WebSite\",\"@id\":\"https:\/\/www.notibras.com\/site\/#website\",\"url\":\"https:\/\/www.notibras.com\/site\/\",\"name\":\"Notibras\",\"description\":\"Not\u00edcias de Bras\u00edlia, do Brasil e do Mundo\",\"publisher\":{\"@id\":\"https:\/\/www.notibras.com\/site\/#organization\"},\"potentialAction\":[{\"@type\":\"SearchAction\",\"target\":{\"@type\":\"EntryPoint\",\"urlTemplate\":\"https:\/\/www.notibras.com\/site\/?s={search_term_string}\"},\"query-input\":{\"@type\":\"PropertyValueSpecification\",\"valueRequired\":true,\"valueName\":\"search_term_string\"}}],\"inLanguage\":\"pt-BR\"},{\"@type\":\"Organization\",\"@id\":\"https:\/\/www.notibras.com\/site\/#organization\",\"name\":\"Grupo Notibras de Comunica\u00e7\u00e3o\",\"url\":\"https:\/\/www.notibras.com\/site\/\",\"logo\":{\"@type\":\"ImageObject\",\"inLanguage\":\"pt-BR\",\"@id\":\"https:\/\/www.notibras.com\/site\/#\/schema\/logo\/image\/\",\"url\":\"https:\/\/www.notibras.com\/site\/wp-content\/uploads\/2023\/01\/notibras23.png\",\"contentUrl\":\"https:\/\/www.notibras.com\/site\/wp-content\/uploads\/2023\/01\/notibras23.png\",\"width\":350,\"height\":87,\"caption\":\"Grupo Notibras de Comunica\u00e7\u00e3o\"},\"image\":{\"@id\":\"https:\/\/www.notibras.com\/site\/#\/schema\/logo\/image\/\"},\"sameAs\":[\"https:\/\/www.facebook.com\/notibras\/\",\"https:\/\/x.com\/Notibras\",\"https:\/\/www.instagram.com\/notibras\/\"]},{\"@type\":\"Person\",\"@id\":\"https:\/\/www.notibras.com\/site\/#\/schema\/person\/36ab0979449956132d3e5b517ea76ac8\",\"name\":\"Reda\u00e7\u00e3o\",\"image\":{\"@type\":\"ImageObject\",\"inLanguage\":\"pt-BR\",\"@id\":\"https:\/\/secure.gravatar.com\/avatar\/e0a867bdedb85fd243eadf09663511f96fc81e0720a4a42581f334ad4303aa6b?s=96&d=mm&r=g\",\"url\":\"https:\/\/secure.gravatar.com\/avatar\/e0a867bdedb85fd243eadf09663511f96fc81e0720a4a42581f334ad4303aa6b?s=96&d=mm&r=g\",\"contentUrl\":\"https:\/\/secure.gravatar.com\/avatar\/e0a867bdedb85fd243eadf09663511f96fc81e0720a4a42581f334ad4303aa6b?s=96&d=mm&r=g\",\"caption\":\"Reda\u00e7\u00e3o\"}}]}<\/script>\n<!-- \/ Yoast SEO plugin. -->","yoast_head_json":{"title":"Rose Marie Muraro, patrona do feminismo, morre aos 83, no Rio - Notibras","robots":{"index":"index","follow":"follow","max-snippet":"max-snippet:-1","max-image-preview":"max-image-preview:large","max-video-preview":"max-video-preview:-1"},"canonical":"https:\/\/www.notibras.com\/site\/rose-muraro-patrona-do-feminismo-brasileiro-morre-aos-83-no-rio\/","og_locale":"pt_BR","og_type":"article","og_title":"Rose Marie Muraro, patrona do feminismo, morre aos 83, no Rio - Notibras","og_description":"A escritora e feminista brasileira Rose Marie Muraro faleceu neste s\u00e1bado (21) aos 83 anos, no Rio de Janeiro. Ela lutava contra um c\u00e2ncer reincidente, mas a causa da morte foi uma infec\u00e7\u00e3o urin\u00e1ria que se generalizou, de acordo com a assessoria de imprensa do Hospital S\u00e3o Lucas. Intelectual que lutava pela igualdade de direitos [&hellip;]","og_url":"https:\/\/www.notibras.com\/site\/rose-muraro-patrona-do-feminismo-brasileiro-morre-aos-83-no-rio\/","og_site_name":"Notibras","article_publisher":"https:\/\/www.facebook.com\/notibras\/","article_published_time":"2014-06-21T23:43:32+00:00","article_modified_time":"2014-06-21T23:44:16+00:00","og_image":[{"width":500,"height":413,"url":"https:\/\/www.notibras.com\/site\/wp-content\/uploads\/2014\/06\/rosemarie.jpg","type":"image\/jpeg"}],"author":"Reda\u00e7\u00e3o","twitter_card":"summary_large_image","twitter_creator":"@Notibras","twitter_site":"@Notibras","twitter_misc":{"Escrito por":"Reda\u00e7\u00e3o","Est. tempo de leitura":"2 minutos"},"schema":{"@context":"https:\/\/schema.org","@graph":[{"@type":"Article","@id":"https:\/\/www.notibras.com\/site\/rose-muraro-patrona-do-feminismo-brasileiro-morre-aos-83-no-rio\/#article","isPartOf":{"@id":"https:\/\/www.notibras.com\/site\/rose-muraro-patrona-do-feminismo-brasileiro-morre-aos-83-no-rio\/"},"author":{"name":"Reda\u00e7\u00e3o","@id":"https:\/\/www.notibras.com\/site\/#\/schema\/person\/36ab0979449956132d3e5b517ea76ac8"},"headline":"Rose Marie Muraro, patrona do feminismo, morre aos 83, no Rio","datePublished":"2014-06-21T23:43:32+00:00","dateModified":"2014-06-21T23:44:16+00:00","mainEntityOfPage":{"@id":"https:\/\/www.notibras.com\/site\/rose-muraro-patrona-do-feminismo-brasileiro-morre-aos-83-no-rio\/"},"wordCount":464,"commentCount":0,"publisher":{"@id":"https:\/\/www.notibras.com\/site\/#organization"},"image":{"@id":"https:\/\/www.notibras.com\/site\/rose-muraro-patrona-do-feminismo-brasileiro-morre-aos-83-no-rio\/#primaryimage"},"thumbnailUrl":"https:\/\/www.notibras.com\/site\/wp-content\/uploads\/2014\/06\/rosemarie.jpg","articleSection":["Brasil"],"inLanguage":"pt-BR","potentialAction":[{"@type":"CommentAction","name":"Comment","target":["https:\/\/www.notibras.com\/site\/rose-muraro-patrona-do-feminismo-brasileiro-morre-aos-83-no-rio\/#respond"]}]},{"@type":"WebPage","@id":"https:\/\/www.notibras.com\/site\/rose-muraro-patrona-do-feminismo-brasileiro-morre-aos-83-no-rio\/","url":"https:\/\/www.notibras.com\/site\/rose-muraro-patrona-do-feminismo-brasileiro-morre-aos-83-no-rio\/","name":"Rose Marie Muraro, patrona do feminismo, morre aos 83, no Rio - Notibras","isPartOf":{"@id":"https:\/\/www.notibras.com\/site\/#website"},"primaryImageOfPage":{"@id":"https:\/\/www.notibras.com\/site\/rose-muraro-patrona-do-feminismo-brasileiro-morre-aos-83-no-rio\/#primaryimage"},"image":{"@id":"https:\/\/www.notibras.com\/site\/rose-muraro-patrona-do-feminismo-brasileiro-morre-aos-83-no-rio\/#primaryimage"},"thumbnailUrl":"https:\/\/www.notibras.com\/site\/wp-content\/uploads\/2014\/06\/rosemarie.jpg","datePublished":"2014-06-21T23:43:32+00:00","dateModified":"2014-06-21T23:44:16+00:00","breadcrumb":{"@id":"https:\/\/www.notibras.com\/site\/rose-muraro-patrona-do-feminismo-brasileiro-morre-aos-83-no-rio\/#breadcrumb"},"inLanguage":"pt-BR","potentialAction":[{"@type":"ReadAction","target":["https:\/\/www.notibras.com\/site\/rose-muraro-patrona-do-feminismo-brasileiro-morre-aos-83-no-rio\/"]}]},{"@type":"ImageObject","inLanguage":"pt-BR","@id":"https:\/\/www.notibras.com\/site\/rose-muraro-patrona-do-feminismo-brasileiro-morre-aos-83-no-rio\/#primaryimage","url":"https:\/\/www.notibras.com\/site\/wp-content\/uploads\/2014\/06\/rosemarie.jpg","contentUrl":"https:\/\/www.notibras.com\/site\/wp-content\/uploads\/2014\/06\/rosemarie.jpg","width":500,"height":413},{"@type":"BreadcrumbList","@id":"https:\/\/www.notibras.com\/site\/rose-muraro-patrona-do-feminismo-brasileiro-morre-aos-83-no-rio\/#breadcrumb","itemListElement":[{"@type":"ListItem","position":1,"name":"In\u00edcio","item":"https:\/\/www.notibras.com\/site\/"},{"@type":"ListItem","position":2,"name":"Rose Marie Muraro, patrona do feminismo, morre aos 83, no Rio"}]},{"@type":"WebSite","@id":"https:\/\/www.notibras.com\/site\/#website","url":"https:\/\/www.notibras.com\/site\/","name":"Notibras","description":"Not\u00edcias de Bras\u00edlia, do Brasil e do Mundo","publisher":{"@id":"https:\/\/www.notibras.com\/site\/#organization"},"potentialAction":[{"@type":"SearchAction","target":{"@type":"EntryPoint","urlTemplate":"https:\/\/www.notibras.com\/site\/?s={search_term_string}"},"query-input":{"@type":"PropertyValueSpecification","valueRequired":true,"valueName":"search_term_string"}}],"inLanguage":"pt-BR"},{"@type":"Organization","@id":"https:\/\/www.notibras.com\/site\/#organization","name":"Grupo Notibras de Comunica\u00e7\u00e3o","url":"https:\/\/www.notibras.com\/site\/","logo":{"@type":"ImageObject","inLanguage":"pt-BR","@id":"https:\/\/www.notibras.com\/site\/#\/schema\/logo\/image\/","url":"https:\/\/www.notibras.com\/site\/wp-content\/uploads\/2023\/01\/notibras23.png","contentUrl":"https:\/\/www.notibras.com\/site\/wp-content\/uploads\/2023\/01\/notibras23.png","width":350,"height":87,"caption":"Grupo Notibras de Comunica\u00e7\u00e3o"},"image":{"@id":"https:\/\/www.notibras.com\/site\/#\/schema\/logo\/image\/"},"sameAs":["https:\/\/www.facebook.com\/notibras\/","https:\/\/x.com\/Notibras","https:\/\/www.instagram.com\/notibras\/"]},{"@type":"Person","@id":"https:\/\/www.notibras.com\/site\/#\/schema\/person\/36ab0979449956132d3e5b517ea76ac8","name":"Reda\u00e7\u00e3o","image":{"@type":"ImageObject","inLanguage":"pt-BR","@id":"https:\/\/secure.gravatar.com\/avatar\/e0a867bdedb85fd243eadf09663511f96fc81e0720a4a42581f334ad4303aa6b?s=96&d=mm&r=g","url":"https:\/\/secure.gravatar.com\/avatar\/e0a867bdedb85fd243eadf09663511f96fc81e0720a4a42581f334ad4303aa6b?s=96&d=mm&r=g","contentUrl":"https:\/\/secure.gravatar.com\/avatar\/e0a867bdedb85fd243eadf09663511f96fc81e0720a4a42581f334ad4303aa6b?s=96&d=mm&r=g","caption":"Reda\u00e7\u00e3o"}}]}},"amp_enabled":true,"_links":{"self":[{"href":"https:\/\/www.notibras.com\/site\/wp-json\/wp\/v2\/posts\/14067","targetHints":{"allow":["GET"]}}],"collection":[{"href":"https:\/\/www.notibras.com\/site\/wp-json\/wp\/v2\/posts"}],"about":[{"href":"https:\/\/www.notibras.com\/site\/wp-json\/wp\/v2\/types\/post"}],"author":[{"embeddable":true,"href":"https:\/\/www.notibras.com\/site\/wp-json\/wp\/v2\/users\/2"}],"replies":[{"embeddable":true,"href":"https:\/\/www.notibras.com\/site\/wp-json\/wp\/v2\/comments?post=14067"}],"version-history":[{"count":0,"href":"https:\/\/www.notibras.com\/site\/wp-json\/wp\/v2\/posts\/14067\/revisions"}],"wp:featuredmedia":[{"embeddable":true,"href":"https:\/\/www.notibras.com\/site\/wp-json\/wp\/v2\/media\/14068"}],"wp:attachment":[{"href":"https:\/\/www.notibras.com\/site\/wp-json\/wp\/v2\/media?parent=14067"}],"wp:term":[{"taxonomy":"category","embeddable":true,"href":"https:\/\/www.notibras.com\/site\/wp-json\/wp\/v2\/categories?post=14067"},{"taxonomy":"post_tag","embeddable":true,"href":"https:\/\/www.notibras.com\/site\/wp-json\/wp\/v2\/tags?post=14067"}],"curies":[{"name":"wp","href":"https:\/\/api.w.org\/{rel}","templated":true}]}}