{"id":14072,"date":"2014-06-21T21:08:09","date_gmt":"2014-06-22T00:08:09","guid":{"rendered":"http:\/\/www.notibras.com\/site\/?p=14072"},"modified":"2014-06-21T21:08:09","modified_gmt":"2014-06-22T00:08:09","slug":"nigeria-passa-pela-bosnia-e-mais-uma-selecao-volta-para-casa","status":"publish","type":"post","link":"https:\/\/www.notibras.com\/site\/nigeria-passa-pela-bosnia-e-mais-uma-selecao-volta-para-casa\/","title":{"rendered":"Nig\u00e9ria passa pela B\u00f3snia e mais uma sele\u00e7\u00e3o volta para casa"},"content":{"rendered":"<p>A insist\u00eancia em jogadas pelo meio custou caro para a B\u00f3snia. Neste s\u00e1bado, a sele\u00e7\u00e3o europeia encarou a Nig\u00e9ria na Arena Pantanal, em Cuiab\u00e1, e foi derrotada por 1 a 0 gra\u00e7as a um gol solit\u00e1rio de Odemwingie no primeiro tempo. A partida da segunda rodada do Grupo F da Copa do Mundo ficou marcada pelo dom\u00ednio b\u00f3snio e a rapidez dos nigerianos pelas pontas, especialmente a direita, setor do campo onde Emenike infernizou a defesa dos europeus, que tiveram um gol anulado equivocadamente pela arbitragem antes mesmo dos africanos abrirem o placar.<\/p>\n<p>Com a vit\u00f3ria, os nigerianos foram aos quatro pontos e assumiram a segunda posi\u00e7\u00e3o da chave, que tem a Argentina, j\u00e1 classificada para as oitavas de final, na lideran\u00e7a com seis. O Ir\u00e3 est\u00e1 na terceira coloca\u00e7\u00e3o com um ponto, enquanto a B\u00f3snia n\u00e3o tem mais chances de avan\u00e7ar para a fase eliminat\u00f3ria do Mundial.<\/p>\n<blockquote><p>Na \u00faltima rodada do Grupo F, a Nig\u00e9ria encara a Argentina no Est\u00e1dio Beira-Rio, em Porto Alegre, \u00e0s 13h (de Bras\u00edlia), e precisa de apenas um ponto para garantir sua presen\u00e7a na pr\u00f3xima etapa da Copa do Mundo. J\u00e1 eliminada, a B\u00f3snia enfrenta o Ir\u00e3 na Arena Fonte Nova no mesmo dia e hor\u00e1rio ainda em busca da primeira vit\u00f3ria na competi\u00e7\u00e3o na sua hist\u00f3ria.<\/p><\/blockquote>\n<p>A B\u00f3snia ficou mais tempo com a bola no p\u00e9 no in\u00edcio da partida, mas n\u00e3o transformou esse controle da posse em chances de gol. Concentrando suas jogadas no centroavante Edin Dzeko, do Manchester City, os b\u00f3nios encontraram dificuldades para chegar na \u00e1rea nigeriana, insistindo em jogadas pelo meio e n\u00e3o conseguiundo atacar pelas pontas.<\/p>\n<p>O camisa 11 b\u00f3snio teve v\u00e1rias chances de finalizar, mas mandou a maioria delas sobre a meta defendida por Enyeama. Quando acertou o gol, o atacante superou o goleiro nigeriano. Aos 21min, Dzeko recebeu lan\u00e7amento de Misimovic e, livre da marca\u00e7\u00e3o, mandou para as redes. O bandeirinha, no entanto, levantou equivocadamente seu instrumento de trabalho e induziu o \u00e1rbitro a anular a jogada.<\/p>\n<p>Eficiente nas investidas pelos lados do campo, especialmente pela direita, com Emenike, a Nig\u00e9ria foi mais eficaz. Em uma jogada pela ponta, o camisa 9 africano disparou em velocidade, jogou o capit\u00e3o Spahic no ch\u00e3o e cruzou na medida para Odemwingie completar para o fundo das redes de Begovic aos 29min.<\/p>\n<p>O panorama do jogo continuou semelhante depois do retorno das equipes do vesti\u00e1rio para a etapa complementar. A B\u00f3snia continuou com mais posse de bola, mas tinha dificuldade para criar boas chances de gol. Sem jogadas pelos lados, a equipe comandada por Safet Sucic batia e voltava na zaga nigeriana, que protegia bem a entrada da \u00e1rea. O treinador tentou dar mais for\u00e7a para o seu ataque com a entrada de Ibisevic, autor do gol contra a Argentina, mas a sele\u00e7\u00e3o europeia seguiu com problemas para criar no ataque.<\/p>\n<p>Na retaguarda, os b\u00f3snios continuavam a sofrer pelo lado direito, onde Emenike sobrava para cima da marca\u00e7\u00e3o de Spahic. Conforme o tempo avan\u00e7ou, os europeus come\u00e7aram a atacar mais pela lateral esquerda buscando cruzamentos para a dupla Ibisevic-Dzeko, que n\u00e3o teve sucesso pelo alto contra os defensores nigerianos.<\/p>\n<p>Do outro lado do campo, Begovic foi exigido seguidas vezes, j\u00e1 que a Nig\u00e9ria finalizava com precis\u00e3o da entrada da \u00e1rea, al\u00e9m de levar perigo de dentro dela gra\u00e7as \u00e0 velocidade dos seus atacantes. A B\u00f3snia ainda teve uma chance clara de empatar nos acr\u00e9scimos, mas Dzeko pegou mal na bola e Enyeama salvou o resultados para os nigerianos.<\/p>\n","protected":false},"excerpt":{"rendered":"<p>A insist\u00eancia em jogadas pelo meio custou caro para a B\u00f3snia. Neste s\u00e1bado, a sele\u00e7\u00e3o europeia encarou a Nig\u00e9ria na Arena Pantanal, em Cuiab\u00e1, e foi derrotada por 1 a 0 gra\u00e7as a um gol solit\u00e1rio de Odemwingie no primeiro tempo. A partida da segunda rodada do Grupo F da Copa do Mundo ficou marcada [&hellip;]<\/p>\n","protected":false},"author":2,"featured_media":14073,"comment_status":"open","ping_status":"closed","sticky":false,"template":"","format":"standard","meta":{"_acf_changed":false,"footnotes":""},"categories":[19],"tags":[],"class_list":["post-14072","post","type-post","status-publish","format-standard","has-post-thumbnail","hentry","category-esportes"],"acf":[],"yoast_head":"<!-- This site is optimized with the Yoast SEO plugin v27.2 - https:\/\/yoast.com\/product\/yoast-seo-wordpress\/ -->\n<title>Nig\u00e9ria passa pela B\u00f3snia e mais uma sele\u00e7\u00e3o volta para casa - Notibras<\/title>\n<meta name=\"robots\" content=\"index, follow, max-snippet:-1, max-image-preview:large, max-video-preview:-1\" \/>\n<link rel=\"canonical\" href=\"https:\/\/www.notibras.com\/site\/nigeria-passa-pela-bosnia-e-mais-uma-selecao-volta-para-casa\/\" \/>\n<meta property=\"og:locale\" content=\"pt_BR\" \/>\n<meta property=\"og:type\" content=\"article\" \/>\n<meta property=\"og:title\" content=\"Nig\u00e9ria passa pela B\u00f3snia e mais uma sele\u00e7\u00e3o volta para casa - Notibras\" \/>\n<meta property=\"og:description\" content=\"A insist\u00eancia em jogadas pelo meio custou caro para a B\u00f3snia. Neste s\u00e1bado, a sele\u00e7\u00e3o europeia encarou a Nig\u00e9ria na Arena Pantanal, em Cuiab\u00e1, e foi derrotada por 1 a 0 gra\u00e7as a um gol solit\u00e1rio de Odemwingie no primeiro tempo. A partida da segunda rodada do Grupo F da Copa do Mundo ficou marcada [&hellip;]\" \/>\n<meta property=\"og:url\" content=\"https:\/\/www.notibras.com\/site\/nigeria-passa-pela-bosnia-e-mais-uma-selecao-volta-para-casa\/\" \/>\n<meta property=\"og:site_name\" content=\"Notibras\" \/>\n<meta property=\"article:publisher\" content=\"https:\/\/www.facebook.com\/notibras\/\" \/>\n<meta property=\"article:published_time\" content=\"2014-06-22T00:08:09+00:00\" \/>\n<meta property=\"og:image\" content=\"https:\/\/www.notibras.com\/site\/wp-content\/uploads\/2014\/06\/nigheria-scaled.jpg\" \/>\n\t<meta property=\"og:image:width\" content=\"2560\" \/>\n\t<meta property=\"og:image:height\" content=\"1768\" \/>\n\t<meta property=\"og:image:type\" content=\"image\/jpeg\" \/>\n<meta name=\"author\" content=\"Reda\u00e7\u00e3o\" \/>\n<meta name=\"twitter:card\" content=\"summary_large_image\" \/>\n<meta name=\"twitter:creator\" content=\"@Notibras\" \/>\n<meta name=\"twitter:site\" content=\"@Notibras\" \/>\n<meta name=\"twitter:label1\" content=\"Escrito por\" \/>\n\t<meta name=\"twitter:data1\" content=\"Reda\u00e7\u00e3o\" \/>\n\t<meta name=\"twitter:label2\" content=\"Est. tempo de leitura\" \/>\n\t<meta name=\"twitter:data2\" content=\"3 minutos\" \/>\n<script type=\"application\/ld+json\" class=\"yoast-schema-graph\">{\"@context\":\"https:\/\/schema.org\",\"@graph\":[{\"@type\":\"Article\",\"@id\":\"https:\/\/www.notibras.com\/site\/nigeria-passa-pela-bosnia-e-mais-uma-selecao-volta-para-casa\/#article\",\"isPartOf\":{\"@id\":\"https:\/\/www.notibras.com\/site\/nigeria-passa-pela-bosnia-e-mais-uma-selecao-volta-para-casa\/\"},\"author\":{\"name\":\"Reda\u00e7\u00e3o\",\"@id\":\"https:\/\/www.notibras.com\/site\/#\/schema\/person\/36ab0979449956132d3e5b517ea76ac8\"},\"headline\":\"Nig\u00e9ria passa pela B\u00f3snia e mais uma sele\u00e7\u00e3o volta para casa\",\"datePublished\":\"2014-06-22T00:08:09+00:00\",\"mainEntityOfPage\":{\"@id\":\"https:\/\/www.notibras.com\/site\/nigeria-passa-pela-bosnia-e-mais-uma-selecao-volta-para-casa\/\"},\"wordCount\":641,\"commentCount\":0,\"publisher\":{\"@id\":\"https:\/\/www.notibras.com\/site\/#organization\"},\"image\":{\"@id\":\"https:\/\/www.notibras.com\/site\/nigeria-passa-pela-bosnia-e-mais-uma-selecao-volta-para-casa\/#primaryimage\"},\"thumbnailUrl\":\"https:\/\/www.notibras.com\/site\/wp-content\/uploads\/2014\/06\/nigheria-scaled.jpg\",\"articleSection\":[\"Esportes\"],\"inLanguage\":\"pt-BR\",\"potentialAction\":[{\"@type\":\"CommentAction\",\"name\":\"Comment\",\"target\":[\"https:\/\/www.notibras.com\/site\/nigeria-passa-pela-bosnia-e-mais-uma-selecao-volta-para-casa\/#respond\"]}]},{\"@type\":\"WebPage\",\"@id\":\"https:\/\/www.notibras.com\/site\/nigeria-passa-pela-bosnia-e-mais-uma-selecao-volta-para-casa\/\",\"url\":\"https:\/\/www.notibras.com\/site\/nigeria-passa-pela-bosnia-e-mais-uma-selecao-volta-para-casa\/\",\"name\":\"Nig\u00e9ria passa pela B\u00f3snia e mais uma sele\u00e7\u00e3o volta para casa - Notibras\",\"isPartOf\":{\"@id\":\"https:\/\/www.notibras.com\/site\/#website\"},\"primaryImageOfPage\":{\"@id\":\"https:\/\/www.notibras.com\/site\/nigeria-passa-pela-bosnia-e-mais-uma-selecao-volta-para-casa\/#primaryimage\"},\"image\":{\"@id\":\"https:\/\/www.notibras.com\/site\/nigeria-passa-pela-bosnia-e-mais-uma-selecao-volta-para-casa\/#primaryimage\"},\"thumbnailUrl\":\"https:\/\/www.notibras.com\/site\/wp-content\/uploads\/2014\/06\/nigheria-scaled.jpg\",\"datePublished\":\"2014-06-22T00:08:09+00:00\",\"breadcrumb\":{\"@id\":\"https:\/\/www.notibras.com\/site\/nigeria-passa-pela-bosnia-e-mais-uma-selecao-volta-para-casa\/#breadcrumb\"},\"inLanguage\":\"pt-BR\",\"potentialAction\":[{\"@type\":\"ReadAction\",\"target\":[\"https:\/\/www.notibras.com\/site\/nigeria-passa-pela-bosnia-e-mais-uma-selecao-volta-para-casa\/\"]}]},{\"@type\":\"ImageObject\",\"inLanguage\":\"pt-BR\",\"@id\":\"https:\/\/www.notibras.com\/site\/nigeria-passa-pela-bosnia-e-mais-uma-selecao-volta-para-casa\/#primaryimage\",\"url\":\"https:\/\/www.notibras.com\/site\/wp-content\/uploads\/2014\/06\/nigheria-scaled.jpg\",\"contentUrl\":\"https:\/\/www.notibras.com\/site\/wp-content\/uploads\/2014\/06\/nigheria-scaled.jpg\",\"width\":2560,\"height\":1768},{\"@type\":\"BreadcrumbList\",\"@id\":\"https:\/\/www.notibras.com\/site\/nigeria-passa-pela-bosnia-e-mais-uma-selecao-volta-para-casa\/#breadcrumb\",\"itemListElement\":[{\"@type\":\"ListItem\",\"position\":1,\"name\":\"In\u00edcio\",\"item\":\"https:\/\/www.notibras.com\/site\/\"},{\"@type\":\"ListItem\",\"position\":2,\"name\":\"Nig\u00e9ria passa pela B\u00f3snia e mais uma sele\u00e7\u00e3o volta para casa\"}]},{\"@type\":\"WebSite\",\"@id\":\"https:\/\/www.notibras.com\/site\/#website\",\"url\":\"https:\/\/www.notibras.com\/site\/\",\"name\":\"Notibras\",\"description\":\"Not\u00edcias de Bras\u00edlia, do Brasil e do Mundo\",\"publisher\":{\"@id\":\"https:\/\/www.notibras.com\/site\/#organization\"},\"potentialAction\":[{\"@type\":\"SearchAction\",\"target\":{\"@type\":\"EntryPoint\",\"urlTemplate\":\"https:\/\/www.notibras.com\/site\/?s={search_term_string}\"},\"query-input\":{\"@type\":\"PropertyValueSpecification\",\"valueRequired\":true,\"valueName\":\"search_term_string\"}}],\"inLanguage\":\"pt-BR\"},{\"@type\":\"Organization\",\"@id\":\"https:\/\/www.notibras.com\/site\/#organization\",\"name\":\"Grupo Notibras de Comunica\u00e7\u00e3o\",\"url\":\"https:\/\/www.notibras.com\/site\/\",\"logo\":{\"@type\":\"ImageObject\",\"inLanguage\":\"pt-BR\",\"@id\":\"https:\/\/www.notibras.com\/site\/#\/schema\/logo\/image\/\",\"url\":\"https:\/\/www.notibras.com\/site\/wp-content\/uploads\/2023\/01\/notibras23.png\",\"contentUrl\":\"https:\/\/www.notibras.com\/site\/wp-content\/uploads\/2023\/01\/notibras23.png\",\"width\":350,\"height\":87,\"caption\":\"Grupo Notibras de Comunica\u00e7\u00e3o\"},\"image\":{\"@id\":\"https:\/\/www.notibras.com\/site\/#\/schema\/logo\/image\/\"},\"sameAs\":[\"https:\/\/www.facebook.com\/notibras\/\",\"https:\/\/x.com\/Notibras\",\"https:\/\/www.instagram.com\/notibras\/\"]},{\"@type\":\"Person\",\"@id\":\"https:\/\/www.notibras.com\/site\/#\/schema\/person\/36ab0979449956132d3e5b517ea76ac8\",\"name\":\"Reda\u00e7\u00e3o\",\"image\":{\"@type\":\"ImageObject\",\"inLanguage\":\"pt-BR\",\"@id\":\"https:\/\/secure.gravatar.com\/avatar\/e0a867bdedb85fd243eadf09663511f96fc81e0720a4a42581f334ad4303aa6b?s=96&d=mm&r=g\",\"url\":\"https:\/\/secure.gravatar.com\/avatar\/e0a867bdedb85fd243eadf09663511f96fc81e0720a4a42581f334ad4303aa6b?s=96&d=mm&r=g\",\"contentUrl\":\"https:\/\/secure.gravatar.com\/avatar\/e0a867bdedb85fd243eadf09663511f96fc81e0720a4a42581f334ad4303aa6b?s=96&d=mm&r=g\",\"caption\":\"Reda\u00e7\u00e3o\"}}]}<\/script>\n<!-- \/ Yoast SEO plugin. -->","yoast_head_json":{"title":"Nig\u00e9ria passa pela B\u00f3snia e mais uma sele\u00e7\u00e3o volta para casa - Notibras","robots":{"index":"index","follow":"follow","max-snippet":"max-snippet:-1","max-image-preview":"max-image-preview:large","max-video-preview":"max-video-preview:-1"},"canonical":"https:\/\/www.notibras.com\/site\/nigeria-passa-pela-bosnia-e-mais-uma-selecao-volta-para-casa\/","og_locale":"pt_BR","og_type":"article","og_title":"Nig\u00e9ria passa pela B\u00f3snia e mais uma sele\u00e7\u00e3o volta para casa - Notibras","og_description":"A insist\u00eancia em jogadas pelo meio custou caro para a B\u00f3snia. Neste s\u00e1bado, a sele\u00e7\u00e3o europeia encarou a Nig\u00e9ria na Arena Pantanal, em Cuiab\u00e1, e foi derrotada por 1 a 0 gra\u00e7as a um gol solit\u00e1rio de Odemwingie no primeiro tempo. A partida da segunda rodada do Grupo F da Copa do Mundo ficou marcada [&hellip;]","og_url":"https:\/\/www.notibras.com\/site\/nigeria-passa-pela-bosnia-e-mais-uma-selecao-volta-para-casa\/","og_site_name":"Notibras","article_publisher":"https:\/\/www.facebook.com\/notibras\/","article_published_time":"2014-06-22T00:08:09+00:00","og_image":[{"width":2560,"height":1768,"url":"https:\/\/www.notibras.com\/site\/wp-content\/uploads\/2014\/06\/nigheria-scaled.jpg","type":"image\/jpeg"}],"author":"Reda\u00e7\u00e3o","twitter_card":"summary_large_image","twitter_creator":"@Notibras","twitter_site":"@Notibras","twitter_misc":{"Escrito por":"Reda\u00e7\u00e3o","Est. tempo de leitura":"3 minutos"},"schema":{"@context":"https:\/\/schema.org","@graph":[{"@type":"Article","@id":"https:\/\/www.notibras.com\/site\/nigeria-passa-pela-bosnia-e-mais-uma-selecao-volta-para-casa\/#article","isPartOf":{"@id":"https:\/\/www.notibras.com\/site\/nigeria-passa-pela-bosnia-e-mais-uma-selecao-volta-para-casa\/"},"author":{"name":"Reda\u00e7\u00e3o","@id":"https:\/\/www.notibras.com\/site\/#\/schema\/person\/36ab0979449956132d3e5b517ea76ac8"},"headline":"Nig\u00e9ria passa pela B\u00f3snia e mais uma sele\u00e7\u00e3o volta para casa","datePublished":"2014-06-22T00:08:09+00:00","mainEntityOfPage":{"@id":"https:\/\/www.notibras.com\/site\/nigeria-passa-pela-bosnia-e-mais-uma-selecao-volta-para-casa\/"},"wordCount":641,"commentCount":0,"publisher":{"@id":"https:\/\/www.notibras.com\/site\/#organization"},"image":{"@id":"https:\/\/www.notibras.com\/site\/nigeria-passa-pela-bosnia-e-mais-uma-selecao-volta-para-casa\/#primaryimage"},"thumbnailUrl":"https:\/\/www.notibras.com\/site\/wp-content\/uploads\/2014\/06\/nigheria-scaled.jpg","articleSection":["Esportes"],"inLanguage":"pt-BR","potentialAction":[{"@type":"CommentAction","name":"Comment","target":["https:\/\/www.notibras.com\/site\/nigeria-passa-pela-bosnia-e-mais-uma-selecao-volta-para-casa\/#respond"]}]},{"@type":"WebPage","@id":"https:\/\/www.notibras.com\/site\/nigeria-passa-pela-bosnia-e-mais-uma-selecao-volta-para-casa\/","url":"https:\/\/www.notibras.com\/site\/nigeria-passa-pela-bosnia-e-mais-uma-selecao-volta-para-casa\/","name":"Nig\u00e9ria passa pela B\u00f3snia e mais uma sele\u00e7\u00e3o volta para casa - Notibras","isPartOf":{"@id":"https:\/\/www.notibras.com\/site\/#website"},"primaryImageOfPage":{"@id":"https:\/\/www.notibras.com\/site\/nigeria-passa-pela-bosnia-e-mais-uma-selecao-volta-para-casa\/#primaryimage"},"image":{"@id":"https:\/\/www.notibras.com\/site\/nigeria-passa-pela-bosnia-e-mais-uma-selecao-volta-para-casa\/#primaryimage"},"thumbnailUrl":"https:\/\/www.notibras.com\/site\/wp-content\/uploads\/2014\/06\/nigheria-scaled.jpg","datePublished":"2014-06-22T00:08:09+00:00","breadcrumb":{"@id":"https:\/\/www.notibras.com\/site\/nigeria-passa-pela-bosnia-e-mais-uma-selecao-volta-para-casa\/#breadcrumb"},"inLanguage":"pt-BR","potentialAction":[{"@type":"ReadAction","target":["https:\/\/www.notibras.com\/site\/nigeria-passa-pela-bosnia-e-mais-uma-selecao-volta-para-casa\/"]}]},{"@type":"ImageObject","inLanguage":"pt-BR","@id":"https:\/\/www.notibras.com\/site\/nigeria-passa-pela-bosnia-e-mais-uma-selecao-volta-para-casa\/#primaryimage","url":"https:\/\/www.notibras.com\/site\/wp-content\/uploads\/2014\/06\/nigheria-scaled.jpg","contentUrl":"https:\/\/www.notibras.com\/site\/wp-content\/uploads\/2014\/06\/nigheria-scaled.jpg","width":2560,"height":1768},{"@type":"BreadcrumbList","@id":"https:\/\/www.notibras.com\/site\/nigeria-passa-pela-bosnia-e-mais-uma-selecao-volta-para-casa\/#breadcrumb","itemListElement":[{"@type":"ListItem","position":1,"name":"In\u00edcio","item":"https:\/\/www.notibras.com\/site\/"},{"@type":"ListItem","position":2,"name":"Nig\u00e9ria passa pela B\u00f3snia e mais uma sele\u00e7\u00e3o volta para casa"}]},{"@type":"WebSite","@id":"https:\/\/www.notibras.com\/site\/#website","url":"https:\/\/www.notibras.com\/site\/","name":"Notibras","description":"Not\u00edcias de Bras\u00edlia, do Brasil e do Mundo","publisher":{"@id":"https:\/\/www.notibras.com\/site\/#organization"},"potentialAction":[{"@type":"SearchAction","target":{"@type":"EntryPoint","urlTemplate":"https:\/\/www.notibras.com\/site\/?s={search_term_string}"},"query-input":{"@type":"PropertyValueSpecification","valueRequired":true,"valueName":"search_term_string"}}],"inLanguage":"pt-BR"},{"@type":"Organization","@id":"https:\/\/www.notibras.com\/site\/#organization","name":"Grupo Notibras de Comunica\u00e7\u00e3o","url":"https:\/\/www.notibras.com\/site\/","logo":{"@type":"ImageObject","inLanguage":"pt-BR","@id":"https:\/\/www.notibras.com\/site\/#\/schema\/logo\/image\/","url":"https:\/\/www.notibras.com\/site\/wp-content\/uploads\/2023\/01\/notibras23.png","contentUrl":"https:\/\/www.notibras.com\/site\/wp-content\/uploads\/2023\/01\/notibras23.png","width":350,"height":87,"caption":"Grupo Notibras de Comunica\u00e7\u00e3o"},"image":{"@id":"https:\/\/www.notibras.com\/site\/#\/schema\/logo\/image\/"},"sameAs":["https:\/\/www.facebook.com\/notibras\/","https:\/\/x.com\/Notibras","https:\/\/www.instagram.com\/notibras\/"]},{"@type":"Person","@id":"https:\/\/www.notibras.com\/site\/#\/schema\/person\/36ab0979449956132d3e5b517ea76ac8","name":"Reda\u00e7\u00e3o","image":{"@type":"ImageObject","inLanguage":"pt-BR","@id":"https:\/\/secure.gravatar.com\/avatar\/e0a867bdedb85fd243eadf09663511f96fc81e0720a4a42581f334ad4303aa6b?s=96&d=mm&r=g","url":"https:\/\/secure.gravatar.com\/avatar\/e0a867bdedb85fd243eadf09663511f96fc81e0720a4a42581f334ad4303aa6b?s=96&d=mm&r=g","contentUrl":"https:\/\/secure.gravatar.com\/avatar\/e0a867bdedb85fd243eadf09663511f96fc81e0720a4a42581f334ad4303aa6b?s=96&d=mm&r=g","caption":"Reda\u00e7\u00e3o"}}]}},"amp_enabled":true,"_links":{"self":[{"href":"https:\/\/www.notibras.com\/site\/wp-json\/wp\/v2\/posts\/14072","targetHints":{"allow":["GET"]}}],"collection":[{"href":"https:\/\/www.notibras.com\/site\/wp-json\/wp\/v2\/posts"}],"about":[{"href":"https:\/\/www.notibras.com\/site\/wp-json\/wp\/v2\/types\/post"}],"author":[{"embeddable":true,"href":"https:\/\/www.notibras.com\/site\/wp-json\/wp\/v2\/users\/2"}],"replies":[{"embeddable":true,"href":"https:\/\/www.notibras.com\/site\/wp-json\/wp\/v2\/comments?post=14072"}],"version-history":[{"count":0,"href":"https:\/\/www.notibras.com\/site\/wp-json\/wp\/v2\/posts\/14072\/revisions"}],"wp:featuredmedia":[{"embeddable":true,"href":"https:\/\/www.notibras.com\/site\/wp-json\/wp\/v2\/media\/14073"}],"wp:attachment":[{"href":"https:\/\/www.notibras.com\/site\/wp-json\/wp\/v2\/media?parent=14072"}],"wp:term":[{"taxonomy":"category","embeddable":true,"href":"https:\/\/www.notibras.com\/site\/wp-json\/wp\/v2\/categories?post=14072"},{"taxonomy":"post_tag","embeddable":true,"href":"https:\/\/www.notibras.com\/site\/wp-json\/wp\/v2\/tags?post=14072"}],"curies":[{"name":"wp","href":"https:\/\/api.w.org\/{rel}","templated":true}]}}