{"id":14076,"date":"2014-06-21T18:26:13","date_gmt":"2014-06-21T21:26:13","guid":{"rendered":"http:\/\/www.notibras.com\/site\/?p=14076"},"modified":"2014-06-21T21:29:14","modified_gmt":"2014-06-22T00:29:14","slug":"cai-em-todo-o-pais-ritmo-de-manifestacoes-contra-a-copa","status":"publish","type":"post","link":"https:\/\/www.notibras.com\/site\/cai-em-todo-o-pais-ritmo-de-manifestacoes-contra-a-copa\/","title":{"rendered":"Cai em todo o Pa\u00eds ritmo de manifesta\u00e7\u00f5es contra a Copa"},"content":{"rendered":"<p>As reivindica\u00e7\u00f5es que foram levadas \u00e0s ruas das cidades brasileiras em junho do ano passado n\u00e3o foram esquecidas. Embora tenham perdido for\u00e7a, os protestos continuaram nos meses seguintes, como as ocupa\u00e7\u00f5es de C\u00e2maras de Vereadores e as greves de professores no Rio de Janeiro e dos rodovi\u00e1rios em S\u00e3o Paulo.<\/p>\n<p class=\"text\">Na Copa do Mundo, entretanto, os atos chamados pelos movimentos sociais, sobretudo pelos Comit\u00eas Populares da Copa, n\u00e3o t\u00eam surtido o mesmo efeito. Poucas centenas de pessoas t\u00eam participado dos protestos, que ocorrem simultaneamente aos jogos.<\/p>\n<p class=\"text\">Para Lucas Oliveira, integrante do Movimento do Passe Livre (MPL), que coordenou em junho do ano passado as manifesta\u00e7\u00f5es em defesa da redu\u00e7\u00e3o da tarifa do transporte p\u00fablico em S\u00e3o Paulo, a pauta da redu\u00e7\u00e3o dos R$ 0,20 na tarifa faz falta.<\/p>\n<blockquote>\n<p class=\"text\">\u201cAno passado, a gente tinha uma demanda muito objetiva colocada. Esse ano n\u00e3o existia uma demanda espec\u00edfica.\u201d Ele tamb\u00e9m cita o cansa\u00e7o como um dos fatores para o esvaziamento dos atos. \u201cA gente fazia um ato a cada dois dias e dormia em m\u00e9dia quatro, cinco horas por noite.\u201d A mobiliza\u00e7\u00e3o, contudo, n\u00e3o parou. Oliveira defende que atos menores, mas constantes, al\u00e9m de a\u00e7\u00f5es nas comunidades, continuam sendo feitos. \u201cEstamos acumulando.\u201d<\/p>\n<\/blockquote>\n<p class=\"text\">J\u00e1 o cientista pol\u00edtico Leonardo Barreto aponta a viol\u00eancia como motivo para a mudan\u00e7a no perfil das manifesta\u00e7\u00f5es. Ele lembra que muitos dos atos terminaram em cenas de viol\u00eancia e depreda\u00e7\u00e3o protagonizadas pelos black blocs, ativistas que defendem a a\u00e7\u00e3o direta como forma de chamar aten\u00e7\u00e3o e desafiar o Estado. Em fevereiro deste ano, o cinegrafista Santiago Andrade morreu depois de ser atingido por um roj\u00e3o disparado por um desses ativistas, em meio a um protesto.<\/p>\n<p class=\"text\">\u201cOs protestos perderam muito apoio depois que isso aconteceu. As pessoas ficaram com medo de serem expostas\u201d, diz Barreto, explicando que os atos deixaram de contar com o \u201cprotestante de ocasi\u00e3o\u201d, pessoas que n\u00e3o s\u00e3o vinculadas a grupos pol\u00edticos. \u201cNas marchas de junho, voc\u00ea escutava os amigos dizendo que levariam os filhos para ver. Hoje, voc\u00ea v\u00ea pais pedindo para os filhos sa\u00edrem dos atos.\u201d<\/p>\n<p class=\"text\">J\u00e1 Sandra Quintela, integrante do Instituto Pol\u00edticas Alternativas para o Cone Sul (Pacs) e da Articula\u00e7\u00e3o Nacional dos Comit\u00eas Populares da Copa (Ancop), aponta a viol\u00eancia policial como um dos motivos para a mudan\u00e7a. Para ela, h\u00e1 uma militariza\u00e7\u00e3o muito forte das for\u00e7as de seguran\u00e7a. \u201cEsse \u00e9 o grande legado da Copa: a militariza\u00e7\u00e3o recente, seja a n\u00edvel local, com as guardas municipais, estadual, com as policiais Militar e Civil, e nacional, com as For\u00e7as Armadas.\u201d<\/p>\n<p class=\"text\">Desde junho passou a ser comum ver balas de borracha e spray de pimenta sendo usadas nas manifesta\u00e7\u00f5es, que deixaram muitas pessoas feridas, inclusive jornalistas. Ainda em 2013, levantamento da Associa\u00e7\u00e3o Brasileira de Jornalismo Investigativo (Abraji) apontou que 75% das agress\u00f5es aos profissionais em manifesta\u00e7\u00f5es foram cometidas por policiais. A Anistia Internacional tamb\u00e9m fez campanha para denunciar a viol\u00eancia policial e as deten\u00e7\u00f5es arbitr\u00e1rias, bem como para defender o direito \u00e0 manifesta\u00e7\u00e3o.<\/p>\n<blockquote>\n<p class=\"text\">A opini\u00e3o \u00e9 compartilhada pelo coordenador do Movimento dos Trabalhadores Sem Teto (MTST), Guilherme Boulos. \u201cN\u00f3s achamos que esse momento est\u00e1 se destacando, infelizmente, como um momento repressivo, o que j\u00e1 era esperado. Foram gastos R$ 2 bilh\u00f5es s\u00f3 em aparato de seguran\u00e7a para essa Copa, exatamente para impedir que mobiliza\u00e7\u00f5es tivessem um efeito maior e pudessem crescer nesse processo.\u201d<\/p>\n<\/blockquote>\n<p class=\"text\">Ele pondera, contudo, que o atual momento n\u00e3o encerra o ciclo de mobiliza\u00e7\u00f5es iniciado em junho. \u201cN\u00f3s achamos que esse processo, inclusive com as vit\u00f3rias obtidas, traz um ac\u00famulo importante que, nos pr\u00f3ximos meses e nos pr\u00f3ximos anos, devem tamb\u00e9m se reverter no fortalecimento das lutas sociais.\u201d<\/p>\n<p class=\"text\">Para Sandra Quintela, ainda \u00e9 cedo para afirmar o que vai acontecer depois da Copa. Al\u00e9m dos impactos do endividamento das cidades-sede, o que vai ser criado pelos novos movimentos e tamb\u00e9m a posi\u00e7\u00e3o dos j\u00e1 consolidados podem produzir mudan\u00e7as, ou n\u00e3o, na vida pol\u00edtica do pa\u00eds nos pr\u00f3ximos anos.<\/p>\n<p class=\"text\">\n","protected":false},"excerpt":{"rendered":"<p>As reivindica\u00e7\u00f5es que foram levadas \u00e0s ruas das cidades brasileiras em junho do ano passado n\u00e3o foram esquecidas. Embora tenham perdido for\u00e7a, os protestos continuaram nos meses seguintes, como as ocupa\u00e7\u00f5es de C\u00e2maras de Vereadores e as greves de professores no Rio de Janeiro e dos rodovi\u00e1rios em S\u00e3o Paulo. Na Copa do Mundo, entretanto, [&hellip;]<\/p>\n","protected":false},"author":2,"featured_media":14077,"comment_status":"open","ping_status":"closed","sticky":false,"template":"","format":"standard","meta":{"_acf_changed":false,"footnotes":""},"categories":[16],"tags":[],"class_list":["post-14076","post","type-post","status-publish","format-standard","has-post-thumbnail","hentry","category-brasil"],"acf":[],"yoast_head":"<!-- This site is optimized with the Yoast SEO plugin v27.2 - https:\/\/yoast.com\/product\/yoast-seo-wordpress\/ -->\n<title>Cai em todo o Pa\u00eds ritmo de manifesta\u00e7\u00f5es contra a Copa - Notibras<\/title>\n<meta name=\"robots\" content=\"index, follow, max-snippet:-1, max-image-preview:large, max-video-preview:-1\" \/>\n<link rel=\"canonical\" href=\"https:\/\/www.notibras.com\/site\/cai-em-todo-o-pais-ritmo-de-manifestacoes-contra-a-copa\/\" \/>\n<meta property=\"og:locale\" content=\"pt_BR\" \/>\n<meta property=\"og:type\" content=\"article\" \/>\n<meta property=\"og:title\" content=\"Cai em todo o Pa\u00eds ritmo de manifesta\u00e7\u00f5es contra a Copa - Notibras\" \/>\n<meta property=\"og:description\" content=\"As reivindica\u00e7\u00f5es que foram levadas \u00e0s ruas das cidades brasileiras em junho do ano passado n\u00e3o foram esquecidas. Embora tenham perdido for\u00e7a, os protestos continuaram nos meses seguintes, como as ocupa\u00e7\u00f5es de C\u00e2maras de Vereadores e as greves de professores no Rio de Janeiro e dos rodovi\u00e1rios em S\u00e3o Paulo. Na Copa do Mundo, entretanto, [&hellip;]\" \/>\n<meta property=\"og:url\" content=\"https:\/\/www.notibras.com\/site\/cai-em-todo-o-pais-ritmo-de-manifestacoes-contra-a-copa\/\" \/>\n<meta property=\"og:site_name\" content=\"Notibras\" \/>\n<meta property=\"article:publisher\" content=\"https:\/\/www.facebook.com\/notibras\/\" \/>\n<meta property=\"article:published_time\" content=\"2014-06-21T21:26:13+00:00\" \/>\n<meta property=\"article:modified_time\" content=\"2014-06-22T00:29:14+00:00\" \/>\n<meta property=\"og:image\" content=\"https:\/\/www.notibras.com\/site\/wp-content\/uploads\/2014\/06\/protestocarraoalan-7.jpg\" \/>\n\t<meta property=\"og:image:width\" content=\"736\" \/>\n\t<meta property=\"og:image:height\" content=\"500\" \/>\n\t<meta property=\"og:image:type\" content=\"image\/jpeg\" \/>\n<meta name=\"author\" content=\"Reda\u00e7\u00e3o\" \/>\n<meta name=\"twitter:card\" content=\"summary_large_image\" \/>\n<meta name=\"twitter:creator\" content=\"@Notibras\" \/>\n<meta name=\"twitter:site\" content=\"@Notibras\" \/>\n<meta name=\"twitter:label1\" content=\"Escrito por\" \/>\n\t<meta name=\"twitter:data1\" content=\"Reda\u00e7\u00e3o\" \/>\n\t<meta name=\"twitter:label2\" content=\"Est. tempo de leitura\" \/>\n\t<meta name=\"twitter:data2\" content=\"4 minutos\" \/>\n<script type=\"application\/ld+json\" class=\"yoast-schema-graph\">{\"@context\":\"https:\/\/schema.org\",\"@graph\":[{\"@type\":\"Article\",\"@id\":\"https:\/\/www.notibras.com\/site\/cai-em-todo-o-pais-ritmo-de-manifestacoes-contra-a-copa\/#article\",\"isPartOf\":{\"@id\":\"https:\/\/www.notibras.com\/site\/cai-em-todo-o-pais-ritmo-de-manifestacoes-contra-a-copa\/\"},\"author\":{\"name\":\"Reda\u00e7\u00e3o\",\"@id\":\"https:\/\/www.notibras.com\/site\/#\/schema\/person\/36ab0979449956132d3e5b517ea76ac8\"},\"headline\":\"Cai em todo o Pa\u00eds ritmo de manifesta\u00e7\u00f5es contra a Copa\",\"datePublished\":\"2014-06-21T21:26:13+00:00\",\"dateModified\":\"2014-06-22T00:29:14+00:00\",\"mainEntityOfPage\":{\"@id\":\"https:\/\/www.notibras.com\/site\/cai-em-todo-o-pais-ritmo-de-manifestacoes-contra-a-copa\/\"},\"wordCount\":730,\"commentCount\":0,\"publisher\":{\"@id\":\"https:\/\/www.notibras.com\/site\/#organization\"},\"image\":{\"@id\":\"https:\/\/www.notibras.com\/site\/cai-em-todo-o-pais-ritmo-de-manifestacoes-contra-a-copa\/#primaryimage\"},\"thumbnailUrl\":\"https:\/\/www.notibras.com\/site\/wp-content\/uploads\/2014\/06\/protestocarraoalan-7.jpg\",\"articleSection\":[\"Brasil\"],\"inLanguage\":\"pt-BR\",\"potentialAction\":[{\"@type\":\"CommentAction\",\"name\":\"Comment\",\"target\":[\"https:\/\/www.notibras.com\/site\/cai-em-todo-o-pais-ritmo-de-manifestacoes-contra-a-copa\/#respond\"]}]},{\"@type\":\"WebPage\",\"@id\":\"https:\/\/www.notibras.com\/site\/cai-em-todo-o-pais-ritmo-de-manifestacoes-contra-a-copa\/\",\"url\":\"https:\/\/www.notibras.com\/site\/cai-em-todo-o-pais-ritmo-de-manifestacoes-contra-a-copa\/\",\"name\":\"Cai em todo o Pa\u00eds ritmo de manifesta\u00e7\u00f5es contra a Copa - Notibras\",\"isPartOf\":{\"@id\":\"https:\/\/www.notibras.com\/site\/#website\"},\"primaryImageOfPage\":{\"@id\":\"https:\/\/www.notibras.com\/site\/cai-em-todo-o-pais-ritmo-de-manifestacoes-contra-a-copa\/#primaryimage\"},\"image\":{\"@id\":\"https:\/\/www.notibras.com\/site\/cai-em-todo-o-pais-ritmo-de-manifestacoes-contra-a-copa\/#primaryimage\"},\"thumbnailUrl\":\"https:\/\/www.notibras.com\/site\/wp-content\/uploads\/2014\/06\/protestocarraoalan-7.jpg\",\"datePublished\":\"2014-06-21T21:26:13+00:00\",\"dateModified\":\"2014-06-22T00:29:14+00:00\",\"breadcrumb\":{\"@id\":\"https:\/\/www.notibras.com\/site\/cai-em-todo-o-pais-ritmo-de-manifestacoes-contra-a-copa\/#breadcrumb\"},\"inLanguage\":\"pt-BR\",\"potentialAction\":[{\"@type\":\"ReadAction\",\"target\":[\"https:\/\/www.notibras.com\/site\/cai-em-todo-o-pais-ritmo-de-manifestacoes-contra-a-copa\/\"]}]},{\"@type\":\"ImageObject\",\"inLanguage\":\"pt-BR\",\"@id\":\"https:\/\/www.notibras.com\/site\/cai-em-todo-o-pais-ritmo-de-manifestacoes-contra-a-copa\/#primaryimage\",\"url\":\"https:\/\/www.notibras.com\/site\/wp-content\/uploads\/2014\/06\/protestocarraoalan-7.jpg\",\"contentUrl\":\"https:\/\/www.notibras.com\/site\/wp-content\/uploads\/2014\/06\/protestocarraoalan-7.jpg\",\"width\":736,\"height\":500},{\"@type\":\"BreadcrumbList\",\"@id\":\"https:\/\/www.notibras.com\/site\/cai-em-todo-o-pais-ritmo-de-manifestacoes-contra-a-copa\/#breadcrumb\",\"itemListElement\":[{\"@type\":\"ListItem\",\"position\":1,\"name\":\"In\u00edcio\",\"item\":\"https:\/\/www.notibras.com\/site\/\"},{\"@type\":\"ListItem\",\"position\":2,\"name\":\"Cai em todo o Pa\u00eds ritmo de manifesta\u00e7\u00f5es contra a Copa\"}]},{\"@type\":\"WebSite\",\"@id\":\"https:\/\/www.notibras.com\/site\/#website\",\"url\":\"https:\/\/www.notibras.com\/site\/\",\"name\":\"Notibras\",\"description\":\"Not\u00edcias de Bras\u00edlia, do Brasil e do Mundo\",\"publisher\":{\"@id\":\"https:\/\/www.notibras.com\/site\/#organization\"},\"potentialAction\":[{\"@type\":\"SearchAction\",\"target\":{\"@type\":\"EntryPoint\",\"urlTemplate\":\"https:\/\/www.notibras.com\/site\/?s={search_term_string}\"},\"query-input\":{\"@type\":\"PropertyValueSpecification\",\"valueRequired\":true,\"valueName\":\"search_term_string\"}}],\"inLanguage\":\"pt-BR\"},{\"@type\":\"Organization\",\"@id\":\"https:\/\/www.notibras.com\/site\/#organization\",\"name\":\"Grupo Notibras de Comunica\u00e7\u00e3o\",\"url\":\"https:\/\/www.notibras.com\/site\/\",\"logo\":{\"@type\":\"ImageObject\",\"inLanguage\":\"pt-BR\",\"@id\":\"https:\/\/www.notibras.com\/site\/#\/schema\/logo\/image\/\",\"url\":\"https:\/\/www.notibras.com\/site\/wp-content\/uploads\/2023\/01\/notibras23.png\",\"contentUrl\":\"https:\/\/www.notibras.com\/site\/wp-content\/uploads\/2023\/01\/notibras23.png\",\"width\":350,\"height\":87,\"caption\":\"Grupo Notibras de Comunica\u00e7\u00e3o\"},\"image\":{\"@id\":\"https:\/\/www.notibras.com\/site\/#\/schema\/logo\/image\/\"},\"sameAs\":[\"https:\/\/www.facebook.com\/notibras\/\",\"https:\/\/x.com\/Notibras\",\"https:\/\/www.instagram.com\/notibras\/\"]},{\"@type\":\"Person\",\"@id\":\"https:\/\/www.notibras.com\/site\/#\/schema\/person\/36ab0979449956132d3e5b517ea76ac8\",\"name\":\"Reda\u00e7\u00e3o\",\"image\":{\"@type\":\"ImageObject\",\"inLanguage\":\"pt-BR\",\"@id\":\"https:\/\/secure.gravatar.com\/avatar\/e0a867bdedb85fd243eadf09663511f96fc81e0720a4a42581f334ad4303aa6b?s=96&d=mm&r=g\",\"url\":\"https:\/\/secure.gravatar.com\/avatar\/e0a867bdedb85fd243eadf09663511f96fc81e0720a4a42581f334ad4303aa6b?s=96&d=mm&r=g\",\"contentUrl\":\"https:\/\/secure.gravatar.com\/avatar\/e0a867bdedb85fd243eadf09663511f96fc81e0720a4a42581f334ad4303aa6b?s=96&d=mm&r=g\",\"caption\":\"Reda\u00e7\u00e3o\"}}]}<\/script>\n<!-- \/ Yoast SEO plugin. -->","yoast_head_json":{"title":"Cai em todo o Pa\u00eds ritmo de manifesta\u00e7\u00f5es contra a Copa - Notibras","robots":{"index":"index","follow":"follow","max-snippet":"max-snippet:-1","max-image-preview":"max-image-preview:large","max-video-preview":"max-video-preview:-1"},"canonical":"https:\/\/www.notibras.com\/site\/cai-em-todo-o-pais-ritmo-de-manifestacoes-contra-a-copa\/","og_locale":"pt_BR","og_type":"article","og_title":"Cai em todo o Pa\u00eds ritmo de manifesta\u00e7\u00f5es contra a Copa - Notibras","og_description":"As reivindica\u00e7\u00f5es que foram levadas \u00e0s ruas das cidades brasileiras em junho do ano passado n\u00e3o foram esquecidas. Embora tenham perdido for\u00e7a, os protestos continuaram nos meses seguintes, como as ocupa\u00e7\u00f5es de C\u00e2maras de Vereadores e as greves de professores no Rio de Janeiro e dos rodovi\u00e1rios em S\u00e3o Paulo. Na Copa do Mundo, entretanto, [&hellip;]","og_url":"https:\/\/www.notibras.com\/site\/cai-em-todo-o-pais-ritmo-de-manifestacoes-contra-a-copa\/","og_site_name":"Notibras","article_publisher":"https:\/\/www.facebook.com\/notibras\/","article_published_time":"2014-06-21T21:26:13+00:00","article_modified_time":"2014-06-22T00:29:14+00:00","og_image":[{"width":736,"height":500,"url":"https:\/\/www.notibras.com\/site\/wp-content\/uploads\/2014\/06\/protestocarraoalan-7.jpg","type":"image\/jpeg"}],"author":"Reda\u00e7\u00e3o","twitter_card":"summary_large_image","twitter_creator":"@Notibras","twitter_site":"@Notibras","twitter_misc":{"Escrito por":"Reda\u00e7\u00e3o","Est. tempo de leitura":"4 minutos"},"schema":{"@context":"https:\/\/schema.org","@graph":[{"@type":"Article","@id":"https:\/\/www.notibras.com\/site\/cai-em-todo-o-pais-ritmo-de-manifestacoes-contra-a-copa\/#article","isPartOf":{"@id":"https:\/\/www.notibras.com\/site\/cai-em-todo-o-pais-ritmo-de-manifestacoes-contra-a-copa\/"},"author":{"name":"Reda\u00e7\u00e3o","@id":"https:\/\/www.notibras.com\/site\/#\/schema\/person\/36ab0979449956132d3e5b517ea76ac8"},"headline":"Cai em todo o Pa\u00eds ritmo de manifesta\u00e7\u00f5es contra a Copa","datePublished":"2014-06-21T21:26:13+00:00","dateModified":"2014-06-22T00:29:14+00:00","mainEntityOfPage":{"@id":"https:\/\/www.notibras.com\/site\/cai-em-todo-o-pais-ritmo-de-manifestacoes-contra-a-copa\/"},"wordCount":730,"commentCount":0,"publisher":{"@id":"https:\/\/www.notibras.com\/site\/#organization"},"image":{"@id":"https:\/\/www.notibras.com\/site\/cai-em-todo-o-pais-ritmo-de-manifestacoes-contra-a-copa\/#primaryimage"},"thumbnailUrl":"https:\/\/www.notibras.com\/site\/wp-content\/uploads\/2014\/06\/protestocarraoalan-7.jpg","articleSection":["Brasil"],"inLanguage":"pt-BR","potentialAction":[{"@type":"CommentAction","name":"Comment","target":["https:\/\/www.notibras.com\/site\/cai-em-todo-o-pais-ritmo-de-manifestacoes-contra-a-copa\/#respond"]}]},{"@type":"WebPage","@id":"https:\/\/www.notibras.com\/site\/cai-em-todo-o-pais-ritmo-de-manifestacoes-contra-a-copa\/","url":"https:\/\/www.notibras.com\/site\/cai-em-todo-o-pais-ritmo-de-manifestacoes-contra-a-copa\/","name":"Cai em todo o Pa\u00eds ritmo de manifesta\u00e7\u00f5es contra a Copa - Notibras","isPartOf":{"@id":"https:\/\/www.notibras.com\/site\/#website"},"primaryImageOfPage":{"@id":"https:\/\/www.notibras.com\/site\/cai-em-todo-o-pais-ritmo-de-manifestacoes-contra-a-copa\/#primaryimage"},"image":{"@id":"https:\/\/www.notibras.com\/site\/cai-em-todo-o-pais-ritmo-de-manifestacoes-contra-a-copa\/#primaryimage"},"thumbnailUrl":"https:\/\/www.notibras.com\/site\/wp-content\/uploads\/2014\/06\/protestocarraoalan-7.jpg","datePublished":"2014-06-21T21:26:13+00:00","dateModified":"2014-06-22T00:29:14+00:00","breadcrumb":{"@id":"https:\/\/www.notibras.com\/site\/cai-em-todo-o-pais-ritmo-de-manifestacoes-contra-a-copa\/#breadcrumb"},"inLanguage":"pt-BR","potentialAction":[{"@type":"ReadAction","target":["https:\/\/www.notibras.com\/site\/cai-em-todo-o-pais-ritmo-de-manifestacoes-contra-a-copa\/"]}]},{"@type":"ImageObject","inLanguage":"pt-BR","@id":"https:\/\/www.notibras.com\/site\/cai-em-todo-o-pais-ritmo-de-manifestacoes-contra-a-copa\/#primaryimage","url":"https:\/\/www.notibras.com\/site\/wp-content\/uploads\/2014\/06\/protestocarraoalan-7.jpg","contentUrl":"https:\/\/www.notibras.com\/site\/wp-content\/uploads\/2014\/06\/protestocarraoalan-7.jpg","width":736,"height":500},{"@type":"BreadcrumbList","@id":"https:\/\/www.notibras.com\/site\/cai-em-todo-o-pais-ritmo-de-manifestacoes-contra-a-copa\/#breadcrumb","itemListElement":[{"@type":"ListItem","position":1,"name":"In\u00edcio","item":"https:\/\/www.notibras.com\/site\/"},{"@type":"ListItem","position":2,"name":"Cai em todo o Pa\u00eds ritmo de manifesta\u00e7\u00f5es contra a Copa"}]},{"@type":"WebSite","@id":"https:\/\/www.notibras.com\/site\/#website","url":"https:\/\/www.notibras.com\/site\/","name":"Notibras","description":"Not\u00edcias de Bras\u00edlia, do Brasil e do Mundo","publisher":{"@id":"https:\/\/www.notibras.com\/site\/#organization"},"potentialAction":[{"@type":"SearchAction","target":{"@type":"EntryPoint","urlTemplate":"https:\/\/www.notibras.com\/site\/?s={search_term_string}"},"query-input":{"@type":"PropertyValueSpecification","valueRequired":true,"valueName":"search_term_string"}}],"inLanguage":"pt-BR"},{"@type":"Organization","@id":"https:\/\/www.notibras.com\/site\/#organization","name":"Grupo Notibras de Comunica\u00e7\u00e3o","url":"https:\/\/www.notibras.com\/site\/","logo":{"@type":"ImageObject","inLanguage":"pt-BR","@id":"https:\/\/www.notibras.com\/site\/#\/schema\/logo\/image\/","url":"https:\/\/www.notibras.com\/site\/wp-content\/uploads\/2023\/01\/notibras23.png","contentUrl":"https:\/\/www.notibras.com\/site\/wp-content\/uploads\/2023\/01\/notibras23.png","width":350,"height":87,"caption":"Grupo Notibras de Comunica\u00e7\u00e3o"},"image":{"@id":"https:\/\/www.notibras.com\/site\/#\/schema\/logo\/image\/"},"sameAs":["https:\/\/www.facebook.com\/notibras\/","https:\/\/x.com\/Notibras","https:\/\/www.instagram.com\/notibras\/"]},{"@type":"Person","@id":"https:\/\/www.notibras.com\/site\/#\/schema\/person\/36ab0979449956132d3e5b517ea76ac8","name":"Reda\u00e7\u00e3o","image":{"@type":"ImageObject","inLanguage":"pt-BR","@id":"https:\/\/secure.gravatar.com\/avatar\/e0a867bdedb85fd243eadf09663511f96fc81e0720a4a42581f334ad4303aa6b?s=96&d=mm&r=g","url":"https:\/\/secure.gravatar.com\/avatar\/e0a867bdedb85fd243eadf09663511f96fc81e0720a4a42581f334ad4303aa6b?s=96&d=mm&r=g","contentUrl":"https:\/\/secure.gravatar.com\/avatar\/e0a867bdedb85fd243eadf09663511f96fc81e0720a4a42581f334ad4303aa6b?s=96&d=mm&r=g","caption":"Reda\u00e7\u00e3o"}}]}},"amp_enabled":true,"_links":{"self":[{"href":"https:\/\/www.notibras.com\/site\/wp-json\/wp\/v2\/posts\/14076","targetHints":{"allow":["GET"]}}],"collection":[{"href":"https:\/\/www.notibras.com\/site\/wp-json\/wp\/v2\/posts"}],"about":[{"href":"https:\/\/www.notibras.com\/site\/wp-json\/wp\/v2\/types\/post"}],"author":[{"embeddable":true,"href":"https:\/\/www.notibras.com\/site\/wp-json\/wp\/v2\/users\/2"}],"replies":[{"embeddable":true,"href":"https:\/\/www.notibras.com\/site\/wp-json\/wp\/v2\/comments?post=14076"}],"version-history":[{"count":0,"href":"https:\/\/www.notibras.com\/site\/wp-json\/wp\/v2\/posts\/14076\/revisions"}],"wp:featuredmedia":[{"embeddable":true,"href":"https:\/\/www.notibras.com\/site\/wp-json\/wp\/v2\/media\/14077"}],"wp:attachment":[{"href":"https:\/\/www.notibras.com\/site\/wp-json\/wp\/v2\/media?parent=14076"}],"wp:term":[{"taxonomy":"category","embeddable":true,"href":"https:\/\/www.notibras.com\/site\/wp-json\/wp\/v2\/categories?post=14076"},{"taxonomy":"post_tag","embeddable":true,"href":"https:\/\/www.notibras.com\/site\/wp-json\/wp\/v2\/tags?post=14076"}],"curies":[{"name":"wp","href":"https:\/\/api.w.org\/{rel}","templated":true}]}}