{"id":14079,"date":"2014-06-21T15:29:33","date_gmt":"2014-06-21T18:29:33","guid":{"rendered":"http:\/\/www.notibras.com\/site\/?p=14079"},"modified":"2014-06-21T21:32:34","modified_gmt":"2014-06-22T00:32:34","slug":"justica-transfere-bruno-para-penitenciaria-mais-tranquila","status":"publish","type":"post","link":"https:\/\/www.notibras.com\/site\/justica-transfere-bruno-para-penitenciaria-mais-tranquila\/","title":{"rendered":"Justi\u00e7a transfere Bruno para penitenci\u00e1ria mais tranquila"},"content":{"rendered":"<p>O goleiro Bruno Fernandes de Souza, condenado pela morte da ex-amante Eliza Samudio, foi transferido nessa sexta-feira para a Penitenci\u00e1ria de Seguran\u00e7a M\u00e1xima Francisco S\u00e1, no Norte de Minas Gerais.\u00a0Bruno j\u00e1 estava preso desde julho de 2010 no Complexo Penitenci\u00e1rio Nelson Hungria, em Contagem, na regi\u00e3o metropolitana de Belo Horizonte.<\/p>\n<blockquote>\n<p class=\"text\">Bruno deu entrada na unidade prisional por volta das 13h horas ap\u00f3s ser escoltado, desde Belo Horizonte, por agentes do Comando de Opera\u00e7\u00f5es Especiais (Cope) do Sistema Prisional. O goleiro fez cadastro na penitenci\u00e1ria\u00a0e passou por um primeiro atendimento m\u00e9dico, jur\u00eddico e psicol\u00f3gico.<\/p>\n<\/blockquote>\n<p class=\"text\">A\u00a0Subsecretaria de Administra\u00e7\u00e3o Prisional (Suapi) autorizou\u00a0a\u00a0transfer\u00eancia de Bruno ap\u00f3s\u00a0pedido dos advogados do preso, ap\u00f3s avaliar quest\u00f5es de seguran\u00e7a e obter a valida\u00e7\u00e3o tamb\u00e9m da Justi\u00e7a.<\/p>\n<p class=\"text\">A Penitenci\u00e1ria de Seguran\u00e7a M\u00e1xima Francisco S\u00e1 \u00e9 formada unicamente por celas individuais. A penitenci\u00e1ria possui capacidade para 300 detentos presos e atualmente abriga 323, segundo a Suapi.\u00a0A transfer\u00eancia de Bruno foi autorizada no dia 10 de junho.<\/p>\n","protected":false},"excerpt":{"rendered":"<p>O goleiro Bruno Fernandes de Souza, condenado pela morte da ex-amante Eliza Samudio, foi transferido nessa sexta-feira para a Penitenci\u00e1ria de Seguran\u00e7a M\u00e1xima Francisco S\u00e1, no Norte de Minas Gerais.\u00a0Bruno j\u00e1 estava preso desde julho de 2010 no Complexo Penitenci\u00e1rio Nelson Hungria, em Contagem, na regi\u00e3o metropolitana de Belo Horizonte. Bruno deu entrada na unidade [&hellip;]<\/p>\n","protected":false},"author":2,"featured_media":14080,"comment_status":"open","ping_status":"closed","sticky":false,"template":"","format":"standard","meta":{"_acf_changed":false,"footnotes":""},"categories":[16],"tags":[],"class_list":["post-14079","post","type-post","status-publish","format-standard","has-post-thumbnail","hentry","category-brasil"],"acf":[],"yoast_head":"<!-- This site is optimized with the Yoast SEO plugin v27.2 - https:\/\/yoast.com\/product\/yoast-seo-wordpress\/ -->\n<title>Justi\u00e7a transfere Bruno para penitenci\u00e1ria mais tranquila - Notibras<\/title>\n<meta name=\"robots\" content=\"index, follow, max-snippet:-1, max-image-preview:large, max-video-preview:-1\" \/>\n<link rel=\"canonical\" href=\"https:\/\/www.notibras.com\/site\/justica-transfere-bruno-para-penitenciaria-mais-tranquila\/\" \/>\n<meta property=\"og:locale\" content=\"pt_BR\" \/>\n<meta property=\"og:type\" content=\"article\" \/>\n<meta property=\"og:title\" content=\"Justi\u00e7a transfere Bruno para penitenci\u00e1ria mais tranquila - Notibras\" \/>\n<meta property=\"og:description\" content=\"O goleiro Bruno Fernandes de Souza, condenado pela morte da ex-amante Eliza Samudio, foi transferido nessa sexta-feira para a Penitenci\u00e1ria de Seguran\u00e7a M\u00e1xima Francisco S\u00e1, no Norte de Minas Gerais.\u00a0Bruno j\u00e1 estava preso desde julho de 2010 no Complexo Penitenci\u00e1rio Nelson Hungria, em Contagem, na regi\u00e3o metropolitana de Belo Horizonte. Bruno deu entrada na unidade [&hellip;]\" \/>\n<meta property=\"og:url\" content=\"https:\/\/www.notibras.com\/site\/justica-transfere-bruno-para-penitenciaria-mais-tranquila\/\" \/>\n<meta property=\"og:site_name\" content=\"Notibras\" \/>\n<meta property=\"article:publisher\" content=\"https:\/\/www.facebook.com\/notibras\/\" \/>\n<meta property=\"article:published_time\" content=\"2014-06-21T18:29:33+00:00\" \/>\n<meta property=\"article:modified_time\" content=\"2014-06-22T00:32:34+00:00\" \/>\n<meta property=\"og:image\" content=\"https:\/\/www.notibras.com\/site\/wp-content\/uploads\/2014\/06\/goleirobrunoentrevistahojeemdiafut11.jpg\" \/>\n\t<meta property=\"og:image:width\" content=\"460\" \/>\n\t<meta property=\"og:image:height\" content=\"340\" \/>\n\t<meta property=\"og:image:type\" content=\"image\/jpeg\" \/>\n<meta name=\"author\" content=\"Reda\u00e7\u00e3o\" \/>\n<meta name=\"twitter:card\" content=\"summary_large_image\" \/>\n<meta name=\"twitter:creator\" content=\"@Notibras\" \/>\n<meta name=\"twitter:site\" content=\"@Notibras\" \/>\n<meta name=\"twitter:label1\" content=\"Escrito por\" \/>\n\t<meta name=\"twitter:data1\" content=\"Reda\u00e7\u00e3o\" \/>\n\t<meta name=\"twitter:label2\" content=\"Est. tempo de leitura\" \/>\n\t<meta name=\"twitter:data2\" content=\"1 minuto\" \/>\n<script type=\"application\/ld+json\" class=\"yoast-schema-graph\">{\"@context\":\"https:\/\/schema.org\",\"@graph\":[{\"@type\":\"Article\",\"@id\":\"https:\/\/www.notibras.com\/site\/justica-transfere-bruno-para-penitenciaria-mais-tranquila\/#article\",\"isPartOf\":{\"@id\":\"https:\/\/www.notibras.com\/site\/justica-transfere-bruno-para-penitenciaria-mais-tranquila\/\"},\"author\":{\"name\":\"Reda\u00e7\u00e3o\",\"@id\":\"https:\/\/www.notibras.com\/site\/#\/schema\/person\/36ab0979449956132d3e5b517ea76ac8\"},\"headline\":\"Justi\u00e7a transfere Bruno para penitenci\u00e1ria mais tranquila\",\"datePublished\":\"2014-06-21T18:29:33+00:00\",\"dateModified\":\"2014-06-22T00:32:34+00:00\",\"mainEntityOfPage\":{\"@id\":\"https:\/\/www.notibras.com\/site\/justica-transfere-bruno-para-penitenciaria-mais-tranquila\/\"},\"wordCount\":192,\"commentCount\":0,\"publisher\":{\"@id\":\"https:\/\/www.notibras.com\/site\/#organization\"},\"image\":{\"@id\":\"https:\/\/www.notibras.com\/site\/justica-transfere-bruno-para-penitenciaria-mais-tranquila\/#primaryimage\"},\"thumbnailUrl\":\"https:\/\/www.notibras.com\/site\/wp-content\/uploads\/2014\/06\/goleirobrunoentrevistahojeemdiafut11.jpg\",\"articleSection\":[\"Brasil\"],\"inLanguage\":\"pt-BR\",\"potentialAction\":[{\"@type\":\"CommentAction\",\"name\":\"Comment\",\"target\":[\"https:\/\/www.notibras.com\/site\/justica-transfere-bruno-para-penitenciaria-mais-tranquila\/#respond\"]}]},{\"@type\":\"WebPage\",\"@id\":\"https:\/\/www.notibras.com\/site\/justica-transfere-bruno-para-penitenciaria-mais-tranquila\/\",\"url\":\"https:\/\/www.notibras.com\/site\/justica-transfere-bruno-para-penitenciaria-mais-tranquila\/\",\"name\":\"Justi\u00e7a transfere Bruno para penitenci\u00e1ria mais tranquila - Notibras\",\"isPartOf\":{\"@id\":\"https:\/\/www.notibras.com\/site\/#website\"},\"primaryImageOfPage\":{\"@id\":\"https:\/\/www.notibras.com\/site\/justica-transfere-bruno-para-penitenciaria-mais-tranquila\/#primaryimage\"},\"image\":{\"@id\":\"https:\/\/www.notibras.com\/site\/justica-transfere-bruno-para-penitenciaria-mais-tranquila\/#primaryimage\"},\"thumbnailUrl\":\"https:\/\/www.notibras.com\/site\/wp-content\/uploads\/2014\/06\/goleirobrunoentrevistahojeemdiafut11.jpg\",\"datePublished\":\"2014-06-21T18:29:33+00:00\",\"dateModified\":\"2014-06-22T00:32:34+00:00\",\"breadcrumb\":{\"@id\":\"https:\/\/www.notibras.com\/site\/justica-transfere-bruno-para-penitenciaria-mais-tranquila\/#breadcrumb\"},\"inLanguage\":\"pt-BR\",\"potentialAction\":[{\"@type\":\"ReadAction\",\"target\":[\"https:\/\/www.notibras.com\/site\/justica-transfere-bruno-para-penitenciaria-mais-tranquila\/\"]}]},{\"@type\":\"ImageObject\",\"inLanguage\":\"pt-BR\",\"@id\":\"https:\/\/www.notibras.com\/site\/justica-transfere-bruno-para-penitenciaria-mais-tranquila\/#primaryimage\",\"url\":\"https:\/\/www.notibras.com\/site\/wp-content\/uploads\/2014\/06\/goleirobrunoentrevistahojeemdiafut11.jpg\",\"contentUrl\":\"https:\/\/www.notibras.com\/site\/wp-content\/uploads\/2014\/06\/goleirobrunoentrevistahojeemdiafut11.jpg\",\"width\":460,\"height\":340},{\"@type\":\"BreadcrumbList\",\"@id\":\"https:\/\/www.notibras.com\/site\/justica-transfere-bruno-para-penitenciaria-mais-tranquila\/#breadcrumb\",\"itemListElement\":[{\"@type\":\"ListItem\",\"position\":1,\"name\":\"In\u00edcio\",\"item\":\"https:\/\/www.notibras.com\/site\/\"},{\"@type\":\"ListItem\",\"position\":2,\"name\":\"Justi\u00e7a transfere Bruno para penitenci\u00e1ria mais tranquila\"}]},{\"@type\":\"WebSite\",\"@id\":\"https:\/\/www.notibras.com\/site\/#website\",\"url\":\"https:\/\/www.notibras.com\/site\/\",\"name\":\"Notibras\",\"description\":\"Not\u00edcias de Bras\u00edlia, do Brasil e do Mundo\",\"publisher\":{\"@id\":\"https:\/\/www.notibras.com\/site\/#organization\"},\"potentialAction\":[{\"@type\":\"SearchAction\",\"target\":{\"@type\":\"EntryPoint\",\"urlTemplate\":\"https:\/\/www.notibras.com\/site\/?s={search_term_string}\"},\"query-input\":{\"@type\":\"PropertyValueSpecification\",\"valueRequired\":true,\"valueName\":\"search_term_string\"}}],\"inLanguage\":\"pt-BR\"},{\"@type\":\"Organization\",\"@id\":\"https:\/\/www.notibras.com\/site\/#organization\",\"name\":\"Grupo Notibras de Comunica\u00e7\u00e3o\",\"url\":\"https:\/\/www.notibras.com\/site\/\",\"logo\":{\"@type\":\"ImageObject\",\"inLanguage\":\"pt-BR\",\"@id\":\"https:\/\/www.notibras.com\/site\/#\/schema\/logo\/image\/\",\"url\":\"https:\/\/www.notibras.com\/site\/wp-content\/uploads\/2023\/01\/notibras23.png\",\"contentUrl\":\"https:\/\/www.notibras.com\/site\/wp-content\/uploads\/2023\/01\/notibras23.png\",\"width\":350,\"height\":87,\"caption\":\"Grupo Notibras de Comunica\u00e7\u00e3o\"},\"image\":{\"@id\":\"https:\/\/www.notibras.com\/site\/#\/schema\/logo\/image\/\"},\"sameAs\":[\"https:\/\/www.facebook.com\/notibras\/\",\"https:\/\/x.com\/Notibras\",\"https:\/\/www.instagram.com\/notibras\/\"]},{\"@type\":\"Person\",\"@id\":\"https:\/\/www.notibras.com\/site\/#\/schema\/person\/36ab0979449956132d3e5b517ea76ac8\",\"name\":\"Reda\u00e7\u00e3o\",\"image\":{\"@type\":\"ImageObject\",\"inLanguage\":\"pt-BR\",\"@id\":\"https:\/\/secure.gravatar.com\/avatar\/e0a867bdedb85fd243eadf09663511f96fc81e0720a4a42581f334ad4303aa6b?s=96&d=mm&r=g\",\"url\":\"https:\/\/secure.gravatar.com\/avatar\/e0a867bdedb85fd243eadf09663511f96fc81e0720a4a42581f334ad4303aa6b?s=96&d=mm&r=g\",\"contentUrl\":\"https:\/\/secure.gravatar.com\/avatar\/e0a867bdedb85fd243eadf09663511f96fc81e0720a4a42581f334ad4303aa6b?s=96&d=mm&r=g\",\"caption\":\"Reda\u00e7\u00e3o\"}}]}<\/script>\n<!-- \/ Yoast SEO plugin. -->","yoast_head_json":{"title":"Justi\u00e7a transfere Bruno para penitenci\u00e1ria mais tranquila - Notibras","robots":{"index":"index","follow":"follow","max-snippet":"max-snippet:-1","max-image-preview":"max-image-preview:large","max-video-preview":"max-video-preview:-1"},"canonical":"https:\/\/www.notibras.com\/site\/justica-transfere-bruno-para-penitenciaria-mais-tranquila\/","og_locale":"pt_BR","og_type":"article","og_title":"Justi\u00e7a transfere Bruno para penitenci\u00e1ria mais tranquila - Notibras","og_description":"O goleiro Bruno Fernandes de Souza, condenado pela morte da ex-amante Eliza Samudio, foi transferido nessa sexta-feira para a Penitenci\u00e1ria de Seguran\u00e7a M\u00e1xima Francisco S\u00e1, no Norte de Minas Gerais.\u00a0Bruno j\u00e1 estava preso desde julho de 2010 no Complexo Penitenci\u00e1rio Nelson Hungria, em Contagem, na regi\u00e3o metropolitana de Belo Horizonte. Bruno deu entrada na unidade [&hellip;]","og_url":"https:\/\/www.notibras.com\/site\/justica-transfere-bruno-para-penitenciaria-mais-tranquila\/","og_site_name":"Notibras","article_publisher":"https:\/\/www.facebook.com\/notibras\/","article_published_time":"2014-06-21T18:29:33+00:00","article_modified_time":"2014-06-22T00:32:34+00:00","og_image":[{"width":460,"height":340,"url":"https:\/\/www.notibras.com\/site\/wp-content\/uploads\/2014\/06\/goleirobrunoentrevistahojeemdiafut11.jpg","type":"image\/jpeg"}],"author":"Reda\u00e7\u00e3o","twitter_card":"summary_large_image","twitter_creator":"@Notibras","twitter_site":"@Notibras","twitter_misc":{"Escrito por":"Reda\u00e7\u00e3o","Est. tempo de leitura":"1 minuto"},"schema":{"@context":"https:\/\/schema.org","@graph":[{"@type":"Article","@id":"https:\/\/www.notibras.com\/site\/justica-transfere-bruno-para-penitenciaria-mais-tranquila\/#article","isPartOf":{"@id":"https:\/\/www.notibras.com\/site\/justica-transfere-bruno-para-penitenciaria-mais-tranquila\/"},"author":{"name":"Reda\u00e7\u00e3o","@id":"https:\/\/www.notibras.com\/site\/#\/schema\/person\/36ab0979449956132d3e5b517ea76ac8"},"headline":"Justi\u00e7a transfere Bruno para penitenci\u00e1ria mais tranquila","datePublished":"2014-06-21T18:29:33+00:00","dateModified":"2014-06-22T00:32:34+00:00","mainEntityOfPage":{"@id":"https:\/\/www.notibras.com\/site\/justica-transfere-bruno-para-penitenciaria-mais-tranquila\/"},"wordCount":192,"commentCount":0,"publisher":{"@id":"https:\/\/www.notibras.com\/site\/#organization"},"image":{"@id":"https:\/\/www.notibras.com\/site\/justica-transfere-bruno-para-penitenciaria-mais-tranquila\/#primaryimage"},"thumbnailUrl":"https:\/\/www.notibras.com\/site\/wp-content\/uploads\/2014\/06\/goleirobrunoentrevistahojeemdiafut11.jpg","articleSection":["Brasil"],"inLanguage":"pt-BR","potentialAction":[{"@type":"CommentAction","name":"Comment","target":["https:\/\/www.notibras.com\/site\/justica-transfere-bruno-para-penitenciaria-mais-tranquila\/#respond"]}]},{"@type":"WebPage","@id":"https:\/\/www.notibras.com\/site\/justica-transfere-bruno-para-penitenciaria-mais-tranquila\/","url":"https:\/\/www.notibras.com\/site\/justica-transfere-bruno-para-penitenciaria-mais-tranquila\/","name":"Justi\u00e7a transfere Bruno para penitenci\u00e1ria mais tranquila - Notibras","isPartOf":{"@id":"https:\/\/www.notibras.com\/site\/#website"},"primaryImageOfPage":{"@id":"https:\/\/www.notibras.com\/site\/justica-transfere-bruno-para-penitenciaria-mais-tranquila\/#primaryimage"},"image":{"@id":"https:\/\/www.notibras.com\/site\/justica-transfere-bruno-para-penitenciaria-mais-tranquila\/#primaryimage"},"thumbnailUrl":"https:\/\/www.notibras.com\/site\/wp-content\/uploads\/2014\/06\/goleirobrunoentrevistahojeemdiafut11.jpg","datePublished":"2014-06-21T18:29:33+00:00","dateModified":"2014-06-22T00:32:34+00:00","breadcrumb":{"@id":"https:\/\/www.notibras.com\/site\/justica-transfere-bruno-para-penitenciaria-mais-tranquila\/#breadcrumb"},"inLanguage":"pt-BR","potentialAction":[{"@type":"ReadAction","target":["https:\/\/www.notibras.com\/site\/justica-transfere-bruno-para-penitenciaria-mais-tranquila\/"]}]},{"@type":"ImageObject","inLanguage":"pt-BR","@id":"https:\/\/www.notibras.com\/site\/justica-transfere-bruno-para-penitenciaria-mais-tranquila\/#primaryimage","url":"https:\/\/www.notibras.com\/site\/wp-content\/uploads\/2014\/06\/goleirobrunoentrevistahojeemdiafut11.jpg","contentUrl":"https:\/\/www.notibras.com\/site\/wp-content\/uploads\/2014\/06\/goleirobrunoentrevistahojeemdiafut11.jpg","width":460,"height":340},{"@type":"BreadcrumbList","@id":"https:\/\/www.notibras.com\/site\/justica-transfere-bruno-para-penitenciaria-mais-tranquila\/#breadcrumb","itemListElement":[{"@type":"ListItem","position":1,"name":"In\u00edcio","item":"https:\/\/www.notibras.com\/site\/"},{"@type":"ListItem","position":2,"name":"Justi\u00e7a transfere Bruno para penitenci\u00e1ria mais tranquila"}]},{"@type":"WebSite","@id":"https:\/\/www.notibras.com\/site\/#website","url":"https:\/\/www.notibras.com\/site\/","name":"Notibras","description":"Not\u00edcias de Bras\u00edlia, do Brasil e do Mundo","publisher":{"@id":"https:\/\/www.notibras.com\/site\/#organization"},"potentialAction":[{"@type":"SearchAction","target":{"@type":"EntryPoint","urlTemplate":"https:\/\/www.notibras.com\/site\/?s={search_term_string}"},"query-input":{"@type":"PropertyValueSpecification","valueRequired":true,"valueName":"search_term_string"}}],"inLanguage":"pt-BR"},{"@type":"Organization","@id":"https:\/\/www.notibras.com\/site\/#organization","name":"Grupo Notibras de Comunica\u00e7\u00e3o","url":"https:\/\/www.notibras.com\/site\/","logo":{"@type":"ImageObject","inLanguage":"pt-BR","@id":"https:\/\/www.notibras.com\/site\/#\/schema\/logo\/image\/","url":"https:\/\/www.notibras.com\/site\/wp-content\/uploads\/2023\/01\/notibras23.png","contentUrl":"https:\/\/www.notibras.com\/site\/wp-content\/uploads\/2023\/01\/notibras23.png","width":350,"height":87,"caption":"Grupo Notibras de Comunica\u00e7\u00e3o"},"image":{"@id":"https:\/\/www.notibras.com\/site\/#\/schema\/logo\/image\/"},"sameAs":["https:\/\/www.facebook.com\/notibras\/","https:\/\/x.com\/Notibras","https:\/\/www.instagram.com\/notibras\/"]},{"@type":"Person","@id":"https:\/\/www.notibras.com\/site\/#\/schema\/person\/36ab0979449956132d3e5b517ea76ac8","name":"Reda\u00e7\u00e3o","image":{"@type":"ImageObject","inLanguage":"pt-BR","@id":"https:\/\/secure.gravatar.com\/avatar\/e0a867bdedb85fd243eadf09663511f96fc81e0720a4a42581f334ad4303aa6b?s=96&d=mm&r=g","url":"https:\/\/secure.gravatar.com\/avatar\/e0a867bdedb85fd243eadf09663511f96fc81e0720a4a42581f334ad4303aa6b?s=96&d=mm&r=g","contentUrl":"https:\/\/secure.gravatar.com\/avatar\/e0a867bdedb85fd243eadf09663511f96fc81e0720a4a42581f334ad4303aa6b?s=96&d=mm&r=g","caption":"Reda\u00e7\u00e3o"}}]}},"amp_enabled":true,"_links":{"self":[{"href":"https:\/\/www.notibras.com\/site\/wp-json\/wp\/v2\/posts\/14079","targetHints":{"allow":["GET"]}}],"collection":[{"href":"https:\/\/www.notibras.com\/site\/wp-json\/wp\/v2\/posts"}],"about":[{"href":"https:\/\/www.notibras.com\/site\/wp-json\/wp\/v2\/types\/post"}],"author":[{"embeddable":true,"href":"https:\/\/www.notibras.com\/site\/wp-json\/wp\/v2\/users\/2"}],"replies":[{"embeddable":true,"href":"https:\/\/www.notibras.com\/site\/wp-json\/wp\/v2\/comments?post=14079"}],"version-history":[{"count":0,"href":"https:\/\/www.notibras.com\/site\/wp-json\/wp\/v2\/posts\/14079\/revisions"}],"wp:featuredmedia":[{"embeddable":true,"href":"https:\/\/www.notibras.com\/site\/wp-json\/wp\/v2\/media\/14080"}],"wp:attachment":[{"href":"https:\/\/www.notibras.com\/site\/wp-json\/wp\/v2\/media?parent=14079"}],"wp:term":[{"taxonomy":"category","embeddable":true,"href":"https:\/\/www.notibras.com\/site\/wp-json\/wp\/v2\/categories?post=14079"},{"taxonomy":"post_tag","embeddable":true,"href":"https:\/\/www.notibras.com\/site\/wp-json\/wp\/v2\/tags?post=14079"}],"curies":[{"name":"wp","href":"https:\/\/api.w.org\/{rel}","templated":true}]}}