{"id":1408,"date":"2014-02-12T19:24:59","date_gmt":"2014-02-12T22:24:59","guid":{"rendered":"http:\/\/www.notibras.com\/site\/?p=1408"},"modified":"2014-02-12T23:32:09","modified_gmt":"2014-02-13T02:32:09","slug":"ze-dirceu-entra-na-moda-dos-mensaleiros-e-lanca-site-para-pagar-multa","status":"publish","type":"post","link":"https:\/\/www.notibras.com\/site\/ze-dirceu-entra-na-moda-dos-mensaleiros-e-lanca-site-para-pagar-multa\/","title":{"rendered":"Dirceu entra na onda e lan\u00e7a site para pagar multa do STF"},"content":{"rendered":"<p>J\u00e1 est\u00e1 no ar o site para arrecadar doa\u00e7\u00f5es para quitar a multa imposta pelo Supremo Tribunal Federal (STF) ao ex-ministro Jos\u00e9 Dirceu, condenado no julgamento do mensal\u00e3o. A p\u00e1gina &#8216;Apoio Z\u00e9 Dirceu&#8217;, criada por amigos e apoiadores do petista, pretende arrecadar dinheiro para pagar o valor de R$ 971.128,92.<\/p>\n<p>\u201cTomamos a decis\u00e3o de n\u00e3o mais esperar e iniciar a campanha j\u00e1. \u00c9 chegada a hora de reparar injusti\u00e7as e mostrar que a solidariedade \u00e9 capaz de mudar a hist\u00f3ria\u201d, diz o texto do site.<\/p>\n<p>Lan\u00e7ada no in\u00edcio da tarde, at\u00e9 as 18h a p\u00e1gina ainda n\u00e3o havia contabilizado nenhuma doa\u00e7\u00e3o. \u201cA ajuda para pagar a multa quase milion\u00e1ria imposta pelo Supremo \u00e9 um protesto coletivo contra as arbitrariedades e viola\u00e7\u00f5es do julgamento da AP 470. A contribui\u00e7\u00e3o de cada um representa muito mais do que um gesto financeiro. Representa antes de tudo um gesto humano e pol\u00edtico\u201d, diz o site.<\/p>\n<p>Para doar, \u00e9 preciso fazer um dep\u00f3sito identificado ou transfer\u00eancia banc\u00e1ria identificada com CPF e depois preencher um r\u00e1pido formul\u00e1rio com os dados do colaborador e o comprovante de dep\u00f3sito. A p\u00e1gina ainda explica que \u00e9 preciso declarar a doa\u00e7\u00e3o no imposto de renda.<\/p>\n<p>\u201cAinda que queiram impor o &#8216;ostracismo&#8217; aos r\u00e9us condenados, Jos\u00e9 Dirceu n\u00e3o est\u00e1 e nunca esteve s\u00f3, apesar de todo linchamento p\u00fablico que sofreu. Amigos, militantes partid\u00e1rios e dos movimentos sociais e, sobretudo, cidad\u00e3os brasileiros conscientes da persegui\u00e7\u00e3o implac\u00e1vel contra aqueles que ousaram construir um Brasil melhor est\u00e3o ao seu lado. S\u00e3o muitos os companheiros que nestes \u00faltimos oito anos se mostraram solid\u00e1rios a Dirceu e conscientes da verdade.\u201d<\/p>\n<p>Outros petistas condenados no mensal\u00e3o tamb\u00e9m fizeram sites para arrecadar doa\u00e7\u00f5es e pagar suas multas. O ex-tesoureiro do PT Del\u00fabio Soares foi multado em R$ 466,8 mil, mas conseguiu arrecadar mais de R$ 1 milh\u00e3o em campanha. Segundo ele, o excedente seria repassado para Dirceu pagar sua d\u00edvida.<\/p>\n","protected":false},"excerpt":{"rendered":"<p>J\u00e1 est\u00e1 no ar o site para arrecadar doa\u00e7\u00f5es para quitar a multa imposta pelo Supremo Tribunal Federal (STF) ao ex-ministro Jos\u00e9 Dirceu, condenado no julgamento do mensal\u00e3o. A p\u00e1gina &#8216;Apoio Z\u00e9 Dirceu&#8217;, criada por amigos e apoiadores do petista, pretende arrecadar dinheiro para pagar o valor de R$ 971.128,92. \u201cTomamos a decis\u00e3o de n\u00e3o [&hellip;]<\/p>\n","protected":false},"author":2,"featured_media":1413,"comment_status":"open","ping_status":"closed","sticky":false,"template":"","format":"standard","meta":{"_acf_changed":false,"footnotes":""},"categories":[16],"tags":[],"class_list":["post-1408","post","type-post","status-publish","format-standard","has-post-thumbnail","hentry","category-brasil"],"acf":[],"yoast_head":"<!-- This site is optimized with the Yoast SEO plugin v27.2 - https:\/\/yoast.com\/product\/yoast-seo-wordpress\/ -->\n<title>Dirceu entra na onda e lan\u00e7a site para pagar multa do STF - Notibras<\/title>\n<meta name=\"robots\" content=\"index, follow, max-snippet:-1, max-image-preview:large, max-video-preview:-1\" \/>\n<link rel=\"canonical\" href=\"https:\/\/www.notibras.com\/site\/ze-dirceu-entra-na-moda-dos-mensaleiros-e-lanca-site-para-pagar-multa\/\" \/>\n<meta property=\"og:locale\" content=\"pt_BR\" \/>\n<meta property=\"og:type\" content=\"article\" \/>\n<meta property=\"og:title\" content=\"Dirceu entra na onda e lan\u00e7a site para pagar multa do STF - Notibras\" \/>\n<meta property=\"og:description\" content=\"J\u00e1 est\u00e1 no ar o site para arrecadar doa\u00e7\u00f5es para quitar a multa imposta pelo Supremo Tribunal Federal (STF) ao ex-ministro Jos\u00e9 Dirceu, condenado no julgamento do mensal\u00e3o. A p\u00e1gina &#8216;Apoio Z\u00e9 Dirceu&#8217;, criada por amigos e apoiadores do petista, pretende arrecadar dinheiro para pagar o valor de R$ 971.128,92. \u201cTomamos a decis\u00e3o de n\u00e3o [&hellip;]\" \/>\n<meta property=\"og:url\" content=\"https:\/\/www.notibras.com\/site\/ze-dirceu-entra-na-moda-dos-mensaleiros-e-lanca-site-para-pagar-multa\/\" \/>\n<meta property=\"og:site_name\" content=\"Notibras\" \/>\n<meta property=\"article:publisher\" content=\"https:\/\/www.facebook.com\/notibras\/\" \/>\n<meta property=\"article:published_time\" content=\"2014-02-12T22:24:59+00:00\" \/>\n<meta property=\"article:modified_time\" content=\"2014-02-13T02:32:09+00:00\" \/>\n<meta property=\"og:image\" content=\"https:\/\/www.notibras.com\/site\/wp-content\/uploads\/2014\/02\/zedirce.jpg\" \/>\n\t<meta property=\"og:image:width\" content=\"394\" \/>\n\t<meta property=\"og:image:height\" content=\"300\" \/>\n\t<meta property=\"og:image:type\" content=\"image\/jpeg\" \/>\n<meta name=\"author\" content=\"Reda\u00e7\u00e3o\" \/>\n<meta name=\"twitter:card\" content=\"summary_large_image\" \/>\n<meta name=\"twitter:creator\" content=\"@Notibras\" \/>\n<meta name=\"twitter:site\" content=\"@Notibras\" \/>\n<meta name=\"twitter:label1\" content=\"Escrito por\" \/>\n\t<meta name=\"twitter:data1\" content=\"Reda\u00e7\u00e3o\" \/>\n\t<meta name=\"twitter:label2\" content=\"Est. tempo de leitura\" \/>\n\t<meta name=\"twitter:data2\" content=\"2 minutos\" \/>\n<script type=\"application\/ld+json\" class=\"yoast-schema-graph\">{\"@context\":\"https:\/\/schema.org\",\"@graph\":[{\"@type\":\"Article\",\"@id\":\"https:\/\/www.notibras.com\/site\/ze-dirceu-entra-na-moda-dos-mensaleiros-e-lanca-site-para-pagar-multa\/#article\",\"isPartOf\":{\"@id\":\"https:\/\/www.notibras.com\/site\/ze-dirceu-entra-na-moda-dos-mensaleiros-e-lanca-site-para-pagar-multa\/\"},\"author\":{\"name\":\"Reda\u00e7\u00e3o\",\"@id\":\"https:\/\/www.notibras.com\/site\/#\/schema\/person\/36ab0979449956132d3e5b517ea76ac8\"},\"headline\":\"Dirceu entra na onda e lan\u00e7a site para pagar multa do STF\",\"datePublished\":\"2014-02-12T22:24:59+00:00\",\"dateModified\":\"2014-02-13T02:32:09+00:00\",\"mainEntityOfPage\":{\"@id\":\"https:\/\/www.notibras.com\/site\/ze-dirceu-entra-na-moda-dos-mensaleiros-e-lanca-site-para-pagar-multa\/\"},\"wordCount\":356,\"commentCount\":0,\"publisher\":{\"@id\":\"https:\/\/www.notibras.com\/site\/#organization\"},\"image\":{\"@id\":\"https:\/\/www.notibras.com\/site\/ze-dirceu-entra-na-moda-dos-mensaleiros-e-lanca-site-para-pagar-multa\/#primaryimage\"},\"thumbnailUrl\":\"https:\/\/www.notibras.com\/site\/wp-content\/uploads\/2014\/02\/zedirce.jpg\",\"articleSection\":[\"Brasil\"],\"inLanguage\":\"pt-BR\",\"potentialAction\":[{\"@type\":\"CommentAction\",\"name\":\"Comment\",\"target\":[\"https:\/\/www.notibras.com\/site\/ze-dirceu-entra-na-moda-dos-mensaleiros-e-lanca-site-para-pagar-multa\/#respond\"]}]},{\"@type\":\"WebPage\",\"@id\":\"https:\/\/www.notibras.com\/site\/ze-dirceu-entra-na-moda-dos-mensaleiros-e-lanca-site-para-pagar-multa\/\",\"url\":\"https:\/\/www.notibras.com\/site\/ze-dirceu-entra-na-moda-dos-mensaleiros-e-lanca-site-para-pagar-multa\/\",\"name\":\"Dirceu entra na onda e lan\u00e7a site para pagar multa do STF - Notibras\",\"isPartOf\":{\"@id\":\"https:\/\/www.notibras.com\/site\/#website\"},\"primaryImageOfPage\":{\"@id\":\"https:\/\/www.notibras.com\/site\/ze-dirceu-entra-na-moda-dos-mensaleiros-e-lanca-site-para-pagar-multa\/#primaryimage\"},\"image\":{\"@id\":\"https:\/\/www.notibras.com\/site\/ze-dirceu-entra-na-moda-dos-mensaleiros-e-lanca-site-para-pagar-multa\/#primaryimage\"},\"thumbnailUrl\":\"https:\/\/www.notibras.com\/site\/wp-content\/uploads\/2014\/02\/zedirce.jpg\",\"datePublished\":\"2014-02-12T22:24:59+00:00\",\"dateModified\":\"2014-02-13T02:32:09+00:00\",\"breadcrumb\":{\"@id\":\"https:\/\/www.notibras.com\/site\/ze-dirceu-entra-na-moda-dos-mensaleiros-e-lanca-site-para-pagar-multa\/#breadcrumb\"},\"inLanguage\":\"pt-BR\",\"potentialAction\":[{\"@type\":\"ReadAction\",\"target\":[\"https:\/\/www.notibras.com\/site\/ze-dirceu-entra-na-moda-dos-mensaleiros-e-lanca-site-para-pagar-multa\/\"]}]},{\"@type\":\"ImageObject\",\"inLanguage\":\"pt-BR\",\"@id\":\"https:\/\/www.notibras.com\/site\/ze-dirceu-entra-na-moda-dos-mensaleiros-e-lanca-site-para-pagar-multa\/#primaryimage\",\"url\":\"https:\/\/www.notibras.com\/site\/wp-content\/uploads\/2014\/02\/zedirce.jpg\",\"contentUrl\":\"https:\/\/www.notibras.com\/site\/wp-content\/uploads\/2014\/02\/zedirce.jpg\",\"width\":394,\"height\":300},{\"@type\":\"BreadcrumbList\",\"@id\":\"https:\/\/www.notibras.com\/site\/ze-dirceu-entra-na-moda-dos-mensaleiros-e-lanca-site-para-pagar-multa\/#breadcrumb\",\"itemListElement\":[{\"@type\":\"ListItem\",\"position\":1,\"name\":\"In\u00edcio\",\"item\":\"https:\/\/www.notibras.com\/site\/\"},{\"@type\":\"ListItem\",\"position\":2,\"name\":\"Dirceu entra na onda e lan\u00e7a site para pagar multa do STF\"}]},{\"@type\":\"WebSite\",\"@id\":\"https:\/\/www.notibras.com\/site\/#website\",\"url\":\"https:\/\/www.notibras.com\/site\/\",\"name\":\"Notibras\",\"description\":\"Not\u00edcias de Bras\u00edlia, do Brasil e do Mundo\",\"publisher\":{\"@id\":\"https:\/\/www.notibras.com\/site\/#organization\"},\"potentialAction\":[{\"@type\":\"SearchAction\",\"target\":{\"@type\":\"EntryPoint\",\"urlTemplate\":\"https:\/\/www.notibras.com\/site\/?s={search_term_string}\"},\"query-input\":{\"@type\":\"PropertyValueSpecification\",\"valueRequired\":true,\"valueName\":\"search_term_string\"}}],\"inLanguage\":\"pt-BR\"},{\"@type\":\"Organization\",\"@id\":\"https:\/\/www.notibras.com\/site\/#organization\",\"name\":\"Grupo Notibras de Comunica\u00e7\u00e3o\",\"url\":\"https:\/\/www.notibras.com\/site\/\",\"logo\":{\"@type\":\"ImageObject\",\"inLanguage\":\"pt-BR\",\"@id\":\"https:\/\/www.notibras.com\/site\/#\/schema\/logo\/image\/\",\"url\":\"https:\/\/www.notibras.com\/site\/wp-content\/uploads\/2023\/01\/notibras23.png\",\"contentUrl\":\"https:\/\/www.notibras.com\/site\/wp-content\/uploads\/2023\/01\/notibras23.png\",\"width\":350,\"height\":87,\"caption\":\"Grupo Notibras de Comunica\u00e7\u00e3o\"},\"image\":{\"@id\":\"https:\/\/www.notibras.com\/site\/#\/schema\/logo\/image\/\"},\"sameAs\":[\"https:\/\/www.facebook.com\/notibras\/\",\"https:\/\/x.com\/Notibras\",\"https:\/\/www.instagram.com\/notibras\/\"]},{\"@type\":\"Person\",\"@id\":\"https:\/\/www.notibras.com\/site\/#\/schema\/person\/36ab0979449956132d3e5b517ea76ac8\",\"name\":\"Reda\u00e7\u00e3o\",\"image\":{\"@type\":\"ImageObject\",\"inLanguage\":\"pt-BR\",\"@id\":\"https:\/\/secure.gravatar.com\/avatar\/e0a867bdedb85fd243eadf09663511f96fc81e0720a4a42581f334ad4303aa6b?s=96&d=mm&r=g\",\"url\":\"https:\/\/secure.gravatar.com\/avatar\/e0a867bdedb85fd243eadf09663511f96fc81e0720a4a42581f334ad4303aa6b?s=96&d=mm&r=g\",\"contentUrl\":\"https:\/\/secure.gravatar.com\/avatar\/e0a867bdedb85fd243eadf09663511f96fc81e0720a4a42581f334ad4303aa6b?s=96&d=mm&r=g\",\"caption\":\"Reda\u00e7\u00e3o\"}}]}<\/script>\n<!-- \/ Yoast SEO plugin. -->","yoast_head_json":{"title":"Dirceu entra na onda e lan\u00e7a site para pagar multa do STF - Notibras","robots":{"index":"index","follow":"follow","max-snippet":"max-snippet:-1","max-image-preview":"max-image-preview:large","max-video-preview":"max-video-preview:-1"},"canonical":"https:\/\/www.notibras.com\/site\/ze-dirceu-entra-na-moda-dos-mensaleiros-e-lanca-site-para-pagar-multa\/","og_locale":"pt_BR","og_type":"article","og_title":"Dirceu entra na onda e lan\u00e7a site para pagar multa do STF - Notibras","og_description":"J\u00e1 est\u00e1 no ar o site para arrecadar doa\u00e7\u00f5es para quitar a multa imposta pelo Supremo Tribunal Federal (STF) ao ex-ministro Jos\u00e9 Dirceu, condenado no julgamento do mensal\u00e3o. A p\u00e1gina &#8216;Apoio Z\u00e9 Dirceu&#8217;, criada por amigos e apoiadores do petista, pretende arrecadar dinheiro para pagar o valor de R$ 971.128,92. \u201cTomamos a decis\u00e3o de n\u00e3o [&hellip;]","og_url":"https:\/\/www.notibras.com\/site\/ze-dirceu-entra-na-moda-dos-mensaleiros-e-lanca-site-para-pagar-multa\/","og_site_name":"Notibras","article_publisher":"https:\/\/www.facebook.com\/notibras\/","article_published_time":"2014-02-12T22:24:59+00:00","article_modified_time":"2014-02-13T02:32:09+00:00","og_image":[{"width":394,"height":300,"url":"https:\/\/www.notibras.com\/site\/wp-content\/uploads\/2014\/02\/zedirce.jpg","type":"image\/jpeg"}],"author":"Reda\u00e7\u00e3o","twitter_card":"summary_large_image","twitter_creator":"@Notibras","twitter_site":"@Notibras","twitter_misc":{"Escrito por":"Reda\u00e7\u00e3o","Est. tempo de leitura":"2 minutos"},"schema":{"@context":"https:\/\/schema.org","@graph":[{"@type":"Article","@id":"https:\/\/www.notibras.com\/site\/ze-dirceu-entra-na-moda-dos-mensaleiros-e-lanca-site-para-pagar-multa\/#article","isPartOf":{"@id":"https:\/\/www.notibras.com\/site\/ze-dirceu-entra-na-moda-dos-mensaleiros-e-lanca-site-para-pagar-multa\/"},"author":{"name":"Reda\u00e7\u00e3o","@id":"https:\/\/www.notibras.com\/site\/#\/schema\/person\/36ab0979449956132d3e5b517ea76ac8"},"headline":"Dirceu entra na onda e lan\u00e7a site para pagar multa do STF","datePublished":"2014-02-12T22:24:59+00:00","dateModified":"2014-02-13T02:32:09+00:00","mainEntityOfPage":{"@id":"https:\/\/www.notibras.com\/site\/ze-dirceu-entra-na-moda-dos-mensaleiros-e-lanca-site-para-pagar-multa\/"},"wordCount":356,"commentCount":0,"publisher":{"@id":"https:\/\/www.notibras.com\/site\/#organization"},"image":{"@id":"https:\/\/www.notibras.com\/site\/ze-dirceu-entra-na-moda-dos-mensaleiros-e-lanca-site-para-pagar-multa\/#primaryimage"},"thumbnailUrl":"https:\/\/www.notibras.com\/site\/wp-content\/uploads\/2014\/02\/zedirce.jpg","articleSection":["Brasil"],"inLanguage":"pt-BR","potentialAction":[{"@type":"CommentAction","name":"Comment","target":["https:\/\/www.notibras.com\/site\/ze-dirceu-entra-na-moda-dos-mensaleiros-e-lanca-site-para-pagar-multa\/#respond"]}]},{"@type":"WebPage","@id":"https:\/\/www.notibras.com\/site\/ze-dirceu-entra-na-moda-dos-mensaleiros-e-lanca-site-para-pagar-multa\/","url":"https:\/\/www.notibras.com\/site\/ze-dirceu-entra-na-moda-dos-mensaleiros-e-lanca-site-para-pagar-multa\/","name":"Dirceu entra na onda e lan\u00e7a site para pagar multa do STF - Notibras","isPartOf":{"@id":"https:\/\/www.notibras.com\/site\/#website"},"primaryImageOfPage":{"@id":"https:\/\/www.notibras.com\/site\/ze-dirceu-entra-na-moda-dos-mensaleiros-e-lanca-site-para-pagar-multa\/#primaryimage"},"image":{"@id":"https:\/\/www.notibras.com\/site\/ze-dirceu-entra-na-moda-dos-mensaleiros-e-lanca-site-para-pagar-multa\/#primaryimage"},"thumbnailUrl":"https:\/\/www.notibras.com\/site\/wp-content\/uploads\/2014\/02\/zedirce.jpg","datePublished":"2014-02-12T22:24:59+00:00","dateModified":"2014-02-13T02:32:09+00:00","breadcrumb":{"@id":"https:\/\/www.notibras.com\/site\/ze-dirceu-entra-na-moda-dos-mensaleiros-e-lanca-site-para-pagar-multa\/#breadcrumb"},"inLanguage":"pt-BR","potentialAction":[{"@type":"ReadAction","target":["https:\/\/www.notibras.com\/site\/ze-dirceu-entra-na-moda-dos-mensaleiros-e-lanca-site-para-pagar-multa\/"]}]},{"@type":"ImageObject","inLanguage":"pt-BR","@id":"https:\/\/www.notibras.com\/site\/ze-dirceu-entra-na-moda-dos-mensaleiros-e-lanca-site-para-pagar-multa\/#primaryimage","url":"https:\/\/www.notibras.com\/site\/wp-content\/uploads\/2014\/02\/zedirce.jpg","contentUrl":"https:\/\/www.notibras.com\/site\/wp-content\/uploads\/2014\/02\/zedirce.jpg","width":394,"height":300},{"@type":"BreadcrumbList","@id":"https:\/\/www.notibras.com\/site\/ze-dirceu-entra-na-moda-dos-mensaleiros-e-lanca-site-para-pagar-multa\/#breadcrumb","itemListElement":[{"@type":"ListItem","position":1,"name":"In\u00edcio","item":"https:\/\/www.notibras.com\/site\/"},{"@type":"ListItem","position":2,"name":"Dirceu entra na onda e lan\u00e7a site para pagar multa do STF"}]},{"@type":"WebSite","@id":"https:\/\/www.notibras.com\/site\/#website","url":"https:\/\/www.notibras.com\/site\/","name":"Notibras","description":"Not\u00edcias de Bras\u00edlia, do Brasil e do Mundo","publisher":{"@id":"https:\/\/www.notibras.com\/site\/#organization"},"potentialAction":[{"@type":"SearchAction","target":{"@type":"EntryPoint","urlTemplate":"https:\/\/www.notibras.com\/site\/?s={search_term_string}"},"query-input":{"@type":"PropertyValueSpecification","valueRequired":true,"valueName":"search_term_string"}}],"inLanguage":"pt-BR"},{"@type":"Organization","@id":"https:\/\/www.notibras.com\/site\/#organization","name":"Grupo Notibras de Comunica\u00e7\u00e3o","url":"https:\/\/www.notibras.com\/site\/","logo":{"@type":"ImageObject","inLanguage":"pt-BR","@id":"https:\/\/www.notibras.com\/site\/#\/schema\/logo\/image\/","url":"https:\/\/www.notibras.com\/site\/wp-content\/uploads\/2023\/01\/notibras23.png","contentUrl":"https:\/\/www.notibras.com\/site\/wp-content\/uploads\/2023\/01\/notibras23.png","width":350,"height":87,"caption":"Grupo Notibras de Comunica\u00e7\u00e3o"},"image":{"@id":"https:\/\/www.notibras.com\/site\/#\/schema\/logo\/image\/"},"sameAs":["https:\/\/www.facebook.com\/notibras\/","https:\/\/x.com\/Notibras","https:\/\/www.instagram.com\/notibras\/"]},{"@type":"Person","@id":"https:\/\/www.notibras.com\/site\/#\/schema\/person\/36ab0979449956132d3e5b517ea76ac8","name":"Reda\u00e7\u00e3o","image":{"@type":"ImageObject","inLanguage":"pt-BR","@id":"https:\/\/secure.gravatar.com\/avatar\/e0a867bdedb85fd243eadf09663511f96fc81e0720a4a42581f334ad4303aa6b?s=96&d=mm&r=g","url":"https:\/\/secure.gravatar.com\/avatar\/e0a867bdedb85fd243eadf09663511f96fc81e0720a4a42581f334ad4303aa6b?s=96&d=mm&r=g","contentUrl":"https:\/\/secure.gravatar.com\/avatar\/e0a867bdedb85fd243eadf09663511f96fc81e0720a4a42581f334ad4303aa6b?s=96&d=mm&r=g","caption":"Reda\u00e7\u00e3o"}}]}},"amp_enabled":true,"_links":{"self":[{"href":"https:\/\/www.notibras.com\/site\/wp-json\/wp\/v2\/posts\/1408","targetHints":{"allow":["GET"]}}],"collection":[{"href":"https:\/\/www.notibras.com\/site\/wp-json\/wp\/v2\/posts"}],"about":[{"href":"https:\/\/www.notibras.com\/site\/wp-json\/wp\/v2\/types\/post"}],"author":[{"embeddable":true,"href":"https:\/\/www.notibras.com\/site\/wp-json\/wp\/v2\/users\/2"}],"replies":[{"embeddable":true,"href":"https:\/\/www.notibras.com\/site\/wp-json\/wp\/v2\/comments?post=1408"}],"version-history":[{"count":0,"href":"https:\/\/www.notibras.com\/site\/wp-json\/wp\/v2\/posts\/1408\/revisions"}],"wp:featuredmedia":[{"embeddable":true,"href":"https:\/\/www.notibras.com\/site\/wp-json\/wp\/v2\/media\/1413"}],"wp:attachment":[{"href":"https:\/\/www.notibras.com\/site\/wp-json\/wp\/v2\/media?parent=1408"}],"wp:term":[{"taxonomy":"category","embeddable":true,"href":"https:\/\/www.notibras.com\/site\/wp-json\/wp\/v2\/categories?post=1408"},{"taxonomy":"post_tag","embeddable":true,"href":"https:\/\/www.notibras.com\/site\/wp-json\/wp\/v2\/tags?post=1408"}],"curies":[{"name":"wp","href":"https:\/\/api.w.org\/{rel}","templated":true}]}}