{"id":14125,"date":"2014-06-22T15:52:58","date_gmt":"2014-06-22T18:52:58","guid":{"rendered":"http:\/\/www.notibras.com\/site\/?p=14125"},"modified":"2014-06-22T17:56:03","modified_gmt":"2014-06-22T20:56:03","slug":"gauchos-abandonam-porto-alegre-para-fugir-da-copa","status":"publish","type":"post","link":"https:\/\/www.notibras.com\/site\/gauchos-abandonam-porto-alegre-para-fugir-da-copa\/","title":{"rendered":"Ga\u00fachos abandonam Porto Alegre para fugir da Copa"},"content":{"rendered":"<p>Obras incompletas, gastos exorbitantes, ruas interditadas, fam\u00edlias despejadas, bagun\u00e7a, assalto a turistas. Para evitar fatos relacionados \u00e0 realiza\u00e7\u00e3o da Copa do Mundo no Brasil, alguns ga\u00fachos aproveitam o per\u00edodo para fugir de Porto Alegre (RS), uma das cidades-sede.<\/p>\n<p class=\"text\">Um dia antes da abertura da Copa do Mundo, a farmac\u00eautica Caroline Zanoni Cardoso, 39 anos, arrumou as malas e entrou num avi\u00e3o rumo ao pa\u00eds que mais levantou ta\u00e7as do campeonato mundial, depois do Brasil. Na It\u00e1lia, ela est\u00e1 imersa nas aulas de italiano.<\/p>\n<p class=\"text\">O curso foi um pr\u00eamio ganho na escola de idiomas onde estudava, em Porto Alegre. Embora pudesse escolher o per\u00edodo da viagem, fez quest\u00e3o de escapar justamente durante o Mundial. Assim, est\u00e1 distante das coisas que n\u00e3o gosta.<\/p>\n<blockquote>\n<p class=\"text\">\u201cCom a Copa est\u00e1 tudo muito desorganizado. A gente precisa de mais investimentos \u00e9 na \u00e1rea da sa\u00fade e da educa\u00e7\u00e3o\u201d, afirma.<\/p>\n<\/blockquote>\n<p class=\"text\">Em Roma, a farmac\u00eautica acredita que ainda precisar\u00e1 explicar aos italianos por que deixou o Brasil nesta \u00e9poca. \u201cAcho que eles ficar\u00e3o impactados, v\u00e3o me perguntar o porqu\u00ea. E eu vou dizer por que fugi\u201d, diz. A farmac\u00eautica, entretanto, reconsidera e suaviza: \u201cMas eu sou brasileira. Estou torcendo sempre pela sele\u00e7\u00e3o brasileira\u201d.<\/p>\n<p class=\"text\">Para satisfazer a \u00e2nsia dos quase aflitos com a Copa, ag\u00eancias de viagens elaboraram pacotes especiais para resguard\u00e1-los de tumultos. Os valores passaram por oscila\u00e7\u00f5es at\u00e9 o m\u00eas de junho, por conta do aumento do pre\u00e7o das passagens.<\/p>\n<blockquote>\n<p class=\"text\">De acordo com o presidente da Associa\u00e7\u00e3o Brasileira de Ag\u00eancias de Viagens (Abav-RS), Danilo Martins, os meses de junho e julho sempre foram lucrativos para as ag\u00eancias. Com a imin\u00eancia da Copa do Mundo, entre outubro do ano passado e mar\u00e7o deste ano houve uma queda nas vendas por causa do encarecimento das passagens de avi\u00e3o. Mas em meados de abril, o valor das passagens amainou, e as ag\u00eancias conseguiram retomar a oferta de pacotes especiais.<\/p>\n<\/blockquote>\n<p class=\"text\">A Terra Nova Turismo e Viagens, por exemplo, criou o \u201cFuja da Copa\u201d, que oferece passeios para a regi\u00e3o entre lagos e montanhas da Su\u00ed\u00e7a, Dubai, Deserto do Atacama, Budapeste e outros cantos paradis\u00edacos. Dos cerca de 200 pacotes vendidos, 54% deles t\u00eam como destino o Caribe. Com valores que variam de US$ 1,7 mil a US$ 2 mil, os contr\u00e1rios \u00e0 Copa do Mundo poder\u00e3o desfrutar da paz e do requinte que Porto Alegre certamente n\u00e3o proporcionar\u00e1 nos pr\u00f3ximos dias.<\/p>\n<p class=\"text\">O diretor da Terra Nova, Francisco Beatrice Filho, explicou que o \u201cFuja da Copa\u201d surgiu quando os clientes come\u00e7aram a procurar a ag\u00eancia para fazer o trajeto contr\u00e1rio ao dos estrangeiros que v\u00eam prestigiar as sele\u00e7\u00f5es. Beatrice Filho contou que as raz\u00f5es para a migra\u00e7\u00e3o desses porto-alegrenses s\u00e3o in\u00fameras, todas elas muito parecidas.<\/p>\n<p class=\"text\">\u201cS\u00e3o pessoas que n\u00e3o concordam com o evento, que n\u00e3o querem presenciar os transtornos que ele vai trazer. Elas t\u00eam poder financeiro para custear uma viagem desse tipo. E a grande maioria vai viajar na final da Copa mesmo. Querem passar longe do Brasil. S\u00f3 v\u00e3o voltar quando a coisa toda terminar.\u201d<\/p>\n<p class=\"text\">Com pouco dinheiro e luxo, alguns buscar\u00e3o ref\u00fagio em um festival de m\u00fasica que ocorre entre 19 e 22 de junho em Santa Catarina, Estado que n\u00e3o recebe os jogos. \u00a0Com o argumento de que a Copa do Mundo trar\u00e1 uma s\u00e9rie de transtornos, o projeto N\u00e3o Vai Ter Coca, par\u00f3dia com a frase favorita dos advers\u00e1rios do campeonato, promete quatro dias de tranquilidade num s\u00edtio em Brusque.<\/p>\n<p class=\"text\">L\u00e1, os fugitivos desfrutar\u00e3o de clima rural de acampamento, poder\u00e3o praticar pilates no meio do mato, alimentar-se de comidinhas vegetarianas e assistir a shows. Tudo isso por cerca de R$ 40, valor cobrado no primeiro lote de ingressos.<\/p>\n<p class=\"text\">O porto-alegrense Maur\u00edcio Oliveira, 51 anos, \u00e9 um dos m\u00fasicos que vai animar as noites no s\u00edtio em Limeira. Saxofonista da banda Velho Hippie, ele garantiu que se tivesse de ficar em Porto Alegre n\u00e3o se sentaria na frente da televis\u00e3o para assistir ao futebol.<\/p>\n<blockquote>\n<p class=\"text\">\u201cOs jogos n\u00e3o t\u00eam atrativo para mim. N\u00e3o me emocionam. Acho a Copa meio alienante\u201d, disse.<\/p>\n<\/blockquote>\n<p class=\"text\">Uma das frustra\u00e7\u00f5es de Maur\u00edcio \u00e9 o tr\u00e2nsito de Porto Alegre, que, em sua opini\u00e3o, desorientar\u00e1 os turistas. \u201cSem a Copa, o congestionamento j\u00e1 \u00e9 ruim. A sinaliza\u00e7\u00e3o \u00e9 p\u00e9ssima, n\u00e3o se sabe para onde est\u00e1 indo. As ciclovias s\u00e3o prec\u00e1rias, os \u00f4nibus trafegam em vias que n\u00e3o s\u00e3o para \u00f4nibus\u201d, reclamou.<\/p>\n<p class=\"text\">Sem ingresso comprado para o festival, mas com vontade de repetir a experi\u00eancia que viveu em outros eventos de m\u00fasica, o estudante de Letras da Universidade Federal do Rio Grande do Sul (UFRGS) Caio Rocha, 23 anos, n\u00e3o v\u00ea motivos para fincar os p\u00e9s em Porto Alegre. Contr\u00e1rio ao evento por raz\u00f5es pol\u00edticas, ele acredita que ficar na cidade e protestar \u00e9 causa perdida.<\/p>\n<p class=\"text\">\u00a0\u201cSe eu tivesse de sugerir ideias de como realizar a Copa, seria tudo diferente. Haveria di\u00e1logo com a popula\u00e7\u00e3o, pessoas n\u00e3o seriam retiradas de suas casas\u201d, diz, referindo-se \u00e0s remo\u00e7\u00f5es de fam\u00edlias que moravam em torno da avenida Tronco, na Vila Cruzeiro.<\/p>\n","protected":false},"excerpt":{"rendered":"<p>Obras incompletas, gastos exorbitantes, ruas interditadas, fam\u00edlias despejadas, bagun\u00e7a, assalto a turistas. Para evitar fatos relacionados \u00e0 realiza\u00e7\u00e3o da Copa do Mundo no Brasil, alguns ga\u00fachos aproveitam o per\u00edodo para fugir de Porto Alegre (RS), uma das cidades-sede. Um dia antes da abertura da Copa do Mundo, a farmac\u00eautica Caroline Zanoni Cardoso, 39 anos, arrumou [&hellip;]<\/p>\n","protected":false},"author":2,"featured_media":14126,"comment_status":"open","ping_status":"closed","sticky":false,"template":"","format":"standard","meta":{"_acf_changed":false,"footnotes":""},"categories":[16],"tags":[],"class_list":["post-14125","post","type-post","status-publish","format-standard","has-post-thumbnail","hentry","category-brasil"],"acf":[],"yoast_head":"<!-- This site is optimized with the Yoast SEO plugin v27.2 - https:\/\/yoast.com\/product\/yoast-seo-wordpress\/ -->\n<title>Ga\u00fachos abandonam Porto Alegre para fugir da Copa - Notibras<\/title>\n<meta name=\"robots\" content=\"index, follow, max-snippet:-1, max-image-preview:large, max-video-preview:-1\" \/>\n<link rel=\"canonical\" href=\"https:\/\/www.notibras.com\/site\/gauchos-abandonam-porto-alegre-para-fugir-da-copa\/\" \/>\n<meta property=\"og:locale\" content=\"pt_BR\" \/>\n<meta property=\"og:type\" content=\"article\" \/>\n<meta property=\"og:title\" content=\"Ga\u00fachos abandonam Porto Alegre para fugir da Copa - Notibras\" \/>\n<meta property=\"og:description\" content=\"Obras incompletas, gastos exorbitantes, ruas interditadas, fam\u00edlias despejadas, bagun\u00e7a, assalto a turistas. Para evitar fatos relacionados \u00e0 realiza\u00e7\u00e3o da Copa do Mundo no Brasil, alguns ga\u00fachos aproveitam o per\u00edodo para fugir de Porto Alegre (RS), uma das cidades-sede. Um dia antes da abertura da Copa do Mundo, a farmac\u00eautica Caroline Zanoni Cardoso, 39 anos, arrumou [&hellip;]\" \/>\n<meta property=\"og:url\" content=\"https:\/\/www.notibras.com\/site\/gauchos-abandonam-porto-alegre-para-fugir-da-copa\/\" \/>\n<meta property=\"og:site_name\" content=\"Notibras\" \/>\n<meta property=\"article:publisher\" content=\"https:\/\/www.facebook.com\/notibras\/\" \/>\n<meta property=\"article:published_time\" content=\"2014-06-22T18:52:58+00:00\" \/>\n<meta property=\"article:modified_time\" content=\"2014-06-22T20:56:03+00:00\" \/>\n<meta property=\"og:image\" content=\"https:\/\/www.notibras.com\/site\/wp-content\/uploads\/2014\/06\/thumb.aspx_.jpg\" \/>\n\t<meta property=\"og:image:width\" content=\"725\" \/>\n\t<meta property=\"og:image:height\" content=\"480\" \/>\n\t<meta property=\"og:image:type\" content=\"image\/jpeg\" \/>\n<meta name=\"author\" content=\"Reda\u00e7\u00e3o\" \/>\n<meta name=\"twitter:card\" content=\"summary_large_image\" \/>\n<meta name=\"twitter:creator\" content=\"@Notibras\" \/>\n<meta name=\"twitter:site\" content=\"@Notibras\" \/>\n<meta name=\"twitter:label1\" content=\"Escrito por\" \/>\n\t<meta name=\"twitter:data1\" content=\"Reda\u00e7\u00e3o\" \/>\n\t<meta name=\"twitter:label2\" content=\"Est. tempo de leitura\" \/>\n\t<meta name=\"twitter:data2\" content=\"4 minutos\" \/>\n<script type=\"application\/ld+json\" class=\"yoast-schema-graph\">{\"@context\":\"https:\/\/schema.org\",\"@graph\":[{\"@type\":\"Article\",\"@id\":\"https:\/\/www.notibras.com\/site\/gauchos-abandonam-porto-alegre-para-fugir-da-copa\/#article\",\"isPartOf\":{\"@id\":\"https:\/\/www.notibras.com\/site\/gauchos-abandonam-porto-alegre-para-fugir-da-copa\/\"},\"author\":{\"name\":\"Reda\u00e7\u00e3o\",\"@id\":\"https:\/\/www.notibras.com\/site\/#\/schema\/person\/36ab0979449956132d3e5b517ea76ac8\"},\"headline\":\"Ga\u00fachos abandonam Porto Alegre para fugir da Copa\",\"datePublished\":\"2014-06-22T18:52:58+00:00\",\"dateModified\":\"2014-06-22T20:56:03+00:00\",\"mainEntityOfPage\":{\"@id\":\"https:\/\/www.notibras.com\/site\/gauchos-abandonam-porto-alegre-para-fugir-da-copa\/\"},\"wordCount\":908,\"commentCount\":0,\"publisher\":{\"@id\":\"https:\/\/www.notibras.com\/site\/#organization\"},\"image\":{\"@id\":\"https:\/\/www.notibras.com\/site\/gauchos-abandonam-porto-alegre-para-fugir-da-copa\/#primaryimage\"},\"thumbnailUrl\":\"https:\/\/www.notibras.com\/site\/wp-content\/uploads\/2014\/06\/thumb.aspx_.jpg\",\"articleSection\":[\"Brasil\"],\"inLanguage\":\"pt-BR\",\"potentialAction\":[{\"@type\":\"CommentAction\",\"name\":\"Comment\",\"target\":[\"https:\/\/www.notibras.com\/site\/gauchos-abandonam-porto-alegre-para-fugir-da-copa\/#respond\"]}]},{\"@type\":\"WebPage\",\"@id\":\"https:\/\/www.notibras.com\/site\/gauchos-abandonam-porto-alegre-para-fugir-da-copa\/\",\"url\":\"https:\/\/www.notibras.com\/site\/gauchos-abandonam-porto-alegre-para-fugir-da-copa\/\",\"name\":\"Ga\u00fachos abandonam Porto Alegre para fugir da Copa - Notibras\",\"isPartOf\":{\"@id\":\"https:\/\/www.notibras.com\/site\/#website\"},\"primaryImageOfPage\":{\"@id\":\"https:\/\/www.notibras.com\/site\/gauchos-abandonam-porto-alegre-para-fugir-da-copa\/#primaryimage\"},\"image\":{\"@id\":\"https:\/\/www.notibras.com\/site\/gauchos-abandonam-porto-alegre-para-fugir-da-copa\/#primaryimage\"},\"thumbnailUrl\":\"https:\/\/www.notibras.com\/site\/wp-content\/uploads\/2014\/06\/thumb.aspx_.jpg\",\"datePublished\":\"2014-06-22T18:52:58+00:00\",\"dateModified\":\"2014-06-22T20:56:03+00:00\",\"breadcrumb\":{\"@id\":\"https:\/\/www.notibras.com\/site\/gauchos-abandonam-porto-alegre-para-fugir-da-copa\/#breadcrumb\"},\"inLanguage\":\"pt-BR\",\"potentialAction\":[{\"@type\":\"ReadAction\",\"target\":[\"https:\/\/www.notibras.com\/site\/gauchos-abandonam-porto-alegre-para-fugir-da-copa\/\"]}]},{\"@type\":\"ImageObject\",\"inLanguage\":\"pt-BR\",\"@id\":\"https:\/\/www.notibras.com\/site\/gauchos-abandonam-porto-alegre-para-fugir-da-copa\/#primaryimage\",\"url\":\"https:\/\/www.notibras.com\/site\/wp-content\/uploads\/2014\/06\/thumb.aspx_.jpg\",\"contentUrl\":\"https:\/\/www.notibras.com\/site\/wp-content\/uploads\/2014\/06\/thumb.aspx_.jpg\",\"width\":725,\"height\":480},{\"@type\":\"BreadcrumbList\",\"@id\":\"https:\/\/www.notibras.com\/site\/gauchos-abandonam-porto-alegre-para-fugir-da-copa\/#breadcrumb\",\"itemListElement\":[{\"@type\":\"ListItem\",\"position\":1,\"name\":\"In\u00edcio\",\"item\":\"https:\/\/www.notibras.com\/site\/\"},{\"@type\":\"ListItem\",\"position\":2,\"name\":\"Ga\u00fachos abandonam Porto Alegre para fugir da Copa\"}]},{\"@type\":\"WebSite\",\"@id\":\"https:\/\/www.notibras.com\/site\/#website\",\"url\":\"https:\/\/www.notibras.com\/site\/\",\"name\":\"Notibras\",\"description\":\"Not\u00edcias de Bras\u00edlia, do Brasil e do Mundo\",\"publisher\":{\"@id\":\"https:\/\/www.notibras.com\/site\/#organization\"},\"potentialAction\":[{\"@type\":\"SearchAction\",\"target\":{\"@type\":\"EntryPoint\",\"urlTemplate\":\"https:\/\/www.notibras.com\/site\/?s={search_term_string}\"},\"query-input\":{\"@type\":\"PropertyValueSpecification\",\"valueRequired\":true,\"valueName\":\"search_term_string\"}}],\"inLanguage\":\"pt-BR\"},{\"@type\":\"Organization\",\"@id\":\"https:\/\/www.notibras.com\/site\/#organization\",\"name\":\"Grupo Notibras de Comunica\u00e7\u00e3o\",\"url\":\"https:\/\/www.notibras.com\/site\/\",\"logo\":{\"@type\":\"ImageObject\",\"inLanguage\":\"pt-BR\",\"@id\":\"https:\/\/www.notibras.com\/site\/#\/schema\/logo\/image\/\",\"url\":\"https:\/\/www.notibras.com\/site\/wp-content\/uploads\/2023\/01\/notibras23.png\",\"contentUrl\":\"https:\/\/www.notibras.com\/site\/wp-content\/uploads\/2023\/01\/notibras23.png\",\"width\":350,\"height\":87,\"caption\":\"Grupo Notibras de Comunica\u00e7\u00e3o\"},\"image\":{\"@id\":\"https:\/\/www.notibras.com\/site\/#\/schema\/logo\/image\/\"},\"sameAs\":[\"https:\/\/www.facebook.com\/notibras\/\",\"https:\/\/x.com\/Notibras\",\"https:\/\/www.instagram.com\/notibras\/\"]},{\"@type\":\"Person\",\"@id\":\"https:\/\/www.notibras.com\/site\/#\/schema\/person\/36ab0979449956132d3e5b517ea76ac8\",\"name\":\"Reda\u00e7\u00e3o\",\"image\":{\"@type\":\"ImageObject\",\"inLanguage\":\"pt-BR\",\"@id\":\"https:\/\/secure.gravatar.com\/avatar\/e0a867bdedb85fd243eadf09663511f96fc81e0720a4a42581f334ad4303aa6b?s=96&d=mm&r=g\",\"url\":\"https:\/\/secure.gravatar.com\/avatar\/e0a867bdedb85fd243eadf09663511f96fc81e0720a4a42581f334ad4303aa6b?s=96&d=mm&r=g\",\"contentUrl\":\"https:\/\/secure.gravatar.com\/avatar\/e0a867bdedb85fd243eadf09663511f96fc81e0720a4a42581f334ad4303aa6b?s=96&d=mm&r=g\",\"caption\":\"Reda\u00e7\u00e3o\"}}]}<\/script>\n<!-- \/ Yoast SEO plugin. -->","yoast_head_json":{"title":"Ga\u00fachos abandonam Porto Alegre para fugir da Copa - Notibras","robots":{"index":"index","follow":"follow","max-snippet":"max-snippet:-1","max-image-preview":"max-image-preview:large","max-video-preview":"max-video-preview:-1"},"canonical":"https:\/\/www.notibras.com\/site\/gauchos-abandonam-porto-alegre-para-fugir-da-copa\/","og_locale":"pt_BR","og_type":"article","og_title":"Ga\u00fachos abandonam Porto Alegre para fugir da Copa - Notibras","og_description":"Obras incompletas, gastos exorbitantes, ruas interditadas, fam\u00edlias despejadas, bagun\u00e7a, assalto a turistas. Para evitar fatos relacionados \u00e0 realiza\u00e7\u00e3o da Copa do Mundo no Brasil, alguns ga\u00fachos aproveitam o per\u00edodo para fugir de Porto Alegre (RS), uma das cidades-sede. Um dia antes da abertura da Copa do Mundo, a farmac\u00eautica Caroline Zanoni Cardoso, 39 anos, arrumou [&hellip;]","og_url":"https:\/\/www.notibras.com\/site\/gauchos-abandonam-porto-alegre-para-fugir-da-copa\/","og_site_name":"Notibras","article_publisher":"https:\/\/www.facebook.com\/notibras\/","article_published_time":"2014-06-22T18:52:58+00:00","article_modified_time":"2014-06-22T20:56:03+00:00","og_image":[{"width":725,"height":480,"url":"https:\/\/www.notibras.com\/site\/wp-content\/uploads\/2014\/06\/thumb.aspx_.jpg","type":"image\/jpeg"}],"author":"Reda\u00e7\u00e3o","twitter_card":"summary_large_image","twitter_creator":"@Notibras","twitter_site":"@Notibras","twitter_misc":{"Escrito por":"Reda\u00e7\u00e3o","Est. tempo de leitura":"4 minutos"},"schema":{"@context":"https:\/\/schema.org","@graph":[{"@type":"Article","@id":"https:\/\/www.notibras.com\/site\/gauchos-abandonam-porto-alegre-para-fugir-da-copa\/#article","isPartOf":{"@id":"https:\/\/www.notibras.com\/site\/gauchos-abandonam-porto-alegre-para-fugir-da-copa\/"},"author":{"name":"Reda\u00e7\u00e3o","@id":"https:\/\/www.notibras.com\/site\/#\/schema\/person\/36ab0979449956132d3e5b517ea76ac8"},"headline":"Ga\u00fachos abandonam Porto Alegre para fugir da Copa","datePublished":"2014-06-22T18:52:58+00:00","dateModified":"2014-06-22T20:56:03+00:00","mainEntityOfPage":{"@id":"https:\/\/www.notibras.com\/site\/gauchos-abandonam-porto-alegre-para-fugir-da-copa\/"},"wordCount":908,"commentCount":0,"publisher":{"@id":"https:\/\/www.notibras.com\/site\/#organization"},"image":{"@id":"https:\/\/www.notibras.com\/site\/gauchos-abandonam-porto-alegre-para-fugir-da-copa\/#primaryimage"},"thumbnailUrl":"https:\/\/www.notibras.com\/site\/wp-content\/uploads\/2014\/06\/thumb.aspx_.jpg","articleSection":["Brasil"],"inLanguage":"pt-BR","potentialAction":[{"@type":"CommentAction","name":"Comment","target":["https:\/\/www.notibras.com\/site\/gauchos-abandonam-porto-alegre-para-fugir-da-copa\/#respond"]}]},{"@type":"WebPage","@id":"https:\/\/www.notibras.com\/site\/gauchos-abandonam-porto-alegre-para-fugir-da-copa\/","url":"https:\/\/www.notibras.com\/site\/gauchos-abandonam-porto-alegre-para-fugir-da-copa\/","name":"Ga\u00fachos abandonam Porto Alegre para fugir da Copa - Notibras","isPartOf":{"@id":"https:\/\/www.notibras.com\/site\/#website"},"primaryImageOfPage":{"@id":"https:\/\/www.notibras.com\/site\/gauchos-abandonam-porto-alegre-para-fugir-da-copa\/#primaryimage"},"image":{"@id":"https:\/\/www.notibras.com\/site\/gauchos-abandonam-porto-alegre-para-fugir-da-copa\/#primaryimage"},"thumbnailUrl":"https:\/\/www.notibras.com\/site\/wp-content\/uploads\/2014\/06\/thumb.aspx_.jpg","datePublished":"2014-06-22T18:52:58+00:00","dateModified":"2014-06-22T20:56:03+00:00","breadcrumb":{"@id":"https:\/\/www.notibras.com\/site\/gauchos-abandonam-porto-alegre-para-fugir-da-copa\/#breadcrumb"},"inLanguage":"pt-BR","potentialAction":[{"@type":"ReadAction","target":["https:\/\/www.notibras.com\/site\/gauchos-abandonam-porto-alegre-para-fugir-da-copa\/"]}]},{"@type":"ImageObject","inLanguage":"pt-BR","@id":"https:\/\/www.notibras.com\/site\/gauchos-abandonam-porto-alegre-para-fugir-da-copa\/#primaryimage","url":"https:\/\/www.notibras.com\/site\/wp-content\/uploads\/2014\/06\/thumb.aspx_.jpg","contentUrl":"https:\/\/www.notibras.com\/site\/wp-content\/uploads\/2014\/06\/thumb.aspx_.jpg","width":725,"height":480},{"@type":"BreadcrumbList","@id":"https:\/\/www.notibras.com\/site\/gauchos-abandonam-porto-alegre-para-fugir-da-copa\/#breadcrumb","itemListElement":[{"@type":"ListItem","position":1,"name":"In\u00edcio","item":"https:\/\/www.notibras.com\/site\/"},{"@type":"ListItem","position":2,"name":"Ga\u00fachos abandonam Porto Alegre para fugir da Copa"}]},{"@type":"WebSite","@id":"https:\/\/www.notibras.com\/site\/#website","url":"https:\/\/www.notibras.com\/site\/","name":"Notibras","description":"Not\u00edcias de Bras\u00edlia, do Brasil e do Mundo","publisher":{"@id":"https:\/\/www.notibras.com\/site\/#organization"},"potentialAction":[{"@type":"SearchAction","target":{"@type":"EntryPoint","urlTemplate":"https:\/\/www.notibras.com\/site\/?s={search_term_string}"},"query-input":{"@type":"PropertyValueSpecification","valueRequired":true,"valueName":"search_term_string"}}],"inLanguage":"pt-BR"},{"@type":"Organization","@id":"https:\/\/www.notibras.com\/site\/#organization","name":"Grupo Notibras de Comunica\u00e7\u00e3o","url":"https:\/\/www.notibras.com\/site\/","logo":{"@type":"ImageObject","inLanguage":"pt-BR","@id":"https:\/\/www.notibras.com\/site\/#\/schema\/logo\/image\/","url":"https:\/\/www.notibras.com\/site\/wp-content\/uploads\/2023\/01\/notibras23.png","contentUrl":"https:\/\/www.notibras.com\/site\/wp-content\/uploads\/2023\/01\/notibras23.png","width":350,"height":87,"caption":"Grupo Notibras de Comunica\u00e7\u00e3o"},"image":{"@id":"https:\/\/www.notibras.com\/site\/#\/schema\/logo\/image\/"},"sameAs":["https:\/\/www.facebook.com\/notibras\/","https:\/\/x.com\/Notibras","https:\/\/www.instagram.com\/notibras\/"]},{"@type":"Person","@id":"https:\/\/www.notibras.com\/site\/#\/schema\/person\/36ab0979449956132d3e5b517ea76ac8","name":"Reda\u00e7\u00e3o","image":{"@type":"ImageObject","inLanguage":"pt-BR","@id":"https:\/\/secure.gravatar.com\/avatar\/e0a867bdedb85fd243eadf09663511f96fc81e0720a4a42581f334ad4303aa6b?s=96&d=mm&r=g","url":"https:\/\/secure.gravatar.com\/avatar\/e0a867bdedb85fd243eadf09663511f96fc81e0720a4a42581f334ad4303aa6b?s=96&d=mm&r=g","contentUrl":"https:\/\/secure.gravatar.com\/avatar\/e0a867bdedb85fd243eadf09663511f96fc81e0720a4a42581f334ad4303aa6b?s=96&d=mm&r=g","caption":"Reda\u00e7\u00e3o"}}]}},"amp_enabled":true,"_links":{"self":[{"href":"https:\/\/www.notibras.com\/site\/wp-json\/wp\/v2\/posts\/14125","targetHints":{"allow":["GET"]}}],"collection":[{"href":"https:\/\/www.notibras.com\/site\/wp-json\/wp\/v2\/posts"}],"about":[{"href":"https:\/\/www.notibras.com\/site\/wp-json\/wp\/v2\/types\/post"}],"author":[{"embeddable":true,"href":"https:\/\/www.notibras.com\/site\/wp-json\/wp\/v2\/users\/2"}],"replies":[{"embeddable":true,"href":"https:\/\/www.notibras.com\/site\/wp-json\/wp\/v2\/comments?post=14125"}],"version-history":[{"count":0,"href":"https:\/\/www.notibras.com\/site\/wp-json\/wp\/v2\/posts\/14125\/revisions"}],"wp:featuredmedia":[{"embeddable":true,"href":"https:\/\/www.notibras.com\/site\/wp-json\/wp\/v2\/media\/14126"}],"wp:attachment":[{"href":"https:\/\/www.notibras.com\/site\/wp-json\/wp\/v2\/media?parent=14125"}],"wp:term":[{"taxonomy":"category","embeddable":true,"href":"https:\/\/www.notibras.com\/site\/wp-json\/wp\/v2\/categories?post=14125"},{"taxonomy":"post_tag","embeddable":true,"href":"https:\/\/www.notibras.com\/site\/wp-json\/wp\/v2\/tags?post=14125"}],"curies":[{"name":"wp","href":"https:\/\/api.w.org\/{rel}","templated":true}]}}