{"id":141655,"date":"2017-06-09T18:27:15","date_gmt":"2017-06-09T21:27:15","guid":{"rendered":"http:\/\/www.notibras.com\/site\/?p=141655"},"modified":"2017-06-09T18:28:14","modified_gmt":"2017-06-09T21:28:14","slug":"nossas-fronteiras-sao-nossas-nao-para-o-vizinho-ocupar","status":"publish","type":"post","link":"https:\/\/www.notibras.com\/site\/nossas-fronteiras-sao-nossas-nao-para-o-vizinho-ocupar\/","title":{"rendered":"Nossas fronteiras s\u00e3o nossas, n\u00e3o para o vizinho usar"},"content":{"rendered":"<p><strong>Guilhermina Coimbra<\/strong><\/p>\n<p>Os residentes no Brasil est\u00e3o pasmos com a aus\u00eancia de saber do Ministro Aloysio Nunes &#8211; por falta de informa\u00e7\u00e3o, na melhor das hip\u00f3teses.<\/p>\n<p>\u00c9 completa e crassa aus\u00eancia de informa\u00e7\u00e3o \u2013 na melhor das hip\u00f3teses \u2013 abrir as fronteiras do Brasil.<\/p>\n<p>A Amaz\u00f4nia pertence ao Brasil por sucessivos Tratados Internacionais assinados e ratificados.<\/p>\n<p>O \u00faltimo foi o Tratado do Bar\u00e3o do Rio Branco.<\/p>\n<p>Pacta sunt servanda.<\/p>\n<p>Informe-se Ministro Aloysio Nunes e sinta-se orgulhoso por fazer parte do governo de um pa\u00eds, cujos cidad\u00e3os est\u00e3o &#8211; inteligentemente &#8211; atentos \u00e0s riquezas do Brasil.<\/p>\n<p>As riquezas do Brasil n\u00e3o jazem no territ\u00f3rio do Brasil para serem dispostas \u2013 concedidas, doadas \u2013 por nenhum Ministro do Brasil.<\/p>\n<p>A popula\u00e7\u00e3o brasileira bem humorada &#8211; na medida do poss\u00edvel &#8211; \u00e9 mais atenta do que qualquer Ministro de qualquer Governo brasileiro, ou, estrangeiro, possa supor.<\/p>\n<p>Quando se trata de permitir que governantes do Brasil fa\u00e7am &#8220;doa\u00e7\u00f5es???!!!&#8221;, &#8220;concess\u00f5es???!!!&#8221; etc., comprometendo o patrim\u00f4nio p\u00fablico brasileiro, a popula\u00e7\u00e3o brasileira alerta, clama: &#8220;Pol\u00edcia Federal investigando quem est\u00e1 ganhando quanto, com essa ideia \u2013 na melhor da hip\u00f3teses estranhamente ignorante &#8211; de abrir as fronteiras do Brasil.&#8221;<\/p>\n<p>Ser\u00e1 que o Ministro n\u00e3o est\u00e1 a par do que ocorreu, sempre ocorre e vem ocorrendo h\u00e1 um longo tempo, at\u00e9 os dias atuais \u2013 sistematicamente &#8211; com os pa\u00edses cujos governos abriram as respectivas fronteiras, n\u00e3o?<\/p>\n<p>Informe-se Ministro Aloysio Nunes e nem tente agradar amigos de fora do Brasil \u2013 qualquer que seja a nacionalidade \u2013 porque, tais neg\u00f3cios, est\u00e3o fora de negocia\u00e7\u00e3o, por quest\u00e3o de direito reconhecido pela ONU!<\/p>\n<p>Lembre-se Ministro Aloysio Nunes que popula\u00e7\u00e3o esclarecida \u00e9 a melhor defesa de todo governo bem intencionado.<\/p>\n<p>Os brasileiros sentem muito, senhores \u2013 que se pretendem governantes do Brasil \u2013 mas, a popula\u00e7\u00e3o brasileira por mais que tentem desvi\u00e1-la de temas de seu verdadeiro, leg\u00edtimo direito &#8211; reconhecido pela ONJ \u2013 est\u00e1 atenta.<\/p>\n<p>Se essas amea\u00e7as \u00e0 soberania do Brasil continuarem, n\u00e3o demora e a ONU ter\u00e1 que for\u00e7osamente tomar conhecimento do desmando.<\/p>\n<p>O Brasil \u00e9 parceiro, reconhecidamente \u00f3timo s\u00f3cio comercial de s\u00f3cios diversificados.<\/p>\n<p>Os s\u00f3cios diversificados do Brasil \u2013 absolutamente &#8211; n\u00e3o ser\u00e3o privilegiados se a id\u00e9ia esdr\u00faxula de abrir as fronteiras do Brasil vier a prevalecer. Ao contr\u00e1rio, tornar-se-\u00e3o ref\u00e9ns dos privilegiados, coisa que nenhum deles gostaria de ser.<\/p>\n<p>Os argumentos contr\u00e1rios \u00e0s id\u00e9ias do Ministro brasileiro s\u00e3o muitos: informe-se com quem de direito, Ministro. A popula\u00e7\u00e3o brasileira remunera muito bem os assessores do Ministro: est\u00e1 na hora de mostrarem servi\u00e7o, bem orientando o Ministro.<\/p>\n<p>O Brasil merece respeito.<\/p>\n","protected":false},"excerpt":{"rendered":"<p>Guilhermina Coimbra Os residentes no Brasil est\u00e3o pasmos com a aus\u00eancia de saber do Ministro Aloysio Nunes &#8211; por falta de informa\u00e7\u00e3o, na melhor das hip\u00f3teses. \u00c9 completa e crassa aus\u00eancia de informa\u00e7\u00e3o \u2013 na melhor das hip\u00f3teses \u2013 abrir as fronteiras do Brasil. A Amaz\u00f4nia pertence ao Brasil por sucessivos Tratados Internacionais assinados e [&hellip;]<\/p>\n","protected":false},"author":2,"featured_media":141656,"comment_status":"open","ping_status":"closed","sticky":false,"template":"","format":"standard","meta":{"_acf_changed":false,"footnotes":""},"categories":[25],"tags":[],"class_list":["post-141655","post","type-post","status-publish","format-standard","has-post-thumbnail","hentry","category-opina-ai"],"acf":[],"yoast_head":"<!-- This site is optimized with the Yoast SEO plugin v27.2 - https:\/\/yoast.com\/product\/yoast-seo-wordpress\/ -->\n<title>Nossas fronteiras s\u00e3o nossas, n\u00e3o para o vizinho usar - Notibras<\/title>\n<meta name=\"robots\" content=\"index, follow, max-snippet:-1, max-image-preview:large, max-video-preview:-1\" \/>\n<link rel=\"canonical\" href=\"https:\/\/www.notibras.com\/site\/nossas-fronteiras-sao-nossas-nao-para-o-vizinho-ocupar\/\" \/>\n<meta property=\"og:locale\" content=\"pt_BR\" \/>\n<meta property=\"og:type\" content=\"article\" \/>\n<meta property=\"og:title\" content=\"Nossas fronteiras s\u00e3o nossas, n\u00e3o para o vizinho usar - Notibras\" \/>\n<meta property=\"og:description\" content=\"Guilhermina Coimbra Os residentes no Brasil est\u00e3o pasmos com a aus\u00eancia de saber do Ministro Aloysio Nunes &#8211; por falta de informa\u00e7\u00e3o, na melhor das hip\u00f3teses. \u00c9 completa e crassa aus\u00eancia de informa\u00e7\u00e3o \u2013 na melhor das hip\u00f3teses \u2013 abrir as fronteiras do Brasil. A Amaz\u00f4nia pertence ao Brasil por sucessivos Tratados Internacionais assinados e [&hellip;]\" \/>\n<meta property=\"og:url\" content=\"https:\/\/www.notibras.com\/site\/nossas-fronteiras-sao-nossas-nao-para-o-vizinho-ocupar\/\" \/>\n<meta property=\"og:site_name\" content=\"Notibras\" \/>\n<meta property=\"article:publisher\" content=\"https:\/\/www.facebook.com\/notibras\/\" \/>\n<meta property=\"article:published_time\" content=\"2017-06-09T21:27:15+00:00\" \/>\n<meta property=\"article:modified_time\" content=\"2017-06-09T21:28:14+00:00\" \/>\n<meta property=\"og:image\" content=\"https:\/\/www.notibras.com\/site\/wp-content\/uploads\/2017\/06\/fronteira.jpg\" \/>\n\t<meta property=\"og:image:width\" content=\"720\" \/>\n\t<meta property=\"og:image:height\" content=\"430\" \/>\n\t<meta property=\"og:image:type\" content=\"image\/jpeg\" \/>\n<meta name=\"author\" content=\"Reda\u00e7\u00e3o\" \/>\n<meta name=\"twitter:card\" content=\"summary_large_image\" \/>\n<meta name=\"twitter:creator\" content=\"@Notibras\" \/>\n<meta name=\"twitter:site\" content=\"@Notibras\" \/>\n<meta name=\"twitter:label1\" content=\"Escrito por\" \/>\n\t<meta name=\"twitter:data1\" content=\"Reda\u00e7\u00e3o\" \/>\n\t<meta name=\"twitter:label2\" content=\"Est. tempo de leitura\" \/>\n\t<meta name=\"twitter:data2\" content=\"2 minutos\" \/>\n<script type=\"application\/ld+json\" class=\"yoast-schema-graph\">{\"@context\":\"https:\/\/schema.org\",\"@graph\":[{\"@type\":\"Article\",\"@id\":\"https:\/\/www.notibras.com\/site\/nossas-fronteiras-sao-nossas-nao-para-o-vizinho-ocupar\/#article\",\"isPartOf\":{\"@id\":\"https:\/\/www.notibras.com\/site\/nossas-fronteiras-sao-nossas-nao-para-o-vizinho-ocupar\/\"},\"author\":{\"name\":\"Reda\u00e7\u00e3o\",\"@id\":\"https:\/\/www.notibras.com\/site\/#\/schema\/person\/36ab0979449956132d3e5b517ea76ac8\"},\"headline\":\"Nossas fronteiras s\u00e3o nossas, n\u00e3o para o vizinho usar\",\"datePublished\":\"2017-06-09T21:27:15+00:00\",\"dateModified\":\"2017-06-09T21:28:14+00:00\",\"mainEntityOfPage\":{\"@id\":\"https:\/\/www.notibras.com\/site\/nossas-fronteiras-sao-nossas-nao-para-o-vizinho-ocupar\/\"},\"wordCount\":468,\"commentCount\":0,\"publisher\":{\"@id\":\"https:\/\/www.notibras.com\/site\/#organization\"},\"image\":{\"@id\":\"https:\/\/www.notibras.com\/site\/nossas-fronteiras-sao-nossas-nao-para-o-vizinho-ocupar\/#primaryimage\"},\"thumbnailUrl\":\"https:\/\/www.notibras.com\/site\/wp-content\/uploads\/2017\/06\/fronteira.jpg\",\"articleSection\":[\"Opina a\u00ed\"],\"inLanguage\":\"pt-BR\",\"potentialAction\":[{\"@type\":\"CommentAction\",\"name\":\"Comment\",\"target\":[\"https:\/\/www.notibras.com\/site\/nossas-fronteiras-sao-nossas-nao-para-o-vizinho-ocupar\/#respond\"]}]},{\"@type\":\"WebPage\",\"@id\":\"https:\/\/www.notibras.com\/site\/nossas-fronteiras-sao-nossas-nao-para-o-vizinho-ocupar\/\",\"url\":\"https:\/\/www.notibras.com\/site\/nossas-fronteiras-sao-nossas-nao-para-o-vizinho-ocupar\/\",\"name\":\"Nossas fronteiras s\u00e3o nossas, n\u00e3o para o vizinho usar - Notibras\",\"isPartOf\":{\"@id\":\"https:\/\/www.notibras.com\/site\/#website\"},\"primaryImageOfPage\":{\"@id\":\"https:\/\/www.notibras.com\/site\/nossas-fronteiras-sao-nossas-nao-para-o-vizinho-ocupar\/#primaryimage\"},\"image\":{\"@id\":\"https:\/\/www.notibras.com\/site\/nossas-fronteiras-sao-nossas-nao-para-o-vizinho-ocupar\/#primaryimage\"},\"thumbnailUrl\":\"https:\/\/www.notibras.com\/site\/wp-content\/uploads\/2017\/06\/fronteira.jpg\",\"datePublished\":\"2017-06-09T21:27:15+00:00\",\"dateModified\":\"2017-06-09T21:28:14+00:00\",\"breadcrumb\":{\"@id\":\"https:\/\/www.notibras.com\/site\/nossas-fronteiras-sao-nossas-nao-para-o-vizinho-ocupar\/#breadcrumb\"},\"inLanguage\":\"pt-BR\",\"potentialAction\":[{\"@type\":\"ReadAction\",\"target\":[\"https:\/\/www.notibras.com\/site\/nossas-fronteiras-sao-nossas-nao-para-o-vizinho-ocupar\/\"]}]},{\"@type\":\"ImageObject\",\"inLanguage\":\"pt-BR\",\"@id\":\"https:\/\/www.notibras.com\/site\/nossas-fronteiras-sao-nossas-nao-para-o-vizinho-ocupar\/#primaryimage\",\"url\":\"https:\/\/www.notibras.com\/site\/wp-content\/uploads\/2017\/06\/fronteira.jpg\",\"contentUrl\":\"https:\/\/www.notibras.com\/site\/wp-content\/uploads\/2017\/06\/fronteira.jpg\",\"width\":720,\"height\":430},{\"@type\":\"BreadcrumbList\",\"@id\":\"https:\/\/www.notibras.com\/site\/nossas-fronteiras-sao-nossas-nao-para-o-vizinho-ocupar\/#breadcrumb\",\"itemListElement\":[{\"@type\":\"ListItem\",\"position\":1,\"name\":\"In\u00edcio\",\"item\":\"https:\/\/www.notibras.com\/site\/\"},{\"@type\":\"ListItem\",\"position\":2,\"name\":\"Nossas fronteiras s\u00e3o nossas, n\u00e3o para o vizinho usar\"}]},{\"@type\":\"WebSite\",\"@id\":\"https:\/\/www.notibras.com\/site\/#website\",\"url\":\"https:\/\/www.notibras.com\/site\/\",\"name\":\"Notibras\",\"description\":\"Not\u00edcias de Bras\u00edlia, do Brasil e do Mundo\",\"publisher\":{\"@id\":\"https:\/\/www.notibras.com\/site\/#organization\"},\"potentialAction\":[{\"@type\":\"SearchAction\",\"target\":{\"@type\":\"EntryPoint\",\"urlTemplate\":\"https:\/\/www.notibras.com\/site\/?s={search_term_string}\"},\"query-input\":{\"@type\":\"PropertyValueSpecification\",\"valueRequired\":true,\"valueName\":\"search_term_string\"}}],\"inLanguage\":\"pt-BR\"},{\"@type\":\"Organization\",\"@id\":\"https:\/\/www.notibras.com\/site\/#organization\",\"name\":\"Grupo Notibras de Comunica\u00e7\u00e3o\",\"url\":\"https:\/\/www.notibras.com\/site\/\",\"logo\":{\"@type\":\"ImageObject\",\"inLanguage\":\"pt-BR\",\"@id\":\"https:\/\/www.notibras.com\/site\/#\/schema\/logo\/image\/\",\"url\":\"https:\/\/www.notibras.com\/site\/wp-content\/uploads\/2023\/01\/notibras23.png\",\"contentUrl\":\"https:\/\/www.notibras.com\/site\/wp-content\/uploads\/2023\/01\/notibras23.png\",\"width\":350,\"height\":87,\"caption\":\"Grupo Notibras de Comunica\u00e7\u00e3o\"},\"image\":{\"@id\":\"https:\/\/www.notibras.com\/site\/#\/schema\/logo\/image\/\"},\"sameAs\":[\"https:\/\/www.facebook.com\/notibras\/\",\"https:\/\/x.com\/Notibras\",\"https:\/\/www.instagram.com\/notibras\/\"]},{\"@type\":\"Person\",\"@id\":\"https:\/\/www.notibras.com\/site\/#\/schema\/person\/36ab0979449956132d3e5b517ea76ac8\",\"name\":\"Reda\u00e7\u00e3o\",\"image\":{\"@type\":\"ImageObject\",\"inLanguage\":\"pt-BR\",\"@id\":\"https:\/\/secure.gravatar.com\/avatar\/e0a867bdedb85fd243eadf09663511f96fc81e0720a4a42581f334ad4303aa6b?s=96&d=mm&r=g\",\"url\":\"https:\/\/secure.gravatar.com\/avatar\/e0a867bdedb85fd243eadf09663511f96fc81e0720a4a42581f334ad4303aa6b?s=96&d=mm&r=g\",\"contentUrl\":\"https:\/\/secure.gravatar.com\/avatar\/e0a867bdedb85fd243eadf09663511f96fc81e0720a4a42581f334ad4303aa6b?s=96&d=mm&r=g\",\"caption\":\"Reda\u00e7\u00e3o\"}}]}<\/script>\n<!-- \/ Yoast SEO plugin. -->","yoast_head_json":{"title":"Nossas fronteiras s\u00e3o nossas, n\u00e3o para o vizinho usar - Notibras","robots":{"index":"index","follow":"follow","max-snippet":"max-snippet:-1","max-image-preview":"max-image-preview:large","max-video-preview":"max-video-preview:-1"},"canonical":"https:\/\/www.notibras.com\/site\/nossas-fronteiras-sao-nossas-nao-para-o-vizinho-ocupar\/","og_locale":"pt_BR","og_type":"article","og_title":"Nossas fronteiras s\u00e3o nossas, n\u00e3o para o vizinho usar - Notibras","og_description":"Guilhermina Coimbra Os residentes no Brasil est\u00e3o pasmos com a aus\u00eancia de saber do Ministro Aloysio Nunes &#8211; por falta de informa\u00e7\u00e3o, na melhor das hip\u00f3teses. \u00c9 completa e crassa aus\u00eancia de informa\u00e7\u00e3o \u2013 na melhor das hip\u00f3teses \u2013 abrir as fronteiras do Brasil. A Amaz\u00f4nia pertence ao Brasil por sucessivos Tratados Internacionais assinados e [&hellip;]","og_url":"https:\/\/www.notibras.com\/site\/nossas-fronteiras-sao-nossas-nao-para-o-vizinho-ocupar\/","og_site_name":"Notibras","article_publisher":"https:\/\/www.facebook.com\/notibras\/","article_published_time":"2017-06-09T21:27:15+00:00","article_modified_time":"2017-06-09T21:28:14+00:00","og_image":[{"width":720,"height":430,"url":"https:\/\/www.notibras.com\/site\/wp-content\/uploads\/2017\/06\/fronteira.jpg","type":"image\/jpeg"}],"author":"Reda\u00e7\u00e3o","twitter_card":"summary_large_image","twitter_creator":"@Notibras","twitter_site":"@Notibras","twitter_misc":{"Escrito por":"Reda\u00e7\u00e3o","Est. tempo de leitura":"2 minutos"},"schema":{"@context":"https:\/\/schema.org","@graph":[{"@type":"Article","@id":"https:\/\/www.notibras.com\/site\/nossas-fronteiras-sao-nossas-nao-para-o-vizinho-ocupar\/#article","isPartOf":{"@id":"https:\/\/www.notibras.com\/site\/nossas-fronteiras-sao-nossas-nao-para-o-vizinho-ocupar\/"},"author":{"name":"Reda\u00e7\u00e3o","@id":"https:\/\/www.notibras.com\/site\/#\/schema\/person\/36ab0979449956132d3e5b517ea76ac8"},"headline":"Nossas fronteiras s\u00e3o nossas, n\u00e3o para o vizinho usar","datePublished":"2017-06-09T21:27:15+00:00","dateModified":"2017-06-09T21:28:14+00:00","mainEntityOfPage":{"@id":"https:\/\/www.notibras.com\/site\/nossas-fronteiras-sao-nossas-nao-para-o-vizinho-ocupar\/"},"wordCount":468,"commentCount":0,"publisher":{"@id":"https:\/\/www.notibras.com\/site\/#organization"},"image":{"@id":"https:\/\/www.notibras.com\/site\/nossas-fronteiras-sao-nossas-nao-para-o-vizinho-ocupar\/#primaryimage"},"thumbnailUrl":"https:\/\/www.notibras.com\/site\/wp-content\/uploads\/2017\/06\/fronteira.jpg","articleSection":["Opina a\u00ed"],"inLanguage":"pt-BR","potentialAction":[{"@type":"CommentAction","name":"Comment","target":["https:\/\/www.notibras.com\/site\/nossas-fronteiras-sao-nossas-nao-para-o-vizinho-ocupar\/#respond"]}]},{"@type":"WebPage","@id":"https:\/\/www.notibras.com\/site\/nossas-fronteiras-sao-nossas-nao-para-o-vizinho-ocupar\/","url":"https:\/\/www.notibras.com\/site\/nossas-fronteiras-sao-nossas-nao-para-o-vizinho-ocupar\/","name":"Nossas fronteiras s\u00e3o nossas, n\u00e3o para o vizinho usar - Notibras","isPartOf":{"@id":"https:\/\/www.notibras.com\/site\/#website"},"primaryImageOfPage":{"@id":"https:\/\/www.notibras.com\/site\/nossas-fronteiras-sao-nossas-nao-para-o-vizinho-ocupar\/#primaryimage"},"image":{"@id":"https:\/\/www.notibras.com\/site\/nossas-fronteiras-sao-nossas-nao-para-o-vizinho-ocupar\/#primaryimage"},"thumbnailUrl":"https:\/\/www.notibras.com\/site\/wp-content\/uploads\/2017\/06\/fronteira.jpg","datePublished":"2017-06-09T21:27:15+00:00","dateModified":"2017-06-09T21:28:14+00:00","breadcrumb":{"@id":"https:\/\/www.notibras.com\/site\/nossas-fronteiras-sao-nossas-nao-para-o-vizinho-ocupar\/#breadcrumb"},"inLanguage":"pt-BR","potentialAction":[{"@type":"ReadAction","target":["https:\/\/www.notibras.com\/site\/nossas-fronteiras-sao-nossas-nao-para-o-vizinho-ocupar\/"]}]},{"@type":"ImageObject","inLanguage":"pt-BR","@id":"https:\/\/www.notibras.com\/site\/nossas-fronteiras-sao-nossas-nao-para-o-vizinho-ocupar\/#primaryimage","url":"https:\/\/www.notibras.com\/site\/wp-content\/uploads\/2017\/06\/fronteira.jpg","contentUrl":"https:\/\/www.notibras.com\/site\/wp-content\/uploads\/2017\/06\/fronteira.jpg","width":720,"height":430},{"@type":"BreadcrumbList","@id":"https:\/\/www.notibras.com\/site\/nossas-fronteiras-sao-nossas-nao-para-o-vizinho-ocupar\/#breadcrumb","itemListElement":[{"@type":"ListItem","position":1,"name":"In\u00edcio","item":"https:\/\/www.notibras.com\/site\/"},{"@type":"ListItem","position":2,"name":"Nossas fronteiras s\u00e3o nossas, n\u00e3o para o vizinho usar"}]},{"@type":"WebSite","@id":"https:\/\/www.notibras.com\/site\/#website","url":"https:\/\/www.notibras.com\/site\/","name":"Notibras","description":"Not\u00edcias de Bras\u00edlia, do Brasil e do Mundo","publisher":{"@id":"https:\/\/www.notibras.com\/site\/#organization"},"potentialAction":[{"@type":"SearchAction","target":{"@type":"EntryPoint","urlTemplate":"https:\/\/www.notibras.com\/site\/?s={search_term_string}"},"query-input":{"@type":"PropertyValueSpecification","valueRequired":true,"valueName":"search_term_string"}}],"inLanguage":"pt-BR"},{"@type":"Organization","@id":"https:\/\/www.notibras.com\/site\/#organization","name":"Grupo Notibras de Comunica\u00e7\u00e3o","url":"https:\/\/www.notibras.com\/site\/","logo":{"@type":"ImageObject","inLanguage":"pt-BR","@id":"https:\/\/www.notibras.com\/site\/#\/schema\/logo\/image\/","url":"https:\/\/www.notibras.com\/site\/wp-content\/uploads\/2023\/01\/notibras23.png","contentUrl":"https:\/\/www.notibras.com\/site\/wp-content\/uploads\/2023\/01\/notibras23.png","width":350,"height":87,"caption":"Grupo Notibras de Comunica\u00e7\u00e3o"},"image":{"@id":"https:\/\/www.notibras.com\/site\/#\/schema\/logo\/image\/"},"sameAs":["https:\/\/www.facebook.com\/notibras\/","https:\/\/x.com\/Notibras","https:\/\/www.instagram.com\/notibras\/"]},{"@type":"Person","@id":"https:\/\/www.notibras.com\/site\/#\/schema\/person\/36ab0979449956132d3e5b517ea76ac8","name":"Reda\u00e7\u00e3o","image":{"@type":"ImageObject","inLanguage":"pt-BR","@id":"https:\/\/secure.gravatar.com\/avatar\/e0a867bdedb85fd243eadf09663511f96fc81e0720a4a42581f334ad4303aa6b?s=96&d=mm&r=g","url":"https:\/\/secure.gravatar.com\/avatar\/e0a867bdedb85fd243eadf09663511f96fc81e0720a4a42581f334ad4303aa6b?s=96&d=mm&r=g","contentUrl":"https:\/\/secure.gravatar.com\/avatar\/e0a867bdedb85fd243eadf09663511f96fc81e0720a4a42581f334ad4303aa6b?s=96&d=mm&r=g","caption":"Reda\u00e7\u00e3o"}}]}},"amp_enabled":true,"_links":{"self":[{"href":"https:\/\/www.notibras.com\/site\/wp-json\/wp\/v2\/posts\/141655","targetHints":{"allow":["GET"]}}],"collection":[{"href":"https:\/\/www.notibras.com\/site\/wp-json\/wp\/v2\/posts"}],"about":[{"href":"https:\/\/www.notibras.com\/site\/wp-json\/wp\/v2\/types\/post"}],"author":[{"embeddable":true,"href":"https:\/\/www.notibras.com\/site\/wp-json\/wp\/v2\/users\/2"}],"replies":[{"embeddable":true,"href":"https:\/\/www.notibras.com\/site\/wp-json\/wp\/v2\/comments?post=141655"}],"version-history":[{"count":2,"href":"https:\/\/www.notibras.com\/site\/wp-json\/wp\/v2\/posts\/141655\/revisions"}],"predecessor-version":[{"id":141658,"href":"https:\/\/www.notibras.com\/site\/wp-json\/wp\/v2\/posts\/141655\/revisions\/141658"}],"wp:featuredmedia":[{"embeddable":true,"href":"https:\/\/www.notibras.com\/site\/wp-json\/wp\/v2\/media\/141656"}],"wp:attachment":[{"href":"https:\/\/www.notibras.com\/site\/wp-json\/wp\/v2\/media?parent=141655"}],"wp:term":[{"taxonomy":"category","embeddable":true,"href":"https:\/\/www.notibras.com\/site\/wp-json\/wp\/v2\/categories?post=141655"},{"taxonomy":"post_tag","embeddable":true,"href":"https:\/\/www.notibras.com\/site\/wp-json\/wp\/v2\/tags?post=141655"}],"curies":[{"name":"wp","href":"https:\/\/api.w.org\/{rel}","templated":true}]}}