{"id":141810,"date":"2017-06-11T00:49:08","date_gmt":"2017-06-11T03:49:08","guid":{"rendered":"http:\/\/www.notibras.com\/site\/?p=141810"},"modified":"2017-06-11T17:51:46","modified_gmt":"2017-06-11T20:51:46","slug":"deu-logica-e-tiro-no-pe-pressao-sobre-chapa","status":"publish","type":"post","link":"https:\/\/www.notibras.com\/site\/deu-logica-e-tiro-no-pe-pressao-sobre-chapa\/","title":{"rendered":"Deu a l\u00f3gica (e tiro no p\u00e9) a press\u00e3o contra a chapa"},"content":{"rendered":"<p><strong>Celso Lungaretti<\/strong><\/p>\n<p>Deu a l\u00f3gica: Michel Temer continua como presidente, tendo sobrevivido a uma das mais estapaf\u00fardias e destrambelhadas tramoias da pol\u00edtica brasileira em todos os tempos. Espera-se que, agora, a sociedade apresente a conta aos conspiradores trapalh\u00f5es, por terem virado o Pa\u00eds de pernas pro ar a troco de nada, prolongando por mais alguns meses a agonia em que se debatem os brasileiros desde 2015, quando se iniciou a fase mais aguda da recess\u00e3o atual.<\/p>\n<p>O processo na Justi\u00e7a Eleitoral n\u00e3o passava de um Plano B, uma garantia adicional de que Dilma Rousseff seria privada do seu mandato presidencial, mesmo que ocorresse algum acidente de percurso com o impeachment.<\/p>\n<p>Como o Plano A resolveu a quest\u00e3o, o B perdeu sua raz\u00e3o de ser, reduzido a um estorvo; mas, noblesse oblige, era necess\u00e1rio manter em p\u00e9 as ilus\u00f5es jur\u00eddicas da democracia burguesa. Assim, n\u00e3o havendo mais como evitar a realiza\u00e7\u00e3o do julgamento, ele deveria terminar com a absolvi\u00e7\u00e3o da chapa Dilma-Temer.<\/p>\n<p>Ao iniciar-se a terceira semana de maio, j\u00e1 se sabia at\u00e9 qual seria o placar da absolvi\u00e7\u00e3o: 5&#215;2. De repente, no dia 17, o jornal O Globo desencadeou uma verdadeira blitzkrieg contra Temer, publicando pe\u00e7as da dela\u00e7\u00e3o premiada do Grupo J&amp;F que deveriam estar sob sigilo de Justi\u00e7a.<\/p>\n<p>E o relator dos processos ligados \u00e0 Opera\u00e7\u00e3o Lava-Jato no Supremo Tribunal Federal, Edson Fachin, fez o inusitado: como parte do material havia supostamente vazado, resolveu levantar o sigilo do todo. Agiu como um general que, informado de que o inimigo matara 20 dos seus comandados e 80 estavam feridos, ordenasse: bom, ent\u00e3o vamos matar logo os outros 80 tamb\u00e9m&#8230;<\/p>\n<p>O pandem\u00f4nio se instalou no notici\u00e1rio, nos mercados e nos partidos pol\u00edticos, enquanto movimentos sociais ligados ao petismo providenciaram um baderna\u00e7o em Bras\u00edlia, culminando no inc\u00eandio de Minist\u00e9rios. A impress\u00e3o de caos e descontrole era fundamental para for\u00e7ar Temer a uma ren\u00fancia imediata. Tal ocorrendo, a guerra rel\u00e2mpago teria sido coroada de \u00eaxito.<\/p>\n<p>Mas, Temer resistiu. O grande capital, para o qual o importante mesmo \u00e9 a continuidade do programa de reformas neoliberais, come\u00e7ou a trabalhar em seu favor, por falta de op\u00e7\u00e3o melhor (nenhum dos cogitados substitutos de Temer se mostrava especialmente apto para o papel).<\/p>\n<p>Enquanto isto, jornal\u00f5es concorrentes passaram a mostrar o outro lado do furo d&#8217;O Globo:<\/p>\n<p>\u2014 o fato de que a grava\u00e7\u00e3o ilegal da conversa de Joesley Batista com Temer fora precedida de uma aula a espi\u00f5es amadores, ministrada por pessoal da Lava-Jato, embora ainda n\u00e3o estivesse decidido se seria ou n\u00e3o aceita a dela\u00e7\u00e3o premiada de tais criminosos (isto dependeria do resultado da grava\u00e7\u00e3o);<\/p>\n<p>\u2014 o car\u00e1ter inconclusivo das interven\u00e7\u00f5es de Temer no di\u00e1logo, ficando evidente para qualquer pessoa isenta que a interpreta\u00e7\u00e3o dada pelo procurador-geral da Rep\u00fablica Rodrigo Janot n\u00e3o era a \u00fanica poss\u00edvel, mas sim a \u00fanica que servia para incriminar o presidente; \u2014 as fortes suspeitas de que a grava\u00e7\u00e3o havia sido editada;<\/p>\n<p>\u2014 a sofreguid\u00e3o de Janot, t\u00e3o ansioso por tocar os procedimentos adiante que nem se preocupou em pedir aos peritos federais que verificassem se a grava\u00e7\u00e3o cumpria os requisitos legais para servir como prova;<\/p>\n<p>\u2014 a desaten\u00e7\u00e3o de Fachin, n\u00e3o s\u00f3 passando batido pelo fato de que a grava\u00e7\u00e3o deixara de ser periciada, como tamb\u00e9m por sua evidente ilegalidade (n\u00e3o houvera autoriza\u00e7\u00e3o judicial para que Joesley a fizesse) e pelos v\u00e1rios ind\u00edcios de que Temer fora v\u00edtima de uma armadilha judicial;<\/p>\n<p>\u2014 as regalias e privil\u00e9gios repulsivos que os irm\u00e3os bandidos obtiveram com a dela\u00e7\u00e3o, os maiores at\u00e9 agora concedidos a qualquer r\u00e9u da Lava-Jato.<\/p>\n<p>Os conspiradores n\u00e3o conseguiram tanger Temer \u00e0 ren\u00fancia, nem fazer com que perdesse o mandato no julgamento do TSE. Ou seja, n\u00e3o conseguiram nada. Entraram como le\u00f5es, sa\u00edram como c\u00e3es.<\/p>\n<p>O desvio de finalidade cometido por autoridades ligadas \u00e0 Lava-Jato, ao direcionarem sua atua\u00e7\u00e3o para um objetivo flagrantemente pol\u00edtico (a derrubada de um presidente) ao inv\u00e9s de se manterem no terreno do combate \u00e0 corrup\u00e7\u00e3o, servir\u00e1, em muito, como muni\u00e7\u00e3o para os pol\u00edticos encalacrados unidos desfecharem um contra-ataque, movidos pelo instinto de sobreviv\u00eancia. Tiro no p\u00e9.<\/p>\n<p>Tamb\u00e9m come\u00e7am a avolumar-se os questionamentos de arbitrariedades e excessos cometidos ou autorizados por policiais, promotores e procuradores. Refor\u00e7a-se a suspeita de que se trata de uma devastadora cruzada moralista para destruir o status quo ante, sem clareza quanto ao que deva substitu\u00ed-lo, assim como era carente de um objetivo maior o tenentismo de outrora (da\u00ed j\u00e1 estarem sendo chamados de tenentes togados).<\/p>\n<p>E seus abusos, caracter\u00edsticos de estados policiais, inspiram compara\u00e7\u00f5es com os jacobinos da Grande Revolu\u00e7\u00e3o Francesa. \u00c9 bem capaz de a Hist\u00f3ria repetir-se, com o p\u00e2ntano finalmente criando coragem para reagir contra o terror que Curitiba lhe inspira.<\/p>\n<p>As Organiza\u00e7\u00f5es Globo conseguiram reeditar um dos seus piores momentos, o esc\u00e2ndalo Proconsult, tanto em termos de arma\u00e7\u00e3o canhestra, quanto de resultados desastrosos. A demonstra\u00e7\u00e3o de fraqueza que deu dever\u00e1 custar-lhe caro, em termos de sa\u00fade financeira e de influ\u00eancia.<\/p>\n<p>Janot ficou com a credibilidade em frangalhos. Se antes sonhava com voos mais altos, agora ter\u00e1 de dar-se por feliz se conseguir permanecer no cargo atual at\u00e9 setembro, conforme estipulado. Ter\u00e1 ele sensibilidade suficiente para perceber qu\u00e3o exausta a sociedade brasileira est\u00e1 depois de tantos sobressaltos e de per\u00edodo t\u00e3o longo de rigores, querendo acima de tudo sair do sufoco, sem mais paci\u00eancia com rela\u00e7\u00e3o a quem faz tempestades em copo d&#8217;\u00e1gua?<\/p>\n<p>Fachin at\u00e9 agora n\u00e3o desmentiu que Joesley Batista tenha colocado sua influ\u00eancia e poderio econ\u00f4mico a servi\u00e7o da campanha dele, Fachin, para tornar-se ministro do Supremo. Se aceitou tomar decis\u00f5es sobre a dela\u00e7\u00e3o super-premiada de Joesley, n\u00e3o se declarando impossibilitado de atuar neste caso por dever um enorme favor a uma parte, pode perder n\u00e3o s\u00f3 a relatoria, como a pr\u00f3pria condi\u00e7\u00e3o de ministro. Tem de torcer muito para que Charles De Gaulle estivesse certo ao dizer que o Brasil n\u00e3o era um pa\u00eds s\u00e9rio.<\/p>\n<p>Finalmente, parte da esquerda, ainda presa \u00e0 narrativa do golpe, embarcou ingenuamente no derruba Temer!, sem sequer perguntar-se o que estava fazendo quando atendeu ao chamado da Globo. Respondo eu: colocando azeitona na empada alheia, ao aceitar servir como for\u00e7a auxiliar numa disputa de poder entre fac\u00e7\u00f5es burguesas.<\/p>\n<p>A li\u00e7\u00e3o de casa continua por fazer:<\/p>\n<p>\u2014 uma profunda autocr\u00edtica pelo papel que tem desempenhado nos \u00faltimos anos, respons\u00e1vel pela derrota acachapante na qual se constituiu o impedimento da Dilma; e<\/p>\n<p>\u2014 a retomada da tarefa primordial de organizar o povo para o combate cotidiano ao capitalismo, como etapa necess\u00e1ria no sentido de acumular for\u00e7a para voos maiores.<\/p>\n<p>Para recuperar o protagonismo, precisa ampliar e enrijecer suas fileiras \u2013 e muito! A participa\u00e7\u00e3o destacada nas lutas sociais \u00e9 bem mais importante para a esquerda neste momento do que vencer quaisquer elei\u00e7\u00f5es, inclusive a de presidente da Rep\u00fablica.<\/p>\n<p>Quanto \u00e0 derrubada de presidentes, s\u00f3 faz sentido quando se tem um programa alternativo verdadeiramente de esquerda para colocar em pr\u00e1tica e as massas organizadas para darem sustenta\u00e7\u00e3o ao governo popular.<\/p>\n<p>Como os dois requisitos inexistem neste instante, do ponto de vista de uma esquerda consequente, tentar faz\u00ea-lo mesmo assim seria, no m\u00ednimo, uma leviandade; afora o risco de fortalecer o inimigo, dando-lhe ensejo para trocar um presidente fraco por um bem mais competente, como decerto seria, p. ex., o FHC.<\/p>\n","protected":false},"excerpt":{"rendered":"<p>Celso Lungaretti Deu a l\u00f3gica: Michel Temer continua como presidente, tendo sobrevivido a uma das mais estapaf\u00fardias e destrambelhadas tramoias da pol\u00edtica brasileira em todos os tempos. Espera-se que, agora, a sociedade apresente a conta aos conspiradores trapalh\u00f5es, por terem virado o Pa\u00eds de pernas pro ar a troco de nada, prolongando por mais alguns [&hellip;]<\/p>\n","protected":false},"author":2,"featured_media":141642,"comment_status":"open","ping_status":"closed","sticky":false,"template":"","format":"standard","meta":{"_acf_changed":false,"footnotes":""},"categories":[25],"tags":[],"class_list":["post-141810","post","type-post","status-publish","format-standard","has-post-thumbnail","hentry","category-opina-ai"],"acf":[],"yoast_head":"<!-- This site is optimized with the Yoast SEO plugin v27.2 - https:\/\/yoast.com\/product\/yoast-seo-wordpress\/ -->\n<title>Deu a l\u00f3gica (e tiro no p\u00e9) a press\u00e3o contra a chapa - Notibras<\/title>\n<meta name=\"robots\" content=\"index, follow, max-snippet:-1, max-image-preview:large, max-video-preview:-1\" \/>\n<link rel=\"canonical\" href=\"https:\/\/www.notibras.com\/site\/deu-logica-e-tiro-no-pe-pressao-sobre-chapa\/\" \/>\n<meta property=\"og:locale\" content=\"pt_BR\" \/>\n<meta property=\"og:type\" content=\"article\" \/>\n<meta property=\"og:title\" content=\"Deu a l\u00f3gica (e tiro no p\u00e9) a press\u00e3o contra a chapa - Notibras\" \/>\n<meta property=\"og:description\" content=\"Celso Lungaretti Deu a l\u00f3gica: Michel Temer continua como presidente, tendo sobrevivido a uma das mais estapaf\u00fardias e destrambelhadas tramoias da pol\u00edtica brasileira em todos os tempos. Espera-se que, agora, a sociedade apresente a conta aos conspiradores trapalh\u00f5es, por terem virado o Pa\u00eds de pernas pro ar a troco de nada, prolongando por mais alguns [&hellip;]\" \/>\n<meta property=\"og:url\" content=\"https:\/\/www.notibras.com\/site\/deu-logica-e-tiro-no-pe-pressao-sobre-chapa\/\" \/>\n<meta property=\"og:site_name\" content=\"Notibras\" \/>\n<meta property=\"article:publisher\" content=\"https:\/\/www.facebook.com\/notibras\/\" \/>\n<meta property=\"article:published_time\" content=\"2017-06-11T03:49:08+00:00\" \/>\n<meta property=\"article:modified_time\" content=\"2017-06-11T20:51:46+00:00\" \/>\n<meta property=\"og:image\" content=\"https:\/\/www.notibras.com\/site\/wp-content\/uploads\/2017\/06\/1080077-jfcrz_df_abr090617380.jpg\" \/>\n\t<meta property=\"og:image:width\" content=\"800\" \/>\n\t<meta property=\"og:image:height\" content=\"533\" \/>\n\t<meta property=\"og:image:type\" content=\"image\/jpeg\" \/>\n<meta name=\"author\" content=\"Reda\u00e7\u00e3o\" \/>\n<meta name=\"twitter:card\" content=\"summary_large_image\" \/>\n<meta name=\"twitter:creator\" content=\"@Notibras\" \/>\n<meta name=\"twitter:site\" content=\"@Notibras\" \/>\n<meta name=\"twitter:label1\" content=\"Escrito por\" \/>\n\t<meta name=\"twitter:data1\" content=\"Reda\u00e7\u00e3o\" \/>\n\t<meta name=\"twitter:label2\" content=\"Est. tempo de leitura\" \/>\n\t<meta name=\"twitter:data2\" content=\"7 minutos\" \/>\n<script type=\"application\/ld+json\" class=\"yoast-schema-graph\">{\"@context\":\"https:\/\/schema.org\",\"@graph\":[{\"@type\":\"Article\",\"@id\":\"https:\/\/www.notibras.com\/site\/deu-logica-e-tiro-no-pe-pressao-sobre-chapa\/#article\",\"isPartOf\":{\"@id\":\"https:\/\/www.notibras.com\/site\/deu-logica-e-tiro-no-pe-pressao-sobre-chapa\/\"},\"author\":{\"name\":\"Reda\u00e7\u00e3o\",\"@id\":\"https:\/\/www.notibras.com\/site\/#\/schema\/person\/36ab0979449956132d3e5b517ea76ac8\"},\"headline\":\"Deu a l\u00f3gica (e tiro no p\u00e9) a press\u00e3o contra a chapa\",\"datePublished\":\"2017-06-11T03:49:08+00:00\",\"dateModified\":\"2017-06-11T20:51:46+00:00\",\"mainEntityOfPage\":{\"@id\":\"https:\/\/www.notibras.com\/site\/deu-logica-e-tiro-no-pe-pressao-sobre-chapa\/\"},\"wordCount\":1319,\"commentCount\":0,\"publisher\":{\"@id\":\"https:\/\/www.notibras.com\/site\/#organization\"},\"image\":{\"@id\":\"https:\/\/www.notibras.com\/site\/deu-logica-e-tiro-no-pe-pressao-sobre-chapa\/#primaryimage\"},\"thumbnailUrl\":\"https:\/\/www.notibras.com\/site\/wp-content\/uploads\/2017\/06\/1080077-jfcrz_df_abr090617380.jpg\",\"articleSection\":[\"Opina a\u00ed\"],\"inLanguage\":\"pt-BR\",\"potentialAction\":[{\"@type\":\"CommentAction\",\"name\":\"Comment\",\"target\":[\"https:\/\/www.notibras.com\/site\/deu-logica-e-tiro-no-pe-pressao-sobre-chapa\/#respond\"]}]},{\"@type\":\"WebPage\",\"@id\":\"https:\/\/www.notibras.com\/site\/deu-logica-e-tiro-no-pe-pressao-sobre-chapa\/\",\"url\":\"https:\/\/www.notibras.com\/site\/deu-logica-e-tiro-no-pe-pressao-sobre-chapa\/\",\"name\":\"Deu a l\u00f3gica (e tiro no p\u00e9) a press\u00e3o contra a chapa - Notibras\",\"isPartOf\":{\"@id\":\"https:\/\/www.notibras.com\/site\/#website\"},\"primaryImageOfPage\":{\"@id\":\"https:\/\/www.notibras.com\/site\/deu-logica-e-tiro-no-pe-pressao-sobre-chapa\/#primaryimage\"},\"image\":{\"@id\":\"https:\/\/www.notibras.com\/site\/deu-logica-e-tiro-no-pe-pressao-sobre-chapa\/#primaryimage\"},\"thumbnailUrl\":\"https:\/\/www.notibras.com\/site\/wp-content\/uploads\/2017\/06\/1080077-jfcrz_df_abr090617380.jpg\",\"datePublished\":\"2017-06-11T03:49:08+00:00\",\"dateModified\":\"2017-06-11T20:51:46+00:00\",\"breadcrumb\":{\"@id\":\"https:\/\/www.notibras.com\/site\/deu-logica-e-tiro-no-pe-pressao-sobre-chapa\/#breadcrumb\"},\"inLanguage\":\"pt-BR\",\"potentialAction\":[{\"@type\":\"ReadAction\",\"target\":[\"https:\/\/www.notibras.com\/site\/deu-logica-e-tiro-no-pe-pressao-sobre-chapa\/\"]}]},{\"@type\":\"ImageObject\",\"inLanguage\":\"pt-BR\",\"@id\":\"https:\/\/www.notibras.com\/site\/deu-logica-e-tiro-no-pe-pressao-sobre-chapa\/#primaryimage\",\"url\":\"https:\/\/www.notibras.com\/site\/wp-content\/uploads\/2017\/06\/1080077-jfcrz_df_abr090617380.jpg\",\"contentUrl\":\"https:\/\/www.notibras.com\/site\/wp-content\/uploads\/2017\/06\/1080077-jfcrz_df_abr090617380.jpg\",\"width\":800,\"height\":533},{\"@type\":\"BreadcrumbList\",\"@id\":\"https:\/\/www.notibras.com\/site\/deu-logica-e-tiro-no-pe-pressao-sobre-chapa\/#breadcrumb\",\"itemListElement\":[{\"@type\":\"ListItem\",\"position\":1,\"name\":\"In\u00edcio\",\"item\":\"https:\/\/www.notibras.com\/site\/\"},{\"@type\":\"ListItem\",\"position\":2,\"name\":\"Deu a l\u00f3gica (e tiro no p\u00e9) a press\u00e3o contra a chapa\"}]},{\"@type\":\"WebSite\",\"@id\":\"https:\/\/www.notibras.com\/site\/#website\",\"url\":\"https:\/\/www.notibras.com\/site\/\",\"name\":\"Notibras\",\"description\":\"Not\u00edcias de Bras\u00edlia, do Brasil e do Mundo\",\"publisher\":{\"@id\":\"https:\/\/www.notibras.com\/site\/#organization\"},\"potentialAction\":[{\"@type\":\"SearchAction\",\"target\":{\"@type\":\"EntryPoint\",\"urlTemplate\":\"https:\/\/www.notibras.com\/site\/?s={search_term_string}\"},\"query-input\":{\"@type\":\"PropertyValueSpecification\",\"valueRequired\":true,\"valueName\":\"search_term_string\"}}],\"inLanguage\":\"pt-BR\"},{\"@type\":\"Organization\",\"@id\":\"https:\/\/www.notibras.com\/site\/#organization\",\"name\":\"Grupo Notibras de Comunica\u00e7\u00e3o\",\"url\":\"https:\/\/www.notibras.com\/site\/\",\"logo\":{\"@type\":\"ImageObject\",\"inLanguage\":\"pt-BR\",\"@id\":\"https:\/\/www.notibras.com\/site\/#\/schema\/logo\/image\/\",\"url\":\"https:\/\/www.notibras.com\/site\/wp-content\/uploads\/2023\/01\/notibras23.png\",\"contentUrl\":\"https:\/\/www.notibras.com\/site\/wp-content\/uploads\/2023\/01\/notibras23.png\",\"width\":350,\"height\":87,\"caption\":\"Grupo Notibras de Comunica\u00e7\u00e3o\"},\"image\":{\"@id\":\"https:\/\/www.notibras.com\/site\/#\/schema\/logo\/image\/\"},\"sameAs\":[\"https:\/\/www.facebook.com\/notibras\/\",\"https:\/\/x.com\/Notibras\",\"https:\/\/www.instagram.com\/notibras\/\"]},{\"@type\":\"Person\",\"@id\":\"https:\/\/www.notibras.com\/site\/#\/schema\/person\/36ab0979449956132d3e5b517ea76ac8\",\"name\":\"Reda\u00e7\u00e3o\",\"image\":{\"@type\":\"ImageObject\",\"inLanguage\":\"pt-BR\",\"@id\":\"https:\/\/secure.gravatar.com\/avatar\/e0a867bdedb85fd243eadf09663511f96fc81e0720a4a42581f334ad4303aa6b?s=96&d=mm&r=g\",\"url\":\"https:\/\/secure.gravatar.com\/avatar\/e0a867bdedb85fd243eadf09663511f96fc81e0720a4a42581f334ad4303aa6b?s=96&d=mm&r=g\",\"contentUrl\":\"https:\/\/secure.gravatar.com\/avatar\/e0a867bdedb85fd243eadf09663511f96fc81e0720a4a42581f334ad4303aa6b?s=96&d=mm&r=g\",\"caption\":\"Reda\u00e7\u00e3o\"}}]}<\/script>\n<!-- \/ Yoast SEO plugin. -->","yoast_head_json":{"title":"Deu a l\u00f3gica (e tiro no p\u00e9) a press\u00e3o contra a chapa - Notibras","robots":{"index":"index","follow":"follow","max-snippet":"max-snippet:-1","max-image-preview":"max-image-preview:large","max-video-preview":"max-video-preview:-1"},"canonical":"https:\/\/www.notibras.com\/site\/deu-logica-e-tiro-no-pe-pressao-sobre-chapa\/","og_locale":"pt_BR","og_type":"article","og_title":"Deu a l\u00f3gica (e tiro no p\u00e9) a press\u00e3o contra a chapa - Notibras","og_description":"Celso Lungaretti Deu a l\u00f3gica: Michel Temer continua como presidente, tendo sobrevivido a uma das mais estapaf\u00fardias e destrambelhadas tramoias da pol\u00edtica brasileira em todos os tempos. Espera-se que, agora, a sociedade apresente a conta aos conspiradores trapalh\u00f5es, por terem virado o Pa\u00eds de pernas pro ar a troco de nada, prolongando por mais alguns [&hellip;]","og_url":"https:\/\/www.notibras.com\/site\/deu-logica-e-tiro-no-pe-pressao-sobre-chapa\/","og_site_name":"Notibras","article_publisher":"https:\/\/www.facebook.com\/notibras\/","article_published_time":"2017-06-11T03:49:08+00:00","article_modified_time":"2017-06-11T20:51:46+00:00","og_image":[{"width":800,"height":533,"url":"https:\/\/www.notibras.com\/site\/wp-content\/uploads\/2017\/06\/1080077-jfcrz_df_abr090617380.jpg","type":"image\/jpeg"}],"author":"Reda\u00e7\u00e3o","twitter_card":"summary_large_image","twitter_creator":"@Notibras","twitter_site":"@Notibras","twitter_misc":{"Escrito por":"Reda\u00e7\u00e3o","Est. tempo de leitura":"7 minutos"},"schema":{"@context":"https:\/\/schema.org","@graph":[{"@type":"Article","@id":"https:\/\/www.notibras.com\/site\/deu-logica-e-tiro-no-pe-pressao-sobre-chapa\/#article","isPartOf":{"@id":"https:\/\/www.notibras.com\/site\/deu-logica-e-tiro-no-pe-pressao-sobre-chapa\/"},"author":{"name":"Reda\u00e7\u00e3o","@id":"https:\/\/www.notibras.com\/site\/#\/schema\/person\/36ab0979449956132d3e5b517ea76ac8"},"headline":"Deu a l\u00f3gica (e tiro no p\u00e9) a press\u00e3o contra a chapa","datePublished":"2017-06-11T03:49:08+00:00","dateModified":"2017-06-11T20:51:46+00:00","mainEntityOfPage":{"@id":"https:\/\/www.notibras.com\/site\/deu-logica-e-tiro-no-pe-pressao-sobre-chapa\/"},"wordCount":1319,"commentCount":0,"publisher":{"@id":"https:\/\/www.notibras.com\/site\/#organization"},"image":{"@id":"https:\/\/www.notibras.com\/site\/deu-logica-e-tiro-no-pe-pressao-sobre-chapa\/#primaryimage"},"thumbnailUrl":"https:\/\/www.notibras.com\/site\/wp-content\/uploads\/2017\/06\/1080077-jfcrz_df_abr090617380.jpg","articleSection":["Opina a\u00ed"],"inLanguage":"pt-BR","potentialAction":[{"@type":"CommentAction","name":"Comment","target":["https:\/\/www.notibras.com\/site\/deu-logica-e-tiro-no-pe-pressao-sobre-chapa\/#respond"]}]},{"@type":"WebPage","@id":"https:\/\/www.notibras.com\/site\/deu-logica-e-tiro-no-pe-pressao-sobre-chapa\/","url":"https:\/\/www.notibras.com\/site\/deu-logica-e-tiro-no-pe-pressao-sobre-chapa\/","name":"Deu a l\u00f3gica (e tiro no p\u00e9) a press\u00e3o contra a chapa - Notibras","isPartOf":{"@id":"https:\/\/www.notibras.com\/site\/#website"},"primaryImageOfPage":{"@id":"https:\/\/www.notibras.com\/site\/deu-logica-e-tiro-no-pe-pressao-sobre-chapa\/#primaryimage"},"image":{"@id":"https:\/\/www.notibras.com\/site\/deu-logica-e-tiro-no-pe-pressao-sobre-chapa\/#primaryimage"},"thumbnailUrl":"https:\/\/www.notibras.com\/site\/wp-content\/uploads\/2017\/06\/1080077-jfcrz_df_abr090617380.jpg","datePublished":"2017-06-11T03:49:08+00:00","dateModified":"2017-06-11T20:51:46+00:00","breadcrumb":{"@id":"https:\/\/www.notibras.com\/site\/deu-logica-e-tiro-no-pe-pressao-sobre-chapa\/#breadcrumb"},"inLanguage":"pt-BR","potentialAction":[{"@type":"ReadAction","target":["https:\/\/www.notibras.com\/site\/deu-logica-e-tiro-no-pe-pressao-sobre-chapa\/"]}]},{"@type":"ImageObject","inLanguage":"pt-BR","@id":"https:\/\/www.notibras.com\/site\/deu-logica-e-tiro-no-pe-pressao-sobre-chapa\/#primaryimage","url":"https:\/\/www.notibras.com\/site\/wp-content\/uploads\/2017\/06\/1080077-jfcrz_df_abr090617380.jpg","contentUrl":"https:\/\/www.notibras.com\/site\/wp-content\/uploads\/2017\/06\/1080077-jfcrz_df_abr090617380.jpg","width":800,"height":533},{"@type":"BreadcrumbList","@id":"https:\/\/www.notibras.com\/site\/deu-logica-e-tiro-no-pe-pressao-sobre-chapa\/#breadcrumb","itemListElement":[{"@type":"ListItem","position":1,"name":"In\u00edcio","item":"https:\/\/www.notibras.com\/site\/"},{"@type":"ListItem","position":2,"name":"Deu a l\u00f3gica (e tiro no p\u00e9) a press\u00e3o contra a chapa"}]},{"@type":"WebSite","@id":"https:\/\/www.notibras.com\/site\/#website","url":"https:\/\/www.notibras.com\/site\/","name":"Notibras","description":"Not\u00edcias de Bras\u00edlia, do Brasil e do Mundo","publisher":{"@id":"https:\/\/www.notibras.com\/site\/#organization"},"potentialAction":[{"@type":"SearchAction","target":{"@type":"EntryPoint","urlTemplate":"https:\/\/www.notibras.com\/site\/?s={search_term_string}"},"query-input":{"@type":"PropertyValueSpecification","valueRequired":true,"valueName":"search_term_string"}}],"inLanguage":"pt-BR"},{"@type":"Organization","@id":"https:\/\/www.notibras.com\/site\/#organization","name":"Grupo Notibras de Comunica\u00e7\u00e3o","url":"https:\/\/www.notibras.com\/site\/","logo":{"@type":"ImageObject","inLanguage":"pt-BR","@id":"https:\/\/www.notibras.com\/site\/#\/schema\/logo\/image\/","url":"https:\/\/www.notibras.com\/site\/wp-content\/uploads\/2023\/01\/notibras23.png","contentUrl":"https:\/\/www.notibras.com\/site\/wp-content\/uploads\/2023\/01\/notibras23.png","width":350,"height":87,"caption":"Grupo Notibras de Comunica\u00e7\u00e3o"},"image":{"@id":"https:\/\/www.notibras.com\/site\/#\/schema\/logo\/image\/"},"sameAs":["https:\/\/www.facebook.com\/notibras\/","https:\/\/x.com\/Notibras","https:\/\/www.instagram.com\/notibras\/"]},{"@type":"Person","@id":"https:\/\/www.notibras.com\/site\/#\/schema\/person\/36ab0979449956132d3e5b517ea76ac8","name":"Reda\u00e7\u00e3o","image":{"@type":"ImageObject","inLanguage":"pt-BR","@id":"https:\/\/secure.gravatar.com\/avatar\/e0a867bdedb85fd243eadf09663511f96fc81e0720a4a42581f334ad4303aa6b?s=96&d=mm&r=g","url":"https:\/\/secure.gravatar.com\/avatar\/e0a867bdedb85fd243eadf09663511f96fc81e0720a4a42581f334ad4303aa6b?s=96&d=mm&r=g","contentUrl":"https:\/\/secure.gravatar.com\/avatar\/e0a867bdedb85fd243eadf09663511f96fc81e0720a4a42581f334ad4303aa6b?s=96&d=mm&r=g","caption":"Reda\u00e7\u00e3o"}}]}},"amp_enabled":true,"_links":{"self":[{"href":"https:\/\/www.notibras.com\/site\/wp-json\/wp\/v2\/posts\/141810","targetHints":{"allow":["GET"]}}],"collection":[{"href":"https:\/\/www.notibras.com\/site\/wp-json\/wp\/v2\/posts"}],"about":[{"href":"https:\/\/www.notibras.com\/site\/wp-json\/wp\/v2\/types\/post"}],"author":[{"embeddable":true,"href":"https:\/\/www.notibras.com\/site\/wp-json\/wp\/v2\/users\/2"}],"replies":[{"embeddable":true,"href":"https:\/\/www.notibras.com\/site\/wp-json\/wp\/v2\/comments?post=141810"}],"version-history":[{"count":2,"href":"https:\/\/www.notibras.com\/site\/wp-json\/wp\/v2\/posts\/141810\/revisions"}],"predecessor-version":[{"id":141812,"href":"https:\/\/www.notibras.com\/site\/wp-json\/wp\/v2\/posts\/141810\/revisions\/141812"}],"wp:featuredmedia":[{"embeddable":true,"href":"https:\/\/www.notibras.com\/site\/wp-json\/wp\/v2\/media\/141642"}],"wp:attachment":[{"href":"https:\/\/www.notibras.com\/site\/wp-json\/wp\/v2\/media?parent=141810"}],"wp:term":[{"taxonomy":"category","embeddable":true,"href":"https:\/\/www.notibras.com\/site\/wp-json\/wp\/v2\/categories?post=141810"},{"taxonomy":"post_tag","embeddable":true,"href":"https:\/\/www.notibras.com\/site\/wp-json\/wp\/v2\/tags?post=141810"}],"curies":[{"name":"wp","href":"https:\/\/api.w.org\/{rel}","templated":true}]}}