{"id":141815,"date":"2017-06-11T00:00:40","date_gmt":"2017-06-11T03:00:40","guid":{"rendered":"http:\/\/www.notibras.com\/site\/?p=141815"},"modified":"2017-06-11T18:01:41","modified_gmt":"2017-06-11T21:01:41","slug":"temer-mesmo-mal-ainda-fala-em-por-pais-nos-trilhos","status":"publish","type":"post","link":"https:\/\/www.notibras.com\/site\/temer-mesmo-mal-ainda-fala-em-por-pais-nos-trilhos\/","title":{"rendered":"Temer, mesmo mal, ainda fala em p\u00f4r Pa\u00eds nos trilhos"},"content":{"rendered":"<p><strong>S\u00e9rgio Jones<\/strong><\/p>\n<p>\u201cEsta trajet\u00f3ria que tra\u00e7amos logo no in\u00edcio de nosso governo n\u00e3o ser\u00e1 interrompida. Nela n\u00f3s seguiremos firmes em nome da agenda de reformas que n\u00e3o poderemos abandonar. Estamos no rumo certo, colocamos o pa\u00eds nos trilhos. Quem assumir encontrar\u00e1 os trilhos em seu lugar. Por isso agora \u00e9 continuar a travessia, chegaremos ao fim de 2018 com a casa em ordem,\u201d afirmou o simpl\u00f3rio Temer.<\/p>\n<p>Tentando reverter o processo de desgaste do governo, o caviloso presidente golpista Michel Temer est\u00e1 se utilizando do bord\u00e3o de que ele est\u00e1 colocando o Brasil de retorno aos trilhos. Esquece o incauto que este trem j\u00e1 se encontra descarrilado desde as suas origens, tendo a sua situa\u00e7\u00e3o se agravado nos \u00faltimos tempos devido administra\u00e7\u00f5es viciadas e corruptas que chegam ao auge da irresponsabilidade e canalhice, na atual gest\u00e3o.<\/p>\n<p>O trem dos horrores, que ele promete pomposamente que vai colocar nos trilhos, \u00e9 o reconhecimento do caos que a na\u00e7\u00e3o se encontra, o que resulta em s\u00e9rios agravantes para o coletivo social. Com a perman\u00eancia deste, estaremos fomentando a continua\u00e7\u00e3o da cultura da corrup\u00e7\u00e3o fomentada pela elite brasileira, sem precedentes ao longo da nossa hist\u00f3ria. N\u00e3o vale a pena pagar para ver, afinal esta \u00e9 uma aposta que s\u00f3 tem poucos vencedores e muitos perdedores. O afastamento imediato desta emin\u00eancia parda resultar\u00e1 em ganho de dignidade para todo o povo brasileiro.<\/p>\n","protected":false},"excerpt":{"rendered":"<p>S\u00e9rgio Jones \u201cEsta trajet\u00f3ria que tra\u00e7amos logo no in\u00edcio de nosso governo n\u00e3o ser\u00e1 interrompida. Nela n\u00f3s seguiremos firmes em nome da agenda de reformas que n\u00e3o poderemos abandonar. Estamos no rumo certo, colocamos o pa\u00eds nos trilhos. Quem assumir encontrar\u00e1 os trilhos em seu lugar. Por isso agora \u00e9 continuar a travessia, chegaremos ao [&hellip;]<\/p>\n","protected":false},"author":2,"featured_media":133722,"comment_status":"open","ping_status":"closed","sticky":false,"template":"","format":"standard","meta":{"_acf_changed":false,"footnotes":""},"categories":[25],"tags":[],"class_list":["post-141815","post","type-post","status-publish","format-standard","has-post-thumbnail","hentry","category-opina-ai"],"acf":[],"yoast_head":"<!-- This site is optimized with the Yoast SEO plugin v27.2 - https:\/\/yoast.com\/product\/yoast-seo-wordpress\/ -->\n<title>Temer, mesmo mal, ainda fala em p\u00f4r Pa\u00eds nos trilhos - Notibras<\/title>\n<meta name=\"robots\" content=\"index, follow, max-snippet:-1, max-image-preview:large, max-video-preview:-1\" \/>\n<link rel=\"canonical\" href=\"https:\/\/www.notibras.com\/site\/temer-mesmo-mal-ainda-fala-em-por-pais-nos-trilhos\/\" \/>\n<meta property=\"og:locale\" content=\"pt_BR\" \/>\n<meta property=\"og:type\" content=\"article\" \/>\n<meta property=\"og:title\" content=\"Temer, mesmo mal, ainda fala em p\u00f4r Pa\u00eds nos trilhos - Notibras\" \/>\n<meta property=\"og:description\" content=\"S\u00e9rgio Jones \u201cEsta trajet\u00f3ria que tra\u00e7amos logo no in\u00edcio de nosso governo n\u00e3o ser\u00e1 interrompida. Nela n\u00f3s seguiremos firmes em nome da agenda de reformas que n\u00e3o poderemos abandonar. Estamos no rumo certo, colocamos o pa\u00eds nos trilhos. Quem assumir encontrar\u00e1 os trilhos em seu lugar. Por isso agora \u00e9 continuar a travessia, chegaremos ao [&hellip;]\" \/>\n<meta property=\"og:url\" content=\"https:\/\/www.notibras.com\/site\/temer-mesmo-mal-ainda-fala-em-por-pais-nos-trilhos\/\" \/>\n<meta property=\"og:site_name\" content=\"Notibras\" \/>\n<meta property=\"article:publisher\" content=\"https:\/\/www.facebook.com\/notibras\/\" \/>\n<meta property=\"article:published_time\" content=\"2017-06-11T03:00:40+00:00\" \/>\n<meta property=\"article:modified_time\" content=\"2017-06-11T21:01:41+00:00\" \/>\n<meta property=\"og:image\" content=\"https:\/\/www.notibras.com\/site\/wp-content\/uploads\/2017\/03\/presidente-interino-michel-temer.jpg\" \/>\n\t<meta property=\"og:image:width\" content=\"699\" \/>\n\t<meta property=\"og:image:height\" content=\"420\" \/>\n\t<meta property=\"og:image:type\" content=\"image\/jpeg\" \/>\n<meta name=\"author\" content=\"Reda\u00e7\u00e3o\" \/>\n<meta name=\"twitter:card\" content=\"summary_large_image\" \/>\n<meta name=\"twitter:creator\" content=\"@Notibras\" \/>\n<meta name=\"twitter:site\" content=\"@Notibras\" \/>\n<meta name=\"twitter:label1\" content=\"Escrito por\" \/>\n\t<meta name=\"twitter:data1\" content=\"Reda\u00e7\u00e3o\" \/>\n\t<meta name=\"twitter:label2\" content=\"Est. tempo de leitura\" \/>\n\t<meta name=\"twitter:data2\" content=\"1 minuto\" \/>\n<script type=\"application\/ld+json\" class=\"yoast-schema-graph\">{\"@context\":\"https:\/\/schema.org\",\"@graph\":[{\"@type\":\"Article\",\"@id\":\"https:\/\/www.notibras.com\/site\/temer-mesmo-mal-ainda-fala-em-por-pais-nos-trilhos\/#article\",\"isPartOf\":{\"@id\":\"https:\/\/www.notibras.com\/site\/temer-mesmo-mal-ainda-fala-em-por-pais-nos-trilhos\/\"},\"author\":{\"name\":\"Reda\u00e7\u00e3o\",\"@id\":\"https:\/\/www.notibras.com\/site\/#\/schema\/person\/36ab0979449956132d3e5b517ea76ac8\"},\"headline\":\"Temer, mesmo mal, ainda fala em p\u00f4r Pa\u00eds nos trilhos\",\"datePublished\":\"2017-06-11T03:00:40+00:00\",\"dateModified\":\"2017-06-11T21:01:41+00:00\",\"mainEntityOfPage\":{\"@id\":\"https:\/\/www.notibras.com\/site\/temer-mesmo-mal-ainda-fala-em-por-pais-nos-trilhos\/\"},\"wordCount\":257,\"commentCount\":0,\"publisher\":{\"@id\":\"https:\/\/www.notibras.com\/site\/#organization\"},\"image\":{\"@id\":\"https:\/\/www.notibras.com\/site\/temer-mesmo-mal-ainda-fala-em-por-pais-nos-trilhos\/#primaryimage\"},\"thumbnailUrl\":\"https:\/\/www.notibras.com\/site\/wp-content\/uploads\/2017\/03\/presidente-interino-michel-temer.jpg\",\"articleSection\":[\"Opina a\u00ed\"],\"inLanguage\":\"pt-BR\",\"potentialAction\":[{\"@type\":\"CommentAction\",\"name\":\"Comment\",\"target\":[\"https:\/\/www.notibras.com\/site\/temer-mesmo-mal-ainda-fala-em-por-pais-nos-trilhos\/#respond\"]}]},{\"@type\":\"WebPage\",\"@id\":\"https:\/\/www.notibras.com\/site\/temer-mesmo-mal-ainda-fala-em-por-pais-nos-trilhos\/\",\"url\":\"https:\/\/www.notibras.com\/site\/temer-mesmo-mal-ainda-fala-em-por-pais-nos-trilhos\/\",\"name\":\"Temer, mesmo mal, ainda fala em p\u00f4r Pa\u00eds nos trilhos - Notibras\",\"isPartOf\":{\"@id\":\"https:\/\/www.notibras.com\/site\/#website\"},\"primaryImageOfPage\":{\"@id\":\"https:\/\/www.notibras.com\/site\/temer-mesmo-mal-ainda-fala-em-por-pais-nos-trilhos\/#primaryimage\"},\"image\":{\"@id\":\"https:\/\/www.notibras.com\/site\/temer-mesmo-mal-ainda-fala-em-por-pais-nos-trilhos\/#primaryimage\"},\"thumbnailUrl\":\"https:\/\/www.notibras.com\/site\/wp-content\/uploads\/2017\/03\/presidente-interino-michel-temer.jpg\",\"datePublished\":\"2017-06-11T03:00:40+00:00\",\"dateModified\":\"2017-06-11T21:01:41+00:00\",\"breadcrumb\":{\"@id\":\"https:\/\/www.notibras.com\/site\/temer-mesmo-mal-ainda-fala-em-por-pais-nos-trilhos\/#breadcrumb\"},\"inLanguage\":\"pt-BR\",\"potentialAction\":[{\"@type\":\"ReadAction\",\"target\":[\"https:\/\/www.notibras.com\/site\/temer-mesmo-mal-ainda-fala-em-por-pais-nos-trilhos\/\"]}]},{\"@type\":\"ImageObject\",\"inLanguage\":\"pt-BR\",\"@id\":\"https:\/\/www.notibras.com\/site\/temer-mesmo-mal-ainda-fala-em-por-pais-nos-trilhos\/#primaryimage\",\"url\":\"https:\/\/www.notibras.com\/site\/wp-content\/uploads\/2017\/03\/presidente-interino-michel-temer.jpg\",\"contentUrl\":\"https:\/\/www.notibras.com\/site\/wp-content\/uploads\/2017\/03\/presidente-interino-michel-temer.jpg\",\"width\":699,\"height\":420,\"caption\":\"Situa\u00e7\u00e3o do presidente \u00e9 cada vez mais delicada. FotoiArquivo Notibras\"},{\"@type\":\"BreadcrumbList\",\"@id\":\"https:\/\/www.notibras.com\/site\/temer-mesmo-mal-ainda-fala-em-por-pais-nos-trilhos\/#breadcrumb\",\"itemListElement\":[{\"@type\":\"ListItem\",\"position\":1,\"name\":\"In\u00edcio\",\"item\":\"https:\/\/www.notibras.com\/site\/\"},{\"@type\":\"ListItem\",\"position\":2,\"name\":\"Temer, mesmo mal, ainda fala em p\u00f4r Pa\u00eds nos trilhos\"}]},{\"@type\":\"WebSite\",\"@id\":\"https:\/\/www.notibras.com\/site\/#website\",\"url\":\"https:\/\/www.notibras.com\/site\/\",\"name\":\"Notibras\",\"description\":\"Not\u00edcias de Bras\u00edlia, do Brasil e do Mundo\",\"publisher\":{\"@id\":\"https:\/\/www.notibras.com\/site\/#organization\"},\"potentialAction\":[{\"@type\":\"SearchAction\",\"target\":{\"@type\":\"EntryPoint\",\"urlTemplate\":\"https:\/\/www.notibras.com\/site\/?s={search_term_string}\"},\"query-input\":{\"@type\":\"PropertyValueSpecification\",\"valueRequired\":true,\"valueName\":\"search_term_string\"}}],\"inLanguage\":\"pt-BR\"},{\"@type\":\"Organization\",\"@id\":\"https:\/\/www.notibras.com\/site\/#organization\",\"name\":\"Grupo Notibras de Comunica\u00e7\u00e3o\",\"url\":\"https:\/\/www.notibras.com\/site\/\",\"logo\":{\"@type\":\"ImageObject\",\"inLanguage\":\"pt-BR\",\"@id\":\"https:\/\/www.notibras.com\/site\/#\/schema\/logo\/image\/\",\"url\":\"https:\/\/www.notibras.com\/site\/wp-content\/uploads\/2023\/01\/notibras23.png\",\"contentUrl\":\"https:\/\/www.notibras.com\/site\/wp-content\/uploads\/2023\/01\/notibras23.png\",\"width\":350,\"height\":87,\"caption\":\"Grupo Notibras de Comunica\u00e7\u00e3o\"},\"image\":{\"@id\":\"https:\/\/www.notibras.com\/site\/#\/schema\/logo\/image\/\"},\"sameAs\":[\"https:\/\/www.facebook.com\/notibras\/\",\"https:\/\/x.com\/Notibras\",\"https:\/\/www.instagram.com\/notibras\/\"]},{\"@type\":\"Person\",\"@id\":\"https:\/\/www.notibras.com\/site\/#\/schema\/person\/36ab0979449956132d3e5b517ea76ac8\",\"name\":\"Reda\u00e7\u00e3o\",\"image\":{\"@type\":\"ImageObject\",\"inLanguage\":\"pt-BR\",\"@id\":\"https:\/\/secure.gravatar.com\/avatar\/e0a867bdedb85fd243eadf09663511f96fc81e0720a4a42581f334ad4303aa6b?s=96&d=mm&r=g\",\"url\":\"https:\/\/secure.gravatar.com\/avatar\/e0a867bdedb85fd243eadf09663511f96fc81e0720a4a42581f334ad4303aa6b?s=96&d=mm&r=g\",\"contentUrl\":\"https:\/\/secure.gravatar.com\/avatar\/e0a867bdedb85fd243eadf09663511f96fc81e0720a4a42581f334ad4303aa6b?s=96&d=mm&r=g\",\"caption\":\"Reda\u00e7\u00e3o\"}}]}<\/script>\n<!-- \/ Yoast SEO plugin. -->","yoast_head_json":{"title":"Temer, mesmo mal, ainda fala em p\u00f4r Pa\u00eds nos trilhos - Notibras","robots":{"index":"index","follow":"follow","max-snippet":"max-snippet:-1","max-image-preview":"max-image-preview:large","max-video-preview":"max-video-preview:-1"},"canonical":"https:\/\/www.notibras.com\/site\/temer-mesmo-mal-ainda-fala-em-por-pais-nos-trilhos\/","og_locale":"pt_BR","og_type":"article","og_title":"Temer, mesmo mal, ainda fala em p\u00f4r Pa\u00eds nos trilhos - Notibras","og_description":"S\u00e9rgio Jones \u201cEsta trajet\u00f3ria que tra\u00e7amos logo no in\u00edcio de nosso governo n\u00e3o ser\u00e1 interrompida. Nela n\u00f3s seguiremos firmes em nome da agenda de reformas que n\u00e3o poderemos abandonar. Estamos no rumo certo, colocamos o pa\u00eds nos trilhos. Quem assumir encontrar\u00e1 os trilhos em seu lugar. Por isso agora \u00e9 continuar a travessia, chegaremos ao [&hellip;]","og_url":"https:\/\/www.notibras.com\/site\/temer-mesmo-mal-ainda-fala-em-por-pais-nos-trilhos\/","og_site_name":"Notibras","article_publisher":"https:\/\/www.facebook.com\/notibras\/","article_published_time":"2017-06-11T03:00:40+00:00","article_modified_time":"2017-06-11T21:01:41+00:00","og_image":[{"width":699,"height":420,"url":"https:\/\/www.notibras.com\/site\/wp-content\/uploads\/2017\/03\/presidente-interino-michel-temer.jpg","type":"image\/jpeg"}],"author":"Reda\u00e7\u00e3o","twitter_card":"summary_large_image","twitter_creator":"@Notibras","twitter_site":"@Notibras","twitter_misc":{"Escrito por":"Reda\u00e7\u00e3o","Est. tempo de leitura":"1 minuto"},"schema":{"@context":"https:\/\/schema.org","@graph":[{"@type":"Article","@id":"https:\/\/www.notibras.com\/site\/temer-mesmo-mal-ainda-fala-em-por-pais-nos-trilhos\/#article","isPartOf":{"@id":"https:\/\/www.notibras.com\/site\/temer-mesmo-mal-ainda-fala-em-por-pais-nos-trilhos\/"},"author":{"name":"Reda\u00e7\u00e3o","@id":"https:\/\/www.notibras.com\/site\/#\/schema\/person\/36ab0979449956132d3e5b517ea76ac8"},"headline":"Temer, mesmo mal, ainda fala em p\u00f4r Pa\u00eds nos trilhos","datePublished":"2017-06-11T03:00:40+00:00","dateModified":"2017-06-11T21:01:41+00:00","mainEntityOfPage":{"@id":"https:\/\/www.notibras.com\/site\/temer-mesmo-mal-ainda-fala-em-por-pais-nos-trilhos\/"},"wordCount":257,"commentCount":0,"publisher":{"@id":"https:\/\/www.notibras.com\/site\/#organization"},"image":{"@id":"https:\/\/www.notibras.com\/site\/temer-mesmo-mal-ainda-fala-em-por-pais-nos-trilhos\/#primaryimage"},"thumbnailUrl":"https:\/\/www.notibras.com\/site\/wp-content\/uploads\/2017\/03\/presidente-interino-michel-temer.jpg","articleSection":["Opina a\u00ed"],"inLanguage":"pt-BR","potentialAction":[{"@type":"CommentAction","name":"Comment","target":["https:\/\/www.notibras.com\/site\/temer-mesmo-mal-ainda-fala-em-por-pais-nos-trilhos\/#respond"]}]},{"@type":"WebPage","@id":"https:\/\/www.notibras.com\/site\/temer-mesmo-mal-ainda-fala-em-por-pais-nos-trilhos\/","url":"https:\/\/www.notibras.com\/site\/temer-mesmo-mal-ainda-fala-em-por-pais-nos-trilhos\/","name":"Temer, mesmo mal, ainda fala em p\u00f4r Pa\u00eds nos trilhos - Notibras","isPartOf":{"@id":"https:\/\/www.notibras.com\/site\/#website"},"primaryImageOfPage":{"@id":"https:\/\/www.notibras.com\/site\/temer-mesmo-mal-ainda-fala-em-por-pais-nos-trilhos\/#primaryimage"},"image":{"@id":"https:\/\/www.notibras.com\/site\/temer-mesmo-mal-ainda-fala-em-por-pais-nos-trilhos\/#primaryimage"},"thumbnailUrl":"https:\/\/www.notibras.com\/site\/wp-content\/uploads\/2017\/03\/presidente-interino-michel-temer.jpg","datePublished":"2017-06-11T03:00:40+00:00","dateModified":"2017-06-11T21:01:41+00:00","breadcrumb":{"@id":"https:\/\/www.notibras.com\/site\/temer-mesmo-mal-ainda-fala-em-por-pais-nos-trilhos\/#breadcrumb"},"inLanguage":"pt-BR","potentialAction":[{"@type":"ReadAction","target":["https:\/\/www.notibras.com\/site\/temer-mesmo-mal-ainda-fala-em-por-pais-nos-trilhos\/"]}]},{"@type":"ImageObject","inLanguage":"pt-BR","@id":"https:\/\/www.notibras.com\/site\/temer-mesmo-mal-ainda-fala-em-por-pais-nos-trilhos\/#primaryimage","url":"https:\/\/www.notibras.com\/site\/wp-content\/uploads\/2017\/03\/presidente-interino-michel-temer.jpg","contentUrl":"https:\/\/www.notibras.com\/site\/wp-content\/uploads\/2017\/03\/presidente-interino-michel-temer.jpg","width":699,"height":420,"caption":"Situa\u00e7\u00e3o do presidente \u00e9 cada vez mais delicada. FotoiArquivo Notibras"},{"@type":"BreadcrumbList","@id":"https:\/\/www.notibras.com\/site\/temer-mesmo-mal-ainda-fala-em-por-pais-nos-trilhos\/#breadcrumb","itemListElement":[{"@type":"ListItem","position":1,"name":"In\u00edcio","item":"https:\/\/www.notibras.com\/site\/"},{"@type":"ListItem","position":2,"name":"Temer, mesmo mal, ainda fala em p\u00f4r Pa\u00eds nos trilhos"}]},{"@type":"WebSite","@id":"https:\/\/www.notibras.com\/site\/#website","url":"https:\/\/www.notibras.com\/site\/","name":"Notibras","description":"Not\u00edcias de Bras\u00edlia, do Brasil e do Mundo","publisher":{"@id":"https:\/\/www.notibras.com\/site\/#organization"},"potentialAction":[{"@type":"SearchAction","target":{"@type":"EntryPoint","urlTemplate":"https:\/\/www.notibras.com\/site\/?s={search_term_string}"},"query-input":{"@type":"PropertyValueSpecification","valueRequired":true,"valueName":"search_term_string"}}],"inLanguage":"pt-BR"},{"@type":"Organization","@id":"https:\/\/www.notibras.com\/site\/#organization","name":"Grupo Notibras de Comunica\u00e7\u00e3o","url":"https:\/\/www.notibras.com\/site\/","logo":{"@type":"ImageObject","inLanguage":"pt-BR","@id":"https:\/\/www.notibras.com\/site\/#\/schema\/logo\/image\/","url":"https:\/\/www.notibras.com\/site\/wp-content\/uploads\/2023\/01\/notibras23.png","contentUrl":"https:\/\/www.notibras.com\/site\/wp-content\/uploads\/2023\/01\/notibras23.png","width":350,"height":87,"caption":"Grupo Notibras de Comunica\u00e7\u00e3o"},"image":{"@id":"https:\/\/www.notibras.com\/site\/#\/schema\/logo\/image\/"},"sameAs":["https:\/\/www.facebook.com\/notibras\/","https:\/\/x.com\/Notibras","https:\/\/www.instagram.com\/notibras\/"]},{"@type":"Person","@id":"https:\/\/www.notibras.com\/site\/#\/schema\/person\/36ab0979449956132d3e5b517ea76ac8","name":"Reda\u00e7\u00e3o","image":{"@type":"ImageObject","inLanguage":"pt-BR","@id":"https:\/\/secure.gravatar.com\/avatar\/e0a867bdedb85fd243eadf09663511f96fc81e0720a4a42581f334ad4303aa6b?s=96&d=mm&r=g","url":"https:\/\/secure.gravatar.com\/avatar\/e0a867bdedb85fd243eadf09663511f96fc81e0720a4a42581f334ad4303aa6b?s=96&d=mm&r=g","contentUrl":"https:\/\/secure.gravatar.com\/avatar\/e0a867bdedb85fd243eadf09663511f96fc81e0720a4a42581f334ad4303aa6b?s=96&d=mm&r=g","caption":"Reda\u00e7\u00e3o"}}]}},"amp_enabled":true,"_links":{"self":[{"href":"https:\/\/www.notibras.com\/site\/wp-json\/wp\/v2\/posts\/141815","targetHints":{"allow":["GET"]}}],"collection":[{"href":"https:\/\/www.notibras.com\/site\/wp-json\/wp\/v2\/posts"}],"about":[{"href":"https:\/\/www.notibras.com\/site\/wp-json\/wp\/v2\/types\/post"}],"author":[{"embeddable":true,"href":"https:\/\/www.notibras.com\/site\/wp-json\/wp\/v2\/users\/2"}],"replies":[{"embeddable":true,"href":"https:\/\/www.notibras.com\/site\/wp-json\/wp\/v2\/comments?post=141815"}],"version-history":[{"count":1,"href":"https:\/\/www.notibras.com\/site\/wp-json\/wp\/v2\/posts\/141815\/revisions"}],"predecessor-version":[{"id":141816,"href":"https:\/\/www.notibras.com\/site\/wp-json\/wp\/v2\/posts\/141815\/revisions\/141816"}],"wp:featuredmedia":[{"embeddable":true,"href":"https:\/\/www.notibras.com\/site\/wp-json\/wp\/v2\/media\/133722"}],"wp:attachment":[{"href":"https:\/\/www.notibras.com\/site\/wp-json\/wp\/v2\/media?parent=141815"}],"wp:term":[{"taxonomy":"category","embeddable":true,"href":"https:\/\/www.notibras.com\/site\/wp-json\/wp\/v2\/categories?post=141815"},{"taxonomy":"post_tag","embeddable":true,"href":"https:\/\/www.notibras.com\/site\/wp-json\/wp\/v2\/tags?post=141815"}],"curies":[{"name":"wp","href":"https:\/\/api.w.org\/{rel}","templated":true}]}}