{"id":14203,"date":"2014-06-23T15:35:16","date_gmt":"2014-06-23T18:35:16","guid":{"rendered":"http:\/\/www.notibras.com\/site\/?p=14203"},"modified":"2014-06-23T18:38:47","modified_gmt":"2014-06-23T21:38:47","slug":"sociedade-se-une-em-atos-contra-as-injusticas-sociais-no-pais","status":"publish","type":"post","link":"https:\/\/www.notibras.com\/site\/sociedade-se-une-em-atos-contra-as-injusticas-sociais-no-pais\/","title":{"rendered":"Sociedade se une em atos contra as injusti\u00e7as sociais"},"content":{"rendered":"<p>Representantes de v\u00e1rias comunidades do Rio de Janeiro se uniram nesta segunda 23 pela manh\u00e3 em um protesto na Praia de Copacabana, na altura da Rua Rep\u00fablica do Peru, para denunciar \u201cas injusti\u00e7as nacionais relacionadas \u00e0 quest\u00e3o da moradia, entre as quais o d\u00e9ficit habitacional e as pol\u00edticas habitacionais nas tr\u00eas esferas de governo\u201d, disse F\u00e1bio Dutra, da Associa\u00e7\u00e3o de Moradores e Amigos do Horto (Amahor).<\/p>\n<p>Segundo ele, a a\u00e7\u00e3o se insere no movimento nacional de luta pela moradia. \u201cN\u00e3o \u00e9 um\u00a0 movimento focado em uma representa\u00e7\u00e3o institucional\u201d, observou.<\/p>\n<blockquote><p>Foram colocadas na areia da praia mais de 100 cruzes,\u00a0 com nomes de v\u00e1rias comunidades carentes, que representam as remo\u00e7\u00f5es feitas na capital fluminense, a maioria motivada por mega eventos, como a Copa do Mundo e as Olimp\u00edadas de 2016, cujos acordos internacionais\u00a0 previam obras de infraestrutura de transporte, disse Dutra.<\/p><\/blockquote>\n<p>O objetivo, salientou, \u00e9 aproveitar a cobertura da m\u00eddia para a Copa, sobretudo a internacional, particularmente hoje, quando haver\u00e1 o jogo entre\u00a0 Brasil e Camar\u00f5es, para \u201cmostrar\u00a0 um pouco da realidade que est\u00e1 ocorrendo no Brasil, para mostrar essas remo\u00e7\u00f5es que na grande m\u00eddia nunca v\u00e3o aparecer\u201d.<\/p>\n<p><strong>Alana Gandra, ABr<\/strong><\/p>\n","protected":false},"excerpt":{"rendered":"<p>Representantes de v\u00e1rias comunidades do Rio de Janeiro se uniram nesta segunda 23 pela manh\u00e3 em um protesto na Praia de Copacabana, na altura da Rua Rep\u00fablica do Peru, para denunciar \u201cas injusti\u00e7as nacionais relacionadas \u00e0 quest\u00e3o da moradia, entre as quais o d\u00e9ficit habitacional e as pol\u00edticas habitacionais nas tr\u00eas esferas de governo\u201d, disse [&hellip;]<\/p>\n","protected":false},"author":2,"featured_media":14204,"comment_status":"open","ping_status":"closed","sticky":false,"template":"","format":"standard","meta":{"_acf_changed":false,"footnotes":""},"categories":[16],"tags":[],"class_list":["post-14203","post","type-post","status-publish","format-standard","has-post-thumbnail","hentry","category-brasil"],"acf":[],"yoast_head":"<!-- This site is optimized with the Yoast SEO plugin v27.2 - https:\/\/yoast.com\/product\/yoast-seo-wordpress\/ -->\n<title>Sociedade se une em atos contra as injusti\u00e7as sociais - Notibras<\/title>\n<meta name=\"robots\" content=\"index, follow, max-snippet:-1, max-image-preview:large, max-video-preview:-1\" \/>\n<link rel=\"canonical\" href=\"https:\/\/www.notibras.com\/site\/sociedade-se-une-em-atos-contra-as-injusticas-sociais-no-pais\/\" \/>\n<meta property=\"og:locale\" content=\"pt_BR\" \/>\n<meta property=\"og:type\" content=\"article\" \/>\n<meta property=\"og:title\" content=\"Sociedade se une em atos contra as injusti\u00e7as sociais - Notibras\" \/>\n<meta property=\"og:description\" content=\"Representantes de v\u00e1rias comunidades do Rio de Janeiro se uniram nesta segunda 23 pela manh\u00e3 em um protesto na Praia de Copacabana, na altura da Rua Rep\u00fablica do Peru, para denunciar \u201cas injusti\u00e7as nacionais relacionadas \u00e0 quest\u00e3o da moradia, entre as quais o d\u00e9ficit habitacional e as pol\u00edticas habitacionais nas tr\u00eas esferas de governo\u201d, disse [&hellip;]\" \/>\n<meta property=\"og:url\" content=\"https:\/\/www.notibras.com\/site\/sociedade-se-une-em-atos-contra-as-injusticas-sociais-no-pais\/\" \/>\n<meta property=\"og:site_name\" content=\"Notibras\" \/>\n<meta property=\"article:publisher\" content=\"https:\/\/www.facebook.com\/notibras\/\" \/>\n<meta property=\"article:published_time\" content=\"2014-06-23T18:35:16+00:00\" \/>\n<meta property=\"article:modified_time\" content=\"2014-06-23T21:38:47+00:00\" \/>\n<meta property=\"og:image\" content=\"https:\/\/www.notibras.com\/site\/wp-content\/uploads\/2014\/06\/1909926731-.jpg\" \/>\n\t<meta property=\"og:image:width\" content=\"620\" \/>\n\t<meta property=\"og:image:height\" content=\"465\" \/>\n\t<meta property=\"og:image:type\" content=\"image\/jpeg\" \/>\n<meta name=\"author\" content=\"Reda\u00e7\u00e3o\" \/>\n<meta name=\"twitter:card\" content=\"summary_large_image\" \/>\n<meta name=\"twitter:creator\" content=\"@Notibras\" \/>\n<meta name=\"twitter:site\" content=\"@Notibras\" \/>\n<meta name=\"twitter:label1\" content=\"Escrito por\" \/>\n\t<meta name=\"twitter:data1\" content=\"Reda\u00e7\u00e3o\" \/>\n\t<meta name=\"twitter:label2\" content=\"Est. tempo de leitura\" \/>\n\t<meta name=\"twitter:data2\" content=\"1 minuto\" \/>\n<script type=\"application\/ld+json\" class=\"yoast-schema-graph\">{\"@context\":\"https:\/\/schema.org\",\"@graph\":[{\"@type\":\"Article\",\"@id\":\"https:\/\/www.notibras.com\/site\/sociedade-se-une-em-atos-contra-as-injusticas-sociais-no-pais\/#article\",\"isPartOf\":{\"@id\":\"https:\/\/www.notibras.com\/site\/sociedade-se-une-em-atos-contra-as-injusticas-sociais-no-pais\/\"},\"author\":{\"name\":\"Reda\u00e7\u00e3o\",\"@id\":\"https:\/\/www.notibras.com\/site\/#\/schema\/person\/36ab0979449956132d3e5b517ea76ac8\"},\"headline\":\"Sociedade se une em atos contra as injusti\u00e7as sociais\",\"datePublished\":\"2014-06-23T18:35:16+00:00\",\"dateModified\":\"2014-06-23T21:38:47+00:00\",\"mainEntityOfPage\":{\"@id\":\"https:\/\/www.notibras.com\/site\/sociedade-se-une-em-atos-contra-as-injusticas-sociais-no-pais\/\"},\"wordCount\":214,\"commentCount\":0,\"publisher\":{\"@id\":\"https:\/\/www.notibras.com\/site\/#organization\"},\"image\":{\"@id\":\"https:\/\/www.notibras.com\/site\/sociedade-se-une-em-atos-contra-as-injusticas-sociais-no-pais\/#primaryimage\"},\"thumbnailUrl\":\"https:\/\/www.notibras.com\/site\/wp-content\/uploads\/2014\/06\/1909926731-.jpg\",\"articleSection\":[\"Brasil\"],\"inLanguage\":\"pt-BR\",\"potentialAction\":[{\"@type\":\"CommentAction\",\"name\":\"Comment\",\"target\":[\"https:\/\/www.notibras.com\/site\/sociedade-se-une-em-atos-contra-as-injusticas-sociais-no-pais\/#respond\"]}]},{\"@type\":\"WebPage\",\"@id\":\"https:\/\/www.notibras.com\/site\/sociedade-se-une-em-atos-contra-as-injusticas-sociais-no-pais\/\",\"url\":\"https:\/\/www.notibras.com\/site\/sociedade-se-une-em-atos-contra-as-injusticas-sociais-no-pais\/\",\"name\":\"Sociedade se une em atos contra as injusti\u00e7as sociais - Notibras\",\"isPartOf\":{\"@id\":\"https:\/\/www.notibras.com\/site\/#website\"},\"primaryImageOfPage\":{\"@id\":\"https:\/\/www.notibras.com\/site\/sociedade-se-une-em-atos-contra-as-injusticas-sociais-no-pais\/#primaryimage\"},\"image\":{\"@id\":\"https:\/\/www.notibras.com\/site\/sociedade-se-une-em-atos-contra-as-injusticas-sociais-no-pais\/#primaryimage\"},\"thumbnailUrl\":\"https:\/\/www.notibras.com\/site\/wp-content\/uploads\/2014\/06\/1909926731-.jpg\",\"datePublished\":\"2014-06-23T18:35:16+00:00\",\"dateModified\":\"2014-06-23T21:38:47+00:00\",\"breadcrumb\":{\"@id\":\"https:\/\/www.notibras.com\/site\/sociedade-se-une-em-atos-contra-as-injusticas-sociais-no-pais\/#breadcrumb\"},\"inLanguage\":\"pt-BR\",\"potentialAction\":[{\"@type\":\"ReadAction\",\"target\":[\"https:\/\/www.notibras.com\/site\/sociedade-se-une-em-atos-contra-as-injusticas-sociais-no-pais\/\"]}]},{\"@type\":\"ImageObject\",\"inLanguage\":\"pt-BR\",\"@id\":\"https:\/\/www.notibras.com\/site\/sociedade-se-une-em-atos-contra-as-injusticas-sociais-no-pais\/#primaryimage\",\"url\":\"https:\/\/www.notibras.com\/site\/wp-content\/uploads\/2014\/06\/1909926731-.jpg\",\"contentUrl\":\"https:\/\/www.notibras.com\/site\/wp-content\/uploads\/2014\/06\/1909926731-.jpg\",\"width\":620,\"height\":465},{\"@type\":\"BreadcrumbList\",\"@id\":\"https:\/\/www.notibras.com\/site\/sociedade-se-une-em-atos-contra-as-injusticas-sociais-no-pais\/#breadcrumb\",\"itemListElement\":[{\"@type\":\"ListItem\",\"position\":1,\"name\":\"In\u00edcio\",\"item\":\"https:\/\/www.notibras.com\/site\/\"},{\"@type\":\"ListItem\",\"position\":2,\"name\":\"Sociedade se une em atos contra as injusti\u00e7as sociais\"}]},{\"@type\":\"WebSite\",\"@id\":\"https:\/\/www.notibras.com\/site\/#website\",\"url\":\"https:\/\/www.notibras.com\/site\/\",\"name\":\"Notibras\",\"description\":\"Not\u00edcias de Bras\u00edlia, do Brasil e do Mundo\",\"publisher\":{\"@id\":\"https:\/\/www.notibras.com\/site\/#organization\"},\"potentialAction\":[{\"@type\":\"SearchAction\",\"target\":{\"@type\":\"EntryPoint\",\"urlTemplate\":\"https:\/\/www.notibras.com\/site\/?s={search_term_string}\"},\"query-input\":{\"@type\":\"PropertyValueSpecification\",\"valueRequired\":true,\"valueName\":\"search_term_string\"}}],\"inLanguage\":\"pt-BR\"},{\"@type\":\"Organization\",\"@id\":\"https:\/\/www.notibras.com\/site\/#organization\",\"name\":\"Grupo Notibras de Comunica\u00e7\u00e3o\",\"url\":\"https:\/\/www.notibras.com\/site\/\",\"logo\":{\"@type\":\"ImageObject\",\"inLanguage\":\"pt-BR\",\"@id\":\"https:\/\/www.notibras.com\/site\/#\/schema\/logo\/image\/\",\"url\":\"https:\/\/www.notibras.com\/site\/wp-content\/uploads\/2023\/01\/notibras23.png\",\"contentUrl\":\"https:\/\/www.notibras.com\/site\/wp-content\/uploads\/2023\/01\/notibras23.png\",\"width\":350,\"height\":87,\"caption\":\"Grupo Notibras de Comunica\u00e7\u00e3o\"},\"image\":{\"@id\":\"https:\/\/www.notibras.com\/site\/#\/schema\/logo\/image\/\"},\"sameAs\":[\"https:\/\/www.facebook.com\/notibras\/\",\"https:\/\/x.com\/Notibras\",\"https:\/\/www.instagram.com\/notibras\/\"]},{\"@type\":\"Person\",\"@id\":\"https:\/\/www.notibras.com\/site\/#\/schema\/person\/36ab0979449956132d3e5b517ea76ac8\",\"name\":\"Reda\u00e7\u00e3o\",\"image\":{\"@type\":\"ImageObject\",\"inLanguage\":\"pt-BR\",\"@id\":\"https:\/\/secure.gravatar.com\/avatar\/e0a867bdedb85fd243eadf09663511f96fc81e0720a4a42581f334ad4303aa6b?s=96&d=mm&r=g\",\"url\":\"https:\/\/secure.gravatar.com\/avatar\/e0a867bdedb85fd243eadf09663511f96fc81e0720a4a42581f334ad4303aa6b?s=96&d=mm&r=g\",\"contentUrl\":\"https:\/\/secure.gravatar.com\/avatar\/e0a867bdedb85fd243eadf09663511f96fc81e0720a4a42581f334ad4303aa6b?s=96&d=mm&r=g\",\"caption\":\"Reda\u00e7\u00e3o\"}}]}<\/script>\n<!-- \/ Yoast SEO plugin. -->","yoast_head_json":{"title":"Sociedade se une em atos contra as injusti\u00e7as sociais - Notibras","robots":{"index":"index","follow":"follow","max-snippet":"max-snippet:-1","max-image-preview":"max-image-preview:large","max-video-preview":"max-video-preview:-1"},"canonical":"https:\/\/www.notibras.com\/site\/sociedade-se-une-em-atos-contra-as-injusticas-sociais-no-pais\/","og_locale":"pt_BR","og_type":"article","og_title":"Sociedade se une em atos contra as injusti\u00e7as sociais - Notibras","og_description":"Representantes de v\u00e1rias comunidades do Rio de Janeiro se uniram nesta segunda 23 pela manh\u00e3 em um protesto na Praia de Copacabana, na altura da Rua Rep\u00fablica do Peru, para denunciar \u201cas injusti\u00e7as nacionais relacionadas \u00e0 quest\u00e3o da moradia, entre as quais o d\u00e9ficit habitacional e as pol\u00edticas habitacionais nas tr\u00eas esferas de governo\u201d, disse [&hellip;]","og_url":"https:\/\/www.notibras.com\/site\/sociedade-se-une-em-atos-contra-as-injusticas-sociais-no-pais\/","og_site_name":"Notibras","article_publisher":"https:\/\/www.facebook.com\/notibras\/","article_published_time":"2014-06-23T18:35:16+00:00","article_modified_time":"2014-06-23T21:38:47+00:00","og_image":[{"width":620,"height":465,"url":"https:\/\/www.notibras.com\/site\/wp-content\/uploads\/2014\/06\/1909926731-.jpg","type":"image\/jpeg"}],"author":"Reda\u00e7\u00e3o","twitter_card":"summary_large_image","twitter_creator":"@Notibras","twitter_site":"@Notibras","twitter_misc":{"Escrito por":"Reda\u00e7\u00e3o","Est. tempo de leitura":"1 minuto"},"schema":{"@context":"https:\/\/schema.org","@graph":[{"@type":"Article","@id":"https:\/\/www.notibras.com\/site\/sociedade-se-une-em-atos-contra-as-injusticas-sociais-no-pais\/#article","isPartOf":{"@id":"https:\/\/www.notibras.com\/site\/sociedade-se-une-em-atos-contra-as-injusticas-sociais-no-pais\/"},"author":{"name":"Reda\u00e7\u00e3o","@id":"https:\/\/www.notibras.com\/site\/#\/schema\/person\/36ab0979449956132d3e5b517ea76ac8"},"headline":"Sociedade se une em atos contra as injusti\u00e7as sociais","datePublished":"2014-06-23T18:35:16+00:00","dateModified":"2014-06-23T21:38:47+00:00","mainEntityOfPage":{"@id":"https:\/\/www.notibras.com\/site\/sociedade-se-une-em-atos-contra-as-injusticas-sociais-no-pais\/"},"wordCount":214,"commentCount":0,"publisher":{"@id":"https:\/\/www.notibras.com\/site\/#organization"},"image":{"@id":"https:\/\/www.notibras.com\/site\/sociedade-se-une-em-atos-contra-as-injusticas-sociais-no-pais\/#primaryimage"},"thumbnailUrl":"https:\/\/www.notibras.com\/site\/wp-content\/uploads\/2014\/06\/1909926731-.jpg","articleSection":["Brasil"],"inLanguage":"pt-BR","potentialAction":[{"@type":"CommentAction","name":"Comment","target":["https:\/\/www.notibras.com\/site\/sociedade-se-une-em-atos-contra-as-injusticas-sociais-no-pais\/#respond"]}]},{"@type":"WebPage","@id":"https:\/\/www.notibras.com\/site\/sociedade-se-une-em-atos-contra-as-injusticas-sociais-no-pais\/","url":"https:\/\/www.notibras.com\/site\/sociedade-se-une-em-atos-contra-as-injusticas-sociais-no-pais\/","name":"Sociedade se une em atos contra as injusti\u00e7as sociais - Notibras","isPartOf":{"@id":"https:\/\/www.notibras.com\/site\/#website"},"primaryImageOfPage":{"@id":"https:\/\/www.notibras.com\/site\/sociedade-se-une-em-atos-contra-as-injusticas-sociais-no-pais\/#primaryimage"},"image":{"@id":"https:\/\/www.notibras.com\/site\/sociedade-se-une-em-atos-contra-as-injusticas-sociais-no-pais\/#primaryimage"},"thumbnailUrl":"https:\/\/www.notibras.com\/site\/wp-content\/uploads\/2014\/06\/1909926731-.jpg","datePublished":"2014-06-23T18:35:16+00:00","dateModified":"2014-06-23T21:38:47+00:00","breadcrumb":{"@id":"https:\/\/www.notibras.com\/site\/sociedade-se-une-em-atos-contra-as-injusticas-sociais-no-pais\/#breadcrumb"},"inLanguage":"pt-BR","potentialAction":[{"@type":"ReadAction","target":["https:\/\/www.notibras.com\/site\/sociedade-se-une-em-atos-contra-as-injusticas-sociais-no-pais\/"]}]},{"@type":"ImageObject","inLanguage":"pt-BR","@id":"https:\/\/www.notibras.com\/site\/sociedade-se-une-em-atos-contra-as-injusticas-sociais-no-pais\/#primaryimage","url":"https:\/\/www.notibras.com\/site\/wp-content\/uploads\/2014\/06\/1909926731-.jpg","contentUrl":"https:\/\/www.notibras.com\/site\/wp-content\/uploads\/2014\/06\/1909926731-.jpg","width":620,"height":465},{"@type":"BreadcrumbList","@id":"https:\/\/www.notibras.com\/site\/sociedade-se-une-em-atos-contra-as-injusticas-sociais-no-pais\/#breadcrumb","itemListElement":[{"@type":"ListItem","position":1,"name":"In\u00edcio","item":"https:\/\/www.notibras.com\/site\/"},{"@type":"ListItem","position":2,"name":"Sociedade se une em atos contra as injusti\u00e7as sociais"}]},{"@type":"WebSite","@id":"https:\/\/www.notibras.com\/site\/#website","url":"https:\/\/www.notibras.com\/site\/","name":"Notibras","description":"Not\u00edcias de Bras\u00edlia, do Brasil e do Mundo","publisher":{"@id":"https:\/\/www.notibras.com\/site\/#organization"},"potentialAction":[{"@type":"SearchAction","target":{"@type":"EntryPoint","urlTemplate":"https:\/\/www.notibras.com\/site\/?s={search_term_string}"},"query-input":{"@type":"PropertyValueSpecification","valueRequired":true,"valueName":"search_term_string"}}],"inLanguage":"pt-BR"},{"@type":"Organization","@id":"https:\/\/www.notibras.com\/site\/#organization","name":"Grupo Notibras de Comunica\u00e7\u00e3o","url":"https:\/\/www.notibras.com\/site\/","logo":{"@type":"ImageObject","inLanguage":"pt-BR","@id":"https:\/\/www.notibras.com\/site\/#\/schema\/logo\/image\/","url":"https:\/\/www.notibras.com\/site\/wp-content\/uploads\/2023\/01\/notibras23.png","contentUrl":"https:\/\/www.notibras.com\/site\/wp-content\/uploads\/2023\/01\/notibras23.png","width":350,"height":87,"caption":"Grupo Notibras de Comunica\u00e7\u00e3o"},"image":{"@id":"https:\/\/www.notibras.com\/site\/#\/schema\/logo\/image\/"},"sameAs":["https:\/\/www.facebook.com\/notibras\/","https:\/\/x.com\/Notibras","https:\/\/www.instagram.com\/notibras\/"]},{"@type":"Person","@id":"https:\/\/www.notibras.com\/site\/#\/schema\/person\/36ab0979449956132d3e5b517ea76ac8","name":"Reda\u00e7\u00e3o","image":{"@type":"ImageObject","inLanguage":"pt-BR","@id":"https:\/\/secure.gravatar.com\/avatar\/e0a867bdedb85fd243eadf09663511f96fc81e0720a4a42581f334ad4303aa6b?s=96&d=mm&r=g","url":"https:\/\/secure.gravatar.com\/avatar\/e0a867bdedb85fd243eadf09663511f96fc81e0720a4a42581f334ad4303aa6b?s=96&d=mm&r=g","contentUrl":"https:\/\/secure.gravatar.com\/avatar\/e0a867bdedb85fd243eadf09663511f96fc81e0720a4a42581f334ad4303aa6b?s=96&d=mm&r=g","caption":"Reda\u00e7\u00e3o"}}]}},"amp_enabled":true,"_links":{"self":[{"href":"https:\/\/www.notibras.com\/site\/wp-json\/wp\/v2\/posts\/14203","targetHints":{"allow":["GET"]}}],"collection":[{"href":"https:\/\/www.notibras.com\/site\/wp-json\/wp\/v2\/posts"}],"about":[{"href":"https:\/\/www.notibras.com\/site\/wp-json\/wp\/v2\/types\/post"}],"author":[{"embeddable":true,"href":"https:\/\/www.notibras.com\/site\/wp-json\/wp\/v2\/users\/2"}],"replies":[{"embeddable":true,"href":"https:\/\/www.notibras.com\/site\/wp-json\/wp\/v2\/comments?post=14203"}],"version-history":[{"count":0,"href":"https:\/\/www.notibras.com\/site\/wp-json\/wp\/v2\/posts\/14203\/revisions"}],"wp:featuredmedia":[{"embeddable":true,"href":"https:\/\/www.notibras.com\/site\/wp-json\/wp\/v2\/media\/14204"}],"wp:attachment":[{"href":"https:\/\/www.notibras.com\/site\/wp-json\/wp\/v2\/media?parent=14203"}],"wp:term":[{"taxonomy":"category","embeddable":true,"href":"https:\/\/www.notibras.com\/site\/wp-json\/wp\/v2\/categories?post=14203"},{"taxonomy":"post_tag","embeddable":true,"href":"https:\/\/www.notibras.com\/site\/wp-json\/wp\/v2\/tags?post=14203"}],"curies":[{"name":"wp","href":"https:\/\/api.w.org\/{rel}","templated":true}]}}