{"id":1421,"date":"2014-02-12T22:13:09","date_gmt":"2014-02-13T01:13:09","guid":{"rendered":"http:\/\/www.notibras.com\/site\/?p=1421"},"modified":"2014-02-12T23:30:12","modified_gmt":"2014-02-13T02:30:12","slug":"camara-vota-aberto-e-donadon-perde-mandato-de-deputado-federal","status":"publish","type":"post","link":"https:\/\/www.notibras.com\/site\/camara-vota-aberto-e-donadon-perde-mandato-de-deputado-federal\/","title":{"rendered":"C\u00e2mara vota aberto e Donadon perde o mandato de deputado"},"content":{"rendered":"<p>Na primeira sess\u00e3o de cassa\u00e7\u00e3o de mandato com voto aberto, a C\u00e2mara aprovou por 467 votos a favor e uma absten\u00e7\u00e3o, a cassa\u00e7\u00e3o do deputado Natan Donadon (sem partido-RO). Para que o mandato seja cassado, \u00e9 necess\u00e1rio maioria absoluta da C\u00e2mara, o que significa um m\u00ednimo de 257 votos. Com a cassa\u00e7\u00e3o,\u00a0 Donadon deixa a vaga de deputado para o suplente, Amir Lando (PMDB-RO), que ser\u00e1 efetivado no cargo.<\/p>\n<p>Desde cedo, havia a expectativa de que Donadon estivesse presente na sess\u00e3o, uma vez que o Tribunal de Justi\u00e7a do Distrito Federal autorizou a sua presen\u00e7a. Ele chegou vestido de branco, roupa usada pelos detentos da Penitenci\u00e1ria da Papuda (DF), e se dirigiu para um local reservado onde trocou de roupa.<\/p>\n<p>O relator do processo de cassa\u00e7\u00e3o, deputado Jos\u00e9 Carlos Ara\u00fajo (PSD-BA), argumentou que houve quebra de decoro porque Donadon, condenado criminalmente\u00a0 a mais de 13 anos de pris\u00e3o, votou contra sua pr\u00f3pria cassa\u00e7\u00e3o. Ara\u00fajo disse ainda que o deputado maculou a imagem da C\u00e2mara dos Deputados ao ter sido algemado e transportado da Penitenci\u00e1ria da Papuda em um cambur\u00e3o. &#8220;O fato de ter sa\u00eddo preso e algemado colocou a C\u00e2mara em situa\u00e7\u00e3o vexat\u00f3ria. N\u00e3o podemos ter um colega deputado cumprindo pena em transitado e julgado&#8221;, disse Ara\u00fajo.<\/p>\n<p>Donadon chegou a falar com jornalistas e disse que se sente injusti\u00e7ado. &#8220;Numa situa\u00e7\u00e3o que sei que o voto \u00e9 aberto, a convic\u00e7\u00e3o da inoc\u00eancia \u00e9 o que me fez vir aqui&#8221;. A defesa de Donadon foi feita por seu advogado, Michel Saliba, que pediu a suspens\u00e3o da cassa\u00e7\u00e3o com o argumento de que o deputado estaria sendo julgado duas vezes pelo mesmo delito.<\/p>\n<p>Somente o deputado Asdrubal Bentes (PMDB-PA) se absteve de votar a favor da cassa\u00e7\u00e3o. O deputado foi condenado, em setembro de 2011, a tr\u00eas anos de pris\u00e3o em regime aberto sob a acusa\u00e7\u00e3o de encaminhar mulheres para cirurgias de laqueadura de trompas em troca de votos na campanha eleitoral de 2004.<\/p>\n<p>Na segunda-feira (10), os advogados do deputado entraram com representa\u00e7\u00e3o pedindo que a vota\u00e7\u00e3o fosse secreta. A solicita\u00e7\u00e3o foi indeferida pelo presidente da C\u00e2mara, Henrique Eduardo Alves (PMDB-RN).<\/p>\n<p>Esta foi a segunda vez que Donadon, que est\u00e1 preso desde junho de 2013, passou pelo processo de cassa\u00e7\u00e3o do mandato. Em agosto do ano passado, em uma vota\u00e7\u00e3o secreta, ficou decidido que Donadon manteria o status de parlamentar. O resultado ocorreu por falta de votos suficientes para a cassa\u00e7\u00e3o (233 a favor e 131 contra).<\/p>\n<p>A absolvi\u00e7\u00e3o gerou um mal-estar no Parlamento e solicita\u00e7\u00f5es de que as vota\u00e7\u00f5es deveriam ser por voto aberto. No mesmo dia, o presidente da C\u00e2mara, Henrique Eduardo Alves, anunciou que n\u00e3o haveria mais vota\u00e7\u00e3o secreta para decidir sobre o mandato de parlamentares condenados. No final do ano passado, a C\u00e2mara abriu nova representa\u00e7\u00e3o contra o deputado. Em dezembro, a Comiss\u00e3o de Constitui\u00e7\u00e3o e Justi\u00e7a aprovou a recomenda\u00e7\u00e3o da cassa\u00e7\u00e3o\u00a0do mandato do parlamentar por quebra de decoro.<\/p>\n<p>Ap\u00f3s a cassa\u00e7\u00e3o de Donadon, Alves disse que a C\u00e2mara cumpriu o seu papel. &#8220;Fizemos nosso papel, a C\u00e2mara hoje cumpriu o seu dever honrando a primeira vota\u00e7\u00e3o com voto aberto na perda de mandato&#8221;, disse.<\/p>\n<p>Em dezembro, o Congresso aprovou uma proposta de emenda \u00e0 Constitui\u00e7\u00e3o, conhecida como PEC do Voto Aberto, que alterou a regra definitivamente desde o final do ano passado.<\/p>\n<p>Natan Donadon est\u00e1 preso desde 28 de junho no Pres\u00eddio da Papuda, em Bras\u00edlia, onde cumpre pena de 13 anos, 4 meses e 10 dias em regime fechado devido \u00e0 condena\u00e7\u00e3o, em 2010, por peculato e forma\u00e7\u00e3o de quadrilha. De acordo com o Supremo Tribunal Federal (STF), o parlamentar desviou R$ 8,4 milh\u00f5es da Assembleia Legislativa de Rond\u00f4nia, onde foi diretor financeiro. Os crimes ocorreram entre 1995 e 1998.<\/p>\n","protected":false},"excerpt":{"rendered":"<p>Na primeira sess\u00e3o de cassa\u00e7\u00e3o de mandato com voto aberto, a C\u00e2mara aprovou por 467 votos a favor e uma absten\u00e7\u00e3o, a cassa\u00e7\u00e3o do deputado Natan Donadon (sem partido-RO). Para que o mandato seja cassado, \u00e9 necess\u00e1rio maioria absoluta da C\u00e2mara, o que significa um m\u00ednimo de 257 votos. Com a cassa\u00e7\u00e3o,\u00a0 Donadon deixa a [&hellip;]<\/p>\n","protected":false},"author":2,"featured_media":1422,"comment_status":"open","ping_status":"closed","sticky":false,"template":"","format":"standard","meta":{"_acf_changed":false,"footnotes":""},"categories":[16],"tags":[],"class_list":["post-1421","post","type-post","status-publish","format-standard","has-post-thumbnail","hentry","category-brasil"],"acf":[],"yoast_head":"<!-- This site is optimized with the Yoast SEO plugin v27.2 - https:\/\/yoast.com\/product\/yoast-seo-wordpress\/ -->\n<title>C\u00e2mara vota aberto e Donadon perde o mandato de deputado - Notibras<\/title>\n<meta name=\"robots\" content=\"index, follow, max-snippet:-1, max-image-preview:large, max-video-preview:-1\" \/>\n<link rel=\"canonical\" href=\"https:\/\/www.notibras.com\/site\/camara-vota-aberto-e-donadon-perde-mandato-de-deputado-federal\/\" \/>\n<meta property=\"og:locale\" content=\"pt_BR\" \/>\n<meta property=\"og:type\" content=\"article\" \/>\n<meta property=\"og:title\" content=\"C\u00e2mara vota aberto e Donadon perde o mandato de deputado - Notibras\" \/>\n<meta property=\"og:description\" content=\"Na primeira sess\u00e3o de cassa\u00e7\u00e3o de mandato com voto aberto, a C\u00e2mara aprovou por 467 votos a favor e uma absten\u00e7\u00e3o, a cassa\u00e7\u00e3o do deputado Natan Donadon (sem partido-RO). Para que o mandato seja cassado, \u00e9 necess\u00e1rio maioria absoluta da C\u00e2mara, o que significa um m\u00ednimo de 257 votos. Com a cassa\u00e7\u00e3o,\u00a0 Donadon deixa a [&hellip;]\" \/>\n<meta property=\"og:url\" content=\"https:\/\/www.notibras.com\/site\/camara-vota-aberto-e-donadon-perde-mandato-de-deputado-federal\/\" \/>\n<meta property=\"og:site_name\" content=\"Notibras\" \/>\n<meta property=\"article:publisher\" content=\"https:\/\/www.facebook.com\/notibras\/\" \/>\n<meta property=\"article:published_time\" content=\"2014-02-13T01:13:09+00:00\" \/>\n<meta property=\"article:modified_time\" content=\"2014-02-13T02:30:12+00:00\" \/>\n<meta property=\"og:image\" content=\"https:\/\/www.notibras.com\/site\/wp-content\/uploads\/2014\/02\/don.jpg\" \/>\n\t<meta property=\"og:image:width\" content=\"619\" \/>\n\t<meta property=\"og:image:height\" content=\"464\" \/>\n\t<meta property=\"og:image:type\" content=\"image\/jpeg\" \/>\n<meta name=\"author\" content=\"Reda\u00e7\u00e3o\" \/>\n<meta name=\"twitter:card\" content=\"summary_large_image\" \/>\n<meta name=\"twitter:creator\" content=\"@Notibras\" \/>\n<meta name=\"twitter:site\" content=\"@Notibras\" \/>\n<meta name=\"twitter:label1\" content=\"Escrito por\" \/>\n\t<meta name=\"twitter:data1\" content=\"Reda\u00e7\u00e3o\" \/>\n\t<meta name=\"twitter:label2\" content=\"Est. tempo de leitura\" \/>\n\t<meta name=\"twitter:data2\" content=\"3 minutos\" \/>\n<script type=\"application\/ld+json\" class=\"yoast-schema-graph\">{\"@context\":\"https:\/\/schema.org\",\"@graph\":[{\"@type\":\"Article\",\"@id\":\"https:\/\/www.notibras.com\/site\/camara-vota-aberto-e-donadon-perde-mandato-de-deputado-federal\/#article\",\"isPartOf\":{\"@id\":\"https:\/\/www.notibras.com\/site\/camara-vota-aberto-e-donadon-perde-mandato-de-deputado-federal\/\"},\"author\":{\"name\":\"Reda\u00e7\u00e3o\",\"@id\":\"https:\/\/www.notibras.com\/site\/#\/schema\/person\/36ab0979449956132d3e5b517ea76ac8\"},\"headline\":\"C\u00e2mara vota aberto e Donadon perde o mandato de deputado\",\"datePublished\":\"2014-02-13T01:13:09+00:00\",\"dateModified\":\"2014-02-13T02:30:12+00:00\",\"mainEntityOfPage\":{\"@id\":\"https:\/\/www.notibras.com\/site\/camara-vota-aberto-e-donadon-perde-mandato-de-deputado-federal\/\"},\"wordCount\":675,\"commentCount\":0,\"publisher\":{\"@id\":\"https:\/\/www.notibras.com\/site\/#organization\"},\"image\":{\"@id\":\"https:\/\/www.notibras.com\/site\/camara-vota-aberto-e-donadon-perde-mandato-de-deputado-federal\/#primaryimage\"},\"thumbnailUrl\":\"https:\/\/www.notibras.com\/site\/wp-content\/uploads\/2014\/02\/don.jpg\",\"articleSection\":[\"Brasil\"],\"inLanguage\":\"pt-BR\",\"potentialAction\":[{\"@type\":\"CommentAction\",\"name\":\"Comment\",\"target\":[\"https:\/\/www.notibras.com\/site\/camara-vota-aberto-e-donadon-perde-mandato-de-deputado-federal\/#respond\"]}]},{\"@type\":\"WebPage\",\"@id\":\"https:\/\/www.notibras.com\/site\/camara-vota-aberto-e-donadon-perde-mandato-de-deputado-federal\/\",\"url\":\"https:\/\/www.notibras.com\/site\/camara-vota-aberto-e-donadon-perde-mandato-de-deputado-federal\/\",\"name\":\"C\u00e2mara vota aberto e Donadon perde o mandato de deputado - Notibras\",\"isPartOf\":{\"@id\":\"https:\/\/www.notibras.com\/site\/#website\"},\"primaryImageOfPage\":{\"@id\":\"https:\/\/www.notibras.com\/site\/camara-vota-aberto-e-donadon-perde-mandato-de-deputado-federal\/#primaryimage\"},\"image\":{\"@id\":\"https:\/\/www.notibras.com\/site\/camara-vota-aberto-e-donadon-perde-mandato-de-deputado-federal\/#primaryimage\"},\"thumbnailUrl\":\"https:\/\/www.notibras.com\/site\/wp-content\/uploads\/2014\/02\/don.jpg\",\"datePublished\":\"2014-02-13T01:13:09+00:00\",\"dateModified\":\"2014-02-13T02:30:12+00:00\",\"breadcrumb\":{\"@id\":\"https:\/\/www.notibras.com\/site\/camara-vota-aberto-e-donadon-perde-mandato-de-deputado-federal\/#breadcrumb\"},\"inLanguage\":\"pt-BR\",\"potentialAction\":[{\"@type\":\"ReadAction\",\"target\":[\"https:\/\/www.notibras.com\/site\/camara-vota-aberto-e-donadon-perde-mandato-de-deputado-federal\/\"]}]},{\"@type\":\"ImageObject\",\"inLanguage\":\"pt-BR\",\"@id\":\"https:\/\/www.notibras.com\/site\/camara-vota-aberto-e-donadon-perde-mandato-de-deputado-federal\/#primaryimage\",\"url\":\"https:\/\/www.notibras.com\/site\/wp-content\/uploads\/2014\/02\/don.jpg\",\"contentUrl\":\"https:\/\/www.notibras.com\/site\/wp-content\/uploads\/2014\/02\/don.jpg\",\"width\":619,\"height\":464},{\"@type\":\"BreadcrumbList\",\"@id\":\"https:\/\/www.notibras.com\/site\/camara-vota-aberto-e-donadon-perde-mandato-de-deputado-federal\/#breadcrumb\",\"itemListElement\":[{\"@type\":\"ListItem\",\"position\":1,\"name\":\"In\u00edcio\",\"item\":\"https:\/\/www.notibras.com\/site\/\"},{\"@type\":\"ListItem\",\"position\":2,\"name\":\"C\u00e2mara vota aberto e Donadon perde o mandato de deputado\"}]},{\"@type\":\"WebSite\",\"@id\":\"https:\/\/www.notibras.com\/site\/#website\",\"url\":\"https:\/\/www.notibras.com\/site\/\",\"name\":\"Notibras\",\"description\":\"Not\u00edcias de Bras\u00edlia, do Brasil e do Mundo\",\"publisher\":{\"@id\":\"https:\/\/www.notibras.com\/site\/#organization\"},\"potentialAction\":[{\"@type\":\"SearchAction\",\"target\":{\"@type\":\"EntryPoint\",\"urlTemplate\":\"https:\/\/www.notibras.com\/site\/?s={search_term_string}\"},\"query-input\":{\"@type\":\"PropertyValueSpecification\",\"valueRequired\":true,\"valueName\":\"search_term_string\"}}],\"inLanguage\":\"pt-BR\"},{\"@type\":\"Organization\",\"@id\":\"https:\/\/www.notibras.com\/site\/#organization\",\"name\":\"Grupo Notibras de Comunica\u00e7\u00e3o\",\"url\":\"https:\/\/www.notibras.com\/site\/\",\"logo\":{\"@type\":\"ImageObject\",\"inLanguage\":\"pt-BR\",\"@id\":\"https:\/\/www.notibras.com\/site\/#\/schema\/logo\/image\/\",\"url\":\"https:\/\/www.notibras.com\/site\/wp-content\/uploads\/2023\/01\/notibras23.png\",\"contentUrl\":\"https:\/\/www.notibras.com\/site\/wp-content\/uploads\/2023\/01\/notibras23.png\",\"width\":350,\"height\":87,\"caption\":\"Grupo Notibras de Comunica\u00e7\u00e3o\"},\"image\":{\"@id\":\"https:\/\/www.notibras.com\/site\/#\/schema\/logo\/image\/\"},\"sameAs\":[\"https:\/\/www.facebook.com\/notibras\/\",\"https:\/\/x.com\/Notibras\",\"https:\/\/www.instagram.com\/notibras\/\"]},{\"@type\":\"Person\",\"@id\":\"https:\/\/www.notibras.com\/site\/#\/schema\/person\/36ab0979449956132d3e5b517ea76ac8\",\"name\":\"Reda\u00e7\u00e3o\",\"image\":{\"@type\":\"ImageObject\",\"inLanguage\":\"pt-BR\",\"@id\":\"https:\/\/secure.gravatar.com\/avatar\/e0a867bdedb85fd243eadf09663511f96fc81e0720a4a42581f334ad4303aa6b?s=96&d=mm&r=g\",\"url\":\"https:\/\/secure.gravatar.com\/avatar\/e0a867bdedb85fd243eadf09663511f96fc81e0720a4a42581f334ad4303aa6b?s=96&d=mm&r=g\",\"contentUrl\":\"https:\/\/secure.gravatar.com\/avatar\/e0a867bdedb85fd243eadf09663511f96fc81e0720a4a42581f334ad4303aa6b?s=96&d=mm&r=g\",\"caption\":\"Reda\u00e7\u00e3o\"}}]}<\/script>\n<!-- \/ Yoast SEO plugin. -->","yoast_head_json":{"title":"C\u00e2mara vota aberto e Donadon perde o mandato de deputado - Notibras","robots":{"index":"index","follow":"follow","max-snippet":"max-snippet:-1","max-image-preview":"max-image-preview:large","max-video-preview":"max-video-preview:-1"},"canonical":"https:\/\/www.notibras.com\/site\/camara-vota-aberto-e-donadon-perde-mandato-de-deputado-federal\/","og_locale":"pt_BR","og_type":"article","og_title":"C\u00e2mara vota aberto e Donadon perde o mandato de deputado - Notibras","og_description":"Na primeira sess\u00e3o de cassa\u00e7\u00e3o de mandato com voto aberto, a C\u00e2mara aprovou por 467 votos a favor e uma absten\u00e7\u00e3o, a cassa\u00e7\u00e3o do deputado Natan Donadon (sem partido-RO). Para que o mandato seja cassado, \u00e9 necess\u00e1rio maioria absoluta da C\u00e2mara, o que significa um m\u00ednimo de 257 votos. Com a cassa\u00e7\u00e3o,\u00a0 Donadon deixa a [&hellip;]","og_url":"https:\/\/www.notibras.com\/site\/camara-vota-aberto-e-donadon-perde-mandato-de-deputado-federal\/","og_site_name":"Notibras","article_publisher":"https:\/\/www.facebook.com\/notibras\/","article_published_time":"2014-02-13T01:13:09+00:00","article_modified_time":"2014-02-13T02:30:12+00:00","og_image":[{"width":619,"height":464,"url":"https:\/\/www.notibras.com\/site\/wp-content\/uploads\/2014\/02\/don.jpg","type":"image\/jpeg"}],"author":"Reda\u00e7\u00e3o","twitter_card":"summary_large_image","twitter_creator":"@Notibras","twitter_site":"@Notibras","twitter_misc":{"Escrito por":"Reda\u00e7\u00e3o","Est. tempo de leitura":"3 minutos"},"schema":{"@context":"https:\/\/schema.org","@graph":[{"@type":"Article","@id":"https:\/\/www.notibras.com\/site\/camara-vota-aberto-e-donadon-perde-mandato-de-deputado-federal\/#article","isPartOf":{"@id":"https:\/\/www.notibras.com\/site\/camara-vota-aberto-e-donadon-perde-mandato-de-deputado-federal\/"},"author":{"name":"Reda\u00e7\u00e3o","@id":"https:\/\/www.notibras.com\/site\/#\/schema\/person\/36ab0979449956132d3e5b517ea76ac8"},"headline":"C\u00e2mara vota aberto e Donadon perde o mandato de deputado","datePublished":"2014-02-13T01:13:09+00:00","dateModified":"2014-02-13T02:30:12+00:00","mainEntityOfPage":{"@id":"https:\/\/www.notibras.com\/site\/camara-vota-aberto-e-donadon-perde-mandato-de-deputado-federal\/"},"wordCount":675,"commentCount":0,"publisher":{"@id":"https:\/\/www.notibras.com\/site\/#organization"},"image":{"@id":"https:\/\/www.notibras.com\/site\/camara-vota-aberto-e-donadon-perde-mandato-de-deputado-federal\/#primaryimage"},"thumbnailUrl":"https:\/\/www.notibras.com\/site\/wp-content\/uploads\/2014\/02\/don.jpg","articleSection":["Brasil"],"inLanguage":"pt-BR","potentialAction":[{"@type":"CommentAction","name":"Comment","target":["https:\/\/www.notibras.com\/site\/camara-vota-aberto-e-donadon-perde-mandato-de-deputado-federal\/#respond"]}]},{"@type":"WebPage","@id":"https:\/\/www.notibras.com\/site\/camara-vota-aberto-e-donadon-perde-mandato-de-deputado-federal\/","url":"https:\/\/www.notibras.com\/site\/camara-vota-aberto-e-donadon-perde-mandato-de-deputado-federal\/","name":"C\u00e2mara vota aberto e Donadon perde o mandato de deputado - Notibras","isPartOf":{"@id":"https:\/\/www.notibras.com\/site\/#website"},"primaryImageOfPage":{"@id":"https:\/\/www.notibras.com\/site\/camara-vota-aberto-e-donadon-perde-mandato-de-deputado-federal\/#primaryimage"},"image":{"@id":"https:\/\/www.notibras.com\/site\/camara-vota-aberto-e-donadon-perde-mandato-de-deputado-federal\/#primaryimage"},"thumbnailUrl":"https:\/\/www.notibras.com\/site\/wp-content\/uploads\/2014\/02\/don.jpg","datePublished":"2014-02-13T01:13:09+00:00","dateModified":"2014-02-13T02:30:12+00:00","breadcrumb":{"@id":"https:\/\/www.notibras.com\/site\/camara-vota-aberto-e-donadon-perde-mandato-de-deputado-federal\/#breadcrumb"},"inLanguage":"pt-BR","potentialAction":[{"@type":"ReadAction","target":["https:\/\/www.notibras.com\/site\/camara-vota-aberto-e-donadon-perde-mandato-de-deputado-federal\/"]}]},{"@type":"ImageObject","inLanguage":"pt-BR","@id":"https:\/\/www.notibras.com\/site\/camara-vota-aberto-e-donadon-perde-mandato-de-deputado-federal\/#primaryimage","url":"https:\/\/www.notibras.com\/site\/wp-content\/uploads\/2014\/02\/don.jpg","contentUrl":"https:\/\/www.notibras.com\/site\/wp-content\/uploads\/2014\/02\/don.jpg","width":619,"height":464},{"@type":"BreadcrumbList","@id":"https:\/\/www.notibras.com\/site\/camara-vota-aberto-e-donadon-perde-mandato-de-deputado-federal\/#breadcrumb","itemListElement":[{"@type":"ListItem","position":1,"name":"In\u00edcio","item":"https:\/\/www.notibras.com\/site\/"},{"@type":"ListItem","position":2,"name":"C\u00e2mara vota aberto e Donadon perde o mandato de deputado"}]},{"@type":"WebSite","@id":"https:\/\/www.notibras.com\/site\/#website","url":"https:\/\/www.notibras.com\/site\/","name":"Notibras","description":"Not\u00edcias de Bras\u00edlia, do Brasil e do Mundo","publisher":{"@id":"https:\/\/www.notibras.com\/site\/#organization"},"potentialAction":[{"@type":"SearchAction","target":{"@type":"EntryPoint","urlTemplate":"https:\/\/www.notibras.com\/site\/?s={search_term_string}"},"query-input":{"@type":"PropertyValueSpecification","valueRequired":true,"valueName":"search_term_string"}}],"inLanguage":"pt-BR"},{"@type":"Organization","@id":"https:\/\/www.notibras.com\/site\/#organization","name":"Grupo Notibras de Comunica\u00e7\u00e3o","url":"https:\/\/www.notibras.com\/site\/","logo":{"@type":"ImageObject","inLanguage":"pt-BR","@id":"https:\/\/www.notibras.com\/site\/#\/schema\/logo\/image\/","url":"https:\/\/www.notibras.com\/site\/wp-content\/uploads\/2023\/01\/notibras23.png","contentUrl":"https:\/\/www.notibras.com\/site\/wp-content\/uploads\/2023\/01\/notibras23.png","width":350,"height":87,"caption":"Grupo Notibras de Comunica\u00e7\u00e3o"},"image":{"@id":"https:\/\/www.notibras.com\/site\/#\/schema\/logo\/image\/"},"sameAs":["https:\/\/www.facebook.com\/notibras\/","https:\/\/x.com\/Notibras","https:\/\/www.instagram.com\/notibras\/"]},{"@type":"Person","@id":"https:\/\/www.notibras.com\/site\/#\/schema\/person\/36ab0979449956132d3e5b517ea76ac8","name":"Reda\u00e7\u00e3o","image":{"@type":"ImageObject","inLanguage":"pt-BR","@id":"https:\/\/secure.gravatar.com\/avatar\/e0a867bdedb85fd243eadf09663511f96fc81e0720a4a42581f334ad4303aa6b?s=96&d=mm&r=g","url":"https:\/\/secure.gravatar.com\/avatar\/e0a867bdedb85fd243eadf09663511f96fc81e0720a4a42581f334ad4303aa6b?s=96&d=mm&r=g","contentUrl":"https:\/\/secure.gravatar.com\/avatar\/e0a867bdedb85fd243eadf09663511f96fc81e0720a4a42581f334ad4303aa6b?s=96&d=mm&r=g","caption":"Reda\u00e7\u00e3o"}}]}},"amp_enabled":true,"_links":{"self":[{"href":"https:\/\/www.notibras.com\/site\/wp-json\/wp\/v2\/posts\/1421","targetHints":{"allow":["GET"]}}],"collection":[{"href":"https:\/\/www.notibras.com\/site\/wp-json\/wp\/v2\/posts"}],"about":[{"href":"https:\/\/www.notibras.com\/site\/wp-json\/wp\/v2\/types\/post"}],"author":[{"embeddable":true,"href":"https:\/\/www.notibras.com\/site\/wp-json\/wp\/v2\/users\/2"}],"replies":[{"embeddable":true,"href":"https:\/\/www.notibras.com\/site\/wp-json\/wp\/v2\/comments?post=1421"}],"version-history":[{"count":0,"href":"https:\/\/www.notibras.com\/site\/wp-json\/wp\/v2\/posts\/1421\/revisions"}],"wp:featuredmedia":[{"embeddable":true,"href":"https:\/\/www.notibras.com\/site\/wp-json\/wp\/v2\/media\/1422"}],"wp:attachment":[{"href":"https:\/\/www.notibras.com\/site\/wp-json\/wp\/v2\/media?parent=1421"}],"wp:term":[{"taxonomy":"category","embeddable":true,"href":"https:\/\/www.notibras.com\/site\/wp-json\/wp\/v2\/categories?post=1421"},{"taxonomy":"post_tag","embeddable":true,"href":"https:\/\/www.notibras.com\/site\/wp-json\/wp\/v2\/tags?post=1421"}],"curies":[{"name":"wp","href":"https:\/\/api.w.org\/{rel}","templated":true}]}}