{"id":14248,"date":"2014-06-24T15:59:40","date_gmt":"2014-06-24T18:59:40","guid":{"rendered":"http:\/\/www.notibras.com\/site\/?p=14248"},"modified":"2014-06-24T19:22:43","modified_gmt":"2014-06-24T22:22:43","slug":"italia-perde-marchisio-o-jogo-para-o-uruguai-1x0-e-a-vaga-nas-oitavas","status":"publish","type":"post","link":"https:\/\/www.notibras.com\/site\/italia-perde-marchisio-o-jogo-para-o-uruguai-1x0-e-a-vaga-nas-oitavas\/","title":{"rendered":"It\u00e1lia perde Marchisio, o jogo para o Uruguai e a vaga nas oitavas"},"content":{"rendered":"<p>A sele\u00e7\u00e3o do Uruguai, que estreou na Copa dfa Fifa perdendo para a Costa Rica, deu a volta por cima e garantiu a classifica\u00e7\u00e3o para as oitavas de final, ao vencer a It\u00e1lia, nesta ter\u00e7a-feira 23, por 1 a 0, na Arena das Dunas, em Natal. Com o resultado, os italianos &#8211; campe\u00f5es mundiais, como os uruguaios &#8211; voltam para casa mais cedo.<\/p>\n<p>A &#8216;Celeste&#8217; chegou a seis pontos e avan\u00e7ou em segundo lugar no grupo D, junto com a Costa Rica, que hoje empatou sem gols com a j\u00e1 eliminada Inglaterra e terminou em primeiro, com sete pontos.<\/p>\n<blockquote><p>Na pr\u00f3xima fase, os uruguaios v\u00e3o reencontrar o Maracan\u00e3 em uma Copa do Mundo. Da \u00faltima vez que jogaram no m\u00edtico est\u00e1dio pelo torneio, cravaram uma espinha na garganta dos brasileiros ao vencerem a final da edi\u00e7\u00e3o de 1950 &#8211; o famoso &#8216;Maracanazo&#8217;.<\/p><\/blockquote>\n<p>Desta vez, no s\u00e1bado, o advers\u00e1rio ser\u00e1 o primeiro colocado do grupo C, composto por Col\u00f4mbia, Costa do Marfim, Jap\u00e3o e Gr\u00e9cia.<\/p>\n<p>J\u00e1 a Costa Rica vai enfrentar quem ficar em segundo no grupo C no domingo, no Recife.<\/p>\n<p>As equipes fizeram a partida que se esperava: tensa, nervosa, disputada a cada lance e com pol\u00eamicas. O confronto\u00a0que culminaria na classifica\u00e7\u00e3o \u00e0 pr\u00f3xima fase de apenas um dos dois campe\u00f5es mundiais teve a marca\u00e7\u00e3o dos dois times com muito mais destaque do que os ataques, mas os europeus sofreram com a expuls\u00e3o de um jogador no segundo tempo e foram eliminadas com gol no fim do segundo tempo.<\/p>\n<p>Para o duelo decisivo, a It\u00e1lia veio com uma novidade ofensiva: Immobile apareceu entre os titulares ao lado de Balotelli no ataque, mas mesmo assim a primeira etapa n\u00e3o apresentou grandes lances de perigo. A tens\u00e3o da partida era latente e as marca\u00e7\u00f5es das duas equipes se destacaram muito mais do que as pe\u00e7as ofensivas. Precavidos, ambos os times evitaram for\u00e7ar uma press\u00e3o sobre o advers\u00e1rio nos primeiros 45 minutos.<\/p>\n<p class=\"text\">De fato, a etapa inicial teve apenas uma boa chance para cada lado. A It\u00e1lia chegou com cobran\u00e7a de falta de Pirlo aos 10min que deu trabalho para o goleiro Muslera. J\u00e1 o Uruguai teve a melhor chance da partida aos 30min: Lodeiro tabelo com Su\u00e1rez, que foi abafado por Buffon na sa\u00edda do goleiro \u2013 na sequ\u00eancia, o agora corintiano tamb\u00e9m conclui para defesa do goleiro.<\/p>\n<p class=\"text\">A etapa final voltou com uma escala\u00e7\u00e3o mais precavida dos italianos, que sacaram Balotelli para a entrada do meio-campista Parolo \u2013 o Uruguai, que reclamou p\u00eanalti em Cavani logo aos 5min, tirou Lodeiro para a entrada de Maxi Pereira. No primeiro lance de perigo do segundo tempo, Rodr\u00edguez tabelo com Su\u00e1rez aos 11min, mas o atacante uruguaio concluiu para foro na sa\u00edda de Buffon.<\/p>\n<blockquote>\n<p class=\"text\">A situa\u00e7\u00e3o dos italianos ficou mais complicada aos 13min: o meio-campista italiano Marchisio fez dividida forte com Ar\u00e9valo Rios e o \u00e1rbitro entendeu o lance como pass\u00edvel de expuls\u00e3o. Com um a mais, o Uruguai colocou o atacante Stuani na vaga do lateral Alvaro Pereira e se jogou ao ataque em busca de um gol que daria a classifica\u00e7\u00e3o. Aos 19min, Su\u00e1rez concluiu chute \u00e0 queima-roupa para defesa espetacular de Buffon, que mandou a escanteio.<\/p>\n<\/blockquote>\n<p class=\"text\">O confronto virou um duelo de ataque contra defesa, mas o Uruguai encontrava trabalho na barreira italiana. Aos 34min, o atacante Su\u00e1rez desferiu uma mordida em Chiellinim a exemplo do que j\u00e1 fez na Inglaterra, mas o \u00e1rbitro nada viu. No minuto seguinte, apareceu God\u00edn: em temporada incr\u00edvel, o zagueiro do Atl\u00e9tico de Madrid subiu mais que a zaga italiana para mandar par a rede ap\u00f3s cobran\u00e7a de escanteio.<\/p>\n<p>Ap\u00f3s o gol, os uruguaios se fecharam no campo de defesa e a It\u00e1lia se jogou ao ataque. Mesmo com um a menos, pressionou de todas as formas o empate, que daria a classifica\u00e7\u00e3o \u00e0s oitavas da Copa. Com ra\u00e7a, o Uruguai conteve de todas as formas o ataque italiano e ainda desperdi\u00e7ou contra-ataques para, enfim, comemorar a inesquec\u00edvel classifica\u00e7\u00e3o em solo brasileiro, de tantas mem\u00f3rias para o time celeste.\u00a0 <strong><br \/>\n<\/strong><\/p>\n","protected":false},"excerpt":{"rendered":"<p>A sele\u00e7\u00e3o do Uruguai, que estreou na Copa dfa Fifa perdendo para a Costa Rica, deu a volta por cima e garantiu a classifica\u00e7\u00e3o para as oitavas de final, ao vencer a It\u00e1lia, nesta ter\u00e7a-feira 23, por 1 a 0, na Arena das Dunas, em Natal. Com o resultado, os italianos &#8211; campe\u00f5es mundiais, como [&hellip;]<\/p>\n","protected":false},"author":2,"featured_media":14249,"comment_status":"open","ping_status":"closed","sticky":false,"template":"","format":"standard","meta":{"_acf_changed":false,"footnotes":""},"categories":[19],"tags":[],"class_list":["post-14248","post","type-post","status-publish","format-standard","has-post-thumbnail","hentry","category-esportes"],"acf":[],"yoast_head":"<!-- This site is optimized with the Yoast SEO plugin v27.2 - https:\/\/yoast.com\/product\/yoast-seo-wordpress\/ -->\n<title>It\u00e1lia perde Marchisio, o jogo para o Uruguai e a vaga nas oitavas - Notibras<\/title>\n<meta name=\"robots\" content=\"index, follow, max-snippet:-1, max-image-preview:large, max-video-preview:-1\" \/>\n<link rel=\"canonical\" href=\"https:\/\/www.notibras.com\/site\/italia-perde-marchisio-o-jogo-para-o-uruguai-1x0-e-a-vaga-nas-oitavas\/\" \/>\n<meta property=\"og:locale\" content=\"pt_BR\" \/>\n<meta property=\"og:type\" content=\"article\" \/>\n<meta property=\"og:title\" content=\"It\u00e1lia perde Marchisio, o jogo para o Uruguai e a vaga nas oitavas - Notibras\" \/>\n<meta property=\"og:description\" content=\"A sele\u00e7\u00e3o do Uruguai, que estreou na Copa dfa Fifa perdendo para a Costa Rica, deu a volta por cima e garantiu a classifica\u00e7\u00e3o para as oitavas de final, ao vencer a It\u00e1lia, nesta ter\u00e7a-feira 23, por 1 a 0, na Arena das Dunas, em Natal. Com o resultado, os italianos &#8211; campe\u00f5es mundiais, como [&hellip;]\" \/>\n<meta property=\"og:url\" content=\"https:\/\/www.notibras.com\/site\/italia-perde-marchisio-o-jogo-para-o-uruguai-1x0-e-a-vaga-nas-oitavas\/\" \/>\n<meta property=\"og:site_name\" content=\"Notibras\" \/>\n<meta property=\"article:publisher\" content=\"https:\/\/www.facebook.com\/notibras\/\" \/>\n<meta property=\"article:published_time\" content=\"2014-06-24T18:59:40+00:00\" \/>\n<meta property=\"article:modified_time\" content=\"2014-06-24T22:22:43+00:00\" \/>\n<meta property=\"og:image\" content=\"https:\/\/www.notibras.com\/site\/wp-content\/uploads\/2014\/06\/27jogoitaliauruguaireuters.jpg\" \/>\n\t<meta property=\"og:image:width\" content=\"2200\" \/>\n\t<meta property=\"og:image:height\" content=\"1654\" \/>\n\t<meta property=\"og:image:type\" content=\"image\/jpeg\" \/>\n<meta name=\"author\" content=\"Reda\u00e7\u00e3o\" \/>\n<meta name=\"twitter:card\" content=\"summary_large_image\" \/>\n<meta name=\"twitter:creator\" content=\"@Notibras\" \/>\n<meta name=\"twitter:site\" content=\"@Notibras\" \/>\n<meta name=\"twitter:label1\" content=\"Escrito por\" \/>\n\t<meta name=\"twitter:data1\" content=\"Reda\u00e7\u00e3o\" \/>\n\t<meta name=\"twitter:label2\" content=\"Est. tempo de leitura\" \/>\n\t<meta name=\"twitter:data2\" content=\"4 minutos\" \/>\n<script type=\"application\/ld+json\" class=\"yoast-schema-graph\">{\"@context\":\"https:\/\/schema.org\",\"@graph\":[{\"@type\":\"Article\",\"@id\":\"https:\/\/www.notibras.com\/site\/italia-perde-marchisio-o-jogo-para-o-uruguai-1x0-e-a-vaga-nas-oitavas\/#article\",\"isPartOf\":{\"@id\":\"https:\/\/www.notibras.com\/site\/italia-perde-marchisio-o-jogo-para-o-uruguai-1x0-e-a-vaga-nas-oitavas\/\"},\"author\":{\"name\":\"Reda\u00e7\u00e3o\",\"@id\":\"https:\/\/www.notibras.com\/site\/#\/schema\/person\/36ab0979449956132d3e5b517ea76ac8\"},\"headline\":\"It\u00e1lia perde Marchisio, o jogo para o Uruguai e a vaga nas oitavas\",\"datePublished\":\"2014-06-24T18:59:40+00:00\",\"dateModified\":\"2014-06-24T22:22:43+00:00\",\"mainEntityOfPage\":{\"@id\":\"https:\/\/www.notibras.com\/site\/italia-perde-marchisio-o-jogo-para-o-uruguai-1x0-e-a-vaga-nas-oitavas\/\"},\"wordCount\":732,\"commentCount\":0,\"publisher\":{\"@id\":\"https:\/\/www.notibras.com\/site\/#organization\"},\"image\":{\"@id\":\"https:\/\/www.notibras.com\/site\/italia-perde-marchisio-o-jogo-para-o-uruguai-1x0-e-a-vaga-nas-oitavas\/#primaryimage\"},\"thumbnailUrl\":\"https:\/\/www.notibras.com\/site\/wp-content\/uploads\/2014\/06\/27jogoitaliauruguaireuters.jpg\",\"articleSection\":[\"Esportes\"],\"inLanguage\":\"pt-BR\",\"potentialAction\":[{\"@type\":\"CommentAction\",\"name\":\"Comment\",\"target\":[\"https:\/\/www.notibras.com\/site\/italia-perde-marchisio-o-jogo-para-o-uruguai-1x0-e-a-vaga-nas-oitavas\/#respond\"]}]},{\"@type\":\"WebPage\",\"@id\":\"https:\/\/www.notibras.com\/site\/italia-perde-marchisio-o-jogo-para-o-uruguai-1x0-e-a-vaga-nas-oitavas\/\",\"url\":\"https:\/\/www.notibras.com\/site\/italia-perde-marchisio-o-jogo-para-o-uruguai-1x0-e-a-vaga-nas-oitavas\/\",\"name\":\"It\u00e1lia perde Marchisio, o jogo para o Uruguai e a vaga nas oitavas - Notibras\",\"isPartOf\":{\"@id\":\"https:\/\/www.notibras.com\/site\/#website\"},\"primaryImageOfPage\":{\"@id\":\"https:\/\/www.notibras.com\/site\/italia-perde-marchisio-o-jogo-para-o-uruguai-1x0-e-a-vaga-nas-oitavas\/#primaryimage\"},\"image\":{\"@id\":\"https:\/\/www.notibras.com\/site\/italia-perde-marchisio-o-jogo-para-o-uruguai-1x0-e-a-vaga-nas-oitavas\/#primaryimage\"},\"thumbnailUrl\":\"https:\/\/www.notibras.com\/site\/wp-content\/uploads\/2014\/06\/27jogoitaliauruguaireuters.jpg\",\"datePublished\":\"2014-06-24T18:59:40+00:00\",\"dateModified\":\"2014-06-24T22:22:43+00:00\",\"breadcrumb\":{\"@id\":\"https:\/\/www.notibras.com\/site\/italia-perde-marchisio-o-jogo-para-o-uruguai-1x0-e-a-vaga-nas-oitavas\/#breadcrumb\"},\"inLanguage\":\"pt-BR\",\"potentialAction\":[{\"@type\":\"ReadAction\",\"target\":[\"https:\/\/www.notibras.com\/site\/italia-perde-marchisio-o-jogo-para-o-uruguai-1x0-e-a-vaga-nas-oitavas\/\"]}]},{\"@type\":\"ImageObject\",\"inLanguage\":\"pt-BR\",\"@id\":\"https:\/\/www.notibras.com\/site\/italia-perde-marchisio-o-jogo-para-o-uruguai-1x0-e-a-vaga-nas-oitavas\/#primaryimage\",\"url\":\"https:\/\/www.notibras.com\/site\/wp-content\/uploads\/2014\/06\/27jogoitaliauruguaireuters.jpg\",\"contentUrl\":\"https:\/\/www.notibras.com\/site\/wp-content\/uploads\/2014\/06\/27jogoitaliauruguaireuters.jpg\",\"width\":2200,\"height\":1654},{\"@type\":\"BreadcrumbList\",\"@id\":\"https:\/\/www.notibras.com\/site\/italia-perde-marchisio-o-jogo-para-o-uruguai-1x0-e-a-vaga-nas-oitavas\/#breadcrumb\",\"itemListElement\":[{\"@type\":\"ListItem\",\"position\":1,\"name\":\"In\u00edcio\",\"item\":\"https:\/\/www.notibras.com\/site\/\"},{\"@type\":\"ListItem\",\"position\":2,\"name\":\"It\u00e1lia perde Marchisio, o jogo para o Uruguai e a vaga nas oitavas\"}]},{\"@type\":\"WebSite\",\"@id\":\"https:\/\/www.notibras.com\/site\/#website\",\"url\":\"https:\/\/www.notibras.com\/site\/\",\"name\":\"Notibras\",\"description\":\"Not\u00edcias de Bras\u00edlia, do Brasil e do Mundo\",\"publisher\":{\"@id\":\"https:\/\/www.notibras.com\/site\/#organization\"},\"potentialAction\":[{\"@type\":\"SearchAction\",\"target\":{\"@type\":\"EntryPoint\",\"urlTemplate\":\"https:\/\/www.notibras.com\/site\/?s={search_term_string}\"},\"query-input\":{\"@type\":\"PropertyValueSpecification\",\"valueRequired\":true,\"valueName\":\"search_term_string\"}}],\"inLanguage\":\"pt-BR\"},{\"@type\":\"Organization\",\"@id\":\"https:\/\/www.notibras.com\/site\/#organization\",\"name\":\"Grupo Notibras de Comunica\u00e7\u00e3o\",\"url\":\"https:\/\/www.notibras.com\/site\/\",\"logo\":{\"@type\":\"ImageObject\",\"inLanguage\":\"pt-BR\",\"@id\":\"https:\/\/www.notibras.com\/site\/#\/schema\/logo\/image\/\",\"url\":\"https:\/\/www.notibras.com\/site\/wp-content\/uploads\/2023\/01\/notibras23.png\",\"contentUrl\":\"https:\/\/www.notibras.com\/site\/wp-content\/uploads\/2023\/01\/notibras23.png\",\"width\":350,\"height\":87,\"caption\":\"Grupo Notibras de Comunica\u00e7\u00e3o\"},\"image\":{\"@id\":\"https:\/\/www.notibras.com\/site\/#\/schema\/logo\/image\/\"},\"sameAs\":[\"https:\/\/www.facebook.com\/notibras\/\",\"https:\/\/x.com\/Notibras\",\"https:\/\/www.instagram.com\/notibras\/\"]},{\"@type\":\"Person\",\"@id\":\"https:\/\/www.notibras.com\/site\/#\/schema\/person\/36ab0979449956132d3e5b517ea76ac8\",\"name\":\"Reda\u00e7\u00e3o\",\"image\":{\"@type\":\"ImageObject\",\"inLanguage\":\"pt-BR\",\"@id\":\"https:\/\/secure.gravatar.com\/avatar\/e0a867bdedb85fd243eadf09663511f96fc81e0720a4a42581f334ad4303aa6b?s=96&d=mm&r=g\",\"url\":\"https:\/\/secure.gravatar.com\/avatar\/e0a867bdedb85fd243eadf09663511f96fc81e0720a4a42581f334ad4303aa6b?s=96&d=mm&r=g\",\"contentUrl\":\"https:\/\/secure.gravatar.com\/avatar\/e0a867bdedb85fd243eadf09663511f96fc81e0720a4a42581f334ad4303aa6b?s=96&d=mm&r=g\",\"caption\":\"Reda\u00e7\u00e3o\"}}]}<\/script>\n<!-- \/ Yoast SEO plugin. -->","yoast_head_json":{"title":"It\u00e1lia perde Marchisio, o jogo para o Uruguai e a vaga nas oitavas - Notibras","robots":{"index":"index","follow":"follow","max-snippet":"max-snippet:-1","max-image-preview":"max-image-preview:large","max-video-preview":"max-video-preview:-1"},"canonical":"https:\/\/www.notibras.com\/site\/italia-perde-marchisio-o-jogo-para-o-uruguai-1x0-e-a-vaga-nas-oitavas\/","og_locale":"pt_BR","og_type":"article","og_title":"It\u00e1lia perde Marchisio, o jogo para o Uruguai e a vaga nas oitavas - Notibras","og_description":"A sele\u00e7\u00e3o do Uruguai, que estreou na Copa dfa Fifa perdendo para a Costa Rica, deu a volta por cima e garantiu a classifica\u00e7\u00e3o para as oitavas de final, ao vencer a It\u00e1lia, nesta ter\u00e7a-feira 23, por 1 a 0, na Arena das Dunas, em Natal. Com o resultado, os italianos &#8211; campe\u00f5es mundiais, como [&hellip;]","og_url":"https:\/\/www.notibras.com\/site\/italia-perde-marchisio-o-jogo-para-o-uruguai-1x0-e-a-vaga-nas-oitavas\/","og_site_name":"Notibras","article_publisher":"https:\/\/www.facebook.com\/notibras\/","article_published_time":"2014-06-24T18:59:40+00:00","article_modified_time":"2014-06-24T22:22:43+00:00","og_image":[{"width":2200,"height":1654,"url":"https:\/\/www.notibras.com\/site\/wp-content\/uploads\/2014\/06\/27jogoitaliauruguaireuters.jpg","type":"image\/jpeg"}],"author":"Reda\u00e7\u00e3o","twitter_card":"summary_large_image","twitter_creator":"@Notibras","twitter_site":"@Notibras","twitter_misc":{"Escrito por":"Reda\u00e7\u00e3o","Est. tempo de leitura":"4 minutos"},"schema":{"@context":"https:\/\/schema.org","@graph":[{"@type":"Article","@id":"https:\/\/www.notibras.com\/site\/italia-perde-marchisio-o-jogo-para-o-uruguai-1x0-e-a-vaga-nas-oitavas\/#article","isPartOf":{"@id":"https:\/\/www.notibras.com\/site\/italia-perde-marchisio-o-jogo-para-o-uruguai-1x0-e-a-vaga-nas-oitavas\/"},"author":{"name":"Reda\u00e7\u00e3o","@id":"https:\/\/www.notibras.com\/site\/#\/schema\/person\/36ab0979449956132d3e5b517ea76ac8"},"headline":"It\u00e1lia perde Marchisio, o jogo para o Uruguai e a vaga nas oitavas","datePublished":"2014-06-24T18:59:40+00:00","dateModified":"2014-06-24T22:22:43+00:00","mainEntityOfPage":{"@id":"https:\/\/www.notibras.com\/site\/italia-perde-marchisio-o-jogo-para-o-uruguai-1x0-e-a-vaga-nas-oitavas\/"},"wordCount":732,"commentCount":0,"publisher":{"@id":"https:\/\/www.notibras.com\/site\/#organization"},"image":{"@id":"https:\/\/www.notibras.com\/site\/italia-perde-marchisio-o-jogo-para-o-uruguai-1x0-e-a-vaga-nas-oitavas\/#primaryimage"},"thumbnailUrl":"https:\/\/www.notibras.com\/site\/wp-content\/uploads\/2014\/06\/27jogoitaliauruguaireuters.jpg","articleSection":["Esportes"],"inLanguage":"pt-BR","potentialAction":[{"@type":"CommentAction","name":"Comment","target":["https:\/\/www.notibras.com\/site\/italia-perde-marchisio-o-jogo-para-o-uruguai-1x0-e-a-vaga-nas-oitavas\/#respond"]}]},{"@type":"WebPage","@id":"https:\/\/www.notibras.com\/site\/italia-perde-marchisio-o-jogo-para-o-uruguai-1x0-e-a-vaga-nas-oitavas\/","url":"https:\/\/www.notibras.com\/site\/italia-perde-marchisio-o-jogo-para-o-uruguai-1x0-e-a-vaga-nas-oitavas\/","name":"It\u00e1lia perde Marchisio, o jogo para o Uruguai e a vaga nas oitavas - Notibras","isPartOf":{"@id":"https:\/\/www.notibras.com\/site\/#website"},"primaryImageOfPage":{"@id":"https:\/\/www.notibras.com\/site\/italia-perde-marchisio-o-jogo-para-o-uruguai-1x0-e-a-vaga-nas-oitavas\/#primaryimage"},"image":{"@id":"https:\/\/www.notibras.com\/site\/italia-perde-marchisio-o-jogo-para-o-uruguai-1x0-e-a-vaga-nas-oitavas\/#primaryimage"},"thumbnailUrl":"https:\/\/www.notibras.com\/site\/wp-content\/uploads\/2014\/06\/27jogoitaliauruguaireuters.jpg","datePublished":"2014-06-24T18:59:40+00:00","dateModified":"2014-06-24T22:22:43+00:00","breadcrumb":{"@id":"https:\/\/www.notibras.com\/site\/italia-perde-marchisio-o-jogo-para-o-uruguai-1x0-e-a-vaga-nas-oitavas\/#breadcrumb"},"inLanguage":"pt-BR","potentialAction":[{"@type":"ReadAction","target":["https:\/\/www.notibras.com\/site\/italia-perde-marchisio-o-jogo-para-o-uruguai-1x0-e-a-vaga-nas-oitavas\/"]}]},{"@type":"ImageObject","inLanguage":"pt-BR","@id":"https:\/\/www.notibras.com\/site\/italia-perde-marchisio-o-jogo-para-o-uruguai-1x0-e-a-vaga-nas-oitavas\/#primaryimage","url":"https:\/\/www.notibras.com\/site\/wp-content\/uploads\/2014\/06\/27jogoitaliauruguaireuters.jpg","contentUrl":"https:\/\/www.notibras.com\/site\/wp-content\/uploads\/2014\/06\/27jogoitaliauruguaireuters.jpg","width":2200,"height":1654},{"@type":"BreadcrumbList","@id":"https:\/\/www.notibras.com\/site\/italia-perde-marchisio-o-jogo-para-o-uruguai-1x0-e-a-vaga-nas-oitavas\/#breadcrumb","itemListElement":[{"@type":"ListItem","position":1,"name":"In\u00edcio","item":"https:\/\/www.notibras.com\/site\/"},{"@type":"ListItem","position":2,"name":"It\u00e1lia perde Marchisio, o jogo para o Uruguai e a vaga nas oitavas"}]},{"@type":"WebSite","@id":"https:\/\/www.notibras.com\/site\/#website","url":"https:\/\/www.notibras.com\/site\/","name":"Notibras","description":"Not\u00edcias de Bras\u00edlia, do Brasil e do Mundo","publisher":{"@id":"https:\/\/www.notibras.com\/site\/#organization"},"potentialAction":[{"@type":"SearchAction","target":{"@type":"EntryPoint","urlTemplate":"https:\/\/www.notibras.com\/site\/?s={search_term_string}"},"query-input":{"@type":"PropertyValueSpecification","valueRequired":true,"valueName":"search_term_string"}}],"inLanguage":"pt-BR"},{"@type":"Organization","@id":"https:\/\/www.notibras.com\/site\/#organization","name":"Grupo Notibras de Comunica\u00e7\u00e3o","url":"https:\/\/www.notibras.com\/site\/","logo":{"@type":"ImageObject","inLanguage":"pt-BR","@id":"https:\/\/www.notibras.com\/site\/#\/schema\/logo\/image\/","url":"https:\/\/www.notibras.com\/site\/wp-content\/uploads\/2023\/01\/notibras23.png","contentUrl":"https:\/\/www.notibras.com\/site\/wp-content\/uploads\/2023\/01\/notibras23.png","width":350,"height":87,"caption":"Grupo Notibras de Comunica\u00e7\u00e3o"},"image":{"@id":"https:\/\/www.notibras.com\/site\/#\/schema\/logo\/image\/"},"sameAs":["https:\/\/www.facebook.com\/notibras\/","https:\/\/x.com\/Notibras","https:\/\/www.instagram.com\/notibras\/"]},{"@type":"Person","@id":"https:\/\/www.notibras.com\/site\/#\/schema\/person\/36ab0979449956132d3e5b517ea76ac8","name":"Reda\u00e7\u00e3o","image":{"@type":"ImageObject","inLanguage":"pt-BR","@id":"https:\/\/secure.gravatar.com\/avatar\/e0a867bdedb85fd243eadf09663511f96fc81e0720a4a42581f334ad4303aa6b?s=96&d=mm&r=g","url":"https:\/\/secure.gravatar.com\/avatar\/e0a867bdedb85fd243eadf09663511f96fc81e0720a4a42581f334ad4303aa6b?s=96&d=mm&r=g","contentUrl":"https:\/\/secure.gravatar.com\/avatar\/e0a867bdedb85fd243eadf09663511f96fc81e0720a4a42581f334ad4303aa6b?s=96&d=mm&r=g","caption":"Reda\u00e7\u00e3o"}}]}},"amp_enabled":true,"_links":{"self":[{"href":"https:\/\/www.notibras.com\/site\/wp-json\/wp\/v2\/posts\/14248","targetHints":{"allow":["GET"]}}],"collection":[{"href":"https:\/\/www.notibras.com\/site\/wp-json\/wp\/v2\/posts"}],"about":[{"href":"https:\/\/www.notibras.com\/site\/wp-json\/wp\/v2\/types\/post"}],"author":[{"embeddable":true,"href":"https:\/\/www.notibras.com\/site\/wp-json\/wp\/v2\/users\/2"}],"replies":[{"embeddable":true,"href":"https:\/\/www.notibras.com\/site\/wp-json\/wp\/v2\/comments?post=14248"}],"version-history":[{"count":0,"href":"https:\/\/www.notibras.com\/site\/wp-json\/wp\/v2\/posts\/14248\/revisions"}],"wp:featuredmedia":[{"embeddable":true,"href":"https:\/\/www.notibras.com\/site\/wp-json\/wp\/v2\/media\/14249"}],"wp:attachment":[{"href":"https:\/\/www.notibras.com\/site\/wp-json\/wp\/v2\/media?parent=14248"}],"wp:term":[{"taxonomy":"category","embeddable":true,"href":"https:\/\/www.notibras.com\/site\/wp-json\/wp\/v2\/categories?post=14248"},{"taxonomy":"post_tag","embeddable":true,"href":"https:\/\/www.notibras.com\/site\/wp-json\/wp\/v2\/tags?post=14248"}],"curies":[{"name":"wp","href":"https:\/\/api.w.org\/{rel}","templated":true}]}}