{"id":14256,"date":"2014-06-24T15:12:46","date_gmt":"2014-06-24T18:12:46","guid":{"rendered":"http:\/\/www.notibras.com\/site\/?p=14256"},"modified":"2014-06-24T17:04:47","modified_gmt":"2014-06-24T20:04:47","slug":"costa-rica-surpresa-da-copa-treina-contra-inglaterra-e-acaba-em-primeiro","status":"publish","type":"post","link":"https:\/\/www.notibras.com\/site\/costa-rica-surpresa-da-copa-treina-contra-inglaterra-e-acaba-em-primeiro\/","title":{"rendered":"Costa Rica &#8216;treina&#8217; contra a Inglaterra e acaba em primeiro"},"content":{"rendered":"<p>A grande surpresa da primeira fase da Copa do Mundo foi consolidada na tarde desta ter\u00e7a-feira. Em Belo Horizonte, no Mineir\u00e3o, a Costa Rica segurou empate por 0 a 0 com a Inglaterra e confirmou a lideran\u00e7a do Grupo D do Mundial. De quebra, deu uma despedida mon\u00f3tona e deprimente \u00e0 equipe brit\u00e2nica, eliminada com uma rodada de anteced\u00eancia.<\/p>\n<p>Assim, a Costa Rica chega aos sete pontos ganhos, e agora aguarda a defini\u00e7\u00e3o de seu advers\u00e1rio nas oitavas de final. O rival ser\u00e1 o segundo colocado do Grupo C, que pode ser Costa do Marfim, Jap\u00e3o ou Gr\u00e9cia \u2013 a defini\u00e7\u00e3o sai ainda nesta ter\u00e7a-feira. J\u00e1 os ingleses voltam para casa sem sequer vencer \u2013 foi eliminada com derrota para It\u00e1lia e Uruguai.<\/p>\n<p>A Costa Rica entrou em campo j\u00e1 classificada e precisando apenas de um empate para ficar com a lideran\u00e7a do Grupo D, ent\u00e3o foi mais cautelosa, embora n\u00e3o tenha deixado de atacar. Os ingleses, por sua vez, cumpriram tabela de forma bem tranquila, o que acabou transformando o primeiro tempo no Mineir\u00e3o em jogo morno e de poucas emo\u00e7\u00f5es \u2013 os torcedores chegaram a vaiar os times.<\/p>\n<p>A Inglaterra tinha, pelo menos, a inten\u00e7\u00e3o de se despedir com vit\u00f3ria. Aos 2min, o time quase marcou em chute de Campbell que desviou em Cahill, tirou o goleiro Navas da jogada e saiu perigosamente pr\u00f3ximo ao gol. Aos 11min, foi Sturridge que quase fez, ao receber passe de Wilshere na entrada da \u00e1rea e arriscar de esquerda \u2013 a bola passou rente \u00e0 trave, fora do alcance de Navas.<\/p>\n<p>O melhor momento costarriquenho ocorreu aos 22min, em jogada de bola parada. Borges cobrou falta da intermedi\u00e1ria, a bola desviou em Foster e acertou o travess\u00e3o. Os ingleses, que jogaram com Lampard na poss\u00edvel despedida do atleta em Copas do Mundo, ainda chegou com Barkley aos 34min: ele cobrou escanteio, Jones ajeitou e Sturridge cabeceou por cima, em grande oportunidade.<\/p>\n<p>O segundo foi reiniciado com a Inglaterra tocando bola de lado, esperando pelo momento de tentar a infiltra\u00e7\u00e3o no sistema defensivo costarriquenho, o que irritou o torcedor no Mineir\u00e3o, e novas vaias foram ouvidas. Aos 4min, Shaw chutou da entrada da \u00e1rea, mas a bola desviou na zaga e sobrou para Sturridge, que acabou travado pro Navas no momento da finaliza\u00e7\u00e3o e perdeu o gol.<\/p>\n<p class=\"text\">Aos poucos, a Inglaterra conseguiu fazer press\u00e3o na Costa Rica em busca do gol. Aos 13min, Navas foi exigido mais uma vez ao sair do gol e se jogar no caminho de Lallana, que recebia bom lan\u00e7amento dentro da \u00e1rea. J\u00e1 aos 20min, Sturridge tabelou com Wilshere dentro da \u00e1rea e, pela direita, bateu colocado de perna esquerda tentando tirar a bola do alcance do goleiro, mas mandou para fora, rente \u00e0 trave.<\/p>\n<p class=\"text\">Os costarriquenhos, no entanto, seguraram bem a press\u00e3o e fizeram do final da partida uma mon\u00f3tona e deprimente despedida para os ingleses.<\/p>\n","protected":false},"excerpt":{"rendered":"<p>A grande surpresa da primeira fase da Copa do Mundo foi consolidada na tarde desta ter\u00e7a-feira. Em Belo Horizonte, no Mineir\u00e3o, a Costa Rica segurou empate por 0 a 0 com a Inglaterra e confirmou a lideran\u00e7a do Grupo D do Mundial. De quebra, deu uma despedida mon\u00f3tona e deprimente \u00e0 equipe brit\u00e2nica, eliminada com [&hellip;]<\/p>\n","protected":false},"author":2,"featured_media":14257,"comment_status":"open","ping_status":"closed","sticky":false,"template":"","format":"standard","meta":{"_acf_changed":false,"footnotes":""},"categories":[19],"tags":[],"class_list":["post-14256","post","type-post","status-publish","format-standard","has-post-thumbnail","hentry","category-esportes"],"acf":[],"yoast_head":"<!-- This site is optimized with the Yoast SEO plugin v27.2 - https:\/\/yoast.com\/product\/yoast-seo-wordpress\/ -->\n<title>Costa Rica &#039;treina&#039; contra a Inglaterra e acaba em primeiro - Notibras<\/title>\n<meta name=\"robots\" content=\"index, follow, max-snippet:-1, max-image-preview:large, max-video-preview:-1\" \/>\n<link rel=\"canonical\" href=\"https:\/\/www.notibras.com\/site\/costa-rica-surpresa-da-copa-treina-contra-inglaterra-e-acaba-em-primeiro\/\" \/>\n<meta property=\"og:locale\" content=\"pt_BR\" \/>\n<meta property=\"og:type\" content=\"article\" \/>\n<meta property=\"og:title\" content=\"Costa Rica &#039;treina&#039; contra a Inglaterra e acaba em primeiro - Notibras\" \/>\n<meta property=\"og:description\" content=\"A grande surpresa da primeira fase da Copa do Mundo foi consolidada na tarde desta ter\u00e7a-feira. Em Belo Horizonte, no Mineir\u00e3o, a Costa Rica segurou empate por 0 a 0 com a Inglaterra e confirmou a lideran\u00e7a do Grupo D do Mundial. De quebra, deu uma despedida mon\u00f3tona e deprimente \u00e0 equipe brit\u00e2nica, eliminada com [&hellip;]\" \/>\n<meta property=\"og:url\" content=\"https:\/\/www.notibras.com\/site\/costa-rica-surpresa-da-copa-treina-contra-inglaterra-e-acaba-em-primeiro\/\" \/>\n<meta property=\"og:site_name\" content=\"Notibras\" \/>\n<meta property=\"article:publisher\" content=\"https:\/\/www.facebook.com\/notibras\/\" \/>\n<meta property=\"article:published_time\" content=\"2014-06-24T18:12:46+00:00\" \/>\n<meta property=\"article:modified_time\" content=\"2014-06-24T20:04:47+00:00\" \/>\n<meta property=\"og:image\" content=\"https:\/\/www.notibras.com\/site\/wp-content\/uploads\/2014\/06\/14jogocostaricainglaterrareuters.jpg\" \/>\n\t<meta property=\"og:image:width\" content=\"460\" \/>\n\t<meta property=\"og:image:height\" content=\"340\" \/>\n\t<meta property=\"og:image:type\" content=\"image\/jpeg\" \/>\n<meta name=\"author\" content=\"Reda\u00e7\u00e3o\" \/>\n<meta name=\"twitter:card\" content=\"summary_large_image\" \/>\n<meta name=\"twitter:creator\" content=\"@Notibras\" \/>\n<meta name=\"twitter:site\" content=\"@Notibras\" \/>\n<meta name=\"twitter:label1\" content=\"Escrito por\" \/>\n\t<meta name=\"twitter:data1\" content=\"Reda\u00e7\u00e3o\" \/>\n\t<meta name=\"twitter:label2\" content=\"Est. tempo de leitura\" \/>\n\t<meta name=\"twitter:data2\" content=\"3 minutos\" \/>\n<script type=\"application\/ld+json\" class=\"yoast-schema-graph\">{\"@context\":\"https:\/\/schema.org\",\"@graph\":[{\"@type\":\"Article\",\"@id\":\"https:\/\/www.notibras.com\/site\/costa-rica-surpresa-da-copa-treina-contra-inglaterra-e-acaba-em-primeiro\/#article\",\"isPartOf\":{\"@id\":\"https:\/\/www.notibras.com\/site\/costa-rica-surpresa-da-copa-treina-contra-inglaterra-e-acaba-em-primeiro\/\"},\"author\":{\"name\":\"Reda\u00e7\u00e3o\",\"@id\":\"https:\/\/www.notibras.com\/site\/#\/schema\/person\/36ab0979449956132d3e5b517ea76ac8\"},\"headline\":\"Costa Rica &#8216;treina&#8217; contra a Inglaterra e acaba em primeiro\",\"datePublished\":\"2014-06-24T18:12:46+00:00\",\"dateModified\":\"2014-06-24T20:04:47+00:00\",\"mainEntityOfPage\":{\"@id\":\"https:\/\/www.notibras.com\/site\/costa-rica-surpresa-da-copa-treina-contra-inglaterra-e-acaba-em-primeiro\/\"},\"wordCount\":512,\"commentCount\":0,\"publisher\":{\"@id\":\"https:\/\/www.notibras.com\/site\/#organization\"},\"image\":{\"@id\":\"https:\/\/www.notibras.com\/site\/costa-rica-surpresa-da-copa-treina-contra-inglaterra-e-acaba-em-primeiro\/#primaryimage\"},\"thumbnailUrl\":\"https:\/\/www.notibras.com\/site\/wp-content\/uploads\/2014\/06\/14jogocostaricainglaterrareuters.jpg\",\"articleSection\":[\"Esportes\"],\"inLanguage\":\"pt-BR\",\"potentialAction\":[{\"@type\":\"CommentAction\",\"name\":\"Comment\",\"target\":[\"https:\/\/www.notibras.com\/site\/costa-rica-surpresa-da-copa-treina-contra-inglaterra-e-acaba-em-primeiro\/#respond\"]}]},{\"@type\":\"WebPage\",\"@id\":\"https:\/\/www.notibras.com\/site\/costa-rica-surpresa-da-copa-treina-contra-inglaterra-e-acaba-em-primeiro\/\",\"url\":\"https:\/\/www.notibras.com\/site\/costa-rica-surpresa-da-copa-treina-contra-inglaterra-e-acaba-em-primeiro\/\",\"name\":\"Costa Rica 'treina' contra a Inglaterra e acaba em primeiro - Notibras\",\"isPartOf\":{\"@id\":\"https:\/\/www.notibras.com\/site\/#website\"},\"primaryImageOfPage\":{\"@id\":\"https:\/\/www.notibras.com\/site\/costa-rica-surpresa-da-copa-treina-contra-inglaterra-e-acaba-em-primeiro\/#primaryimage\"},\"image\":{\"@id\":\"https:\/\/www.notibras.com\/site\/costa-rica-surpresa-da-copa-treina-contra-inglaterra-e-acaba-em-primeiro\/#primaryimage\"},\"thumbnailUrl\":\"https:\/\/www.notibras.com\/site\/wp-content\/uploads\/2014\/06\/14jogocostaricainglaterrareuters.jpg\",\"datePublished\":\"2014-06-24T18:12:46+00:00\",\"dateModified\":\"2014-06-24T20:04:47+00:00\",\"breadcrumb\":{\"@id\":\"https:\/\/www.notibras.com\/site\/costa-rica-surpresa-da-copa-treina-contra-inglaterra-e-acaba-em-primeiro\/#breadcrumb\"},\"inLanguage\":\"pt-BR\",\"potentialAction\":[{\"@type\":\"ReadAction\",\"target\":[\"https:\/\/www.notibras.com\/site\/costa-rica-surpresa-da-copa-treina-contra-inglaterra-e-acaba-em-primeiro\/\"]}]},{\"@type\":\"ImageObject\",\"inLanguage\":\"pt-BR\",\"@id\":\"https:\/\/www.notibras.com\/site\/costa-rica-surpresa-da-copa-treina-contra-inglaterra-e-acaba-em-primeiro\/#primaryimage\",\"url\":\"https:\/\/www.notibras.com\/site\/wp-content\/uploads\/2014\/06\/14jogocostaricainglaterrareuters.jpg\",\"contentUrl\":\"https:\/\/www.notibras.com\/site\/wp-content\/uploads\/2014\/06\/14jogocostaricainglaterrareuters.jpg\",\"width\":460,\"height\":340},{\"@type\":\"BreadcrumbList\",\"@id\":\"https:\/\/www.notibras.com\/site\/costa-rica-surpresa-da-copa-treina-contra-inglaterra-e-acaba-em-primeiro\/#breadcrumb\",\"itemListElement\":[{\"@type\":\"ListItem\",\"position\":1,\"name\":\"In\u00edcio\",\"item\":\"https:\/\/www.notibras.com\/site\/\"},{\"@type\":\"ListItem\",\"position\":2,\"name\":\"Costa Rica &#8216;treina&#8217; contra a Inglaterra e acaba em primeiro\"}]},{\"@type\":\"WebSite\",\"@id\":\"https:\/\/www.notibras.com\/site\/#website\",\"url\":\"https:\/\/www.notibras.com\/site\/\",\"name\":\"Notibras\",\"description\":\"Not\u00edcias de Bras\u00edlia, do Brasil e do Mundo\",\"publisher\":{\"@id\":\"https:\/\/www.notibras.com\/site\/#organization\"},\"potentialAction\":[{\"@type\":\"SearchAction\",\"target\":{\"@type\":\"EntryPoint\",\"urlTemplate\":\"https:\/\/www.notibras.com\/site\/?s={search_term_string}\"},\"query-input\":{\"@type\":\"PropertyValueSpecification\",\"valueRequired\":true,\"valueName\":\"search_term_string\"}}],\"inLanguage\":\"pt-BR\"},{\"@type\":\"Organization\",\"@id\":\"https:\/\/www.notibras.com\/site\/#organization\",\"name\":\"Grupo Notibras de Comunica\u00e7\u00e3o\",\"url\":\"https:\/\/www.notibras.com\/site\/\",\"logo\":{\"@type\":\"ImageObject\",\"inLanguage\":\"pt-BR\",\"@id\":\"https:\/\/www.notibras.com\/site\/#\/schema\/logo\/image\/\",\"url\":\"https:\/\/www.notibras.com\/site\/wp-content\/uploads\/2023\/01\/notibras23.png\",\"contentUrl\":\"https:\/\/www.notibras.com\/site\/wp-content\/uploads\/2023\/01\/notibras23.png\",\"width\":350,\"height\":87,\"caption\":\"Grupo Notibras de Comunica\u00e7\u00e3o\"},\"image\":{\"@id\":\"https:\/\/www.notibras.com\/site\/#\/schema\/logo\/image\/\"},\"sameAs\":[\"https:\/\/www.facebook.com\/notibras\/\",\"https:\/\/x.com\/Notibras\",\"https:\/\/www.instagram.com\/notibras\/\"]},{\"@type\":\"Person\",\"@id\":\"https:\/\/www.notibras.com\/site\/#\/schema\/person\/36ab0979449956132d3e5b517ea76ac8\",\"name\":\"Reda\u00e7\u00e3o\",\"image\":{\"@type\":\"ImageObject\",\"inLanguage\":\"pt-BR\",\"@id\":\"https:\/\/secure.gravatar.com\/avatar\/e0a867bdedb85fd243eadf09663511f96fc81e0720a4a42581f334ad4303aa6b?s=96&d=mm&r=g\",\"url\":\"https:\/\/secure.gravatar.com\/avatar\/e0a867bdedb85fd243eadf09663511f96fc81e0720a4a42581f334ad4303aa6b?s=96&d=mm&r=g\",\"contentUrl\":\"https:\/\/secure.gravatar.com\/avatar\/e0a867bdedb85fd243eadf09663511f96fc81e0720a4a42581f334ad4303aa6b?s=96&d=mm&r=g\",\"caption\":\"Reda\u00e7\u00e3o\"}}]}<\/script>\n<!-- \/ Yoast SEO plugin. -->","yoast_head_json":{"title":"Costa Rica 'treina' contra a Inglaterra e acaba em primeiro - Notibras","robots":{"index":"index","follow":"follow","max-snippet":"max-snippet:-1","max-image-preview":"max-image-preview:large","max-video-preview":"max-video-preview:-1"},"canonical":"https:\/\/www.notibras.com\/site\/costa-rica-surpresa-da-copa-treina-contra-inglaterra-e-acaba-em-primeiro\/","og_locale":"pt_BR","og_type":"article","og_title":"Costa Rica 'treina' contra a Inglaterra e acaba em primeiro - Notibras","og_description":"A grande surpresa da primeira fase da Copa do Mundo foi consolidada na tarde desta ter\u00e7a-feira. Em Belo Horizonte, no Mineir\u00e3o, a Costa Rica segurou empate por 0 a 0 com a Inglaterra e confirmou a lideran\u00e7a do Grupo D do Mundial. De quebra, deu uma despedida mon\u00f3tona e deprimente \u00e0 equipe brit\u00e2nica, eliminada com [&hellip;]","og_url":"https:\/\/www.notibras.com\/site\/costa-rica-surpresa-da-copa-treina-contra-inglaterra-e-acaba-em-primeiro\/","og_site_name":"Notibras","article_publisher":"https:\/\/www.facebook.com\/notibras\/","article_published_time":"2014-06-24T18:12:46+00:00","article_modified_time":"2014-06-24T20:04:47+00:00","og_image":[{"width":460,"height":340,"url":"https:\/\/www.notibras.com\/site\/wp-content\/uploads\/2014\/06\/14jogocostaricainglaterrareuters.jpg","type":"image\/jpeg"}],"author":"Reda\u00e7\u00e3o","twitter_card":"summary_large_image","twitter_creator":"@Notibras","twitter_site":"@Notibras","twitter_misc":{"Escrito por":"Reda\u00e7\u00e3o","Est. tempo de leitura":"3 minutos"},"schema":{"@context":"https:\/\/schema.org","@graph":[{"@type":"Article","@id":"https:\/\/www.notibras.com\/site\/costa-rica-surpresa-da-copa-treina-contra-inglaterra-e-acaba-em-primeiro\/#article","isPartOf":{"@id":"https:\/\/www.notibras.com\/site\/costa-rica-surpresa-da-copa-treina-contra-inglaterra-e-acaba-em-primeiro\/"},"author":{"name":"Reda\u00e7\u00e3o","@id":"https:\/\/www.notibras.com\/site\/#\/schema\/person\/36ab0979449956132d3e5b517ea76ac8"},"headline":"Costa Rica &#8216;treina&#8217; contra a Inglaterra e acaba em primeiro","datePublished":"2014-06-24T18:12:46+00:00","dateModified":"2014-06-24T20:04:47+00:00","mainEntityOfPage":{"@id":"https:\/\/www.notibras.com\/site\/costa-rica-surpresa-da-copa-treina-contra-inglaterra-e-acaba-em-primeiro\/"},"wordCount":512,"commentCount":0,"publisher":{"@id":"https:\/\/www.notibras.com\/site\/#organization"},"image":{"@id":"https:\/\/www.notibras.com\/site\/costa-rica-surpresa-da-copa-treina-contra-inglaterra-e-acaba-em-primeiro\/#primaryimage"},"thumbnailUrl":"https:\/\/www.notibras.com\/site\/wp-content\/uploads\/2014\/06\/14jogocostaricainglaterrareuters.jpg","articleSection":["Esportes"],"inLanguage":"pt-BR","potentialAction":[{"@type":"CommentAction","name":"Comment","target":["https:\/\/www.notibras.com\/site\/costa-rica-surpresa-da-copa-treina-contra-inglaterra-e-acaba-em-primeiro\/#respond"]}]},{"@type":"WebPage","@id":"https:\/\/www.notibras.com\/site\/costa-rica-surpresa-da-copa-treina-contra-inglaterra-e-acaba-em-primeiro\/","url":"https:\/\/www.notibras.com\/site\/costa-rica-surpresa-da-copa-treina-contra-inglaterra-e-acaba-em-primeiro\/","name":"Costa Rica 'treina' contra a Inglaterra e acaba em primeiro - Notibras","isPartOf":{"@id":"https:\/\/www.notibras.com\/site\/#website"},"primaryImageOfPage":{"@id":"https:\/\/www.notibras.com\/site\/costa-rica-surpresa-da-copa-treina-contra-inglaterra-e-acaba-em-primeiro\/#primaryimage"},"image":{"@id":"https:\/\/www.notibras.com\/site\/costa-rica-surpresa-da-copa-treina-contra-inglaterra-e-acaba-em-primeiro\/#primaryimage"},"thumbnailUrl":"https:\/\/www.notibras.com\/site\/wp-content\/uploads\/2014\/06\/14jogocostaricainglaterrareuters.jpg","datePublished":"2014-06-24T18:12:46+00:00","dateModified":"2014-06-24T20:04:47+00:00","breadcrumb":{"@id":"https:\/\/www.notibras.com\/site\/costa-rica-surpresa-da-copa-treina-contra-inglaterra-e-acaba-em-primeiro\/#breadcrumb"},"inLanguage":"pt-BR","potentialAction":[{"@type":"ReadAction","target":["https:\/\/www.notibras.com\/site\/costa-rica-surpresa-da-copa-treina-contra-inglaterra-e-acaba-em-primeiro\/"]}]},{"@type":"ImageObject","inLanguage":"pt-BR","@id":"https:\/\/www.notibras.com\/site\/costa-rica-surpresa-da-copa-treina-contra-inglaterra-e-acaba-em-primeiro\/#primaryimage","url":"https:\/\/www.notibras.com\/site\/wp-content\/uploads\/2014\/06\/14jogocostaricainglaterrareuters.jpg","contentUrl":"https:\/\/www.notibras.com\/site\/wp-content\/uploads\/2014\/06\/14jogocostaricainglaterrareuters.jpg","width":460,"height":340},{"@type":"BreadcrumbList","@id":"https:\/\/www.notibras.com\/site\/costa-rica-surpresa-da-copa-treina-contra-inglaterra-e-acaba-em-primeiro\/#breadcrumb","itemListElement":[{"@type":"ListItem","position":1,"name":"In\u00edcio","item":"https:\/\/www.notibras.com\/site\/"},{"@type":"ListItem","position":2,"name":"Costa Rica &#8216;treina&#8217; contra a Inglaterra e acaba em primeiro"}]},{"@type":"WebSite","@id":"https:\/\/www.notibras.com\/site\/#website","url":"https:\/\/www.notibras.com\/site\/","name":"Notibras","description":"Not\u00edcias de Bras\u00edlia, do Brasil e do Mundo","publisher":{"@id":"https:\/\/www.notibras.com\/site\/#organization"},"potentialAction":[{"@type":"SearchAction","target":{"@type":"EntryPoint","urlTemplate":"https:\/\/www.notibras.com\/site\/?s={search_term_string}"},"query-input":{"@type":"PropertyValueSpecification","valueRequired":true,"valueName":"search_term_string"}}],"inLanguage":"pt-BR"},{"@type":"Organization","@id":"https:\/\/www.notibras.com\/site\/#organization","name":"Grupo Notibras de Comunica\u00e7\u00e3o","url":"https:\/\/www.notibras.com\/site\/","logo":{"@type":"ImageObject","inLanguage":"pt-BR","@id":"https:\/\/www.notibras.com\/site\/#\/schema\/logo\/image\/","url":"https:\/\/www.notibras.com\/site\/wp-content\/uploads\/2023\/01\/notibras23.png","contentUrl":"https:\/\/www.notibras.com\/site\/wp-content\/uploads\/2023\/01\/notibras23.png","width":350,"height":87,"caption":"Grupo Notibras de Comunica\u00e7\u00e3o"},"image":{"@id":"https:\/\/www.notibras.com\/site\/#\/schema\/logo\/image\/"},"sameAs":["https:\/\/www.facebook.com\/notibras\/","https:\/\/x.com\/Notibras","https:\/\/www.instagram.com\/notibras\/"]},{"@type":"Person","@id":"https:\/\/www.notibras.com\/site\/#\/schema\/person\/36ab0979449956132d3e5b517ea76ac8","name":"Reda\u00e7\u00e3o","image":{"@type":"ImageObject","inLanguage":"pt-BR","@id":"https:\/\/secure.gravatar.com\/avatar\/e0a867bdedb85fd243eadf09663511f96fc81e0720a4a42581f334ad4303aa6b?s=96&d=mm&r=g","url":"https:\/\/secure.gravatar.com\/avatar\/e0a867bdedb85fd243eadf09663511f96fc81e0720a4a42581f334ad4303aa6b?s=96&d=mm&r=g","contentUrl":"https:\/\/secure.gravatar.com\/avatar\/e0a867bdedb85fd243eadf09663511f96fc81e0720a4a42581f334ad4303aa6b?s=96&d=mm&r=g","caption":"Reda\u00e7\u00e3o"}}]}},"amp_enabled":true,"_links":{"self":[{"href":"https:\/\/www.notibras.com\/site\/wp-json\/wp\/v2\/posts\/14256","targetHints":{"allow":["GET"]}}],"collection":[{"href":"https:\/\/www.notibras.com\/site\/wp-json\/wp\/v2\/posts"}],"about":[{"href":"https:\/\/www.notibras.com\/site\/wp-json\/wp\/v2\/types\/post"}],"author":[{"embeddable":true,"href":"https:\/\/www.notibras.com\/site\/wp-json\/wp\/v2\/users\/2"}],"replies":[{"embeddable":true,"href":"https:\/\/www.notibras.com\/site\/wp-json\/wp\/v2\/comments?post=14256"}],"version-history":[{"count":0,"href":"https:\/\/www.notibras.com\/site\/wp-json\/wp\/v2\/posts\/14256\/revisions"}],"wp:featuredmedia":[{"embeddable":true,"href":"https:\/\/www.notibras.com\/site\/wp-json\/wp\/v2\/media\/14257"}],"wp:attachment":[{"href":"https:\/\/www.notibras.com\/site\/wp-json\/wp\/v2\/media?parent=14256"}],"wp:term":[{"taxonomy":"category","embeddable":true,"href":"https:\/\/www.notibras.com\/site\/wp-json\/wp\/v2\/categories?post=14256"},{"taxonomy":"post_tag","embeddable":true,"href":"https:\/\/www.notibras.com\/site\/wp-json\/wp\/v2\/tags?post=14256"}],"curies":[{"name":"wp","href":"https:\/\/api.w.org\/{rel}","templated":true}]}}