{"id":1427,"date":"2014-02-12T23:28:56","date_gmt":"2014-02-13T02:28:56","guid":{"rendered":"http:\/\/www.notibras.com\/site\/?p=1427"},"modified":"2014-02-13T10:45:28","modified_gmt":"2014-02-13T13:45:28","slug":"deputados-ruralistas-colocam-gays-indios-e-quilombolas-no-mesmo-balaio","status":"publish","type":"post","link":"https:\/\/www.notibras.com\/site\/deputados-ruralistas-colocam-gays-indios-e-quilombolas-no-mesmo-balaio\/","title":{"rendered":"Deputados ruralistas colocam \u00edndios, gays e quilombolas no balaio"},"content":{"rendered":"<p>As declara\u00e7\u00f5es t\u00eam mais de dois meses, mas s\u00f3 agora foram tornadas p\u00fablicas: deputados federais ga\u00fachos ligados \u00e0 Frente Parlamentar da Agropecu\u00e1ria atacaram minorias da sociedade, classificando quilombolas, \u00edndios, gays e l\u00e9sbicas como tudo o que n\u00e3o presta.<\/p>\n<p>A afirma\u00e7\u00e3o, incisiva, foi feita no fim de novembro de 2013 pelo presidente da frente, deputado Luis Carlos Heinze (PP). Todo o grupo virou alvo de cr\u00edticas nas redes sociais e tamb\u00e9m do Greenpeace.<\/p>\n<p>Mas Heinze n\u00e3o parou por a\u00ed. Nem o ministro Gilberto Carvalho, que ocupa um gabinete ao lado da sala da presidente Dilma Rousseff, escapou dos ataques. &#8220;\u00c9 ali (na sala de Gilberto Carvalho)\u00a0 que est\u00e3o aninhados quilombolas, \u00edndios, gays, l\u00e9sbicas, tudo que n\u00e3o presta, ali est\u00e1 alinhado. E eles t\u00eam a dire\u00e7\u00e3o, t\u00eam o comando do governo\u201d, diz\u00a0 o deputado em v\u00eddeo e postado nesta quarta-feira nas redes sociais.<\/p>\n<p>Em outro trecho do v\u00eddeo, Heinze aparece falando sobre o uso de seguran\u00e7a privada em propriedades rurais para impedir ocupa\u00e7\u00f5es. Ele cita o exemplo do Par\u00e1 e do Mato Grosso do Sul e pede aos propriet\u00e1rios que se \u201cdefendam\u201d.<\/p>\n<p>\u201cNo Par\u00e1, eles contrataram seguran\u00e7a privada. Ningu\u00e9m invade no Par\u00e1 porque a Brigada Militar n\u00e3o lhes d\u00e1 guarida l\u00e1 e eles t\u00eam de fazer a defesa das suas propriedades. Por isso, pessoal, s\u00f3 tem um jeito: se defendam. Fa\u00e7am a defesa como o Par\u00e1 est\u00e1 fazendo, como o Mato Grosso do Sul est\u00e1 fazendo.\u201d<\/p>\n<p>Outro deputado que aparece no v\u00eddeo, Alceu Moreira (PMDB) classifica de \u201cvigaristas\u201d os que tentam ocupar propriedades. \u201cN\u00f3s, os parlamentares, n\u00e3o vamos incitar a guerra. Mas nos digam. Se fardem de guerreiros e n\u00e3o deixem um vigarista desses dar um passo na sua propriedade. Nenhum. Nenhum. Usem todo o tipo de rede. Todo mundo tem telefone. Liguem um para o outro imediatamente. Re\u00fanam verdadeiras multid\u00f5es e expulsem do jeito que for necess\u00e1rio\u201d, afirma o parlamentar em um trecho na edi\u00e7\u00e3o feita.<\/p>\n<p>Ap\u00f3s a publica\u00e7\u00e3o do v\u00eddeo, o Greenpeace se manifestou atrav\u00e9s de nota publicada em seu site, e criticou o posicionamento dos parlamentares. De acordo com a ONG, os discursos dos deputados \u201cincitam a viol\u00eancia contra lideran\u00e7as ind\u00edgenas que tentam retomar suas terras invadidas por fazendeiros, grileiros e madeireiros, como tamb\u00e9m insultam gays e l\u00e9sbicas, e refor\u00e7am o discurso inveross\u00edmil acerca da demarca\u00e7\u00e3o de terras ind\u00edgenas para o p\u00fablico de produtores rurais\u201d.<\/p>\n<p>O PP, partido de Heinze, tamb\u00e9m se manifestou em nota sobre a declara\u00e7\u00e3o do parlamentar, e afirmou que \u201cn\u00e3o compartilha de forma nenhuma com qualquer manifesta\u00e7\u00e3o preconceituosa ou que incite a viol\u00eancia contra qualquer grupo\u201d.<\/p>\n<p>\u201cDefendemos a pluralidade e a conviv\u00eancia pac\u00edfica entre as pessoas, sempre respeitando suas opini\u00f5es e diferen\u00e7as. O PP n\u00e3o tem qualquer compromisso com o erro ou manifesta\u00e7\u00e3o infeliz que por certo ocorre tamb\u00e9m com integrantes de outros partidos\u201d, diz a nota da legenda. \u201cAs opini\u00f5es divergentes ocorrem, muitas vezes, entre membros da pr\u00f3pria fam\u00edlia, como acontecem, tamb\u00e9m, entre os membros dos partidos pol\u00edticos.\u201d<\/p>\n","protected":false},"excerpt":{"rendered":"<p>As declara\u00e7\u00f5es t\u00eam mais de dois meses, mas s\u00f3 agora foram tornadas p\u00fablicas: deputados federais ga\u00fachos ligados \u00e0 Frente Parlamentar da Agropecu\u00e1ria atacaram minorias da sociedade, classificando quilombolas, \u00edndios, gays e l\u00e9sbicas como tudo o que n\u00e3o presta. A afirma\u00e7\u00e3o, incisiva, foi feita no fim de novembro de 2013 pelo presidente da frente, deputado Luis [&hellip;]<\/p>\n","protected":false},"author":2,"featured_media":1428,"comment_status":"open","ping_status":"closed","sticky":false,"template":"","format":"standard","meta":{"_acf_changed":false,"footnotes":""},"categories":[16],"tags":[],"class_list":["post-1427","post","type-post","status-publish","format-standard","has-post-thumbnail","hentry","category-brasil"],"acf":[],"yoast_head":"<!-- This site is optimized with the Yoast SEO plugin v27.2 - https:\/\/yoast.com\/product\/yoast-seo-wordpress\/ -->\n<title>Deputados ruralistas colocam \u00edndios, gays e quilombolas no balaio - Notibras<\/title>\n<meta name=\"robots\" content=\"index, follow, max-snippet:-1, max-image-preview:large, max-video-preview:-1\" \/>\n<link rel=\"canonical\" href=\"https:\/\/www.notibras.com\/site\/deputados-ruralistas-colocam-gays-indios-e-quilombolas-no-mesmo-balaio\/\" \/>\n<meta property=\"og:locale\" content=\"pt_BR\" \/>\n<meta property=\"og:type\" content=\"article\" \/>\n<meta property=\"og:title\" content=\"Deputados ruralistas colocam \u00edndios, gays e quilombolas no balaio - Notibras\" \/>\n<meta property=\"og:description\" content=\"As declara\u00e7\u00f5es t\u00eam mais de dois meses, mas s\u00f3 agora foram tornadas p\u00fablicas: deputados federais ga\u00fachos ligados \u00e0 Frente Parlamentar da Agropecu\u00e1ria atacaram minorias da sociedade, classificando quilombolas, \u00edndios, gays e l\u00e9sbicas como tudo o que n\u00e3o presta. A afirma\u00e7\u00e3o, incisiva, foi feita no fim de novembro de 2013 pelo presidente da frente, deputado Luis [&hellip;]\" \/>\n<meta property=\"og:url\" content=\"https:\/\/www.notibras.com\/site\/deputados-ruralistas-colocam-gays-indios-e-quilombolas-no-mesmo-balaio\/\" \/>\n<meta property=\"og:site_name\" content=\"Notibras\" \/>\n<meta property=\"article:publisher\" content=\"https:\/\/www.facebook.com\/notibras\/\" \/>\n<meta property=\"article:published_time\" content=\"2014-02-13T02:28:56+00:00\" \/>\n<meta property=\"article:modified_time\" content=\"2014-02-13T13:45:28+00:00\" \/>\n<meta property=\"og:image\" content=\"https:\/\/www.notibras.com\/site\/wp-content\/uploads\/2014\/02\/br112.jpg\" \/>\n\t<meta property=\"og:image:width\" content=\"900\" \/>\n\t<meta property=\"og:image:height\" content=\"596\" \/>\n\t<meta property=\"og:image:type\" content=\"image\/jpeg\" \/>\n<meta name=\"author\" content=\"Reda\u00e7\u00e3o\" \/>\n<meta name=\"twitter:card\" content=\"summary_large_image\" \/>\n<meta name=\"twitter:creator\" content=\"@Notibras\" \/>\n<meta name=\"twitter:site\" content=\"@Notibras\" \/>\n<meta name=\"twitter:label1\" content=\"Escrito por\" \/>\n\t<meta name=\"twitter:data1\" content=\"Reda\u00e7\u00e3o\" \/>\n\t<meta name=\"twitter:label2\" content=\"Est. tempo de leitura\" \/>\n\t<meta name=\"twitter:data2\" content=\"3 minutos\" \/>\n<script type=\"application\/ld+json\" class=\"yoast-schema-graph\">{\"@context\":\"https:\/\/schema.org\",\"@graph\":[{\"@type\":\"Article\",\"@id\":\"https:\/\/www.notibras.com\/site\/deputados-ruralistas-colocam-gays-indios-e-quilombolas-no-mesmo-balaio\/#article\",\"isPartOf\":{\"@id\":\"https:\/\/www.notibras.com\/site\/deputados-ruralistas-colocam-gays-indios-e-quilombolas-no-mesmo-balaio\/\"},\"author\":{\"name\":\"Reda\u00e7\u00e3o\",\"@id\":\"https:\/\/www.notibras.com\/site\/#\/schema\/person\/36ab0979449956132d3e5b517ea76ac8\"},\"headline\":\"Deputados ruralistas colocam \u00edndios, gays e quilombolas no balaio\",\"datePublished\":\"2014-02-13T02:28:56+00:00\",\"dateModified\":\"2014-02-13T13:45:28+00:00\",\"mainEntityOfPage\":{\"@id\":\"https:\/\/www.notibras.com\/site\/deputados-ruralistas-colocam-gays-indios-e-quilombolas-no-mesmo-balaio\/\"},\"wordCount\":556,\"commentCount\":0,\"publisher\":{\"@id\":\"https:\/\/www.notibras.com\/site\/#organization\"},\"image\":{\"@id\":\"https:\/\/www.notibras.com\/site\/deputados-ruralistas-colocam-gays-indios-e-quilombolas-no-mesmo-balaio\/#primaryimage\"},\"thumbnailUrl\":\"https:\/\/www.notibras.com\/site\/wp-content\/uploads\/2014\/02\/br112.jpg\",\"articleSection\":[\"Brasil\"],\"inLanguage\":\"pt-BR\",\"potentialAction\":[{\"@type\":\"CommentAction\",\"name\":\"Comment\",\"target\":[\"https:\/\/www.notibras.com\/site\/deputados-ruralistas-colocam-gays-indios-e-quilombolas-no-mesmo-balaio\/#respond\"]}]},{\"@type\":\"WebPage\",\"@id\":\"https:\/\/www.notibras.com\/site\/deputados-ruralistas-colocam-gays-indios-e-quilombolas-no-mesmo-balaio\/\",\"url\":\"https:\/\/www.notibras.com\/site\/deputados-ruralistas-colocam-gays-indios-e-quilombolas-no-mesmo-balaio\/\",\"name\":\"Deputados ruralistas colocam \u00edndios, gays e quilombolas no balaio - Notibras\",\"isPartOf\":{\"@id\":\"https:\/\/www.notibras.com\/site\/#website\"},\"primaryImageOfPage\":{\"@id\":\"https:\/\/www.notibras.com\/site\/deputados-ruralistas-colocam-gays-indios-e-quilombolas-no-mesmo-balaio\/#primaryimage\"},\"image\":{\"@id\":\"https:\/\/www.notibras.com\/site\/deputados-ruralistas-colocam-gays-indios-e-quilombolas-no-mesmo-balaio\/#primaryimage\"},\"thumbnailUrl\":\"https:\/\/www.notibras.com\/site\/wp-content\/uploads\/2014\/02\/br112.jpg\",\"datePublished\":\"2014-02-13T02:28:56+00:00\",\"dateModified\":\"2014-02-13T13:45:28+00:00\",\"breadcrumb\":{\"@id\":\"https:\/\/www.notibras.com\/site\/deputados-ruralistas-colocam-gays-indios-e-quilombolas-no-mesmo-balaio\/#breadcrumb\"},\"inLanguage\":\"pt-BR\",\"potentialAction\":[{\"@type\":\"ReadAction\",\"target\":[\"https:\/\/www.notibras.com\/site\/deputados-ruralistas-colocam-gays-indios-e-quilombolas-no-mesmo-balaio\/\"]}]},{\"@type\":\"ImageObject\",\"inLanguage\":\"pt-BR\",\"@id\":\"https:\/\/www.notibras.com\/site\/deputados-ruralistas-colocam-gays-indios-e-quilombolas-no-mesmo-balaio\/#primaryimage\",\"url\":\"https:\/\/www.notibras.com\/site\/wp-content\/uploads\/2014\/02\/br112.jpg\",\"contentUrl\":\"https:\/\/www.notibras.com\/site\/wp-content\/uploads\/2014\/02\/br112.jpg\",\"width\":900,\"height\":596},{\"@type\":\"BreadcrumbList\",\"@id\":\"https:\/\/www.notibras.com\/site\/deputados-ruralistas-colocam-gays-indios-e-quilombolas-no-mesmo-balaio\/#breadcrumb\",\"itemListElement\":[{\"@type\":\"ListItem\",\"position\":1,\"name\":\"In\u00edcio\",\"item\":\"https:\/\/www.notibras.com\/site\/\"},{\"@type\":\"ListItem\",\"position\":2,\"name\":\"Deputados ruralistas colocam \u00edndios, gays e quilombolas no balaio\"}]},{\"@type\":\"WebSite\",\"@id\":\"https:\/\/www.notibras.com\/site\/#website\",\"url\":\"https:\/\/www.notibras.com\/site\/\",\"name\":\"Notibras\",\"description\":\"Not\u00edcias de Bras\u00edlia, do Brasil e do Mundo\",\"publisher\":{\"@id\":\"https:\/\/www.notibras.com\/site\/#organization\"},\"potentialAction\":[{\"@type\":\"SearchAction\",\"target\":{\"@type\":\"EntryPoint\",\"urlTemplate\":\"https:\/\/www.notibras.com\/site\/?s={search_term_string}\"},\"query-input\":{\"@type\":\"PropertyValueSpecification\",\"valueRequired\":true,\"valueName\":\"search_term_string\"}}],\"inLanguage\":\"pt-BR\"},{\"@type\":\"Organization\",\"@id\":\"https:\/\/www.notibras.com\/site\/#organization\",\"name\":\"Grupo Notibras de Comunica\u00e7\u00e3o\",\"url\":\"https:\/\/www.notibras.com\/site\/\",\"logo\":{\"@type\":\"ImageObject\",\"inLanguage\":\"pt-BR\",\"@id\":\"https:\/\/www.notibras.com\/site\/#\/schema\/logo\/image\/\",\"url\":\"https:\/\/www.notibras.com\/site\/wp-content\/uploads\/2023\/01\/notibras23.png\",\"contentUrl\":\"https:\/\/www.notibras.com\/site\/wp-content\/uploads\/2023\/01\/notibras23.png\",\"width\":350,\"height\":87,\"caption\":\"Grupo Notibras de Comunica\u00e7\u00e3o\"},\"image\":{\"@id\":\"https:\/\/www.notibras.com\/site\/#\/schema\/logo\/image\/\"},\"sameAs\":[\"https:\/\/www.facebook.com\/notibras\/\",\"https:\/\/x.com\/Notibras\",\"https:\/\/www.instagram.com\/notibras\/\"]},{\"@type\":\"Person\",\"@id\":\"https:\/\/www.notibras.com\/site\/#\/schema\/person\/36ab0979449956132d3e5b517ea76ac8\",\"name\":\"Reda\u00e7\u00e3o\",\"image\":{\"@type\":\"ImageObject\",\"inLanguage\":\"pt-BR\",\"@id\":\"https:\/\/secure.gravatar.com\/avatar\/e0a867bdedb85fd243eadf09663511f96fc81e0720a4a42581f334ad4303aa6b?s=96&d=mm&r=g\",\"url\":\"https:\/\/secure.gravatar.com\/avatar\/e0a867bdedb85fd243eadf09663511f96fc81e0720a4a42581f334ad4303aa6b?s=96&d=mm&r=g\",\"contentUrl\":\"https:\/\/secure.gravatar.com\/avatar\/e0a867bdedb85fd243eadf09663511f96fc81e0720a4a42581f334ad4303aa6b?s=96&d=mm&r=g\",\"caption\":\"Reda\u00e7\u00e3o\"}}]}<\/script>\n<!-- \/ Yoast SEO plugin. -->","yoast_head_json":{"title":"Deputados ruralistas colocam \u00edndios, gays e quilombolas no balaio - Notibras","robots":{"index":"index","follow":"follow","max-snippet":"max-snippet:-1","max-image-preview":"max-image-preview:large","max-video-preview":"max-video-preview:-1"},"canonical":"https:\/\/www.notibras.com\/site\/deputados-ruralistas-colocam-gays-indios-e-quilombolas-no-mesmo-balaio\/","og_locale":"pt_BR","og_type":"article","og_title":"Deputados ruralistas colocam \u00edndios, gays e quilombolas no balaio - Notibras","og_description":"As declara\u00e7\u00f5es t\u00eam mais de dois meses, mas s\u00f3 agora foram tornadas p\u00fablicas: deputados federais ga\u00fachos ligados \u00e0 Frente Parlamentar da Agropecu\u00e1ria atacaram minorias da sociedade, classificando quilombolas, \u00edndios, gays e l\u00e9sbicas como tudo o que n\u00e3o presta. A afirma\u00e7\u00e3o, incisiva, foi feita no fim de novembro de 2013 pelo presidente da frente, deputado Luis [&hellip;]","og_url":"https:\/\/www.notibras.com\/site\/deputados-ruralistas-colocam-gays-indios-e-quilombolas-no-mesmo-balaio\/","og_site_name":"Notibras","article_publisher":"https:\/\/www.facebook.com\/notibras\/","article_published_time":"2014-02-13T02:28:56+00:00","article_modified_time":"2014-02-13T13:45:28+00:00","og_image":[{"width":900,"height":596,"url":"https:\/\/www.notibras.com\/site\/wp-content\/uploads\/2014\/02\/br112.jpg","type":"image\/jpeg"}],"author":"Reda\u00e7\u00e3o","twitter_card":"summary_large_image","twitter_creator":"@Notibras","twitter_site":"@Notibras","twitter_misc":{"Escrito por":"Reda\u00e7\u00e3o","Est. tempo de leitura":"3 minutos"},"schema":{"@context":"https:\/\/schema.org","@graph":[{"@type":"Article","@id":"https:\/\/www.notibras.com\/site\/deputados-ruralistas-colocam-gays-indios-e-quilombolas-no-mesmo-balaio\/#article","isPartOf":{"@id":"https:\/\/www.notibras.com\/site\/deputados-ruralistas-colocam-gays-indios-e-quilombolas-no-mesmo-balaio\/"},"author":{"name":"Reda\u00e7\u00e3o","@id":"https:\/\/www.notibras.com\/site\/#\/schema\/person\/36ab0979449956132d3e5b517ea76ac8"},"headline":"Deputados ruralistas colocam \u00edndios, gays e quilombolas no balaio","datePublished":"2014-02-13T02:28:56+00:00","dateModified":"2014-02-13T13:45:28+00:00","mainEntityOfPage":{"@id":"https:\/\/www.notibras.com\/site\/deputados-ruralistas-colocam-gays-indios-e-quilombolas-no-mesmo-balaio\/"},"wordCount":556,"commentCount":0,"publisher":{"@id":"https:\/\/www.notibras.com\/site\/#organization"},"image":{"@id":"https:\/\/www.notibras.com\/site\/deputados-ruralistas-colocam-gays-indios-e-quilombolas-no-mesmo-balaio\/#primaryimage"},"thumbnailUrl":"https:\/\/www.notibras.com\/site\/wp-content\/uploads\/2014\/02\/br112.jpg","articleSection":["Brasil"],"inLanguage":"pt-BR","potentialAction":[{"@type":"CommentAction","name":"Comment","target":["https:\/\/www.notibras.com\/site\/deputados-ruralistas-colocam-gays-indios-e-quilombolas-no-mesmo-balaio\/#respond"]}]},{"@type":"WebPage","@id":"https:\/\/www.notibras.com\/site\/deputados-ruralistas-colocam-gays-indios-e-quilombolas-no-mesmo-balaio\/","url":"https:\/\/www.notibras.com\/site\/deputados-ruralistas-colocam-gays-indios-e-quilombolas-no-mesmo-balaio\/","name":"Deputados ruralistas colocam \u00edndios, gays e quilombolas no balaio - Notibras","isPartOf":{"@id":"https:\/\/www.notibras.com\/site\/#website"},"primaryImageOfPage":{"@id":"https:\/\/www.notibras.com\/site\/deputados-ruralistas-colocam-gays-indios-e-quilombolas-no-mesmo-balaio\/#primaryimage"},"image":{"@id":"https:\/\/www.notibras.com\/site\/deputados-ruralistas-colocam-gays-indios-e-quilombolas-no-mesmo-balaio\/#primaryimage"},"thumbnailUrl":"https:\/\/www.notibras.com\/site\/wp-content\/uploads\/2014\/02\/br112.jpg","datePublished":"2014-02-13T02:28:56+00:00","dateModified":"2014-02-13T13:45:28+00:00","breadcrumb":{"@id":"https:\/\/www.notibras.com\/site\/deputados-ruralistas-colocam-gays-indios-e-quilombolas-no-mesmo-balaio\/#breadcrumb"},"inLanguage":"pt-BR","potentialAction":[{"@type":"ReadAction","target":["https:\/\/www.notibras.com\/site\/deputados-ruralistas-colocam-gays-indios-e-quilombolas-no-mesmo-balaio\/"]}]},{"@type":"ImageObject","inLanguage":"pt-BR","@id":"https:\/\/www.notibras.com\/site\/deputados-ruralistas-colocam-gays-indios-e-quilombolas-no-mesmo-balaio\/#primaryimage","url":"https:\/\/www.notibras.com\/site\/wp-content\/uploads\/2014\/02\/br112.jpg","contentUrl":"https:\/\/www.notibras.com\/site\/wp-content\/uploads\/2014\/02\/br112.jpg","width":900,"height":596},{"@type":"BreadcrumbList","@id":"https:\/\/www.notibras.com\/site\/deputados-ruralistas-colocam-gays-indios-e-quilombolas-no-mesmo-balaio\/#breadcrumb","itemListElement":[{"@type":"ListItem","position":1,"name":"In\u00edcio","item":"https:\/\/www.notibras.com\/site\/"},{"@type":"ListItem","position":2,"name":"Deputados ruralistas colocam \u00edndios, gays e quilombolas no balaio"}]},{"@type":"WebSite","@id":"https:\/\/www.notibras.com\/site\/#website","url":"https:\/\/www.notibras.com\/site\/","name":"Notibras","description":"Not\u00edcias de Bras\u00edlia, do Brasil e do Mundo","publisher":{"@id":"https:\/\/www.notibras.com\/site\/#organization"},"potentialAction":[{"@type":"SearchAction","target":{"@type":"EntryPoint","urlTemplate":"https:\/\/www.notibras.com\/site\/?s={search_term_string}"},"query-input":{"@type":"PropertyValueSpecification","valueRequired":true,"valueName":"search_term_string"}}],"inLanguage":"pt-BR"},{"@type":"Organization","@id":"https:\/\/www.notibras.com\/site\/#organization","name":"Grupo Notibras de Comunica\u00e7\u00e3o","url":"https:\/\/www.notibras.com\/site\/","logo":{"@type":"ImageObject","inLanguage":"pt-BR","@id":"https:\/\/www.notibras.com\/site\/#\/schema\/logo\/image\/","url":"https:\/\/www.notibras.com\/site\/wp-content\/uploads\/2023\/01\/notibras23.png","contentUrl":"https:\/\/www.notibras.com\/site\/wp-content\/uploads\/2023\/01\/notibras23.png","width":350,"height":87,"caption":"Grupo Notibras de Comunica\u00e7\u00e3o"},"image":{"@id":"https:\/\/www.notibras.com\/site\/#\/schema\/logo\/image\/"},"sameAs":["https:\/\/www.facebook.com\/notibras\/","https:\/\/x.com\/Notibras","https:\/\/www.instagram.com\/notibras\/"]},{"@type":"Person","@id":"https:\/\/www.notibras.com\/site\/#\/schema\/person\/36ab0979449956132d3e5b517ea76ac8","name":"Reda\u00e7\u00e3o","image":{"@type":"ImageObject","inLanguage":"pt-BR","@id":"https:\/\/secure.gravatar.com\/avatar\/e0a867bdedb85fd243eadf09663511f96fc81e0720a4a42581f334ad4303aa6b?s=96&d=mm&r=g","url":"https:\/\/secure.gravatar.com\/avatar\/e0a867bdedb85fd243eadf09663511f96fc81e0720a4a42581f334ad4303aa6b?s=96&d=mm&r=g","contentUrl":"https:\/\/secure.gravatar.com\/avatar\/e0a867bdedb85fd243eadf09663511f96fc81e0720a4a42581f334ad4303aa6b?s=96&d=mm&r=g","caption":"Reda\u00e7\u00e3o"}}]}},"amp_enabled":true,"_links":{"self":[{"href":"https:\/\/www.notibras.com\/site\/wp-json\/wp\/v2\/posts\/1427","targetHints":{"allow":["GET"]}}],"collection":[{"href":"https:\/\/www.notibras.com\/site\/wp-json\/wp\/v2\/posts"}],"about":[{"href":"https:\/\/www.notibras.com\/site\/wp-json\/wp\/v2\/types\/post"}],"author":[{"embeddable":true,"href":"https:\/\/www.notibras.com\/site\/wp-json\/wp\/v2\/users\/2"}],"replies":[{"embeddable":true,"href":"https:\/\/www.notibras.com\/site\/wp-json\/wp\/v2\/comments?post=1427"}],"version-history":[{"count":0,"href":"https:\/\/www.notibras.com\/site\/wp-json\/wp\/v2\/posts\/1427\/revisions"}],"wp:featuredmedia":[{"embeddable":true,"href":"https:\/\/www.notibras.com\/site\/wp-json\/wp\/v2\/media\/1428"}],"wp:attachment":[{"href":"https:\/\/www.notibras.com\/site\/wp-json\/wp\/v2\/media?parent=1427"}],"wp:term":[{"taxonomy":"category","embeddable":true,"href":"https:\/\/www.notibras.com\/site\/wp-json\/wp\/v2\/categories?post=1427"},{"taxonomy":"post_tag","embeddable":true,"href":"https:\/\/www.notibras.com\/site\/wp-json\/wp\/v2\/tags?post=1427"}],"curies":[{"name":"wp","href":"https:\/\/api.w.org\/{rel}","templated":true}]}}