{"id":14280,"date":"2014-06-24T19:21:28","date_gmt":"2014-06-24T22:21:28","guid":{"rendered":"http:\/\/www.notibras.com\/site\/?p=14280"},"modified":"2014-06-24T19:21:28","modified_gmt":"2014-06-24T22:21:28","slug":"colombia-goleia-o-japao-e-encara-o-uruguai-em-classico-sul-americano","status":"publish","type":"post","link":"https:\/\/www.notibras.com\/site\/colombia-goleia-o-japao-e-encara-o-uruguai-em-classico-sul-americano\/","title":{"rendered":"Col\u00f4mbia goleia o Jap\u00e3o e encara o Uruguai em cl\u00e1ssico sul-americano"},"content":{"rendered":"<p>A Col\u00f4mbia encerrou a primeira fase da Copa do Mundo nesta ter\u00e7a-feira mantendo o n\u00edvel das boas atua\u00e7\u00f5es no Grupo C. Em confronto realizado na Arena Pantanal, em Cuiab\u00e1 (MT), o time sul-americano segurou a press\u00e3o do Jap\u00e3o e teve efici\u00eancia ofensiva para vencer por 4 a 1 e se confirmar como advers\u00e1rio do Uruguai nas oitavas de final.<\/p>\n<p>A Col\u00f4mbia termina a primeira fase com 100% de aproveitamento ap\u00f3s tr\u00eas jogos e tr\u00eas vit\u00f3rias. Com nove pontos, j\u00e1 tem advers\u00e1rio definido para as oitavas de final da Copa do Mundo: o Uruguai, que mais cedo fez 1 a 0 na It\u00e1lia e ficou com o segundo lugar do Grupo D. O duelo ser\u00e1 realizado no s\u00e1bado, \u00e0s 17h (de Bras\u00edlia), no Maracan\u00e3, no Rio de Janeiro.<\/p>\n<p>O vencedor dessa oitava de final pode entrar no caminho do Brasil, j\u00e1 que vai pegar quem passar entre a Sele\u00e7\u00e3o Brasileira e o Chile \u2013 essa partida tamb\u00e9m ser\u00e1 disputada no s\u00e1bado, mas \u00e0s 13h. J\u00e1 os japoneses encerram a primeira fase na lanterna do Grupo C, com apenas um ponto conquistado.<\/p>\n<p>Como precisava da vit\u00f3ria para avan\u00e7ar \u00e0s oitavas de final, a sele\u00e7\u00e3o japonesa come\u00e7ou o jogo em ritmo alto, tentando pressionar a Col\u00f4mbia. Apesar da boa cria\u00e7\u00e3o de jogadas, o time sofreu com seu fraco poderio de finaliza\u00e7\u00e3o. Aos 8min, Okubo dominou dentro da \u00e1rea e fez boa jogada, mas acabou chutando em cima de Vald\u00e9s e desperdi\u00e7ou a primeira boa oportunidade da equipe asi\u00e1tica na Arena Pantanal.<\/p>\n<p>Aos 13min, Uchida recebeu pela direita e arriscou de longe, mandando a bola perigosamente por cima do gol. No lance seguinte, foi Hasebe quem arriscou de longe, mas desta vez Ospina encaixou a defesa. Os colombianos, por sua vez, tentavam aproveitar o contra-ataque e se mantinham bem postados defensivamente. Aos 16min, em uma das investidas na frente, conseguiu abrir o placar.<\/p>\n<p>O lance ocorreu com Ramos, que recebeu passe na esquerda e, ao invadir a \u00e1rea, foi derrubado por carrinho de Konno. O \u00e1rbitro portugu\u00eas Pedro Proen\u00e7a deu p\u00eanalti, que foi convertido por Cuadrado com chute forte no meio do gol. Os japoneses ent\u00e3o retomaram a press\u00e3o. Aos 25min, Kagawa fintou Vald\u00e9s e chutou rasteiro, mas Ospina defendeu. Aos 32min, Honda assustou em cobran\u00e7a de falta da intermedi\u00e1ria.<\/p>\n<p>O Jap\u00e3o mostrou at\u00e9 ousadia aos 35min, com tentativa de bicicleta de Okubo ap\u00f3s cruzamento de Uchida. Franco-atirador at\u00e9 ent\u00e3o, a Col\u00f4mbia levou muito perigo aos 41min, com avan\u00e7o de Ramos pela direita e cruzamento rasteiro para chute de Martinez, que estava livre. Depois de muita insist\u00eancia, o Jap\u00e3o empatou aos 46min. Honda cruzou na \u00e1rea e Okazaki, igualou o marcador na Arena Pantanal.<\/p>\n<blockquote><p>O gol fez os colombianos acordarem para o jogo ap\u00f3s o intervalo e, com alguns minutos de esfor\u00e7o nos primeiros minutos do segundo tempo, conseguiram o gol. Aos 4min, Rodr\u00edguez fez boa jogada e chutou para o gol, mas a finaliza\u00e7\u00e3o foi desviada. Aos 7min, Rodr\u00edguez cruzou na \u00e1rea e Carbonero concluiu por cima. Aos 9min, Rodr\u00edguez mais uma vez foi certeiro: mandou a bola para Mart\u00ednez, desmarcado dentro da \u00e1rea, chutar cruzado e desempatar o jogo.<\/p><\/blockquote>\n<p>O Jap\u00e3o n\u00e3o desistiu e voltou ao campo de ataque com afinco. Aos 18min, Honda quase surpreendeu Ospina em cobran\u00e7a de falta de longe, mas o goleiro colombiano conseguiu fazer a defesa. No lance seguinte, desperdi\u00e7ou uma chance incr\u00edvel: Ochida fez jogada at\u00e9 a linha de fundo, pela direita, e cruzou rasteiro para o meio da \u00e1rea, onde Okubo apareceu em velocidade, mas a finaliza\u00e7\u00e3o saiu alta demais.<\/p>\n<p>Com essa postura, a Col\u00f4mbia teve espa\u00e7o de sobra para contra atacar, mas em duas oportunidades viu as oportunidades escaparem por erros de passe ou falta de vis\u00e3o dos jogadores. Quando finalmente se acertaram em meio aos desesperados defensores japoneses, mataram o jogo. Aos 36min, Rodr\u00edguez arrancou pelo meio, puxou a marca\u00e7\u00e3o para a esquerda e tocou na direita, onde Jackson invadiu a \u00e1rea com liberdade, cortou a marca\u00e7\u00e3o e fez o terceiro gol.<\/p>\n<p>A partida na Arena Pantanal ainda teve uma homenagem emocionante para a torcida da Col\u00f4mbia. Com a partida praticamente definida, o t\u00e9cnico Jos\u00e9 Perkerman tirou o goleiro Ospina para colocar Faryd Mondrag\u00f3n em campo. A medida tornou o veterano goleiro, de 43 anos, uma recordista: \u00e9 o mais velho a disputar uma Copa do Mundo. Nos minutos finais, a vit\u00f3ria virou goleada com gola\u00e7o de Rodr\u00edguez, que recebeu aos 43min pela esquerda, fintou a marca\u00e7\u00e3o\u00a0 e encobriu o goleiro para encerrar o placar.<\/p>\n","protected":false},"excerpt":{"rendered":"<p>A Col\u00f4mbia encerrou a primeira fase da Copa do Mundo nesta ter\u00e7a-feira mantendo o n\u00edvel das boas atua\u00e7\u00f5es no Grupo C. Em confronto realizado na Arena Pantanal, em Cuiab\u00e1 (MT), o time sul-americano segurou a press\u00e3o do Jap\u00e3o e teve efici\u00eancia ofensiva para vencer por 4 a 1 e se confirmar como advers\u00e1rio do Uruguai [&hellip;]<\/p>\n","protected":false},"author":2,"featured_media":14281,"comment_status":"open","ping_status":"closed","sticky":false,"template":"","format":"standard","meta":{"_acf_changed":false,"footnotes":""},"categories":[19],"tags":[],"class_list":["post-14280","post","type-post","status-publish","format-standard","has-post-thumbnail","hentry","category-esportes"],"acf":[],"yoast_head":"<!-- This site is optimized with the Yoast SEO plugin v27.2 - https:\/\/yoast.com\/product\/yoast-seo-wordpress\/ -->\n<title>Col\u00f4mbia goleia o Jap\u00e3o e encara o Uruguai em cl\u00e1ssico sul-americano - Notibras<\/title>\n<meta name=\"robots\" content=\"index, follow, max-snippet:-1, max-image-preview:large, max-video-preview:-1\" \/>\n<link rel=\"canonical\" href=\"https:\/\/www.notibras.com\/site\/colombia-goleia-o-japao-e-encara-o-uruguai-em-classico-sul-americano\/\" \/>\n<meta property=\"og:locale\" content=\"pt_BR\" \/>\n<meta property=\"og:type\" content=\"article\" \/>\n<meta property=\"og:title\" content=\"Col\u00f4mbia goleia o Jap\u00e3o e encara o Uruguai em cl\u00e1ssico sul-americano - Notibras\" \/>\n<meta property=\"og:description\" content=\"A Col\u00f4mbia encerrou a primeira fase da Copa do Mundo nesta ter\u00e7a-feira mantendo o n\u00edvel das boas atua\u00e7\u00f5es no Grupo C. Em confronto realizado na Arena Pantanal, em Cuiab\u00e1 (MT), o time sul-americano segurou a press\u00e3o do Jap\u00e3o e teve efici\u00eancia ofensiva para vencer por 4 a 1 e se confirmar como advers\u00e1rio do Uruguai [&hellip;]\" \/>\n<meta property=\"og:url\" content=\"https:\/\/www.notibras.com\/site\/colombia-goleia-o-japao-e-encara-o-uruguai-em-classico-sul-americano\/\" \/>\n<meta property=\"og:site_name\" content=\"Notibras\" \/>\n<meta property=\"article:publisher\" content=\"https:\/\/www.facebook.com\/notibras\/\" \/>\n<meta property=\"article:published_time\" content=\"2014-06-24T22:21:28+00:00\" \/>\n<meta property=\"og:image\" content=\"https:\/\/www.notibras.com\/site\/wp-content\/uploads\/2014\/06\/colombiamartinezterceirogolcomemorarts.jpg\" \/>\n\t<meta property=\"og:image:width\" content=\"460\" \/>\n\t<meta property=\"og:image:height\" content=\"340\" \/>\n\t<meta property=\"og:image:type\" content=\"image\/jpeg\" \/>\n<meta name=\"author\" content=\"Reda\u00e7\u00e3o\" \/>\n<meta name=\"twitter:card\" content=\"summary_large_image\" \/>\n<meta name=\"twitter:creator\" content=\"@Notibras\" \/>\n<meta name=\"twitter:site\" content=\"@Notibras\" \/>\n<meta name=\"twitter:label1\" content=\"Escrito por\" \/>\n\t<meta name=\"twitter:data1\" content=\"Reda\u00e7\u00e3o\" \/>\n\t<meta name=\"twitter:label2\" content=\"Est. tempo de leitura\" \/>\n\t<meta name=\"twitter:data2\" content=\"4 minutos\" \/>\n<script type=\"application\/ld+json\" class=\"yoast-schema-graph\">{\"@context\":\"https:\/\/schema.org\",\"@graph\":[{\"@type\":\"Article\",\"@id\":\"https:\/\/www.notibras.com\/site\/colombia-goleia-o-japao-e-encara-o-uruguai-em-classico-sul-americano\/#article\",\"isPartOf\":{\"@id\":\"https:\/\/www.notibras.com\/site\/colombia-goleia-o-japao-e-encara-o-uruguai-em-classico-sul-americano\/\"},\"author\":{\"name\":\"Reda\u00e7\u00e3o\",\"@id\":\"https:\/\/www.notibras.com\/site\/#\/schema\/person\/36ab0979449956132d3e5b517ea76ac8\"},\"headline\":\"Col\u00f4mbia goleia o Jap\u00e3o e encara o Uruguai em cl\u00e1ssico sul-americano\",\"datePublished\":\"2014-06-24T22:21:28+00:00\",\"mainEntityOfPage\":{\"@id\":\"https:\/\/www.notibras.com\/site\/colombia-goleia-o-japao-e-encara-o-uruguai-em-classico-sul-americano\/\"},\"wordCount\":819,\"commentCount\":0,\"publisher\":{\"@id\":\"https:\/\/www.notibras.com\/site\/#organization\"},\"image\":{\"@id\":\"https:\/\/www.notibras.com\/site\/colombia-goleia-o-japao-e-encara-o-uruguai-em-classico-sul-americano\/#primaryimage\"},\"thumbnailUrl\":\"https:\/\/www.notibras.com\/site\/wp-content\/uploads\/2014\/06\/colombiamartinezterceirogolcomemorarts.jpg\",\"articleSection\":[\"Esportes\"],\"inLanguage\":\"pt-BR\",\"potentialAction\":[{\"@type\":\"CommentAction\",\"name\":\"Comment\",\"target\":[\"https:\/\/www.notibras.com\/site\/colombia-goleia-o-japao-e-encara-o-uruguai-em-classico-sul-americano\/#respond\"]}]},{\"@type\":\"WebPage\",\"@id\":\"https:\/\/www.notibras.com\/site\/colombia-goleia-o-japao-e-encara-o-uruguai-em-classico-sul-americano\/\",\"url\":\"https:\/\/www.notibras.com\/site\/colombia-goleia-o-japao-e-encara-o-uruguai-em-classico-sul-americano\/\",\"name\":\"Col\u00f4mbia goleia o Jap\u00e3o e encara o Uruguai em cl\u00e1ssico sul-americano - Notibras\",\"isPartOf\":{\"@id\":\"https:\/\/www.notibras.com\/site\/#website\"},\"primaryImageOfPage\":{\"@id\":\"https:\/\/www.notibras.com\/site\/colombia-goleia-o-japao-e-encara-o-uruguai-em-classico-sul-americano\/#primaryimage\"},\"image\":{\"@id\":\"https:\/\/www.notibras.com\/site\/colombia-goleia-o-japao-e-encara-o-uruguai-em-classico-sul-americano\/#primaryimage\"},\"thumbnailUrl\":\"https:\/\/www.notibras.com\/site\/wp-content\/uploads\/2014\/06\/colombiamartinezterceirogolcomemorarts.jpg\",\"datePublished\":\"2014-06-24T22:21:28+00:00\",\"breadcrumb\":{\"@id\":\"https:\/\/www.notibras.com\/site\/colombia-goleia-o-japao-e-encara-o-uruguai-em-classico-sul-americano\/#breadcrumb\"},\"inLanguage\":\"pt-BR\",\"potentialAction\":[{\"@type\":\"ReadAction\",\"target\":[\"https:\/\/www.notibras.com\/site\/colombia-goleia-o-japao-e-encara-o-uruguai-em-classico-sul-americano\/\"]}]},{\"@type\":\"ImageObject\",\"inLanguage\":\"pt-BR\",\"@id\":\"https:\/\/www.notibras.com\/site\/colombia-goleia-o-japao-e-encara-o-uruguai-em-classico-sul-americano\/#primaryimage\",\"url\":\"https:\/\/www.notibras.com\/site\/wp-content\/uploads\/2014\/06\/colombiamartinezterceirogolcomemorarts.jpg\",\"contentUrl\":\"https:\/\/www.notibras.com\/site\/wp-content\/uploads\/2014\/06\/colombiamartinezterceirogolcomemorarts.jpg\",\"width\":460,\"height\":340},{\"@type\":\"BreadcrumbList\",\"@id\":\"https:\/\/www.notibras.com\/site\/colombia-goleia-o-japao-e-encara-o-uruguai-em-classico-sul-americano\/#breadcrumb\",\"itemListElement\":[{\"@type\":\"ListItem\",\"position\":1,\"name\":\"In\u00edcio\",\"item\":\"https:\/\/www.notibras.com\/site\/\"},{\"@type\":\"ListItem\",\"position\":2,\"name\":\"Col\u00f4mbia goleia o Jap\u00e3o e encara o Uruguai em cl\u00e1ssico sul-americano\"}]},{\"@type\":\"WebSite\",\"@id\":\"https:\/\/www.notibras.com\/site\/#website\",\"url\":\"https:\/\/www.notibras.com\/site\/\",\"name\":\"Notibras\",\"description\":\"Not\u00edcias de Bras\u00edlia, do Brasil e do Mundo\",\"publisher\":{\"@id\":\"https:\/\/www.notibras.com\/site\/#organization\"},\"potentialAction\":[{\"@type\":\"SearchAction\",\"target\":{\"@type\":\"EntryPoint\",\"urlTemplate\":\"https:\/\/www.notibras.com\/site\/?s={search_term_string}\"},\"query-input\":{\"@type\":\"PropertyValueSpecification\",\"valueRequired\":true,\"valueName\":\"search_term_string\"}}],\"inLanguage\":\"pt-BR\"},{\"@type\":\"Organization\",\"@id\":\"https:\/\/www.notibras.com\/site\/#organization\",\"name\":\"Grupo Notibras de Comunica\u00e7\u00e3o\",\"url\":\"https:\/\/www.notibras.com\/site\/\",\"logo\":{\"@type\":\"ImageObject\",\"inLanguage\":\"pt-BR\",\"@id\":\"https:\/\/www.notibras.com\/site\/#\/schema\/logo\/image\/\",\"url\":\"https:\/\/www.notibras.com\/site\/wp-content\/uploads\/2023\/01\/notibras23.png\",\"contentUrl\":\"https:\/\/www.notibras.com\/site\/wp-content\/uploads\/2023\/01\/notibras23.png\",\"width\":350,\"height\":87,\"caption\":\"Grupo Notibras de Comunica\u00e7\u00e3o\"},\"image\":{\"@id\":\"https:\/\/www.notibras.com\/site\/#\/schema\/logo\/image\/\"},\"sameAs\":[\"https:\/\/www.facebook.com\/notibras\/\",\"https:\/\/x.com\/Notibras\",\"https:\/\/www.instagram.com\/notibras\/\"]},{\"@type\":\"Person\",\"@id\":\"https:\/\/www.notibras.com\/site\/#\/schema\/person\/36ab0979449956132d3e5b517ea76ac8\",\"name\":\"Reda\u00e7\u00e3o\",\"image\":{\"@type\":\"ImageObject\",\"inLanguage\":\"pt-BR\",\"@id\":\"https:\/\/secure.gravatar.com\/avatar\/e0a867bdedb85fd243eadf09663511f96fc81e0720a4a42581f334ad4303aa6b?s=96&d=mm&r=g\",\"url\":\"https:\/\/secure.gravatar.com\/avatar\/e0a867bdedb85fd243eadf09663511f96fc81e0720a4a42581f334ad4303aa6b?s=96&d=mm&r=g\",\"contentUrl\":\"https:\/\/secure.gravatar.com\/avatar\/e0a867bdedb85fd243eadf09663511f96fc81e0720a4a42581f334ad4303aa6b?s=96&d=mm&r=g\",\"caption\":\"Reda\u00e7\u00e3o\"}}]}<\/script>\n<!-- \/ Yoast SEO plugin. -->","yoast_head_json":{"title":"Col\u00f4mbia goleia o Jap\u00e3o e encara o Uruguai em cl\u00e1ssico sul-americano - Notibras","robots":{"index":"index","follow":"follow","max-snippet":"max-snippet:-1","max-image-preview":"max-image-preview:large","max-video-preview":"max-video-preview:-1"},"canonical":"https:\/\/www.notibras.com\/site\/colombia-goleia-o-japao-e-encara-o-uruguai-em-classico-sul-americano\/","og_locale":"pt_BR","og_type":"article","og_title":"Col\u00f4mbia goleia o Jap\u00e3o e encara o Uruguai em cl\u00e1ssico sul-americano - Notibras","og_description":"A Col\u00f4mbia encerrou a primeira fase da Copa do Mundo nesta ter\u00e7a-feira mantendo o n\u00edvel das boas atua\u00e7\u00f5es no Grupo C. Em confronto realizado na Arena Pantanal, em Cuiab\u00e1 (MT), o time sul-americano segurou a press\u00e3o do Jap\u00e3o e teve efici\u00eancia ofensiva para vencer por 4 a 1 e se confirmar como advers\u00e1rio do Uruguai [&hellip;]","og_url":"https:\/\/www.notibras.com\/site\/colombia-goleia-o-japao-e-encara-o-uruguai-em-classico-sul-americano\/","og_site_name":"Notibras","article_publisher":"https:\/\/www.facebook.com\/notibras\/","article_published_time":"2014-06-24T22:21:28+00:00","og_image":[{"width":460,"height":340,"url":"https:\/\/www.notibras.com\/site\/wp-content\/uploads\/2014\/06\/colombiamartinezterceirogolcomemorarts.jpg","type":"image\/jpeg"}],"author":"Reda\u00e7\u00e3o","twitter_card":"summary_large_image","twitter_creator":"@Notibras","twitter_site":"@Notibras","twitter_misc":{"Escrito por":"Reda\u00e7\u00e3o","Est. tempo de leitura":"4 minutos"},"schema":{"@context":"https:\/\/schema.org","@graph":[{"@type":"Article","@id":"https:\/\/www.notibras.com\/site\/colombia-goleia-o-japao-e-encara-o-uruguai-em-classico-sul-americano\/#article","isPartOf":{"@id":"https:\/\/www.notibras.com\/site\/colombia-goleia-o-japao-e-encara-o-uruguai-em-classico-sul-americano\/"},"author":{"name":"Reda\u00e7\u00e3o","@id":"https:\/\/www.notibras.com\/site\/#\/schema\/person\/36ab0979449956132d3e5b517ea76ac8"},"headline":"Col\u00f4mbia goleia o Jap\u00e3o e encara o Uruguai em cl\u00e1ssico sul-americano","datePublished":"2014-06-24T22:21:28+00:00","mainEntityOfPage":{"@id":"https:\/\/www.notibras.com\/site\/colombia-goleia-o-japao-e-encara-o-uruguai-em-classico-sul-americano\/"},"wordCount":819,"commentCount":0,"publisher":{"@id":"https:\/\/www.notibras.com\/site\/#organization"},"image":{"@id":"https:\/\/www.notibras.com\/site\/colombia-goleia-o-japao-e-encara-o-uruguai-em-classico-sul-americano\/#primaryimage"},"thumbnailUrl":"https:\/\/www.notibras.com\/site\/wp-content\/uploads\/2014\/06\/colombiamartinezterceirogolcomemorarts.jpg","articleSection":["Esportes"],"inLanguage":"pt-BR","potentialAction":[{"@type":"CommentAction","name":"Comment","target":["https:\/\/www.notibras.com\/site\/colombia-goleia-o-japao-e-encara-o-uruguai-em-classico-sul-americano\/#respond"]}]},{"@type":"WebPage","@id":"https:\/\/www.notibras.com\/site\/colombia-goleia-o-japao-e-encara-o-uruguai-em-classico-sul-americano\/","url":"https:\/\/www.notibras.com\/site\/colombia-goleia-o-japao-e-encara-o-uruguai-em-classico-sul-americano\/","name":"Col\u00f4mbia goleia o Jap\u00e3o e encara o Uruguai em cl\u00e1ssico sul-americano - Notibras","isPartOf":{"@id":"https:\/\/www.notibras.com\/site\/#website"},"primaryImageOfPage":{"@id":"https:\/\/www.notibras.com\/site\/colombia-goleia-o-japao-e-encara-o-uruguai-em-classico-sul-americano\/#primaryimage"},"image":{"@id":"https:\/\/www.notibras.com\/site\/colombia-goleia-o-japao-e-encara-o-uruguai-em-classico-sul-americano\/#primaryimage"},"thumbnailUrl":"https:\/\/www.notibras.com\/site\/wp-content\/uploads\/2014\/06\/colombiamartinezterceirogolcomemorarts.jpg","datePublished":"2014-06-24T22:21:28+00:00","breadcrumb":{"@id":"https:\/\/www.notibras.com\/site\/colombia-goleia-o-japao-e-encara-o-uruguai-em-classico-sul-americano\/#breadcrumb"},"inLanguage":"pt-BR","potentialAction":[{"@type":"ReadAction","target":["https:\/\/www.notibras.com\/site\/colombia-goleia-o-japao-e-encara-o-uruguai-em-classico-sul-americano\/"]}]},{"@type":"ImageObject","inLanguage":"pt-BR","@id":"https:\/\/www.notibras.com\/site\/colombia-goleia-o-japao-e-encara-o-uruguai-em-classico-sul-americano\/#primaryimage","url":"https:\/\/www.notibras.com\/site\/wp-content\/uploads\/2014\/06\/colombiamartinezterceirogolcomemorarts.jpg","contentUrl":"https:\/\/www.notibras.com\/site\/wp-content\/uploads\/2014\/06\/colombiamartinezterceirogolcomemorarts.jpg","width":460,"height":340},{"@type":"BreadcrumbList","@id":"https:\/\/www.notibras.com\/site\/colombia-goleia-o-japao-e-encara-o-uruguai-em-classico-sul-americano\/#breadcrumb","itemListElement":[{"@type":"ListItem","position":1,"name":"In\u00edcio","item":"https:\/\/www.notibras.com\/site\/"},{"@type":"ListItem","position":2,"name":"Col\u00f4mbia goleia o Jap\u00e3o e encara o Uruguai em cl\u00e1ssico sul-americano"}]},{"@type":"WebSite","@id":"https:\/\/www.notibras.com\/site\/#website","url":"https:\/\/www.notibras.com\/site\/","name":"Notibras","description":"Not\u00edcias de Bras\u00edlia, do Brasil e do Mundo","publisher":{"@id":"https:\/\/www.notibras.com\/site\/#organization"},"potentialAction":[{"@type":"SearchAction","target":{"@type":"EntryPoint","urlTemplate":"https:\/\/www.notibras.com\/site\/?s={search_term_string}"},"query-input":{"@type":"PropertyValueSpecification","valueRequired":true,"valueName":"search_term_string"}}],"inLanguage":"pt-BR"},{"@type":"Organization","@id":"https:\/\/www.notibras.com\/site\/#organization","name":"Grupo Notibras de Comunica\u00e7\u00e3o","url":"https:\/\/www.notibras.com\/site\/","logo":{"@type":"ImageObject","inLanguage":"pt-BR","@id":"https:\/\/www.notibras.com\/site\/#\/schema\/logo\/image\/","url":"https:\/\/www.notibras.com\/site\/wp-content\/uploads\/2023\/01\/notibras23.png","contentUrl":"https:\/\/www.notibras.com\/site\/wp-content\/uploads\/2023\/01\/notibras23.png","width":350,"height":87,"caption":"Grupo Notibras de Comunica\u00e7\u00e3o"},"image":{"@id":"https:\/\/www.notibras.com\/site\/#\/schema\/logo\/image\/"},"sameAs":["https:\/\/www.facebook.com\/notibras\/","https:\/\/x.com\/Notibras","https:\/\/www.instagram.com\/notibras\/"]},{"@type":"Person","@id":"https:\/\/www.notibras.com\/site\/#\/schema\/person\/36ab0979449956132d3e5b517ea76ac8","name":"Reda\u00e7\u00e3o","image":{"@type":"ImageObject","inLanguage":"pt-BR","@id":"https:\/\/secure.gravatar.com\/avatar\/e0a867bdedb85fd243eadf09663511f96fc81e0720a4a42581f334ad4303aa6b?s=96&d=mm&r=g","url":"https:\/\/secure.gravatar.com\/avatar\/e0a867bdedb85fd243eadf09663511f96fc81e0720a4a42581f334ad4303aa6b?s=96&d=mm&r=g","contentUrl":"https:\/\/secure.gravatar.com\/avatar\/e0a867bdedb85fd243eadf09663511f96fc81e0720a4a42581f334ad4303aa6b?s=96&d=mm&r=g","caption":"Reda\u00e7\u00e3o"}}]}},"amp_enabled":true,"_links":{"self":[{"href":"https:\/\/www.notibras.com\/site\/wp-json\/wp\/v2\/posts\/14280","targetHints":{"allow":["GET"]}}],"collection":[{"href":"https:\/\/www.notibras.com\/site\/wp-json\/wp\/v2\/posts"}],"about":[{"href":"https:\/\/www.notibras.com\/site\/wp-json\/wp\/v2\/types\/post"}],"author":[{"embeddable":true,"href":"https:\/\/www.notibras.com\/site\/wp-json\/wp\/v2\/users\/2"}],"replies":[{"embeddable":true,"href":"https:\/\/www.notibras.com\/site\/wp-json\/wp\/v2\/comments?post=14280"}],"version-history":[{"count":0,"href":"https:\/\/www.notibras.com\/site\/wp-json\/wp\/v2\/posts\/14280\/revisions"}],"wp:featuredmedia":[{"embeddable":true,"href":"https:\/\/www.notibras.com\/site\/wp-json\/wp\/v2\/media\/14281"}],"wp:attachment":[{"href":"https:\/\/www.notibras.com\/site\/wp-json\/wp\/v2\/media?parent=14280"}],"wp:term":[{"taxonomy":"category","embeddable":true,"href":"https:\/\/www.notibras.com\/site\/wp-json\/wp\/v2\/categories?post=14280"},{"taxonomy":"post_tag","embeddable":true,"href":"https:\/\/www.notibras.com\/site\/wp-json\/wp\/v2\/tags?post=14280"}],"curies":[{"name":"wp","href":"https:\/\/api.w.org\/{rel}","templated":true}]}}