{"id":14306,"date":"2014-06-25T02:42:36","date_gmt":"2014-06-25T05:42:36","guid":{"rendered":"http:\/\/www.notibras.com\/site\/?p=14306"},"modified":"2014-06-25T15:11:21","modified_gmt":"2014-06-25T18:11:21","slug":"justica-joga-balde-de-agua-fria-no-buriti-polarizacao-sera-agnelo-x-arruda","status":"publish","type":"post","link":"https:\/\/www.notibras.com\/site\/justica-joga-balde-de-agua-fria-no-buriti-polarizacao-sera-agnelo-x-arruda\/","title":{"rendered":"Justi\u00e7a joga um balde de \u00e1gua fria no Buriti. Agnelo x Arruda?"},"content":{"rendered":"<p>Pronto. O mist\u00e9rio chegou ao fim e n\u00e3o haver\u00e1 mais o dia &#8220;D&#8221; para o ex-governador Jos\u00e9 Roberto Arruda. Uma carta da manga que ningu\u00e9m esperava foi tirada pelos advogados do ex-governador. Pegou o meio pol\u00edtico de surpresa. O julgamento que ocorreria neste dia 25 de junho, foi adiado pelo Superior Tribunal de Justi\u00e7a. O jogo est\u00e1 praticamente definido. Ser\u00e1 o verde contra o vermelho: Agnelo contra Arruda.<\/p>\n<p>Agora, s\u00f3 resta saber quem ser\u00e3o os aliados do ex-governador. Na tarde desta ter\u00e7a-feira,24, informa\u00e7\u00f5es davam conta que o vice de Arruda estava mais que escolhido. N\u00e3o foi anunciado ainda porque o nome sugerido enfrentou uma enorme rejei\u00e7\u00e3o \u00e0 indica\u00e7\u00e3o por parte da executiva nacional do seu partido, o PR.. Que, ressalte-se, j\u00e1 est\u00e1 sendo \u201ctrabalhado\u201d.<\/p>\n<p>As imagens de Arruda recebendo dinheiro ainda pesam bastante. Isso causa uma resist\u00eancia a n\u00edvel nacional e tem prejudicado as articula\u00e7\u00f5es, mas n\u00e3o dever\u00e1 ser empecilho para arrebanhar aliados. Ainda mais com os argumentos que ser\u00e3o utilizados por Arruda para justificar o ato.<\/p>\n<blockquote><p>O adiamento do julgamento caiu como um balde \u00e1gua fria no Pal\u00e1cio do Buriti. A teia de aranha criada pelas hostes petistas, que j\u00e1 contavam com a derrocada de Arruda nos tribunais, n\u00e3o colou. Quem quiser derrotar o ex-governador vai ter de encarar as urnas. A miss\u00e3o n\u00e3o ser\u00e1 f\u00e1cil. O champanhe e os charutos cubanos continuar\u00e3o na embalagem. N\u00e3o ser\u00e3o espocados nem acesos t\u00e3o cedo.<\/p><\/blockquote>\n<p>Parte da oposi\u00e7\u00e3o j\u00e1 sinaliza uma composi\u00e7\u00e3o e as conven\u00e7\u00f5es dir\u00e3o quais partidos ir\u00e3o compor com a chapa arrudista. Arruda deve arregimentar todo mundo. Basta lembrar que o ex-governador lidera em todas as pesquisas. Os n\u00fameros apontam que a sua vit\u00f3ria seria ainda em primeiro turno. E o alerta vermelho foi acionado. A base petista tremeu.<\/p>\n<p>Outro que levou uma bordoada com a praticamente decidida candidatura de Arruda, foi o pr\u00e9-candidato PSDB, Luiz Pitiman, que est\u00e1 cada vez mais isolado em seu ninho. O tucano n\u00e3o agrega. Parte da oposi\u00e7\u00e3o j\u00e1 decidiu a quem apoiar. Um exemplo \u00e9 o Solidariedade, de Augusto Carvalho, que caiu nos bra\u00e7os do PSB, de Rodrigo Rollemberg. O PSD de Rog\u00e9rio Rosso deve ir no mesmo caminho. E ainda tem a possibilidade de indicar o vice na chapa socialista. O que restaria a Pitiman seria um chapa puro sangue. Mas essa seria uma jogada muito arriscada. Portanto, Luiz Pitiman est\u00e1 mais que ilhado. E ao tomar conhecimento da decis\u00e3o que beneficia Arruda, foi nocauteado como lutador que fica nas cordas.<\/p>\n<blockquote><p>Mas a sucess\u00e3o ao Pal\u00e1cio do Buriti ainda n\u00e3o est\u00e1 definida. O cen\u00e1rio atual \u00e9 que teremos um embate entre o verde e o vermelho. Arruda ter\u00e1 muito trabalho pela frente. E Agnelo ter\u00e1 muito trabalho para segurar aquele que surge hoje como seu maior advers\u00e1rio.<\/p><\/blockquote>\n<p>A caneta do governador ter\u00e1 de despejar mais tinta do que nunca. Que comecem as elei\u00e7\u00f5es 2014.<\/p>\n<p><strong>Odir Ribeiro<\/strong>, blog <em>R\u00e1dio Corredor<\/em><\/p>\n","protected":false},"excerpt":{"rendered":"<p>Pronto. O mist\u00e9rio chegou ao fim e n\u00e3o haver\u00e1 mais o dia &#8220;D&#8221; para o ex-governador Jos\u00e9 Roberto Arruda. Uma carta da manga que ningu\u00e9m esperava foi tirada pelos advogados do ex-governador. Pegou o meio pol\u00edtico de surpresa. O julgamento que ocorreria neste dia 25 de junho, foi adiado pelo Superior Tribunal de Justi\u00e7a. O [&hellip;]<\/p>\n","protected":false},"author":2,"featured_media":14307,"comment_status":"open","ping_status":"closed","sticky":false,"template":"","format":"standard","meta":{"_acf_changed":false,"footnotes":""},"categories":[33],"tags":[],"class_list":["post-14306","post","type-post","status-publish","format-standard","has-post-thumbnail","hentry","category-eleicoes-2014"],"acf":[],"yoast_head":"<!-- This site is optimized with the Yoast SEO plugin v27.2 - https:\/\/yoast.com\/product\/yoast-seo-wordpress\/ -->\n<title>Justi\u00e7a joga um balde de \u00e1gua fria no Buriti. Agnelo x Arruda? - Notibras<\/title>\n<meta name=\"robots\" content=\"index, follow, max-snippet:-1, max-image-preview:large, max-video-preview:-1\" \/>\n<link rel=\"canonical\" href=\"https:\/\/www.notibras.com\/site\/justica-joga-balde-de-agua-fria-no-buriti-polarizacao-sera-agnelo-x-arruda\/\" \/>\n<meta property=\"og:locale\" content=\"pt_BR\" \/>\n<meta property=\"og:type\" content=\"article\" \/>\n<meta property=\"og:title\" content=\"Justi\u00e7a joga um balde de \u00e1gua fria no Buriti. Agnelo x Arruda? - Notibras\" \/>\n<meta property=\"og:description\" content=\"Pronto. O mist\u00e9rio chegou ao fim e n\u00e3o haver\u00e1 mais o dia &#8220;D&#8221; para o ex-governador Jos\u00e9 Roberto Arruda. Uma carta da manga que ningu\u00e9m esperava foi tirada pelos advogados do ex-governador. Pegou o meio pol\u00edtico de surpresa. O julgamento que ocorreria neste dia 25 de junho, foi adiado pelo Superior Tribunal de Justi\u00e7a. O [&hellip;]\" \/>\n<meta property=\"og:url\" content=\"https:\/\/www.notibras.com\/site\/justica-joga-balde-de-agua-fria-no-buriti-polarizacao-sera-agnelo-x-arruda\/\" \/>\n<meta property=\"og:site_name\" content=\"Notibras\" \/>\n<meta property=\"article:publisher\" content=\"https:\/\/www.facebook.com\/notibras\/\" \/>\n<meta property=\"article:published_time\" content=\"2014-06-25T05:42:36+00:00\" \/>\n<meta property=\"article:modified_time\" content=\"2014-06-25T18:11:21+00:00\" \/>\n<meta property=\"og:image\" content=\"https:\/\/www.notibras.com\/site\/wp-content\/uploads\/2014\/06\/marketing-politico-digital1.jpg\" \/>\n\t<meta property=\"og:image:width\" content=\"640\" \/>\n\t<meta property=\"og:image:height\" content=\"430\" \/>\n\t<meta property=\"og:image:type\" content=\"image\/jpeg\" \/>\n<meta name=\"author\" content=\"Reda\u00e7\u00e3o\" \/>\n<meta name=\"twitter:card\" content=\"summary_large_image\" \/>\n<meta name=\"twitter:creator\" content=\"@Notibras\" \/>\n<meta name=\"twitter:site\" content=\"@Notibras\" \/>\n<meta name=\"twitter:label1\" content=\"Escrito por\" \/>\n\t<meta name=\"twitter:data1\" content=\"Reda\u00e7\u00e3o\" \/>\n\t<meta name=\"twitter:label2\" content=\"Est. tempo de leitura\" \/>\n\t<meta name=\"twitter:data2\" content=\"3 minutos\" \/>\n<script type=\"application\/ld+json\" class=\"yoast-schema-graph\">{\"@context\":\"https:\/\/schema.org\",\"@graph\":[{\"@type\":\"Article\",\"@id\":\"https:\/\/www.notibras.com\/site\/justica-joga-balde-de-agua-fria-no-buriti-polarizacao-sera-agnelo-x-arruda\/#article\",\"isPartOf\":{\"@id\":\"https:\/\/www.notibras.com\/site\/justica-joga-balde-de-agua-fria-no-buriti-polarizacao-sera-agnelo-x-arruda\/\"},\"author\":{\"name\":\"Reda\u00e7\u00e3o\",\"@id\":\"https:\/\/www.notibras.com\/site\/#\/schema\/person\/36ab0979449956132d3e5b517ea76ac8\"},\"headline\":\"Justi\u00e7a joga um balde de \u00e1gua fria no Buriti. Agnelo x Arruda?\",\"datePublished\":\"2014-06-25T05:42:36+00:00\",\"dateModified\":\"2014-06-25T18:11:21+00:00\",\"mainEntityOfPage\":{\"@id\":\"https:\/\/www.notibras.com\/site\/justica-joga-balde-de-agua-fria-no-buriti-polarizacao-sera-agnelo-x-arruda\/\"},\"wordCount\":529,\"commentCount\":0,\"publisher\":{\"@id\":\"https:\/\/www.notibras.com\/site\/#organization\"},\"image\":{\"@id\":\"https:\/\/www.notibras.com\/site\/justica-joga-balde-de-agua-fria-no-buriti-polarizacao-sera-agnelo-x-arruda\/#primaryimage\"},\"thumbnailUrl\":\"https:\/\/www.notibras.com\/site\/wp-content\/uploads\/2014\/06\/marketing-politico-digital1.jpg\",\"articleSection\":[\"Elei\u00e7\u00f5es 2014\"],\"inLanguage\":\"pt-BR\",\"potentialAction\":[{\"@type\":\"CommentAction\",\"name\":\"Comment\",\"target\":[\"https:\/\/www.notibras.com\/site\/justica-joga-balde-de-agua-fria-no-buriti-polarizacao-sera-agnelo-x-arruda\/#respond\"]}]},{\"@type\":\"WebPage\",\"@id\":\"https:\/\/www.notibras.com\/site\/justica-joga-balde-de-agua-fria-no-buriti-polarizacao-sera-agnelo-x-arruda\/\",\"url\":\"https:\/\/www.notibras.com\/site\/justica-joga-balde-de-agua-fria-no-buriti-polarizacao-sera-agnelo-x-arruda\/\",\"name\":\"Justi\u00e7a joga um balde de \u00e1gua fria no Buriti. Agnelo x Arruda? - Notibras\",\"isPartOf\":{\"@id\":\"https:\/\/www.notibras.com\/site\/#website\"},\"primaryImageOfPage\":{\"@id\":\"https:\/\/www.notibras.com\/site\/justica-joga-balde-de-agua-fria-no-buriti-polarizacao-sera-agnelo-x-arruda\/#primaryimage\"},\"image\":{\"@id\":\"https:\/\/www.notibras.com\/site\/justica-joga-balde-de-agua-fria-no-buriti-polarizacao-sera-agnelo-x-arruda\/#primaryimage\"},\"thumbnailUrl\":\"https:\/\/www.notibras.com\/site\/wp-content\/uploads\/2014\/06\/marketing-politico-digital1.jpg\",\"datePublished\":\"2014-06-25T05:42:36+00:00\",\"dateModified\":\"2014-06-25T18:11:21+00:00\",\"breadcrumb\":{\"@id\":\"https:\/\/www.notibras.com\/site\/justica-joga-balde-de-agua-fria-no-buriti-polarizacao-sera-agnelo-x-arruda\/#breadcrumb\"},\"inLanguage\":\"pt-BR\",\"potentialAction\":[{\"@type\":\"ReadAction\",\"target\":[\"https:\/\/www.notibras.com\/site\/justica-joga-balde-de-agua-fria-no-buriti-polarizacao-sera-agnelo-x-arruda\/\"]}]},{\"@type\":\"ImageObject\",\"inLanguage\":\"pt-BR\",\"@id\":\"https:\/\/www.notibras.com\/site\/justica-joga-balde-de-agua-fria-no-buriti-polarizacao-sera-agnelo-x-arruda\/#primaryimage\",\"url\":\"https:\/\/www.notibras.com\/site\/wp-content\/uploads\/2014\/06\/marketing-politico-digital1.jpg\",\"contentUrl\":\"https:\/\/www.notibras.com\/site\/wp-content\/uploads\/2014\/06\/marketing-politico-digital1.jpg\",\"width\":640,\"height\":430},{\"@type\":\"BreadcrumbList\",\"@id\":\"https:\/\/www.notibras.com\/site\/justica-joga-balde-de-agua-fria-no-buriti-polarizacao-sera-agnelo-x-arruda\/#breadcrumb\",\"itemListElement\":[{\"@type\":\"ListItem\",\"position\":1,\"name\":\"In\u00edcio\",\"item\":\"https:\/\/www.notibras.com\/site\/\"},{\"@type\":\"ListItem\",\"position\":2,\"name\":\"Justi\u00e7a joga um balde de \u00e1gua fria no Buriti. Agnelo x Arruda?\"}]},{\"@type\":\"WebSite\",\"@id\":\"https:\/\/www.notibras.com\/site\/#website\",\"url\":\"https:\/\/www.notibras.com\/site\/\",\"name\":\"Notibras\",\"description\":\"Not\u00edcias de Bras\u00edlia, do Brasil e do Mundo\",\"publisher\":{\"@id\":\"https:\/\/www.notibras.com\/site\/#organization\"},\"potentialAction\":[{\"@type\":\"SearchAction\",\"target\":{\"@type\":\"EntryPoint\",\"urlTemplate\":\"https:\/\/www.notibras.com\/site\/?s={search_term_string}\"},\"query-input\":{\"@type\":\"PropertyValueSpecification\",\"valueRequired\":true,\"valueName\":\"search_term_string\"}}],\"inLanguage\":\"pt-BR\"},{\"@type\":\"Organization\",\"@id\":\"https:\/\/www.notibras.com\/site\/#organization\",\"name\":\"Grupo Notibras de Comunica\u00e7\u00e3o\",\"url\":\"https:\/\/www.notibras.com\/site\/\",\"logo\":{\"@type\":\"ImageObject\",\"inLanguage\":\"pt-BR\",\"@id\":\"https:\/\/www.notibras.com\/site\/#\/schema\/logo\/image\/\",\"url\":\"https:\/\/www.notibras.com\/site\/wp-content\/uploads\/2023\/01\/notibras23.png\",\"contentUrl\":\"https:\/\/www.notibras.com\/site\/wp-content\/uploads\/2023\/01\/notibras23.png\",\"width\":350,\"height\":87,\"caption\":\"Grupo Notibras de Comunica\u00e7\u00e3o\"},\"image\":{\"@id\":\"https:\/\/www.notibras.com\/site\/#\/schema\/logo\/image\/\"},\"sameAs\":[\"https:\/\/www.facebook.com\/notibras\/\",\"https:\/\/x.com\/Notibras\",\"https:\/\/www.instagram.com\/notibras\/\"]},{\"@type\":\"Person\",\"@id\":\"https:\/\/www.notibras.com\/site\/#\/schema\/person\/36ab0979449956132d3e5b517ea76ac8\",\"name\":\"Reda\u00e7\u00e3o\",\"image\":{\"@type\":\"ImageObject\",\"inLanguage\":\"pt-BR\",\"@id\":\"https:\/\/secure.gravatar.com\/avatar\/e0a867bdedb85fd243eadf09663511f96fc81e0720a4a42581f334ad4303aa6b?s=96&d=mm&r=g\",\"url\":\"https:\/\/secure.gravatar.com\/avatar\/e0a867bdedb85fd243eadf09663511f96fc81e0720a4a42581f334ad4303aa6b?s=96&d=mm&r=g\",\"contentUrl\":\"https:\/\/secure.gravatar.com\/avatar\/e0a867bdedb85fd243eadf09663511f96fc81e0720a4a42581f334ad4303aa6b?s=96&d=mm&r=g\",\"caption\":\"Reda\u00e7\u00e3o\"}}]}<\/script>\n<!-- \/ Yoast SEO plugin. -->","yoast_head_json":{"title":"Justi\u00e7a joga um balde de \u00e1gua fria no Buriti. Agnelo x Arruda? - Notibras","robots":{"index":"index","follow":"follow","max-snippet":"max-snippet:-1","max-image-preview":"max-image-preview:large","max-video-preview":"max-video-preview:-1"},"canonical":"https:\/\/www.notibras.com\/site\/justica-joga-balde-de-agua-fria-no-buriti-polarizacao-sera-agnelo-x-arruda\/","og_locale":"pt_BR","og_type":"article","og_title":"Justi\u00e7a joga um balde de \u00e1gua fria no Buriti. Agnelo x Arruda? - Notibras","og_description":"Pronto. O mist\u00e9rio chegou ao fim e n\u00e3o haver\u00e1 mais o dia &#8220;D&#8221; para o ex-governador Jos\u00e9 Roberto Arruda. Uma carta da manga que ningu\u00e9m esperava foi tirada pelos advogados do ex-governador. Pegou o meio pol\u00edtico de surpresa. O julgamento que ocorreria neste dia 25 de junho, foi adiado pelo Superior Tribunal de Justi\u00e7a. O [&hellip;]","og_url":"https:\/\/www.notibras.com\/site\/justica-joga-balde-de-agua-fria-no-buriti-polarizacao-sera-agnelo-x-arruda\/","og_site_name":"Notibras","article_publisher":"https:\/\/www.facebook.com\/notibras\/","article_published_time":"2014-06-25T05:42:36+00:00","article_modified_time":"2014-06-25T18:11:21+00:00","og_image":[{"width":640,"height":430,"url":"https:\/\/www.notibras.com\/site\/wp-content\/uploads\/2014\/06\/marketing-politico-digital1.jpg","type":"image\/jpeg"}],"author":"Reda\u00e7\u00e3o","twitter_card":"summary_large_image","twitter_creator":"@Notibras","twitter_site":"@Notibras","twitter_misc":{"Escrito por":"Reda\u00e7\u00e3o","Est. tempo de leitura":"3 minutos"},"schema":{"@context":"https:\/\/schema.org","@graph":[{"@type":"Article","@id":"https:\/\/www.notibras.com\/site\/justica-joga-balde-de-agua-fria-no-buriti-polarizacao-sera-agnelo-x-arruda\/#article","isPartOf":{"@id":"https:\/\/www.notibras.com\/site\/justica-joga-balde-de-agua-fria-no-buriti-polarizacao-sera-agnelo-x-arruda\/"},"author":{"name":"Reda\u00e7\u00e3o","@id":"https:\/\/www.notibras.com\/site\/#\/schema\/person\/36ab0979449956132d3e5b517ea76ac8"},"headline":"Justi\u00e7a joga um balde de \u00e1gua fria no Buriti. Agnelo x Arruda?","datePublished":"2014-06-25T05:42:36+00:00","dateModified":"2014-06-25T18:11:21+00:00","mainEntityOfPage":{"@id":"https:\/\/www.notibras.com\/site\/justica-joga-balde-de-agua-fria-no-buriti-polarizacao-sera-agnelo-x-arruda\/"},"wordCount":529,"commentCount":0,"publisher":{"@id":"https:\/\/www.notibras.com\/site\/#organization"},"image":{"@id":"https:\/\/www.notibras.com\/site\/justica-joga-balde-de-agua-fria-no-buriti-polarizacao-sera-agnelo-x-arruda\/#primaryimage"},"thumbnailUrl":"https:\/\/www.notibras.com\/site\/wp-content\/uploads\/2014\/06\/marketing-politico-digital1.jpg","articleSection":["Elei\u00e7\u00f5es 2014"],"inLanguage":"pt-BR","potentialAction":[{"@type":"CommentAction","name":"Comment","target":["https:\/\/www.notibras.com\/site\/justica-joga-balde-de-agua-fria-no-buriti-polarizacao-sera-agnelo-x-arruda\/#respond"]}]},{"@type":"WebPage","@id":"https:\/\/www.notibras.com\/site\/justica-joga-balde-de-agua-fria-no-buriti-polarizacao-sera-agnelo-x-arruda\/","url":"https:\/\/www.notibras.com\/site\/justica-joga-balde-de-agua-fria-no-buriti-polarizacao-sera-agnelo-x-arruda\/","name":"Justi\u00e7a joga um balde de \u00e1gua fria no Buriti. Agnelo x Arruda? - Notibras","isPartOf":{"@id":"https:\/\/www.notibras.com\/site\/#website"},"primaryImageOfPage":{"@id":"https:\/\/www.notibras.com\/site\/justica-joga-balde-de-agua-fria-no-buriti-polarizacao-sera-agnelo-x-arruda\/#primaryimage"},"image":{"@id":"https:\/\/www.notibras.com\/site\/justica-joga-balde-de-agua-fria-no-buriti-polarizacao-sera-agnelo-x-arruda\/#primaryimage"},"thumbnailUrl":"https:\/\/www.notibras.com\/site\/wp-content\/uploads\/2014\/06\/marketing-politico-digital1.jpg","datePublished":"2014-06-25T05:42:36+00:00","dateModified":"2014-06-25T18:11:21+00:00","breadcrumb":{"@id":"https:\/\/www.notibras.com\/site\/justica-joga-balde-de-agua-fria-no-buriti-polarizacao-sera-agnelo-x-arruda\/#breadcrumb"},"inLanguage":"pt-BR","potentialAction":[{"@type":"ReadAction","target":["https:\/\/www.notibras.com\/site\/justica-joga-balde-de-agua-fria-no-buriti-polarizacao-sera-agnelo-x-arruda\/"]}]},{"@type":"ImageObject","inLanguage":"pt-BR","@id":"https:\/\/www.notibras.com\/site\/justica-joga-balde-de-agua-fria-no-buriti-polarizacao-sera-agnelo-x-arruda\/#primaryimage","url":"https:\/\/www.notibras.com\/site\/wp-content\/uploads\/2014\/06\/marketing-politico-digital1.jpg","contentUrl":"https:\/\/www.notibras.com\/site\/wp-content\/uploads\/2014\/06\/marketing-politico-digital1.jpg","width":640,"height":430},{"@type":"BreadcrumbList","@id":"https:\/\/www.notibras.com\/site\/justica-joga-balde-de-agua-fria-no-buriti-polarizacao-sera-agnelo-x-arruda\/#breadcrumb","itemListElement":[{"@type":"ListItem","position":1,"name":"In\u00edcio","item":"https:\/\/www.notibras.com\/site\/"},{"@type":"ListItem","position":2,"name":"Justi\u00e7a joga um balde de \u00e1gua fria no Buriti. Agnelo x Arruda?"}]},{"@type":"WebSite","@id":"https:\/\/www.notibras.com\/site\/#website","url":"https:\/\/www.notibras.com\/site\/","name":"Notibras","description":"Not\u00edcias de Bras\u00edlia, do Brasil e do Mundo","publisher":{"@id":"https:\/\/www.notibras.com\/site\/#organization"},"potentialAction":[{"@type":"SearchAction","target":{"@type":"EntryPoint","urlTemplate":"https:\/\/www.notibras.com\/site\/?s={search_term_string}"},"query-input":{"@type":"PropertyValueSpecification","valueRequired":true,"valueName":"search_term_string"}}],"inLanguage":"pt-BR"},{"@type":"Organization","@id":"https:\/\/www.notibras.com\/site\/#organization","name":"Grupo Notibras de Comunica\u00e7\u00e3o","url":"https:\/\/www.notibras.com\/site\/","logo":{"@type":"ImageObject","inLanguage":"pt-BR","@id":"https:\/\/www.notibras.com\/site\/#\/schema\/logo\/image\/","url":"https:\/\/www.notibras.com\/site\/wp-content\/uploads\/2023\/01\/notibras23.png","contentUrl":"https:\/\/www.notibras.com\/site\/wp-content\/uploads\/2023\/01\/notibras23.png","width":350,"height":87,"caption":"Grupo Notibras de Comunica\u00e7\u00e3o"},"image":{"@id":"https:\/\/www.notibras.com\/site\/#\/schema\/logo\/image\/"},"sameAs":["https:\/\/www.facebook.com\/notibras\/","https:\/\/x.com\/Notibras","https:\/\/www.instagram.com\/notibras\/"]},{"@type":"Person","@id":"https:\/\/www.notibras.com\/site\/#\/schema\/person\/36ab0979449956132d3e5b517ea76ac8","name":"Reda\u00e7\u00e3o","image":{"@type":"ImageObject","inLanguage":"pt-BR","@id":"https:\/\/secure.gravatar.com\/avatar\/e0a867bdedb85fd243eadf09663511f96fc81e0720a4a42581f334ad4303aa6b?s=96&d=mm&r=g","url":"https:\/\/secure.gravatar.com\/avatar\/e0a867bdedb85fd243eadf09663511f96fc81e0720a4a42581f334ad4303aa6b?s=96&d=mm&r=g","contentUrl":"https:\/\/secure.gravatar.com\/avatar\/e0a867bdedb85fd243eadf09663511f96fc81e0720a4a42581f334ad4303aa6b?s=96&d=mm&r=g","caption":"Reda\u00e7\u00e3o"}}]}},"amp_enabled":true,"_links":{"self":[{"href":"https:\/\/www.notibras.com\/site\/wp-json\/wp\/v2\/posts\/14306","targetHints":{"allow":["GET"]}}],"collection":[{"href":"https:\/\/www.notibras.com\/site\/wp-json\/wp\/v2\/posts"}],"about":[{"href":"https:\/\/www.notibras.com\/site\/wp-json\/wp\/v2\/types\/post"}],"author":[{"embeddable":true,"href":"https:\/\/www.notibras.com\/site\/wp-json\/wp\/v2\/users\/2"}],"replies":[{"embeddable":true,"href":"https:\/\/www.notibras.com\/site\/wp-json\/wp\/v2\/comments?post=14306"}],"version-history":[{"count":0,"href":"https:\/\/www.notibras.com\/site\/wp-json\/wp\/v2\/posts\/14306\/revisions"}],"wp:featuredmedia":[{"embeddable":true,"href":"https:\/\/www.notibras.com\/site\/wp-json\/wp\/v2\/media\/14307"}],"wp:attachment":[{"href":"https:\/\/www.notibras.com\/site\/wp-json\/wp\/v2\/media?parent=14306"}],"wp:term":[{"taxonomy":"category","embeddable":true,"href":"https:\/\/www.notibras.com\/site\/wp-json\/wp\/v2\/categories?post=14306"},{"taxonomy":"post_tag","embeddable":true,"href":"https:\/\/www.notibras.com\/site\/wp-json\/wp\/v2\/tags?post=14306"}],"curies":[{"name":"wp","href":"https:\/\/api.w.org\/{rel}","templated":true}]}}