{"id":14331,"date":"2014-06-25T02:46:47","date_gmt":"2014-06-25T05:46:47","guid":{"rendered":"http:\/\/www.notibras.com\/site\/?p=14331"},"modified":"2014-06-25T03:51:27","modified_gmt":"2014-06-25T06:51:27","slug":"geracao-de-empregos-tem-pior-indice-dos-ultimos-22-anos","status":"publish","type":"post","link":"https:\/\/www.notibras.com\/site\/geracao-de-empregos-tem-pior-indice-dos-ultimos-22-anos\/","title":{"rendered":"Gera\u00e7\u00e3o de empregos tem pior \u00edndice em 22 anos"},"content":{"rendered":"<p>A gera\u00e7\u00e3o de empregos formais em maio deste ano foi a mais baixa para o m\u00eas nos \u00faltimos 22 anos \u2013 pouco mais de 58 mil postos de trabalho, resultado de 1.849.591 admiss\u00f5es e 1.790.755 demiss\u00f5es. Os n\u00fameros est\u00e3o no Cadastro Geral de Empregados e Desempregados do Minist\u00e9rio do Trabalho e Emprego. Saldo pior do que esse foi registrado em maio de 1992, com a cria\u00e7\u00e3o de 21,5 mil empregos.<\/p>\n<p>O desempenho do mercado de trabalho em maio se deve em grande parte \u00e0s demiss\u00f5es no setor da ind\u00fastria de transforma\u00e7\u00e3o, que teve mais de 28,5 mil postos fechados. As \u00e1reas que contribu\u00edram para o mau desempenho do setor foram a ind\u00fastria mec\u00e2nica, com 6,6 mil demiss\u00f5es, a de material de transporte (-5,3 mil) e a de produtos aliment\u00edcios (-4,8 mil).<\/p>\n<p>\u201cA an\u00e1lise que fazemos \u00e9 a de que tivemos um fevereiro que talvez tenha antecipado muitos do empregos para a Copa [do Mundo], na medida em que os trabalhadores precisavam de treinamento\u201d, disse o ministro do Trabalho, Manoel Dias. \u201cO Brasil continua na zona de gera\u00e7\u00e3o de emprego. O que pode acontecer \u00e9 variar, como est\u00e1 variando. A partir da perspectiva que o Brasil est\u00e1 em pleno emprego, n\u00e3o h\u00e1 mais demandas como havia antes\u201d, explicou.<\/p>\n<p>A agricultura e o setor de servi\u00e7os foram os setores com os melhores resultados \u2013 mais de 44 mil e 38 mil contrata\u00e7\u00f5es, respectivamente. Na agricultura, os destaques positivos foram no cultivo de caf\u00e9 (27 mil postos), laranja (quase 7 mil) e cana-de-a\u00e7\u00facar (6 mil). Em servi\u00e7os, os destaques positivos foram nas \u00e1reas de alojamento, alimenta\u00e7\u00e3o e servi\u00e7os m\u00e9dicos e odontol\u00f3gicos.<\/p>\n<p>Em rela\u00e7\u00e3o \u00e0s unidades da federa\u00e7\u00e3o, Pernambuco foi a que teve o pior n\u00famero com cerca de 10 mil demiss\u00f5es. Alagoas e o Rio Grande do Sul tamb\u00e9m fecharam muitos postos de trabalho \u2013 8,5 mil e 4 mil, respectivamente.\u00a0 Os melhores desempenhos foram os de Minas Gerais, com a cria\u00e7\u00e3o de mais de 22 mil postos, seguido por S\u00e3o Paulo (13 mil) e pelo Rio de Janeiro (quase 9 mil).<\/p>\n<p>De janeiro a maio deste ano, somam-se 545 mil postos de trabalho criados. A expectativa do governo para o ano \u00e9 1,5 milh\u00e3o de novas vagas, apesar do resultado fraco de maio.<\/p>\n<p>No acumulado do governo Dilma Rousseff, de janeiro de 2011 a maio de 2014, o saldo de postos de trabalho com carteira assinada foi 5 milh\u00f5es. Nesse mesmo per\u00edodo, servi\u00e7os foi o setor com o melhor resultado \u2013 mais de 2,5 milh\u00f5es de empregos gerados, seguido pelo com\u00e9rcio (1,1 milh\u00e3o). Os servi\u00e7os industriais de utilidade p\u00fablica e o setor de extra\u00e7\u00e3o mineral abriram menos postos de trabalho formal \u2013 32,9 mil e 35 mil vagas, respectivamente.<\/p>\n<p><strong>Carolina Sarres, ABr<\/strong><\/p>\n","protected":false},"excerpt":{"rendered":"<p>A gera\u00e7\u00e3o de empregos formais em maio deste ano foi a mais baixa para o m\u00eas nos \u00faltimos 22 anos \u2013 pouco mais de 58 mil postos de trabalho, resultado de 1.849.591 admiss\u00f5es e 1.790.755 demiss\u00f5es. Os n\u00fameros est\u00e3o no Cadastro Geral de Empregados e Desempregados do Minist\u00e9rio do Trabalho e Emprego. Saldo pior do [&hellip;]<\/p>\n","protected":false},"author":2,"featured_media":14332,"comment_status":"open","ping_status":"closed","sticky":false,"template":"","format":"standard","meta":{"_acf_changed":false,"footnotes":""},"categories":[16],"tags":[],"class_list":["post-14331","post","type-post","status-publish","format-standard","has-post-thumbnail","hentry","category-brasil"],"acf":[],"yoast_head":"<!-- This site is optimized with the Yoast SEO plugin v27.2 - https:\/\/yoast.com\/product\/yoast-seo-wordpress\/ -->\n<title>Gera\u00e7\u00e3o de empregos tem pior \u00edndice em 22 anos - Notibras<\/title>\n<meta name=\"robots\" content=\"index, follow, max-snippet:-1, max-image-preview:large, max-video-preview:-1\" \/>\n<link rel=\"canonical\" href=\"https:\/\/www.notibras.com\/site\/geracao-de-empregos-tem-pior-indice-dos-ultimos-22-anos\/\" \/>\n<meta property=\"og:locale\" content=\"pt_BR\" \/>\n<meta property=\"og:type\" content=\"article\" \/>\n<meta property=\"og:title\" content=\"Gera\u00e7\u00e3o de empregos tem pior \u00edndice em 22 anos - Notibras\" \/>\n<meta property=\"og:description\" content=\"A gera\u00e7\u00e3o de empregos formais em maio deste ano foi a mais baixa para o m\u00eas nos \u00faltimos 22 anos \u2013 pouco mais de 58 mil postos de trabalho, resultado de 1.849.591 admiss\u00f5es e 1.790.755 demiss\u00f5es. Os n\u00fameros est\u00e3o no Cadastro Geral de Empregados e Desempregados do Minist\u00e9rio do Trabalho e Emprego. Saldo pior do [&hellip;]\" \/>\n<meta property=\"og:url\" content=\"https:\/\/www.notibras.com\/site\/geracao-de-empregos-tem-pior-indice-dos-ultimos-22-anos\/\" \/>\n<meta property=\"og:site_name\" content=\"Notibras\" \/>\n<meta property=\"article:publisher\" content=\"https:\/\/www.facebook.com\/notibras\/\" \/>\n<meta property=\"article:published_time\" content=\"2014-06-25T05:46:47+00:00\" \/>\n<meta property=\"article:modified_time\" content=\"2014-06-25T06:51:27+00:00\" \/>\n<meta property=\"og:image\" content=\"https:\/\/www.notibras.com\/site\/wp-content\/uploads\/2014\/06\/emprego-4.jpg\" \/>\n\t<meta property=\"og:image:width\" content=\"800\" \/>\n\t<meta property=\"og:image:height\" content=\"601\" \/>\n\t<meta property=\"og:image:type\" content=\"image\/jpeg\" \/>\n<meta name=\"author\" content=\"Reda\u00e7\u00e3o\" \/>\n<meta name=\"twitter:card\" content=\"summary_large_image\" \/>\n<meta name=\"twitter:creator\" content=\"@Notibras\" \/>\n<meta name=\"twitter:site\" content=\"@Notibras\" \/>\n<meta name=\"twitter:label1\" content=\"Escrito por\" \/>\n\t<meta name=\"twitter:data1\" content=\"Reda\u00e7\u00e3o\" \/>\n\t<meta name=\"twitter:label2\" content=\"Est. tempo de leitura\" \/>\n\t<meta name=\"twitter:data2\" content=\"2 minutos\" \/>\n<script type=\"application\/ld+json\" class=\"yoast-schema-graph\">{\"@context\":\"https:\/\/schema.org\",\"@graph\":[{\"@type\":\"Article\",\"@id\":\"https:\/\/www.notibras.com\/site\/geracao-de-empregos-tem-pior-indice-dos-ultimos-22-anos\/#article\",\"isPartOf\":{\"@id\":\"https:\/\/www.notibras.com\/site\/geracao-de-empregos-tem-pior-indice-dos-ultimos-22-anos\/\"},\"author\":{\"name\":\"Reda\u00e7\u00e3o\",\"@id\":\"https:\/\/www.notibras.com\/site\/#\/schema\/person\/36ab0979449956132d3e5b517ea76ac8\"},\"headline\":\"Gera\u00e7\u00e3o de empregos tem pior \u00edndice em 22 anos\",\"datePublished\":\"2014-06-25T05:46:47+00:00\",\"dateModified\":\"2014-06-25T06:51:27+00:00\",\"mainEntityOfPage\":{\"@id\":\"https:\/\/www.notibras.com\/site\/geracao-de-empregos-tem-pior-indice-dos-ultimos-22-anos\/\"},\"wordCount\":467,\"commentCount\":0,\"publisher\":{\"@id\":\"https:\/\/www.notibras.com\/site\/#organization\"},\"image\":{\"@id\":\"https:\/\/www.notibras.com\/site\/geracao-de-empregos-tem-pior-indice-dos-ultimos-22-anos\/#primaryimage\"},\"thumbnailUrl\":\"https:\/\/www.notibras.com\/site\/wp-content\/uploads\/2014\/06\/emprego-4.jpg\",\"articleSection\":[\"Brasil\"],\"inLanguage\":\"pt-BR\",\"potentialAction\":[{\"@type\":\"CommentAction\",\"name\":\"Comment\",\"target\":[\"https:\/\/www.notibras.com\/site\/geracao-de-empregos-tem-pior-indice-dos-ultimos-22-anos\/#respond\"]}]},{\"@type\":\"WebPage\",\"@id\":\"https:\/\/www.notibras.com\/site\/geracao-de-empregos-tem-pior-indice-dos-ultimos-22-anos\/\",\"url\":\"https:\/\/www.notibras.com\/site\/geracao-de-empregos-tem-pior-indice-dos-ultimos-22-anos\/\",\"name\":\"Gera\u00e7\u00e3o de empregos tem pior \u00edndice em 22 anos - Notibras\",\"isPartOf\":{\"@id\":\"https:\/\/www.notibras.com\/site\/#website\"},\"primaryImageOfPage\":{\"@id\":\"https:\/\/www.notibras.com\/site\/geracao-de-empregos-tem-pior-indice-dos-ultimos-22-anos\/#primaryimage\"},\"image\":{\"@id\":\"https:\/\/www.notibras.com\/site\/geracao-de-empregos-tem-pior-indice-dos-ultimos-22-anos\/#primaryimage\"},\"thumbnailUrl\":\"https:\/\/www.notibras.com\/site\/wp-content\/uploads\/2014\/06\/emprego-4.jpg\",\"datePublished\":\"2014-06-25T05:46:47+00:00\",\"dateModified\":\"2014-06-25T06:51:27+00:00\",\"breadcrumb\":{\"@id\":\"https:\/\/www.notibras.com\/site\/geracao-de-empregos-tem-pior-indice-dos-ultimos-22-anos\/#breadcrumb\"},\"inLanguage\":\"pt-BR\",\"potentialAction\":[{\"@type\":\"ReadAction\",\"target\":[\"https:\/\/www.notibras.com\/site\/geracao-de-empregos-tem-pior-indice-dos-ultimos-22-anos\/\"]}]},{\"@type\":\"ImageObject\",\"inLanguage\":\"pt-BR\",\"@id\":\"https:\/\/www.notibras.com\/site\/geracao-de-empregos-tem-pior-indice-dos-ultimos-22-anos\/#primaryimage\",\"url\":\"https:\/\/www.notibras.com\/site\/wp-content\/uploads\/2014\/06\/emprego-4.jpg\",\"contentUrl\":\"https:\/\/www.notibras.com\/site\/wp-content\/uploads\/2014\/06\/emprego-4.jpg\",\"width\":800,\"height\":601},{\"@type\":\"BreadcrumbList\",\"@id\":\"https:\/\/www.notibras.com\/site\/geracao-de-empregos-tem-pior-indice-dos-ultimos-22-anos\/#breadcrumb\",\"itemListElement\":[{\"@type\":\"ListItem\",\"position\":1,\"name\":\"In\u00edcio\",\"item\":\"https:\/\/www.notibras.com\/site\/\"},{\"@type\":\"ListItem\",\"position\":2,\"name\":\"Gera\u00e7\u00e3o de empregos tem pior \u00edndice em 22 anos\"}]},{\"@type\":\"WebSite\",\"@id\":\"https:\/\/www.notibras.com\/site\/#website\",\"url\":\"https:\/\/www.notibras.com\/site\/\",\"name\":\"Notibras\",\"description\":\"Not\u00edcias de Bras\u00edlia, do Brasil e do Mundo\",\"publisher\":{\"@id\":\"https:\/\/www.notibras.com\/site\/#organization\"},\"potentialAction\":[{\"@type\":\"SearchAction\",\"target\":{\"@type\":\"EntryPoint\",\"urlTemplate\":\"https:\/\/www.notibras.com\/site\/?s={search_term_string}\"},\"query-input\":{\"@type\":\"PropertyValueSpecification\",\"valueRequired\":true,\"valueName\":\"search_term_string\"}}],\"inLanguage\":\"pt-BR\"},{\"@type\":\"Organization\",\"@id\":\"https:\/\/www.notibras.com\/site\/#organization\",\"name\":\"Grupo Notibras de Comunica\u00e7\u00e3o\",\"url\":\"https:\/\/www.notibras.com\/site\/\",\"logo\":{\"@type\":\"ImageObject\",\"inLanguage\":\"pt-BR\",\"@id\":\"https:\/\/www.notibras.com\/site\/#\/schema\/logo\/image\/\",\"url\":\"https:\/\/www.notibras.com\/site\/wp-content\/uploads\/2023\/01\/notibras23.png\",\"contentUrl\":\"https:\/\/www.notibras.com\/site\/wp-content\/uploads\/2023\/01\/notibras23.png\",\"width\":350,\"height\":87,\"caption\":\"Grupo Notibras de Comunica\u00e7\u00e3o\"},\"image\":{\"@id\":\"https:\/\/www.notibras.com\/site\/#\/schema\/logo\/image\/\"},\"sameAs\":[\"https:\/\/www.facebook.com\/notibras\/\",\"https:\/\/x.com\/Notibras\",\"https:\/\/www.instagram.com\/notibras\/\"]},{\"@type\":\"Person\",\"@id\":\"https:\/\/www.notibras.com\/site\/#\/schema\/person\/36ab0979449956132d3e5b517ea76ac8\",\"name\":\"Reda\u00e7\u00e3o\",\"image\":{\"@type\":\"ImageObject\",\"inLanguage\":\"pt-BR\",\"@id\":\"https:\/\/secure.gravatar.com\/avatar\/e0a867bdedb85fd243eadf09663511f96fc81e0720a4a42581f334ad4303aa6b?s=96&d=mm&r=g\",\"url\":\"https:\/\/secure.gravatar.com\/avatar\/e0a867bdedb85fd243eadf09663511f96fc81e0720a4a42581f334ad4303aa6b?s=96&d=mm&r=g\",\"contentUrl\":\"https:\/\/secure.gravatar.com\/avatar\/e0a867bdedb85fd243eadf09663511f96fc81e0720a4a42581f334ad4303aa6b?s=96&d=mm&r=g\",\"caption\":\"Reda\u00e7\u00e3o\"}}]}<\/script>\n<!-- \/ Yoast SEO plugin. -->","yoast_head_json":{"title":"Gera\u00e7\u00e3o de empregos tem pior \u00edndice em 22 anos - Notibras","robots":{"index":"index","follow":"follow","max-snippet":"max-snippet:-1","max-image-preview":"max-image-preview:large","max-video-preview":"max-video-preview:-1"},"canonical":"https:\/\/www.notibras.com\/site\/geracao-de-empregos-tem-pior-indice-dos-ultimos-22-anos\/","og_locale":"pt_BR","og_type":"article","og_title":"Gera\u00e7\u00e3o de empregos tem pior \u00edndice em 22 anos - Notibras","og_description":"A gera\u00e7\u00e3o de empregos formais em maio deste ano foi a mais baixa para o m\u00eas nos \u00faltimos 22 anos \u2013 pouco mais de 58 mil postos de trabalho, resultado de 1.849.591 admiss\u00f5es e 1.790.755 demiss\u00f5es. Os n\u00fameros est\u00e3o no Cadastro Geral de Empregados e Desempregados do Minist\u00e9rio do Trabalho e Emprego. Saldo pior do [&hellip;]","og_url":"https:\/\/www.notibras.com\/site\/geracao-de-empregos-tem-pior-indice-dos-ultimos-22-anos\/","og_site_name":"Notibras","article_publisher":"https:\/\/www.facebook.com\/notibras\/","article_published_time":"2014-06-25T05:46:47+00:00","article_modified_time":"2014-06-25T06:51:27+00:00","og_image":[{"width":800,"height":601,"url":"https:\/\/www.notibras.com\/site\/wp-content\/uploads\/2014\/06\/emprego-4.jpg","type":"image\/jpeg"}],"author":"Reda\u00e7\u00e3o","twitter_card":"summary_large_image","twitter_creator":"@Notibras","twitter_site":"@Notibras","twitter_misc":{"Escrito por":"Reda\u00e7\u00e3o","Est. tempo de leitura":"2 minutos"},"schema":{"@context":"https:\/\/schema.org","@graph":[{"@type":"Article","@id":"https:\/\/www.notibras.com\/site\/geracao-de-empregos-tem-pior-indice-dos-ultimos-22-anos\/#article","isPartOf":{"@id":"https:\/\/www.notibras.com\/site\/geracao-de-empregos-tem-pior-indice-dos-ultimos-22-anos\/"},"author":{"name":"Reda\u00e7\u00e3o","@id":"https:\/\/www.notibras.com\/site\/#\/schema\/person\/36ab0979449956132d3e5b517ea76ac8"},"headline":"Gera\u00e7\u00e3o de empregos tem pior \u00edndice em 22 anos","datePublished":"2014-06-25T05:46:47+00:00","dateModified":"2014-06-25T06:51:27+00:00","mainEntityOfPage":{"@id":"https:\/\/www.notibras.com\/site\/geracao-de-empregos-tem-pior-indice-dos-ultimos-22-anos\/"},"wordCount":467,"commentCount":0,"publisher":{"@id":"https:\/\/www.notibras.com\/site\/#organization"},"image":{"@id":"https:\/\/www.notibras.com\/site\/geracao-de-empregos-tem-pior-indice-dos-ultimos-22-anos\/#primaryimage"},"thumbnailUrl":"https:\/\/www.notibras.com\/site\/wp-content\/uploads\/2014\/06\/emprego-4.jpg","articleSection":["Brasil"],"inLanguage":"pt-BR","potentialAction":[{"@type":"CommentAction","name":"Comment","target":["https:\/\/www.notibras.com\/site\/geracao-de-empregos-tem-pior-indice-dos-ultimos-22-anos\/#respond"]}]},{"@type":"WebPage","@id":"https:\/\/www.notibras.com\/site\/geracao-de-empregos-tem-pior-indice-dos-ultimos-22-anos\/","url":"https:\/\/www.notibras.com\/site\/geracao-de-empregos-tem-pior-indice-dos-ultimos-22-anos\/","name":"Gera\u00e7\u00e3o de empregos tem pior \u00edndice em 22 anos - Notibras","isPartOf":{"@id":"https:\/\/www.notibras.com\/site\/#website"},"primaryImageOfPage":{"@id":"https:\/\/www.notibras.com\/site\/geracao-de-empregos-tem-pior-indice-dos-ultimos-22-anos\/#primaryimage"},"image":{"@id":"https:\/\/www.notibras.com\/site\/geracao-de-empregos-tem-pior-indice-dos-ultimos-22-anos\/#primaryimage"},"thumbnailUrl":"https:\/\/www.notibras.com\/site\/wp-content\/uploads\/2014\/06\/emprego-4.jpg","datePublished":"2014-06-25T05:46:47+00:00","dateModified":"2014-06-25T06:51:27+00:00","breadcrumb":{"@id":"https:\/\/www.notibras.com\/site\/geracao-de-empregos-tem-pior-indice-dos-ultimos-22-anos\/#breadcrumb"},"inLanguage":"pt-BR","potentialAction":[{"@type":"ReadAction","target":["https:\/\/www.notibras.com\/site\/geracao-de-empregos-tem-pior-indice-dos-ultimos-22-anos\/"]}]},{"@type":"ImageObject","inLanguage":"pt-BR","@id":"https:\/\/www.notibras.com\/site\/geracao-de-empregos-tem-pior-indice-dos-ultimos-22-anos\/#primaryimage","url":"https:\/\/www.notibras.com\/site\/wp-content\/uploads\/2014\/06\/emprego-4.jpg","contentUrl":"https:\/\/www.notibras.com\/site\/wp-content\/uploads\/2014\/06\/emprego-4.jpg","width":800,"height":601},{"@type":"BreadcrumbList","@id":"https:\/\/www.notibras.com\/site\/geracao-de-empregos-tem-pior-indice-dos-ultimos-22-anos\/#breadcrumb","itemListElement":[{"@type":"ListItem","position":1,"name":"In\u00edcio","item":"https:\/\/www.notibras.com\/site\/"},{"@type":"ListItem","position":2,"name":"Gera\u00e7\u00e3o de empregos tem pior \u00edndice em 22 anos"}]},{"@type":"WebSite","@id":"https:\/\/www.notibras.com\/site\/#website","url":"https:\/\/www.notibras.com\/site\/","name":"Notibras","description":"Not\u00edcias de Bras\u00edlia, do Brasil e do Mundo","publisher":{"@id":"https:\/\/www.notibras.com\/site\/#organization"},"potentialAction":[{"@type":"SearchAction","target":{"@type":"EntryPoint","urlTemplate":"https:\/\/www.notibras.com\/site\/?s={search_term_string}"},"query-input":{"@type":"PropertyValueSpecification","valueRequired":true,"valueName":"search_term_string"}}],"inLanguage":"pt-BR"},{"@type":"Organization","@id":"https:\/\/www.notibras.com\/site\/#organization","name":"Grupo Notibras de Comunica\u00e7\u00e3o","url":"https:\/\/www.notibras.com\/site\/","logo":{"@type":"ImageObject","inLanguage":"pt-BR","@id":"https:\/\/www.notibras.com\/site\/#\/schema\/logo\/image\/","url":"https:\/\/www.notibras.com\/site\/wp-content\/uploads\/2023\/01\/notibras23.png","contentUrl":"https:\/\/www.notibras.com\/site\/wp-content\/uploads\/2023\/01\/notibras23.png","width":350,"height":87,"caption":"Grupo Notibras de Comunica\u00e7\u00e3o"},"image":{"@id":"https:\/\/www.notibras.com\/site\/#\/schema\/logo\/image\/"},"sameAs":["https:\/\/www.facebook.com\/notibras\/","https:\/\/x.com\/Notibras","https:\/\/www.instagram.com\/notibras\/"]},{"@type":"Person","@id":"https:\/\/www.notibras.com\/site\/#\/schema\/person\/36ab0979449956132d3e5b517ea76ac8","name":"Reda\u00e7\u00e3o","image":{"@type":"ImageObject","inLanguage":"pt-BR","@id":"https:\/\/secure.gravatar.com\/avatar\/e0a867bdedb85fd243eadf09663511f96fc81e0720a4a42581f334ad4303aa6b?s=96&d=mm&r=g","url":"https:\/\/secure.gravatar.com\/avatar\/e0a867bdedb85fd243eadf09663511f96fc81e0720a4a42581f334ad4303aa6b?s=96&d=mm&r=g","contentUrl":"https:\/\/secure.gravatar.com\/avatar\/e0a867bdedb85fd243eadf09663511f96fc81e0720a4a42581f334ad4303aa6b?s=96&d=mm&r=g","caption":"Reda\u00e7\u00e3o"}}]}},"amp_enabled":true,"_links":{"self":[{"href":"https:\/\/www.notibras.com\/site\/wp-json\/wp\/v2\/posts\/14331","targetHints":{"allow":["GET"]}}],"collection":[{"href":"https:\/\/www.notibras.com\/site\/wp-json\/wp\/v2\/posts"}],"about":[{"href":"https:\/\/www.notibras.com\/site\/wp-json\/wp\/v2\/types\/post"}],"author":[{"embeddable":true,"href":"https:\/\/www.notibras.com\/site\/wp-json\/wp\/v2\/users\/2"}],"replies":[{"embeddable":true,"href":"https:\/\/www.notibras.com\/site\/wp-json\/wp\/v2\/comments?post=14331"}],"version-history":[{"count":0,"href":"https:\/\/www.notibras.com\/site\/wp-json\/wp\/v2\/posts\/14331\/revisions"}],"wp:featuredmedia":[{"embeddable":true,"href":"https:\/\/www.notibras.com\/site\/wp-json\/wp\/v2\/media\/14332"}],"wp:attachment":[{"href":"https:\/\/www.notibras.com\/site\/wp-json\/wp\/v2\/media?parent=14331"}],"wp:term":[{"taxonomy":"category","embeddable":true,"href":"https:\/\/www.notibras.com\/site\/wp-json\/wp\/v2\/categories?post=14331"},{"taxonomy":"post_tag","embeddable":true,"href":"https:\/\/www.notibras.com\/site\/wp-json\/wp\/v2\/tags?post=14331"}],"curies":[{"name":"wp","href":"https:\/\/api.w.org\/{rel}","templated":true}]}}