{"id":14376,"date":"2014-06-25T06:27:13","date_gmt":"2014-06-25T09:27:13","guid":{"rendered":"http:\/\/www.notibras.com\/site\/?p=14376"},"modified":"2014-06-25T06:27:13","modified_gmt":"2014-06-25T09:27:13","slug":"mal-desempenho-das-ferrari-frustra-planos-de-raikonnen","status":"publish","type":"post","link":"https:\/\/www.notibras.com\/site\/mal-desempenho-das-ferrari-frustra-planos-de-raikonnen\/","title":{"rendered":"Mal desempenho das Ferrari frustra planos de Raikonnen"},"content":{"rendered":"<p>De volta \u00e0 Ferrari ap\u00f3s dois anos, Kimi Raikkonen est\u00e1 decepcionado. O piloto, que deixou a Lotus em busca de mais condi\u00e7\u00f5es para chegar ao p\u00f3dio, vem sofrendo com os problemas no carro da escuderia e j\u00e1 n\u00e3o esconde sua insatisfa\u00e7\u00e3o com a situa\u00e7\u00e3o atual. Para ele, a equipe ainda n\u00e3o conseguiu fazer grandes adapta\u00e7\u00f5es no b\u00f3lido desde o in\u00edcio da temporada.<\/p>\n<p>&#8220;Eu acho que estamos mais ou menos no mesmo lugar&#8221;, afirmou Raikkonen, explicando os problemas que teve no \u00faltimo final de semana. &#8220;Eles me pediram para resfriar os freios, mas eu estava tentando lutar contra os outros caras. Portanto, \u00e9 muito dif\u00edcil depois de duas voltas ser solicitado a diminuir o ritmo para solucionar as quest\u00f5es de freio&#8221;, completou.<\/p>\n<p>No Grande Pr\u00eamio da \u00c1ustria, Kimi, al\u00e9m da defici\u00eancia dos motores da Ferrari em rela\u00e7\u00e3o ao da Mercedes, sofreu com problemas nos freios que o obrigaram a diminuir o ritmo logo no in\u00edcio da corrida.<\/p>\n<blockquote><p>&#8220;N\u00f3s sabemos que esse tipo de coisa n\u00e3o deveria estar acontecendo, e n\u00f3s temos que corrig\u00ed-las. N\u00f3s n\u00e3o podemos ir para a corrida e come\u00e7ar a diminuir o ritmo depois de duas voltas por causa de problemas como esse&#8221;, disse o piloto.<\/p><\/blockquote>\n<p>Devido a esses problemas, o finland\u00eas foi apenas o d\u00e9cimo colocado em Spielberg. J\u00e1 Fernando Alonso, com menos problemas, foi o quinto, atr\u00e1s das duplas da Mercedes e da Williams, respectivamente.<\/p>\n","protected":false},"excerpt":{"rendered":"<p>De volta \u00e0 Ferrari ap\u00f3s dois anos, Kimi Raikkonen est\u00e1 decepcionado. O piloto, que deixou a Lotus em busca de mais condi\u00e7\u00f5es para chegar ao p\u00f3dio, vem sofrendo com os problemas no carro da escuderia e j\u00e1 n\u00e3o esconde sua insatisfa\u00e7\u00e3o com a situa\u00e7\u00e3o atual. Para ele, a equipe ainda n\u00e3o conseguiu fazer grandes adapta\u00e7\u00f5es [&hellip;]<\/p>\n","protected":false},"author":2,"featured_media":14377,"comment_status":"open","ping_status":"closed","sticky":false,"template":"","format":"standard","meta":{"_acf_changed":false,"footnotes":""},"categories":[27,19],"tags":[],"class_list":["post-14376","post","type-post","status-publish","format-standard","has-post-thumbnail","hentry","category-automobilismo","category-esportes"],"acf":[],"yoast_head":"<!-- This site is optimized with the Yoast SEO plugin v27.2 - https:\/\/yoast.com\/product\/yoast-seo-wordpress\/ -->\n<title>Mal desempenho das Ferrari frustra planos de Raikonnen - Notibras<\/title>\n<meta name=\"robots\" content=\"index, follow, max-snippet:-1, max-image-preview:large, max-video-preview:-1\" \/>\n<link rel=\"canonical\" href=\"https:\/\/www.notibras.com\/site\/mal-desempenho-das-ferrari-frustra-planos-de-raikonnen\/\" \/>\n<meta property=\"og:locale\" content=\"pt_BR\" \/>\n<meta property=\"og:type\" content=\"article\" \/>\n<meta property=\"og:title\" content=\"Mal desempenho das Ferrari frustra planos de Raikonnen - Notibras\" \/>\n<meta property=\"og:description\" content=\"De volta \u00e0 Ferrari ap\u00f3s dois anos, Kimi Raikkonen est\u00e1 decepcionado. O piloto, que deixou a Lotus em busca de mais condi\u00e7\u00f5es para chegar ao p\u00f3dio, vem sofrendo com os problemas no carro da escuderia e j\u00e1 n\u00e3o esconde sua insatisfa\u00e7\u00e3o com a situa\u00e7\u00e3o atual. Para ele, a equipe ainda n\u00e3o conseguiu fazer grandes adapta\u00e7\u00f5es [&hellip;]\" \/>\n<meta property=\"og:url\" content=\"https:\/\/www.notibras.com\/site\/mal-desempenho-das-ferrari-frustra-planos-de-raikonnen\/\" \/>\n<meta property=\"og:site_name\" content=\"Notibras\" \/>\n<meta property=\"article:publisher\" content=\"https:\/\/www.facebook.com\/notibras\/\" \/>\n<meta property=\"article:published_time\" content=\"2014-06-25T09:27:13+00:00\" \/>\n<meta property=\"og:image\" content=\"https:\/\/www.notibras.com\/site\/wp-content\/uploads\/2014\/06\/57.jpg\" \/>\n\t<meta property=\"og:image:width\" content=\"800\" \/>\n\t<meta property=\"og:image:height\" content=\"600\" \/>\n\t<meta property=\"og:image:type\" content=\"image\/jpeg\" \/>\n<meta name=\"author\" content=\"Reda\u00e7\u00e3o\" \/>\n<meta name=\"twitter:card\" content=\"summary_large_image\" \/>\n<meta name=\"twitter:creator\" content=\"@Notibras\" \/>\n<meta name=\"twitter:site\" content=\"@Notibras\" \/>\n<meta name=\"twitter:label1\" content=\"Escrito por\" \/>\n\t<meta name=\"twitter:data1\" content=\"Reda\u00e7\u00e3o\" \/>\n\t<meta name=\"twitter:label2\" content=\"Est. tempo de leitura\" \/>\n\t<meta name=\"twitter:data2\" content=\"1 minuto\" \/>\n<script type=\"application\/ld+json\" class=\"yoast-schema-graph\">{\"@context\":\"https:\/\/schema.org\",\"@graph\":[{\"@type\":\"Article\",\"@id\":\"https:\/\/www.notibras.com\/site\/mal-desempenho-das-ferrari-frustra-planos-de-raikonnen\/#article\",\"isPartOf\":{\"@id\":\"https:\/\/www.notibras.com\/site\/mal-desempenho-das-ferrari-frustra-planos-de-raikonnen\/\"},\"author\":{\"name\":\"Reda\u00e7\u00e3o\",\"@id\":\"https:\/\/www.notibras.com\/site\/#\/schema\/person\/36ab0979449956132d3e5b517ea76ac8\"},\"headline\":\"Mal desempenho das Ferrari frustra planos de Raikonnen\",\"datePublished\":\"2014-06-25T09:27:13+00:00\",\"mainEntityOfPage\":{\"@id\":\"https:\/\/www.notibras.com\/site\/mal-desempenho-das-ferrari-frustra-planos-de-raikonnen\/\"},\"wordCount\":262,\"commentCount\":0,\"publisher\":{\"@id\":\"https:\/\/www.notibras.com\/site\/#organization\"},\"image\":{\"@id\":\"https:\/\/www.notibras.com\/site\/mal-desempenho-das-ferrari-frustra-planos-de-raikonnen\/#primaryimage\"},\"thumbnailUrl\":\"https:\/\/www.notibras.com\/site\/wp-content\/uploads\/2014\/06\/57.jpg\",\"articleSection\":[\"Automobilismo\",\"Esportes\"],\"inLanguage\":\"pt-BR\",\"potentialAction\":[{\"@type\":\"CommentAction\",\"name\":\"Comment\",\"target\":[\"https:\/\/www.notibras.com\/site\/mal-desempenho-das-ferrari-frustra-planos-de-raikonnen\/#respond\"]}]},{\"@type\":\"WebPage\",\"@id\":\"https:\/\/www.notibras.com\/site\/mal-desempenho-das-ferrari-frustra-planos-de-raikonnen\/\",\"url\":\"https:\/\/www.notibras.com\/site\/mal-desempenho-das-ferrari-frustra-planos-de-raikonnen\/\",\"name\":\"Mal desempenho das Ferrari frustra planos de Raikonnen - Notibras\",\"isPartOf\":{\"@id\":\"https:\/\/www.notibras.com\/site\/#website\"},\"primaryImageOfPage\":{\"@id\":\"https:\/\/www.notibras.com\/site\/mal-desempenho-das-ferrari-frustra-planos-de-raikonnen\/#primaryimage\"},\"image\":{\"@id\":\"https:\/\/www.notibras.com\/site\/mal-desempenho-das-ferrari-frustra-planos-de-raikonnen\/#primaryimage\"},\"thumbnailUrl\":\"https:\/\/www.notibras.com\/site\/wp-content\/uploads\/2014\/06\/57.jpg\",\"datePublished\":\"2014-06-25T09:27:13+00:00\",\"breadcrumb\":{\"@id\":\"https:\/\/www.notibras.com\/site\/mal-desempenho-das-ferrari-frustra-planos-de-raikonnen\/#breadcrumb\"},\"inLanguage\":\"pt-BR\",\"potentialAction\":[{\"@type\":\"ReadAction\",\"target\":[\"https:\/\/www.notibras.com\/site\/mal-desempenho-das-ferrari-frustra-planos-de-raikonnen\/\"]}]},{\"@type\":\"ImageObject\",\"inLanguage\":\"pt-BR\",\"@id\":\"https:\/\/www.notibras.com\/site\/mal-desempenho-das-ferrari-frustra-planos-de-raikonnen\/#primaryimage\",\"url\":\"https:\/\/www.notibras.com\/site\/wp-content\/uploads\/2014\/06\/57.jpg\",\"contentUrl\":\"https:\/\/www.notibras.com\/site\/wp-content\/uploads\/2014\/06\/57.jpg\",\"width\":800,\"height\":600},{\"@type\":\"BreadcrumbList\",\"@id\":\"https:\/\/www.notibras.com\/site\/mal-desempenho-das-ferrari-frustra-planos-de-raikonnen\/#breadcrumb\",\"itemListElement\":[{\"@type\":\"ListItem\",\"position\":1,\"name\":\"In\u00edcio\",\"item\":\"https:\/\/www.notibras.com\/site\/\"},{\"@type\":\"ListItem\",\"position\":2,\"name\":\"Mal desempenho das Ferrari frustra planos de Raikonnen\"}]},{\"@type\":\"WebSite\",\"@id\":\"https:\/\/www.notibras.com\/site\/#website\",\"url\":\"https:\/\/www.notibras.com\/site\/\",\"name\":\"Notibras\",\"description\":\"Not\u00edcias de Bras\u00edlia, do Brasil e do Mundo\",\"publisher\":{\"@id\":\"https:\/\/www.notibras.com\/site\/#organization\"},\"potentialAction\":[{\"@type\":\"SearchAction\",\"target\":{\"@type\":\"EntryPoint\",\"urlTemplate\":\"https:\/\/www.notibras.com\/site\/?s={search_term_string}\"},\"query-input\":{\"@type\":\"PropertyValueSpecification\",\"valueRequired\":true,\"valueName\":\"search_term_string\"}}],\"inLanguage\":\"pt-BR\"},{\"@type\":\"Organization\",\"@id\":\"https:\/\/www.notibras.com\/site\/#organization\",\"name\":\"Grupo Notibras de Comunica\u00e7\u00e3o\",\"url\":\"https:\/\/www.notibras.com\/site\/\",\"logo\":{\"@type\":\"ImageObject\",\"inLanguage\":\"pt-BR\",\"@id\":\"https:\/\/www.notibras.com\/site\/#\/schema\/logo\/image\/\",\"url\":\"https:\/\/www.notibras.com\/site\/wp-content\/uploads\/2023\/01\/notibras23.png\",\"contentUrl\":\"https:\/\/www.notibras.com\/site\/wp-content\/uploads\/2023\/01\/notibras23.png\",\"width\":350,\"height\":87,\"caption\":\"Grupo Notibras de Comunica\u00e7\u00e3o\"},\"image\":{\"@id\":\"https:\/\/www.notibras.com\/site\/#\/schema\/logo\/image\/\"},\"sameAs\":[\"https:\/\/www.facebook.com\/notibras\/\",\"https:\/\/x.com\/Notibras\",\"https:\/\/www.instagram.com\/notibras\/\"]},{\"@type\":\"Person\",\"@id\":\"https:\/\/www.notibras.com\/site\/#\/schema\/person\/36ab0979449956132d3e5b517ea76ac8\",\"name\":\"Reda\u00e7\u00e3o\",\"image\":{\"@type\":\"ImageObject\",\"inLanguage\":\"pt-BR\",\"@id\":\"https:\/\/secure.gravatar.com\/avatar\/e0a867bdedb85fd243eadf09663511f96fc81e0720a4a42581f334ad4303aa6b?s=96&d=mm&r=g\",\"url\":\"https:\/\/secure.gravatar.com\/avatar\/e0a867bdedb85fd243eadf09663511f96fc81e0720a4a42581f334ad4303aa6b?s=96&d=mm&r=g\",\"contentUrl\":\"https:\/\/secure.gravatar.com\/avatar\/e0a867bdedb85fd243eadf09663511f96fc81e0720a4a42581f334ad4303aa6b?s=96&d=mm&r=g\",\"caption\":\"Reda\u00e7\u00e3o\"}}]}<\/script>\n<!-- \/ Yoast SEO plugin. -->","yoast_head_json":{"title":"Mal desempenho das Ferrari frustra planos de Raikonnen - Notibras","robots":{"index":"index","follow":"follow","max-snippet":"max-snippet:-1","max-image-preview":"max-image-preview:large","max-video-preview":"max-video-preview:-1"},"canonical":"https:\/\/www.notibras.com\/site\/mal-desempenho-das-ferrari-frustra-planos-de-raikonnen\/","og_locale":"pt_BR","og_type":"article","og_title":"Mal desempenho das Ferrari frustra planos de Raikonnen - Notibras","og_description":"De volta \u00e0 Ferrari ap\u00f3s dois anos, Kimi Raikkonen est\u00e1 decepcionado. O piloto, que deixou a Lotus em busca de mais condi\u00e7\u00f5es para chegar ao p\u00f3dio, vem sofrendo com os problemas no carro da escuderia e j\u00e1 n\u00e3o esconde sua insatisfa\u00e7\u00e3o com a situa\u00e7\u00e3o atual. Para ele, a equipe ainda n\u00e3o conseguiu fazer grandes adapta\u00e7\u00f5es [&hellip;]","og_url":"https:\/\/www.notibras.com\/site\/mal-desempenho-das-ferrari-frustra-planos-de-raikonnen\/","og_site_name":"Notibras","article_publisher":"https:\/\/www.facebook.com\/notibras\/","article_published_time":"2014-06-25T09:27:13+00:00","og_image":[{"width":800,"height":600,"url":"https:\/\/www.notibras.com\/site\/wp-content\/uploads\/2014\/06\/57.jpg","type":"image\/jpeg"}],"author":"Reda\u00e7\u00e3o","twitter_card":"summary_large_image","twitter_creator":"@Notibras","twitter_site":"@Notibras","twitter_misc":{"Escrito por":"Reda\u00e7\u00e3o","Est. tempo de leitura":"1 minuto"},"schema":{"@context":"https:\/\/schema.org","@graph":[{"@type":"Article","@id":"https:\/\/www.notibras.com\/site\/mal-desempenho-das-ferrari-frustra-planos-de-raikonnen\/#article","isPartOf":{"@id":"https:\/\/www.notibras.com\/site\/mal-desempenho-das-ferrari-frustra-planos-de-raikonnen\/"},"author":{"name":"Reda\u00e7\u00e3o","@id":"https:\/\/www.notibras.com\/site\/#\/schema\/person\/36ab0979449956132d3e5b517ea76ac8"},"headline":"Mal desempenho das Ferrari frustra planos de Raikonnen","datePublished":"2014-06-25T09:27:13+00:00","mainEntityOfPage":{"@id":"https:\/\/www.notibras.com\/site\/mal-desempenho-das-ferrari-frustra-planos-de-raikonnen\/"},"wordCount":262,"commentCount":0,"publisher":{"@id":"https:\/\/www.notibras.com\/site\/#organization"},"image":{"@id":"https:\/\/www.notibras.com\/site\/mal-desempenho-das-ferrari-frustra-planos-de-raikonnen\/#primaryimage"},"thumbnailUrl":"https:\/\/www.notibras.com\/site\/wp-content\/uploads\/2014\/06\/57.jpg","articleSection":["Automobilismo","Esportes"],"inLanguage":"pt-BR","potentialAction":[{"@type":"CommentAction","name":"Comment","target":["https:\/\/www.notibras.com\/site\/mal-desempenho-das-ferrari-frustra-planos-de-raikonnen\/#respond"]}]},{"@type":"WebPage","@id":"https:\/\/www.notibras.com\/site\/mal-desempenho-das-ferrari-frustra-planos-de-raikonnen\/","url":"https:\/\/www.notibras.com\/site\/mal-desempenho-das-ferrari-frustra-planos-de-raikonnen\/","name":"Mal desempenho das Ferrari frustra planos de Raikonnen - Notibras","isPartOf":{"@id":"https:\/\/www.notibras.com\/site\/#website"},"primaryImageOfPage":{"@id":"https:\/\/www.notibras.com\/site\/mal-desempenho-das-ferrari-frustra-planos-de-raikonnen\/#primaryimage"},"image":{"@id":"https:\/\/www.notibras.com\/site\/mal-desempenho-das-ferrari-frustra-planos-de-raikonnen\/#primaryimage"},"thumbnailUrl":"https:\/\/www.notibras.com\/site\/wp-content\/uploads\/2014\/06\/57.jpg","datePublished":"2014-06-25T09:27:13+00:00","breadcrumb":{"@id":"https:\/\/www.notibras.com\/site\/mal-desempenho-das-ferrari-frustra-planos-de-raikonnen\/#breadcrumb"},"inLanguage":"pt-BR","potentialAction":[{"@type":"ReadAction","target":["https:\/\/www.notibras.com\/site\/mal-desempenho-das-ferrari-frustra-planos-de-raikonnen\/"]}]},{"@type":"ImageObject","inLanguage":"pt-BR","@id":"https:\/\/www.notibras.com\/site\/mal-desempenho-das-ferrari-frustra-planos-de-raikonnen\/#primaryimage","url":"https:\/\/www.notibras.com\/site\/wp-content\/uploads\/2014\/06\/57.jpg","contentUrl":"https:\/\/www.notibras.com\/site\/wp-content\/uploads\/2014\/06\/57.jpg","width":800,"height":600},{"@type":"BreadcrumbList","@id":"https:\/\/www.notibras.com\/site\/mal-desempenho-das-ferrari-frustra-planos-de-raikonnen\/#breadcrumb","itemListElement":[{"@type":"ListItem","position":1,"name":"In\u00edcio","item":"https:\/\/www.notibras.com\/site\/"},{"@type":"ListItem","position":2,"name":"Mal desempenho das Ferrari frustra planos de Raikonnen"}]},{"@type":"WebSite","@id":"https:\/\/www.notibras.com\/site\/#website","url":"https:\/\/www.notibras.com\/site\/","name":"Notibras","description":"Not\u00edcias de Bras\u00edlia, do Brasil e do Mundo","publisher":{"@id":"https:\/\/www.notibras.com\/site\/#organization"},"potentialAction":[{"@type":"SearchAction","target":{"@type":"EntryPoint","urlTemplate":"https:\/\/www.notibras.com\/site\/?s={search_term_string}"},"query-input":{"@type":"PropertyValueSpecification","valueRequired":true,"valueName":"search_term_string"}}],"inLanguage":"pt-BR"},{"@type":"Organization","@id":"https:\/\/www.notibras.com\/site\/#organization","name":"Grupo Notibras de Comunica\u00e7\u00e3o","url":"https:\/\/www.notibras.com\/site\/","logo":{"@type":"ImageObject","inLanguage":"pt-BR","@id":"https:\/\/www.notibras.com\/site\/#\/schema\/logo\/image\/","url":"https:\/\/www.notibras.com\/site\/wp-content\/uploads\/2023\/01\/notibras23.png","contentUrl":"https:\/\/www.notibras.com\/site\/wp-content\/uploads\/2023\/01\/notibras23.png","width":350,"height":87,"caption":"Grupo Notibras de Comunica\u00e7\u00e3o"},"image":{"@id":"https:\/\/www.notibras.com\/site\/#\/schema\/logo\/image\/"},"sameAs":["https:\/\/www.facebook.com\/notibras\/","https:\/\/x.com\/Notibras","https:\/\/www.instagram.com\/notibras\/"]},{"@type":"Person","@id":"https:\/\/www.notibras.com\/site\/#\/schema\/person\/36ab0979449956132d3e5b517ea76ac8","name":"Reda\u00e7\u00e3o","image":{"@type":"ImageObject","inLanguage":"pt-BR","@id":"https:\/\/secure.gravatar.com\/avatar\/e0a867bdedb85fd243eadf09663511f96fc81e0720a4a42581f334ad4303aa6b?s=96&d=mm&r=g","url":"https:\/\/secure.gravatar.com\/avatar\/e0a867bdedb85fd243eadf09663511f96fc81e0720a4a42581f334ad4303aa6b?s=96&d=mm&r=g","contentUrl":"https:\/\/secure.gravatar.com\/avatar\/e0a867bdedb85fd243eadf09663511f96fc81e0720a4a42581f334ad4303aa6b?s=96&d=mm&r=g","caption":"Reda\u00e7\u00e3o"}}]}},"amp_enabled":true,"_links":{"self":[{"href":"https:\/\/www.notibras.com\/site\/wp-json\/wp\/v2\/posts\/14376","targetHints":{"allow":["GET"]}}],"collection":[{"href":"https:\/\/www.notibras.com\/site\/wp-json\/wp\/v2\/posts"}],"about":[{"href":"https:\/\/www.notibras.com\/site\/wp-json\/wp\/v2\/types\/post"}],"author":[{"embeddable":true,"href":"https:\/\/www.notibras.com\/site\/wp-json\/wp\/v2\/users\/2"}],"replies":[{"embeddable":true,"href":"https:\/\/www.notibras.com\/site\/wp-json\/wp\/v2\/comments?post=14376"}],"version-history":[{"count":0,"href":"https:\/\/www.notibras.com\/site\/wp-json\/wp\/v2\/posts\/14376\/revisions"}],"wp:featuredmedia":[{"embeddable":true,"href":"https:\/\/www.notibras.com\/site\/wp-json\/wp\/v2\/media\/14377"}],"wp:attachment":[{"href":"https:\/\/www.notibras.com\/site\/wp-json\/wp\/v2\/media?parent=14376"}],"wp:term":[{"taxonomy":"category","embeddable":true,"href":"https:\/\/www.notibras.com\/site\/wp-json\/wp\/v2\/categories?post=14376"},{"taxonomy":"post_tag","embeddable":true,"href":"https:\/\/www.notibras.com\/site\/wp-json\/wp\/v2\/tags?post=14376"}],"curies":[{"name":"wp","href":"https:\/\/api.w.org\/{rel}","templated":true}]}}