{"id":14385,"date":"2014-06-25T07:10:12","date_gmt":"2014-06-25T10:10:12","guid":{"rendered":"http:\/\/www.notibras.com\/site\/?p=14385"},"modified":"2014-06-25T07:21:35","modified_gmt":"2014-06-25T10:21:35","slug":"corinthians-treina-e-curte-paisagem-bucolica-de-hotel-fazenda","status":"publish","type":"post","link":"https:\/\/www.notibras.com\/site\/corinthians-treina-e-curte-paisagem-bucolica-de-hotel-fazenda\/","title":{"rendered":"Corinthians treina e curte paisagem buc\u00f3lica do interior"},"content":{"rendered":"<p>Depois de sete dias com treinamentos puxados em dois per\u00edodos e s\u00f3 o domingo de folga, finalmente os jogadores do Corinthians tiveram descanso na tarde desta ter\u00e7a-feira. A dois dias da despedida do Hotel Fazenda Amoreiras, que a partir da pr\u00f3xima semana abrigar\u00e1 a pr\u00e9-temporada do Audax, os jogadores do Tim\u00e3o puderam descansar em seus quartos e aproveitar as belas paisagens do local, que tem trilhas, cachoeiras, natureza e muitos animais.<\/p>\n<p>Logo ap\u00f3s o almo\u00e7o, o goleiro C\u00e1ssio deixou a parte interna do hotel-fazenda para uma caminhada entre as \u00e1rvores, carregando apenas um fone de ouvido e o celular. C\u00e1ssio e seus outros companheiros de posi\u00e7\u00e3o foram os \u00fanicos que tiveram contato verdadeiro com a natureza, e at\u00e9 se arriscaram na pescaria. Os outros jogadores admitiram que nem sequer conheceram as belezas naturais do local. Como o meia Jadson, que j\u00e1 conta os dias para a volta para casa.<\/p>\n<p>&#8211; \u00c9 ruim ficar longe da fam\u00edlia, mas eu j\u00e1 estou acostumado com isso a\u00ed, j\u00e1 virou nossa rotina de trabalho. Seria muito melhor se a gente estivesse trabalhando em S\u00e3o Paulo, no CT, tranquilo, com a fam\u00edlia. Como \u00e9 o nosso trabalho, a nossa obriga\u00e7\u00e3o, temos que fazer &#8211; disse o camisa 10, autor de sete gols em 2014, e cujo pensamento \u00e9 compartilhado pelo lateral-direito Fagner.<\/p>\n<p>&#8211; Eu sou mais da cidade, mais da agita\u00e7\u00e3o, por ser criado e ter nascido em cidade grande. Mas de vez em quando \u00e9 bom vir para a tranquilidade, poder trabalhar sossegado \u00e9 bom tamb\u00e9m, \u00e9 v\u00e1lido &#8211; pontuou o ala.<\/p>\n<blockquote><p>Se os jogadores tiveram tempo livre para aproveitar as paisagens do hotel-fazenda, os profissionais da comiss\u00e3o t\u00e9cnica suaram a camisa em uma pelada descontra\u00edda no campo ao lado do gramado principal. Alessandro, coordenador t\u00e9cnico de futebol, e Sylvinho, auxiliar de Mano Menezes, disputaram a partida em equipes rivais, e o rec\u00e9m-aposentado camisa 2 levou a melhor.<\/p><\/blockquote>\n<p>O grupo retoma a rotina normal em Extrema nesta quarta-feira, \u00e0s 9h30. A equipe treina no hotel-fazenda at\u00e9 o dia seguinte e, no per\u00edodo da tarde, retorna a S\u00e3o Paulo. Caso o Ir\u00e3 seja eliminado da Copa do Mundo, o Tim\u00e3o j\u00e1 treina no CT Joaquim Grava sexta-feira.<\/p>\n","protected":false},"excerpt":{"rendered":"<p>Depois de sete dias com treinamentos puxados em dois per\u00edodos e s\u00f3 o domingo de folga, finalmente os jogadores do Corinthians tiveram descanso na tarde desta ter\u00e7a-feira. A dois dias da despedida do Hotel Fazenda Amoreiras, que a partir da pr\u00f3xima semana abrigar\u00e1 a pr\u00e9-temporada do Audax, os jogadores do Tim\u00e3o puderam descansar em seus [&hellip;]<\/p>\n","protected":false},"author":2,"featured_media":14386,"comment_status":"open","ping_status":"closed","sticky":false,"template":"","format":"standard","meta":{"_acf_changed":false,"footnotes":""},"categories":[19,29],"tags":[],"class_list":["post-14385","post","type-post","status-publish","format-standard","has-post-thumbnail","hentry","category-esportes","category-futebol"],"acf":[],"yoast_head":"<!-- This site is optimized with the Yoast SEO plugin v27.2 - https:\/\/yoast.com\/product\/yoast-seo-wordpress\/ -->\n<title>Corinthians treina e curte paisagem buc\u00f3lica do interior - Notibras<\/title>\n<meta name=\"robots\" content=\"index, follow, max-snippet:-1, max-image-preview:large, max-video-preview:-1\" \/>\n<link rel=\"canonical\" href=\"https:\/\/www.notibras.com\/site\/corinthians-treina-e-curte-paisagem-bucolica-de-hotel-fazenda\/\" \/>\n<meta property=\"og:locale\" content=\"pt_BR\" \/>\n<meta property=\"og:type\" content=\"article\" \/>\n<meta property=\"og:title\" content=\"Corinthians treina e curte paisagem buc\u00f3lica do interior - Notibras\" \/>\n<meta property=\"og:description\" content=\"Depois de sete dias com treinamentos puxados em dois per\u00edodos e s\u00f3 o domingo de folga, finalmente os jogadores do Corinthians tiveram descanso na tarde desta ter\u00e7a-feira. A dois dias da despedida do Hotel Fazenda Amoreiras, que a partir da pr\u00f3xima semana abrigar\u00e1 a pr\u00e9-temporada do Audax, os jogadores do Tim\u00e3o puderam descansar em seus [&hellip;]\" \/>\n<meta property=\"og:url\" content=\"https:\/\/www.notibras.com\/site\/corinthians-treina-e-curte-paisagem-bucolica-de-hotel-fazenda\/\" \/>\n<meta property=\"og:site_name\" content=\"Notibras\" \/>\n<meta property=\"article:publisher\" content=\"https:\/\/www.facebook.com\/notibras\/\" \/>\n<meta property=\"article:published_time\" content=\"2014-06-25T10:10:12+00:00\" \/>\n<meta property=\"article:modified_time\" content=\"2014-06-25T10:21:35+00:00\" \/>\n<meta property=\"og:image\" content=\"https:\/\/www.notibras.com\/site\/wp-content\/uploads\/2014\/06\/Jogadores-Corinthians-Foto-Gabriel-Carneiro_LANIMA20140618_0369_49.jpg\" \/>\n\t<meta property=\"og:image:width\" content=\"490\" \/>\n\t<meta property=\"og:image:height\" content=\"326\" \/>\n\t<meta property=\"og:image:type\" content=\"image\/jpeg\" \/>\n<meta name=\"author\" content=\"Reda\u00e7\u00e3o\" \/>\n<meta name=\"twitter:card\" content=\"summary_large_image\" \/>\n<meta name=\"twitter:creator\" content=\"@Notibras\" \/>\n<meta name=\"twitter:site\" content=\"@Notibras\" \/>\n<meta name=\"twitter:label1\" content=\"Escrito por\" \/>\n\t<meta name=\"twitter:data1\" content=\"Reda\u00e7\u00e3o\" \/>\n\t<meta name=\"twitter:label2\" content=\"Est. tempo de leitura\" \/>\n\t<meta name=\"twitter:data2\" content=\"2 minutos\" \/>\n<script type=\"application\/ld+json\" class=\"yoast-schema-graph\">{\"@context\":\"https:\/\/schema.org\",\"@graph\":[{\"@type\":\"Article\",\"@id\":\"https:\/\/www.notibras.com\/site\/corinthians-treina-e-curte-paisagem-bucolica-de-hotel-fazenda\/#article\",\"isPartOf\":{\"@id\":\"https:\/\/www.notibras.com\/site\/corinthians-treina-e-curte-paisagem-bucolica-de-hotel-fazenda\/\"},\"author\":{\"name\":\"Reda\u00e7\u00e3o\",\"@id\":\"https:\/\/www.notibras.com\/site\/#\/schema\/person\/36ab0979449956132d3e5b517ea76ac8\"},\"headline\":\"Corinthians treina e curte paisagem buc\u00f3lica do interior\",\"datePublished\":\"2014-06-25T10:10:12+00:00\",\"dateModified\":\"2014-06-25T10:21:35+00:00\",\"mainEntityOfPage\":{\"@id\":\"https:\/\/www.notibras.com\/site\/corinthians-treina-e-curte-paisagem-bucolica-de-hotel-fazenda\/\"},\"wordCount\":387,\"commentCount\":0,\"publisher\":{\"@id\":\"https:\/\/www.notibras.com\/site\/#organization\"},\"image\":{\"@id\":\"https:\/\/www.notibras.com\/site\/corinthians-treina-e-curte-paisagem-bucolica-de-hotel-fazenda\/#primaryimage\"},\"thumbnailUrl\":\"https:\/\/www.notibras.com\/site\/wp-content\/uploads\/2014\/06\/Jogadores-Corinthians-Foto-Gabriel-Carneiro_LANIMA20140618_0369_49.jpg\",\"articleSection\":[\"Esportes\",\"Futebol\"],\"inLanguage\":\"pt-BR\",\"potentialAction\":[{\"@type\":\"CommentAction\",\"name\":\"Comment\",\"target\":[\"https:\/\/www.notibras.com\/site\/corinthians-treina-e-curte-paisagem-bucolica-de-hotel-fazenda\/#respond\"]}]},{\"@type\":\"WebPage\",\"@id\":\"https:\/\/www.notibras.com\/site\/corinthians-treina-e-curte-paisagem-bucolica-de-hotel-fazenda\/\",\"url\":\"https:\/\/www.notibras.com\/site\/corinthians-treina-e-curte-paisagem-bucolica-de-hotel-fazenda\/\",\"name\":\"Corinthians treina e curte paisagem buc\u00f3lica do interior - Notibras\",\"isPartOf\":{\"@id\":\"https:\/\/www.notibras.com\/site\/#website\"},\"primaryImageOfPage\":{\"@id\":\"https:\/\/www.notibras.com\/site\/corinthians-treina-e-curte-paisagem-bucolica-de-hotel-fazenda\/#primaryimage\"},\"image\":{\"@id\":\"https:\/\/www.notibras.com\/site\/corinthians-treina-e-curte-paisagem-bucolica-de-hotel-fazenda\/#primaryimage\"},\"thumbnailUrl\":\"https:\/\/www.notibras.com\/site\/wp-content\/uploads\/2014\/06\/Jogadores-Corinthians-Foto-Gabriel-Carneiro_LANIMA20140618_0369_49.jpg\",\"datePublished\":\"2014-06-25T10:10:12+00:00\",\"dateModified\":\"2014-06-25T10:21:35+00:00\",\"breadcrumb\":{\"@id\":\"https:\/\/www.notibras.com\/site\/corinthians-treina-e-curte-paisagem-bucolica-de-hotel-fazenda\/#breadcrumb\"},\"inLanguage\":\"pt-BR\",\"potentialAction\":[{\"@type\":\"ReadAction\",\"target\":[\"https:\/\/www.notibras.com\/site\/corinthians-treina-e-curte-paisagem-bucolica-de-hotel-fazenda\/\"]}]},{\"@type\":\"ImageObject\",\"inLanguage\":\"pt-BR\",\"@id\":\"https:\/\/www.notibras.com\/site\/corinthians-treina-e-curte-paisagem-bucolica-de-hotel-fazenda\/#primaryimage\",\"url\":\"https:\/\/www.notibras.com\/site\/wp-content\/uploads\/2014\/06\/Jogadores-Corinthians-Foto-Gabriel-Carneiro_LANIMA20140618_0369_49.jpg\",\"contentUrl\":\"https:\/\/www.notibras.com\/site\/wp-content\/uploads\/2014\/06\/Jogadores-Corinthians-Foto-Gabriel-Carneiro_LANIMA20140618_0369_49.jpg\",\"width\":490,\"height\":326},{\"@type\":\"BreadcrumbList\",\"@id\":\"https:\/\/www.notibras.com\/site\/corinthians-treina-e-curte-paisagem-bucolica-de-hotel-fazenda\/#breadcrumb\",\"itemListElement\":[{\"@type\":\"ListItem\",\"position\":1,\"name\":\"In\u00edcio\",\"item\":\"https:\/\/www.notibras.com\/site\/\"},{\"@type\":\"ListItem\",\"position\":2,\"name\":\"Corinthians treina e curte paisagem buc\u00f3lica do interior\"}]},{\"@type\":\"WebSite\",\"@id\":\"https:\/\/www.notibras.com\/site\/#website\",\"url\":\"https:\/\/www.notibras.com\/site\/\",\"name\":\"Notibras\",\"description\":\"Not\u00edcias de Bras\u00edlia, do Brasil e do Mundo\",\"publisher\":{\"@id\":\"https:\/\/www.notibras.com\/site\/#organization\"},\"potentialAction\":[{\"@type\":\"SearchAction\",\"target\":{\"@type\":\"EntryPoint\",\"urlTemplate\":\"https:\/\/www.notibras.com\/site\/?s={search_term_string}\"},\"query-input\":{\"@type\":\"PropertyValueSpecification\",\"valueRequired\":true,\"valueName\":\"search_term_string\"}}],\"inLanguage\":\"pt-BR\"},{\"@type\":\"Organization\",\"@id\":\"https:\/\/www.notibras.com\/site\/#organization\",\"name\":\"Grupo Notibras de Comunica\u00e7\u00e3o\",\"url\":\"https:\/\/www.notibras.com\/site\/\",\"logo\":{\"@type\":\"ImageObject\",\"inLanguage\":\"pt-BR\",\"@id\":\"https:\/\/www.notibras.com\/site\/#\/schema\/logo\/image\/\",\"url\":\"https:\/\/www.notibras.com\/site\/wp-content\/uploads\/2023\/01\/notibras23.png\",\"contentUrl\":\"https:\/\/www.notibras.com\/site\/wp-content\/uploads\/2023\/01\/notibras23.png\",\"width\":350,\"height\":87,\"caption\":\"Grupo Notibras de Comunica\u00e7\u00e3o\"},\"image\":{\"@id\":\"https:\/\/www.notibras.com\/site\/#\/schema\/logo\/image\/\"},\"sameAs\":[\"https:\/\/www.facebook.com\/notibras\/\",\"https:\/\/x.com\/Notibras\",\"https:\/\/www.instagram.com\/notibras\/\"]},{\"@type\":\"Person\",\"@id\":\"https:\/\/www.notibras.com\/site\/#\/schema\/person\/36ab0979449956132d3e5b517ea76ac8\",\"name\":\"Reda\u00e7\u00e3o\",\"image\":{\"@type\":\"ImageObject\",\"inLanguage\":\"pt-BR\",\"@id\":\"https:\/\/secure.gravatar.com\/avatar\/e0a867bdedb85fd243eadf09663511f96fc81e0720a4a42581f334ad4303aa6b?s=96&d=mm&r=g\",\"url\":\"https:\/\/secure.gravatar.com\/avatar\/e0a867bdedb85fd243eadf09663511f96fc81e0720a4a42581f334ad4303aa6b?s=96&d=mm&r=g\",\"contentUrl\":\"https:\/\/secure.gravatar.com\/avatar\/e0a867bdedb85fd243eadf09663511f96fc81e0720a4a42581f334ad4303aa6b?s=96&d=mm&r=g\",\"caption\":\"Reda\u00e7\u00e3o\"}}]}<\/script>\n<!-- \/ Yoast SEO plugin. -->","yoast_head_json":{"title":"Corinthians treina e curte paisagem buc\u00f3lica do interior - Notibras","robots":{"index":"index","follow":"follow","max-snippet":"max-snippet:-1","max-image-preview":"max-image-preview:large","max-video-preview":"max-video-preview:-1"},"canonical":"https:\/\/www.notibras.com\/site\/corinthians-treina-e-curte-paisagem-bucolica-de-hotel-fazenda\/","og_locale":"pt_BR","og_type":"article","og_title":"Corinthians treina e curte paisagem buc\u00f3lica do interior - Notibras","og_description":"Depois de sete dias com treinamentos puxados em dois per\u00edodos e s\u00f3 o domingo de folga, finalmente os jogadores do Corinthians tiveram descanso na tarde desta ter\u00e7a-feira. A dois dias da despedida do Hotel Fazenda Amoreiras, que a partir da pr\u00f3xima semana abrigar\u00e1 a pr\u00e9-temporada do Audax, os jogadores do Tim\u00e3o puderam descansar em seus [&hellip;]","og_url":"https:\/\/www.notibras.com\/site\/corinthians-treina-e-curte-paisagem-bucolica-de-hotel-fazenda\/","og_site_name":"Notibras","article_publisher":"https:\/\/www.facebook.com\/notibras\/","article_published_time":"2014-06-25T10:10:12+00:00","article_modified_time":"2014-06-25T10:21:35+00:00","og_image":[{"width":490,"height":326,"url":"https:\/\/www.notibras.com\/site\/wp-content\/uploads\/2014\/06\/Jogadores-Corinthians-Foto-Gabriel-Carneiro_LANIMA20140618_0369_49.jpg","type":"image\/jpeg"}],"author":"Reda\u00e7\u00e3o","twitter_card":"summary_large_image","twitter_creator":"@Notibras","twitter_site":"@Notibras","twitter_misc":{"Escrito por":"Reda\u00e7\u00e3o","Est. tempo de leitura":"2 minutos"},"schema":{"@context":"https:\/\/schema.org","@graph":[{"@type":"Article","@id":"https:\/\/www.notibras.com\/site\/corinthians-treina-e-curte-paisagem-bucolica-de-hotel-fazenda\/#article","isPartOf":{"@id":"https:\/\/www.notibras.com\/site\/corinthians-treina-e-curte-paisagem-bucolica-de-hotel-fazenda\/"},"author":{"name":"Reda\u00e7\u00e3o","@id":"https:\/\/www.notibras.com\/site\/#\/schema\/person\/36ab0979449956132d3e5b517ea76ac8"},"headline":"Corinthians treina e curte paisagem buc\u00f3lica do interior","datePublished":"2014-06-25T10:10:12+00:00","dateModified":"2014-06-25T10:21:35+00:00","mainEntityOfPage":{"@id":"https:\/\/www.notibras.com\/site\/corinthians-treina-e-curte-paisagem-bucolica-de-hotel-fazenda\/"},"wordCount":387,"commentCount":0,"publisher":{"@id":"https:\/\/www.notibras.com\/site\/#organization"},"image":{"@id":"https:\/\/www.notibras.com\/site\/corinthians-treina-e-curte-paisagem-bucolica-de-hotel-fazenda\/#primaryimage"},"thumbnailUrl":"https:\/\/www.notibras.com\/site\/wp-content\/uploads\/2014\/06\/Jogadores-Corinthians-Foto-Gabriel-Carneiro_LANIMA20140618_0369_49.jpg","articleSection":["Esportes","Futebol"],"inLanguage":"pt-BR","potentialAction":[{"@type":"CommentAction","name":"Comment","target":["https:\/\/www.notibras.com\/site\/corinthians-treina-e-curte-paisagem-bucolica-de-hotel-fazenda\/#respond"]}]},{"@type":"WebPage","@id":"https:\/\/www.notibras.com\/site\/corinthians-treina-e-curte-paisagem-bucolica-de-hotel-fazenda\/","url":"https:\/\/www.notibras.com\/site\/corinthians-treina-e-curte-paisagem-bucolica-de-hotel-fazenda\/","name":"Corinthians treina e curte paisagem buc\u00f3lica do interior - Notibras","isPartOf":{"@id":"https:\/\/www.notibras.com\/site\/#website"},"primaryImageOfPage":{"@id":"https:\/\/www.notibras.com\/site\/corinthians-treina-e-curte-paisagem-bucolica-de-hotel-fazenda\/#primaryimage"},"image":{"@id":"https:\/\/www.notibras.com\/site\/corinthians-treina-e-curte-paisagem-bucolica-de-hotel-fazenda\/#primaryimage"},"thumbnailUrl":"https:\/\/www.notibras.com\/site\/wp-content\/uploads\/2014\/06\/Jogadores-Corinthians-Foto-Gabriel-Carneiro_LANIMA20140618_0369_49.jpg","datePublished":"2014-06-25T10:10:12+00:00","dateModified":"2014-06-25T10:21:35+00:00","breadcrumb":{"@id":"https:\/\/www.notibras.com\/site\/corinthians-treina-e-curte-paisagem-bucolica-de-hotel-fazenda\/#breadcrumb"},"inLanguage":"pt-BR","potentialAction":[{"@type":"ReadAction","target":["https:\/\/www.notibras.com\/site\/corinthians-treina-e-curte-paisagem-bucolica-de-hotel-fazenda\/"]}]},{"@type":"ImageObject","inLanguage":"pt-BR","@id":"https:\/\/www.notibras.com\/site\/corinthians-treina-e-curte-paisagem-bucolica-de-hotel-fazenda\/#primaryimage","url":"https:\/\/www.notibras.com\/site\/wp-content\/uploads\/2014\/06\/Jogadores-Corinthians-Foto-Gabriel-Carneiro_LANIMA20140618_0369_49.jpg","contentUrl":"https:\/\/www.notibras.com\/site\/wp-content\/uploads\/2014\/06\/Jogadores-Corinthians-Foto-Gabriel-Carneiro_LANIMA20140618_0369_49.jpg","width":490,"height":326},{"@type":"BreadcrumbList","@id":"https:\/\/www.notibras.com\/site\/corinthians-treina-e-curte-paisagem-bucolica-de-hotel-fazenda\/#breadcrumb","itemListElement":[{"@type":"ListItem","position":1,"name":"In\u00edcio","item":"https:\/\/www.notibras.com\/site\/"},{"@type":"ListItem","position":2,"name":"Corinthians treina e curte paisagem buc\u00f3lica do interior"}]},{"@type":"WebSite","@id":"https:\/\/www.notibras.com\/site\/#website","url":"https:\/\/www.notibras.com\/site\/","name":"Notibras","description":"Not\u00edcias de Bras\u00edlia, do Brasil e do Mundo","publisher":{"@id":"https:\/\/www.notibras.com\/site\/#organization"},"potentialAction":[{"@type":"SearchAction","target":{"@type":"EntryPoint","urlTemplate":"https:\/\/www.notibras.com\/site\/?s={search_term_string}"},"query-input":{"@type":"PropertyValueSpecification","valueRequired":true,"valueName":"search_term_string"}}],"inLanguage":"pt-BR"},{"@type":"Organization","@id":"https:\/\/www.notibras.com\/site\/#organization","name":"Grupo Notibras de Comunica\u00e7\u00e3o","url":"https:\/\/www.notibras.com\/site\/","logo":{"@type":"ImageObject","inLanguage":"pt-BR","@id":"https:\/\/www.notibras.com\/site\/#\/schema\/logo\/image\/","url":"https:\/\/www.notibras.com\/site\/wp-content\/uploads\/2023\/01\/notibras23.png","contentUrl":"https:\/\/www.notibras.com\/site\/wp-content\/uploads\/2023\/01\/notibras23.png","width":350,"height":87,"caption":"Grupo Notibras de Comunica\u00e7\u00e3o"},"image":{"@id":"https:\/\/www.notibras.com\/site\/#\/schema\/logo\/image\/"},"sameAs":["https:\/\/www.facebook.com\/notibras\/","https:\/\/x.com\/Notibras","https:\/\/www.instagram.com\/notibras\/"]},{"@type":"Person","@id":"https:\/\/www.notibras.com\/site\/#\/schema\/person\/36ab0979449956132d3e5b517ea76ac8","name":"Reda\u00e7\u00e3o","image":{"@type":"ImageObject","inLanguage":"pt-BR","@id":"https:\/\/secure.gravatar.com\/avatar\/e0a867bdedb85fd243eadf09663511f96fc81e0720a4a42581f334ad4303aa6b?s=96&d=mm&r=g","url":"https:\/\/secure.gravatar.com\/avatar\/e0a867bdedb85fd243eadf09663511f96fc81e0720a4a42581f334ad4303aa6b?s=96&d=mm&r=g","contentUrl":"https:\/\/secure.gravatar.com\/avatar\/e0a867bdedb85fd243eadf09663511f96fc81e0720a4a42581f334ad4303aa6b?s=96&d=mm&r=g","caption":"Reda\u00e7\u00e3o"}}]}},"amp_enabled":true,"_links":{"self":[{"href":"https:\/\/www.notibras.com\/site\/wp-json\/wp\/v2\/posts\/14385","targetHints":{"allow":["GET"]}}],"collection":[{"href":"https:\/\/www.notibras.com\/site\/wp-json\/wp\/v2\/posts"}],"about":[{"href":"https:\/\/www.notibras.com\/site\/wp-json\/wp\/v2\/types\/post"}],"author":[{"embeddable":true,"href":"https:\/\/www.notibras.com\/site\/wp-json\/wp\/v2\/users\/2"}],"replies":[{"embeddable":true,"href":"https:\/\/www.notibras.com\/site\/wp-json\/wp\/v2\/comments?post=14385"}],"version-history":[{"count":0,"href":"https:\/\/www.notibras.com\/site\/wp-json\/wp\/v2\/posts\/14385\/revisions"}],"wp:featuredmedia":[{"embeddable":true,"href":"https:\/\/www.notibras.com\/site\/wp-json\/wp\/v2\/media\/14386"}],"wp:attachment":[{"href":"https:\/\/www.notibras.com\/site\/wp-json\/wp\/v2\/media?parent=14385"}],"wp:term":[{"taxonomy":"category","embeddable":true,"href":"https:\/\/www.notibras.com\/site\/wp-json\/wp\/v2\/categories?post=14385"},{"taxonomy":"post_tag","embeddable":true,"href":"https:\/\/www.notibras.com\/site\/wp-json\/wp\/v2\/tags?post=14385"}],"curies":[{"name":"wp","href":"https:\/\/api.w.org\/{rel}","templated":true}]}}