{"id":14392,"date":"2014-06-25T05:19:44","date_gmt":"2014-06-25T08:19:44","guid":{"rendered":"http:\/\/www.notibras.com\/site\/?p=14392"},"modified":"2014-06-25T07:20:56","modified_gmt":"2014-06-25T10:20:56","slug":"inter-renova-contrato-do-zagueiro-indio-por-mais-seis-meses","status":"publish","type":"post","link":"https:\/\/www.notibras.com\/site\/inter-renova-contrato-do-zagueiro-indio-por-mais-seis-meses\/","title":{"rendered":"Inter renova contrato do zagueiro \u00cdndio por mais seis meses"},"content":{"rendered":"<blockquote><p>Multicampe\u00e3o pelo Internacional, sendo o \u00fanico remanescente do plantel que conquistou o Mundial em 2006, o zagueiro \u00cdndio renovou seu contrato com o clube por mais seis meses. A expectativa \u00e9 a de que, ao fim do v\u00ednculo, o jogador encerre sua carreira em uma grande festa no Beira-Rio.<\/p>\n<p>Para garantir sua perman\u00eancia no Colorado, \u00cdndio aceitou uma redu\u00e7\u00e3o salarial que beirou os 40%. O defensor teve o apoio do t\u00e9cnico Abel Braga durante as tratativas.<\/p>\n<p>Em dezembro, o zagueiro completar\u00e1 10 anos de servi\u00e7os prestados ao clube. Ao todos, j\u00e1 s\u00e3o 15 t\u00edtulos conquistados com a camisa do Internacional em 389 partidas. Ele tamb\u00e9m \u00e9 o defensor que fez mais gols na hist\u00f3ria do clube: 33.<\/p>\n<p>Al\u00e9m de \u00cdndio, o Inter tamb\u00e9m j\u00e1 assegurou a perman\u00eancia de outro zagueiro: Juan. Ex-jogador da Sele\u00e7\u00e3o Brasileira, o camisa 4 assinou um novo contrato at\u00e9 dezembro de 2015.<\/p><\/blockquote>\n<p>Na semana passada, o Colorado comprou os direitos econ\u00f4micos do meia chileno Ar\u00e1nguiz, que disputa a Copa do Mundo com a sele\u00e7\u00e3o de seu pa\u00eds e tem sido destaque.<\/p>\n","protected":false},"excerpt":{"rendered":"<p>Multicampe\u00e3o pelo Internacional, sendo o \u00fanico remanescente do plantel que conquistou o Mundial em 2006, o zagueiro \u00cdndio renovou seu contrato com o clube por mais seis meses. A expectativa \u00e9 a de que, ao fim do v\u00ednculo, o jogador encerre sua carreira em uma grande festa no Beira-Rio. Para garantir sua perman\u00eancia no Colorado, [&hellip;]<\/p>\n","protected":false},"author":2,"featured_media":14393,"comment_status":"open","ping_status":"closed","sticky":false,"template":"","format":"standard","meta":{"_acf_changed":false,"footnotes":""},"categories":[19,29],"tags":[],"class_list":["post-14392","post","type-post","status-publish","format-standard","has-post-thumbnail","hentry","category-esportes","category-futebol"],"acf":[],"yoast_head":"<!-- This site is optimized with the Yoast SEO plugin v27.2 - https:\/\/yoast.com\/product\/yoast-seo-wordpress\/ -->\n<title>Inter renova contrato do zagueiro \u00cdndio por mais seis meses - Notibras<\/title>\n<meta name=\"robots\" content=\"index, follow, max-snippet:-1, max-image-preview:large, max-video-preview:-1\" \/>\n<link rel=\"canonical\" href=\"https:\/\/www.notibras.com\/site\/inter-renova-contrato-do-zagueiro-indio-por-mais-seis-meses\/\" \/>\n<meta property=\"og:locale\" content=\"pt_BR\" \/>\n<meta property=\"og:type\" content=\"article\" \/>\n<meta property=\"og:title\" content=\"Inter renova contrato do zagueiro \u00cdndio por mais seis meses - Notibras\" \/>\n<meta property=\"og:description\" content=\"Multicampe\u00e3o pelo Internacional, sendo o \u00fanico remanescente do plantel que conquistou o Mundial em 2006, o zagueiro \u00cdndio renovou seu contrato com o clube por mais seis meses. A expectativa \u00e9 a de que, ao fim do v\u00ednculo, o jogador encerre sua carreira em uma grande festa no Beira-Rio. Para garantir sua perman\u00eancia no Colorado, [&hellip;]\" \/>\n<meta property=\"og:url\" content=\"https:\/\/www.notibras.com\/site\/inter-renova-contrato-do-zagueiro-indio-por-mais-seis-meses\/\" \/>\n<meta property=\"og:site_name\" content=\"Notibras\" \/>\n<meta property=\"article:publisher\" content=\"https:\/\/www.facebook.com\/notibras\/\" \/>\n<meta property=\"article:published_time\" content=\"2014-06-25T08:19:44+00:00\" \/>\n<meta property=\"article:modified_time\" content=\"2014-06-25T10:20:56+00:00\" \/>\n<meta property=\"og:image\" content=\"https:\/\/www.notibras.com\/site\/wp-content\/uploads\/2014\/06\/indio-FotoJefferson-BernardesVIPCOMM_LANIMA20110824_0012_26.jpg\" \/>\n\t<meta property=\"og:image:width\" content=\"650\" \/>\n\t<meta property=\"og:image:height\" content=\"433\" \/>\n\t<meta property=\"og:image:type\" content=\"image\/jpeg\" \/>\n<meta name=\"author\" content=\"Reda\u00e7\u00e3o\" \/>\n<meta name=\"twitter:card\" content=\"summary_large_image\" \/>\n<meta name=\"twitter:creator\" content=\"@Notibras\" \/>\n<meta name=\"twitter:site\" content=\"@Notibras\" \/>\n<meta name=\"twitter:label1\" content=\"Escrito por\" \/>\n\t<meta name=\"twitter:data1\" content=\"Reda\u00e7\u00e3o\" \/>\n\t<meta name=\"twitter:label2\" content=\"Est. tempo de leitura\" \/>\n\t<meta name=\"twitter:data2\" content=\"1 minuto\" \/>\n<script type=\"application\/ld+json\" class=\"yoast-schema-graph\">{\"@context\":\"https:\/\/schema.org\",\"@graph\":[{\"@type\":\"Article\",\"@id\":\"https:\/\/www.notibras.com\/site\/inter-renova-contrato-do-zagueiro-indio-por-mais-seis-meses\/#article\",\"isPartOf\":{\"@id\":\"https:\/\/www.notibras.com\/site\/inter-renova-contrato-do-zagueiro-indio-por-mais-seis-meses\/\"},\"author\":{\"name\":\"Reda\u00e7\u00e3o\",\"@id\":\"https:\/\/www.notibras.com\/site\/#\/schema\/person\/36ab0979449956132d3e5b517ea76ac8\"},\"headline\":\"Inter renova contrato do zagueiro \u00cdndio por mais seis meses\",\"datePublished\":\"2014-06-25T08:19:44+00:00\",\"dateModified\":\"2014-06-25T10:20:56+00:00\",\"mainEntityOfPage\":{\"@id\":\"https:\/\/www.notibras.com\/site\/inter-renova-contrato-do-zagueiro-indio-por-mais-seis-meses\/\"},\"wordCount\":193,\"commentCount\":0,\"publisher\":{\"@id\":\"https:\/\/www.notibras.com\/site\/#organization\"},\"image\":{\"@id\":\"https:\/\/www.notibras.com\/site\/inter-renova-contrato-do-zagueiro-indio-por-mais-seis-meses\/#primaryimage\"},\"thumbnailUrl\":\"https:\/\/www.notibras.com\/site\/wp-content\/uploads\/2014\/06\/indio-FotoJefferson-BernardesVIPCOMM_LANIMA20110824_0012_26.jpg\",\"articleSection\":[\"Esportes\",\"Futebol\"],\"inLanguage\":\"pt-BR\",\"potentialAction\":[{\"@type\":\"CommentAction\",\"name\":\"Comment\",\"target\":[\"https:\/\/www.notibras.com\/site\/inter-renova-contrato-do-zagueiro-indio-por-mais-seis-meses\/#respond\"]}]},{\"@type\":\"WebPage\",\"@id\":\"https:\/\/www.notibras.com\/site\/inter-renova-contrato-do-zagueiro-indio-por-mais-seis-meses\/\",\"url\":\"https:\/\/www.notibras.com\/site\/inter-renova-contrato-do-zagueiro-indio-por-mais-seis-meses\/\",\"name\":\"Inter renova contrato do zagueiro \u00cdndio por mais seis meses - Notibras\",\"isPartOf\":{\"@id\":\"https:\/\/www.notibras.com\/site\/#website\"},\"primaryImageOfPage\":{\"@id\":\"https:\/\/www.notibras.com\/site\/inter-renova-contrato-do-zagueiro-indio-por-mais-seis-meses\/#primaryimage\"},\"image\":{\"@id\":\"https:\/\/www.notibras.com\/site\/inter-renova-contrato-do-zagueiro-indio-por-mais-seis-meses\/#primaryimage\"},\"thumbnailUrl\":\"https:\/\/www.notibras.com\/site\/wp-content\/uploads\/2014\/06\/indio-FotoJefferson-BernardesVIPCOMM_LANIMA20110824_0012_26.jpg\",\"datePublished\":\"2014-06-25T08:19:44+00:00\",\"dateModified\":\"2014-06-25T10:20:56+00:00\",\"breadcrumb\":{\"@id\":\"https:\/\/www.notibras.com\/site\/inter-renova-contrato-do-zagueiro-indio-por-mais-seis-meses\/#breadcrumb\"},\"inLanguage\":\"pt-BR\",\"potentialAction\":[{\"@type\":\"ReadAction\",\"target\":[\"https:\/\/www.notibras.com\/site\/inter-renova-contrato-do-zagueiro-indio-por-mais-seis-meses\/\"]}]},{\"@type\":\"ImageObject\",\"inLanguage\":\"pt-BR\",\"@id\":\"https:\/\/www.notibras.com\/site\/inter-renova-contrato-do-zagueiro-indio-por-mais-seis-meses\/#primaryimage\",\"url\":\"https:\/\/www.notibras.com\/site\/wp-content\/uploads\/2014\/06\/indio-FotoJefferson-BernardesVIPCOMM_LANIMA20110824_0012_26.jpg\",\"contentUrl\":\"https:\/\/www.notibras.com\/site\/wp-content\/uploads\/2014\/06\/indio-FotoJefferson-BernardesVIPCOMM_LANIMA20110824_0012_26.jpg\",\"width\":650,\"height\":433},{\"@type\":\"BreadcrumbList\",\"@id\":\"https:\/\/www.notibras.com\/site\/inter-renova-contrato-do-zagueiro-indio-por-mais-seis-meses\/#breadcrumb\",\"itemListElement\":[{\"@type\":\"ListItem\",\"position\":1,\"name\":\"In\u00edcio\",\"item\":\"https:\/\/www.notibras.com\/site\/\"},{\"@type\":\"ListItem\",\"position\":2,\"name\":\"Inter renova contrato do zagueiro \u00cdndio por mais seis meses\"}]},{\"@type\":\"WebSite\",\"@id\":\"https:\/\/www.notibras.com\/site\/#website\",\"url\":\"https:\/\/www.notibras.com\/site\/\",\"name\":\"Notibras\",\"description\":\"Not\u00edcias de Bras\u00edlia, do Brasil e do Mundo\",\"publisher\":{\"@id\":\"https:\/\/www.notibras.com\/site\/#organization\"},\"potentialAction\":[{\"@type\":\"SearchAction\",\"target\":{\"@type\":\"EntryPoint\",\"urlTemplate\":\"https:\/\/www.notibras.com\/site\/?s={search_term_string}\"},\"query-input\":{\"@type\":\"PropertyValueSpecification\",\"valueRequired\":true,\"valueName\":\"search_term_string\"}}],\"inLanguage\":\"pt-BR\"},{\"@type\":\"Organization\",\"@id\":\"https:\/\/www.notibras.com\/site\/#organization\",\"name\":\"Grupo Notibras de Comunica\u00e7\u00e3o\",\"url\":\"https:\/\/www.notibras.com\/site\/\",\"logo\":{\"@type\":\"ImageObject\",\"inLanguage\":\"pt-BR\",\"@id\":\"https:\/\/www.notibras.com\/site\/#\/schema\/logo\/image\/\",\"url\":\"https:\/\/www.notibras.com\/site\/wp-content\/uploads\/2023\/01\/notibras23.png\",\"contentUrl\":\"https:\/\/www.notibras.com\/site\/wp-content\/uploads\/2023\/01\/notibras23.png\",\"width\":350,\"height\":87,\"caption\":\"Grupo Notibras de Comunica\u00e7\u00e3o\"},\"image\":{\"@id\":\"https:\/\/www.notibras.com\/site\/#\/schema\/logo\/image\/\"},\"sameAs\":[\"https:\/\/www.facebook.com\/notibras\/\",\"https:\/\/x.com\/Notibras\",\"https:\/\/www.instagram.com\/notibras\/\"]},{\"@type\":\"Person\",\"@id\":\"https:\/\/www.notibras.com\/site\/#\/schema\/person\/36ab0979449956132d3e5b517ea76ac8\",\"name\":\"Reda\u00e7\u00e3o\",\"image\":{\"@type\":\"ImageObject\",\"inLanguage\":\"pt-BR\",\"@id\":\"https:\/\/secure.gravatar.com\/avatar\/e0a867bdedb85fd243eadf09663511f96fc81e0720a4a42581f334ad4303aa6b?s=96&d=mm&r=g\",\"url\":\"https:\/\/secure.gravatar.com\/avatar\/e0a867bdedb85fd243eadf09663511f96fc81e0720a4a42581f334ad4303aa6b?s=96&d=mm&r=g\",\"contentUrl\":\"https:\/\/secure.gravatar.com\/avatar\/e0a867bdedb85fd243eadf09663511f96fc81e0720a4a42581f334ad4303aa6b?s=96&d=mm&r=g\",\"caption\":\"Reda\u00e7\u00e3o\"}}]}<\/script>\n<!-- \/ Yoast SEO plugin. -->","yoast_head_json":{"title":"Inter renova contrato do zagueiro \u00cdndio por mais seis meses - Notibras","robots":{"index":"index","follow":"follow","max-snippet":"max-snippet:-1","max-image-preview":"max-image-preview:large","max-video-preview":"max-video-preview:-1"},"canonical":"https:\/\/www.notibras.com\/site\/inter-renova-contrato-do-zagueiro-indio-por-mais-seis-meses\/","og_locale":"pt_BR","og_type":"article","og_title":"Inter renova contrato do zagueiro \u00cdndio por mais seis meses - Notibras","og_description":"Multicampe\u00e3o pelo Internacional, sendo o \u00fanico remanescente do plantel que conquistou o Mundial em 2006, o zagueiro \u00cdndio renovou seu contrato com o clube por mais seis meses. A expectativa \u00e9 a de que, ao fim do v\u00ednculo, o jogador encerre sua carreira em uma grande festa no Beira-Rio. Para garantir sua perman\u00eancia no Colorado, [&hellip;]","og_url":"https:\/\/www.notibras.com\/site\/inter-renova-contrato-do-zagueiro-indio-por-mais-seis-meses\/","og_site_name":"Notibras","article_publisher":"https:\/\/www.facebook.com\/notibras\/","article_published_time":"2014-06-25T08:19:44+00:00","article_modified_time":"2014-06-25T10:20:56+00:00","og_image":[{"width":650,"height":433,"url":"https:\/\/www.notibras.com\/site\/wp-content\/uploads\/2014\/06\/indio-FotoJefferson-BernardesVIPCOMM_LANIMA20110824_0012_26.jpg","type":"image\/jpeg"}],"author":"Reda\u00e7\u00e3o","twitter_card":"summary_large_image","twitter_creator":"@Notibras","twitter_site":"@Notibras","twitter_misc":{"Escrito por":"Reda\u00e7\u00e3o","Est. tempo de leitura":"1 minuto"},"schema":{"@context":"https:\/\/schema.org","@graph":[{"@type":"Article","@id":"https:\/\/www.notibras.com\/site\/inter-renova-contrato-do-zagueiro-indio-por-mais-seis-meses\/#article","isPartOf":{"@id":"https:\/\/www.notibras.com\/site\/inter-renova-contrato-do-zagueiro-indio-por-mais-seis-meses\/"},"author":{"name":"Reda\u00e7\u00e3o","@id":"https:\/\/www.notibras.com\/site\/#\/schema\/person\/36ab0979449956132d3e5b517ea76ac8"},"headline":"Inter renova contrato do zagueiro \u00cdndio por mais seis meses","datePublished":"2014-06-25T08:19:44+00:00","dateModified":"2014-06-25T10:20:56+00:00","mainEntityOfPage":{"@id":"https:\/\/www.notibras.com\/site\/inter-renova-contrato-do-zagueiro-indio-por-mais-seis-meses\/"},"wordCount":193,"commentCount":0,"publisher":{"@id":"https:\/\/www.notibras.com\/site\/#organization"},"image":{"@id":"https:\/\/www.notibras.com\/site\/inter-renova-contrato-do-zagueiro-indio-por-mais-seis-meses\/#primaryimage"},"thumbnailUrl":"https:\/\/www.notibras.com\/site\/wp-content\/uploads\/2014\/06\/indio-FotoJefferson-BernardesVIPCOMM_LANIMA20110824_0012_26.jpg","articleSection":["Esportes","Futebol"],"inLanguage":"pt-BR","potentialAction":[{"@type":"CommentAction","name":"Comment","target":["https:\/\/www.notibras.com\/site\/inter-renova-contrato-do-zagueiro-indio-por-mais-seis-meses\/#respond"]}]},{"@type":"WebPage","@id":"https:\/\/www.notibras.com\/site\/inter-renova-contrato-do-zagueiro-indio-por-mais-seis-meses\/","url":"https:\/\/www.notibras.com\/site\/inter-renova-contrato-do-zagueiro-indio-por-mais-seis-meses\/","name":"Inter renova contrato do zagueiro \u00cdndio por mais seis meses - Notibras","isPartOf":{"@id":"https:\/\/www.notibras.com\/site\/#website"},"primaryImageOfPage":{"@id":"https:\/\/www.notibras.com\/site\/inter-renova-contrato-do-zagueiro-indio-por-mais-seis-meses\/#primaryimage"},"image":{"@id":"https:\/\/www.notibras.com\/site\/inter-renova-contrato-do-zagueiro-indio-por-mais-seis-meses\/#primaryimage"},"thumbnailUrl":"https:\/\/www.notibras.com\/site\/wp-content\/uploads\/2014\/06\/indio-FotoJefferson-BernardesVIPCOMM_LANIMA20110824_0012_26.jpg","datePublished":"2014-06-25T08:19:44+00:00","dateModified":"2014-06-25T10:20:56+00:00","breadcrumb":{"@id":"https:\/\/www.notibras.com\/site\/inter-renova-contrato-do-zagueiro-indio-por-mais-seis-meses\/#breadcrumb"},"inLanguage":"pt-BR","potentialAction":[{"@type":"ReadAction","target":["https:\/\/www.notibras.com\/site\/inter-renova-contrato-do-zagueiro-indio-por-mais-seis-meses\/"]}]},{"@type":"ImageObject","inLanguage":"pt-BR","@id":"https:\/\/www.notibras.com\/site\/inter-renova-contrato-do-zagueiro-indio-por-mais-seis-meses\/#primaryimage","url":"https:\/\/www.notibras.com\/site\/wp-content\/uploads\/2014\/06\/indio-FotoJefferson-BernardesVIPCOMM_LANIMA20110824_0012_26.jpg","contentUrl":"https:\/\/www.notibras.com\/site\/wp-content\/uploads\/2014\/06\/indio-FotoJefferson-BernardesVIPCOMM_LANIMA20110824_0012_26.jpg","width":650,"height":433},{"@type":"BreadcrumbList","@id":"https:\/\/www.notibras.com\/site\/inter-renova-contrato-do-zagueiro-indio-por-mais-seis-meses\/#breadcrumb","itemListElement":[{"@type":"ListItem","position":1,"name":"In\u00edcio","item":"https:\/\/www.notibras.com\/site\/"},{"@type":"ListItem","position":2,"name":"Inter renova contrato do zagueiro \u00cdndio por mais seis meses"}]},{"@type":"WebSite","@id":"https:\/\/www.notibras.com\/site\/#website","url":"https:\/\/www.notibras.com\/site\/","name":"Notibras","description":"Not\u00edcias de Bras\u00edlia, do Brasil e do Mundo","publisher":{"@id":"https:\/\/www.notibras.com\/site\/#organization"},"potentialAction":[{"@type":"SearchAction","target":{"@type":"EntryPoint","urlTemplate":"https:\/\/www.notibras.com\/site\/?s={search_term_string}"},"query-input":{"@type":"PropertyValueSpecification","valueRequired":true,"valueName":"search_term_string"}}],"inLanguage":"pt-BR"},{"@type":"Organization","@id":"https:\/\/www.notibras.com\/site\/#organization","name":"Grupo Notibras de Comunica\u00e7\u00e3o","url":"https:\/\/www.notibras.com\/site\/","logo":{"@type":"ImageObject","inLanguage":"pt-BR","@id":"https:\/\/www.notibras.com\/site\/#\/schema\/logo\/image\/","url":"https:\/\/www.notibras.com\/site\/wp-content\/uploads\/2023\/01\/notibras23.png","contentUrl":"https:\/\/www.notibras.com\/site\/wp-content\/uploads\/2023\/01\/notibras23.png","width":350,"height":87,"caption":"Grupo Notibras de Comunica\u00e7\u00e3o"},"image":{"@id":"https:\/\/www.notibras.com\/site\/#\/schema\/logo\/image\/"},"sameAs":["https:\/\/www.facebook.com\/notibras\/","https:\/\/x.com\/Notibras","https:\/\/www.instagram.com\/notibras\/"]},{"@type":"Person","@id":"https:\/\/www.notibras.com\/site\/#\/schema\/person\/36ab0979449956132d3e5b517ea76ac8","name":"Reda\u00e7\u00e3o","image":{"@type":"ImageObject","inLanguage":"pt-BR","@id":"https:\/\/secure.gravatar.com\/avatar\/e0a867bdedb85fd243eadf09663511f96fc81e0720a4a42581f334ad4303aa6b?s=96&d=mm&r=g","url":"https:\/\/secure.gravatar.com\/avatar\/e0a867bdedb85fd243eadf09663511f96fc81e0720a4a42581f334ad4303aa6b?s=96&d=mm&r=g","contentUrl":"https:\/\/secure.gravatar.com\/avatar\/e0a867bdedb85fd243eadf09663511f96fc81e0720a4a42581f334ad4303aa6b?s=96&d=mm&r=g","caption":"Reda\u00e7\u00e3o"}}]}},"amp_enabled":true,"_links":{"self":[{"href":"https:\/\/www.notibras.com\/site\/wp-json\/wp\/v2\/posts\/14392","targetHints":{"allow":["GET"]}}],"collection":[{"href":"https:\/\/www.notibras.com\/site\/wp-json\/wp\/v2\/posts"}],"about":[{"href":"https:\/\/www.notibras.com\/site\/wp-json\/wp\/v2\/types\/post"}],"author":[{"embeddable":true,"href":"https:\/\/www.notibras.com\/site\/wp-json\/wp\/v2\/users\/2"}],"replies":[{"embeddable":true,"href":"https:\/\/www.notibras.com\/site\/wp-json\/wp\/v2\/comments?post=14392"}],"version-history":[{"count":0,"href":"https:\/\/www.notibras.com\/site\/wp-json\/wp\/v2\/posts\/14392\/revisions"}],"wp:featuredmedia":[{"embeddable":true,"href":"https:\/\/www.notibras.com\/site\/wp-json\/wp\/v2\/media\/14393"}],"wp:attachment":[{"href":"https:\/\/www.notibras.com\/site\/wp-json\/wp\/v2\/media?parent=14392"}],"wp:term":[{"taxonomy":"category","embeddable":true,"href":"https:\/\/www.notibras.com\/site\/wp-json\/wp\/v2\/categories?post=14392"},{"taxonomy":"post_tag","embeddable":true,"href":"https:\/\/www.notibras.com\/site\/wp-json\/wp\/v2\/tags?post=14392"}],"curies":[{"name":"wp","href":"https:\/\/api.w.org\/{rel}","templated":true}]}}