{"id":14461,"date":"2014-06-26T07:58:37","date_gmt":"2014-06-26T10:58:37","guid":{"rendered":"http:\/\/www.notibras.com\/site\/?p=14461"},"modified":"2014-06-26T07:58:37","modified_gmt":"2014-06-26T10:58:37","slug":"congresso-vai-em-banho-maria-ate-novembro-chegar","status":"publish","type":"post","link":"https:\/\/www.notibras.com\/site\/congresso-vai-em-banho-maria-ate-novembro-chegar\/","title":{"rendered":"Congresso vai em banho-maria, at\u00e9 novembro chegar"},"content":{"rendered":"<p>Depois de liberados das atividades legislativas no decorrer de Junho, para participa\u00e7\u00e3o das conven\u00e7\u00f5es partid\u00e1rias, assistirem aos jogos da Copa e marcarem presen\u00e7a\u00a0 nas festas juninas, deputados e senadores prometem voltar ao trabalho a pleno vapor na pr\u00f3xima ter\u00e7a-feira, dia 1\u00b0 de julho.<\/p>\n<p>Esse\u00a0 vapor, por\u00e9m, ter\u00e1 a dura\u00e7\u00e3o de apenas as tr\u00eas pr\u00f3ximas semanas, j\u00e1 que no dia 18 come\u00e7a o recesso parlamentar do meio do ano, que se estender\u00e1 at\u00e9 dia\u00a0 31. Em agosto e setembro, os parlamentares v\u00e3o estar nas ruas em busca de votos para suas reelei\u00e7\u00f5es e das vit\u00f3rias dos seus candidatos \u00e0 Presid\u00eancia da Rep\u00fablica e governos estaduais.<\/p>\n<blockquote><p>Retorno ao trabalho legislativo para valer mesmo somente nos primeiros dias de novembro, j\u00e1 que o segundo turno das elei\u00e7\u00f5es para os cargos executivos foi marcado para o dia 25 de outubro.<\/p><\/blockquote>\n<p>A expectativa no Congresso Nacional \u00e9 que por volta de 60% dos atuais 513 deputados federais n\u00e3o ser\u00e3o reeleitos, por conta do fato da imagem do Poder Legislativo se encontrar no fundo do po\u00e7o.<\/p>\n<p>Projetos importantes para serem votados na C\u00e2mara e no Senado \u00e9 o que n\u00e3o faltam. Dormem h\u00e1 tempos nas gavetas de suas excel\u00eancias parlamentares. A inclus\u00e3o deles nas pautas de vota\u00e7\u00f5es depende de acordo entre os presidentes das duas Casas do Congresso Nacional e os lideres partid\u00e1rios, sempre em conson\u00e2ncia com os interesses do Pal\u00e1cio do Planalto e da press\u00e3o da sociedade.<\/p>\n<p>Um problema, contudo, tem de ser resolvido logo no reinicio dos trabalhos legislativos. \u00c9 a obstru\u00e7\u00e3o anunciada por 10 partidos: exigindo que a presidente Dilma Rousseff volte atr\u00e1s no seu decreto que cria uma superestrutura de conselhos populares no \u00e2mbito do governo federal. Os partidos alegam que esse decreto representa um atropelamento ao Congresso Nacional. Seria a implanta\u00e7\u00e3o de um modelo pol\u00edtico que \u00e9 usado em Cuba e na Venezuela.<\/p>\n<p>Resolvido esse imbl\u00f3glio, os deputados e senadores v\u00e3o ter pela frente uma forte press\u00e3o dos prefeitos de todo o pa\u00eds, que t\u00eam vozes destacadas nas campanhas eleitorais. Eles querem a vota\u00e7\u00e3o da PEC que eleva de 23,5% para 25,5% os repasses do Fundo de Participa\u00e7\u00e3o dos Munic\u00edpios (FPM). Isso representar\u00e1 um refor\u00e7o de cerca de R$ 7 bilh\u00f5es para os caixas das prefeituras de todo o pais. Um dinheiro que vir\u00e1 em boa hora, no momento em que a maioria das prefeituras do Brasil se encontra em situa\u00e7\u00e3o pr\u00e9-falimentar, principalmente as do Norte e Nordeste.<\/p>\n<p>Os parlamentares ter\u00e3o ainda de votar \u00e1 Lei de Diretrizes Or\u00e7ament\u00e1rias para o exerc\u00edcio de 2015. Sem essa vota\u00e7\u00e3o, os parlamentares estar\u00e3o impedidos de entrarem em f\u00e9rias, segundo manda a Constitui\u00e7\u00e3o.<\/p>\n<p><strong>Cl\u00e1udio Coletti<\/strong><\/p>\n","protected":false},"excerpt":{"rendered":"<p>Depois de liberados das atividades legislativas no decorrer de Junho, para participa\u00e7\u00e3o das conven\u00e7\u00f5es partid\u00e1rias, assistirem aos jogos da Copa e marcarem presen\u00e7a\u00a0 nas festas juninas, deputados e senadores prometem voltar ao trabalho a pleno vapor na pr\u00f3xima ter\u00e7a-feira, dia 1\u00b0 de julho. Esse\u00a0 vapor, por\u00e9m, ter\u00e1 a dura\u00e7\u00e3o de apenas as tr\u00eas pr\u00f3ximas semanas, [&hellip;]<\/p>\n","protected":false},"author":2,"featured_media":14462,"comment_status":"open","ping_status":"closed","sticky":false,"template":"","format":"standard","meta":{"_acf_changed":false,"footnotes":""},"categories":[25],"tags":[],"class_list":["post-14461","post","type-post","status-publish","format-standard","has-post-thumbnail","hentry","category-opina-ai"],"acf":[],"yoast_head":"<!-- This site is optimized with the Yoast SEO plugin v27.5 - https:\/\/yoast.com\/product\/yoast-seo-wordpress\/ -->\n<title>Congresso vai em banho-maria, at\u00e9 novembro chegar - Notibras<\/title>\n<meta name=\"robots\" content=\"index, follow, max-snippet:-1, max-image-preview:large, max-video-preview:-1\" \/>\n<link rel=\"canonical\" href=\"https:\/\/www.notibras.com\/site\/congresso-vai-em-banho-maria-ate-novembro-chegar\/\" \/>\n<meta property=\"og:locale\" content=\"pt_BR\" \/>\n<meta property=\"og:type\" content=\"article\" \/>\n<meta property=\"og:title\" content=\"Congresso vai em banho-maria, at\u00e9 novembro chegar - Notibras\" \/>\n<meta property=\"og:description\" content=\"Depois de liberados das atividades legislativas no decorrer de Junho, para participa\u00e7\u00e3o das conven\u00e7\u00f5es partid\u00e1rias, assistirem aos jogos da Copa e marcarem presen\u00e7a\u00a0 nas festas juninas, deputados e senadores prometem voltar ao trabalho a pleno vapor na pr\u00f3xima ter\u00e7a-feira, dia 1\u00b0 de julho. Esse\u00a0 vapor, por\u00e9m, ter\u00e1 a dura\u00e7\u00e3o de apenas as tr\u00eas pr\u00f3ximas semanas, [&hellip;]\" \/>\n<meta property=\"og:url\" content=\"https:\/\/www.notibras.com\/site\/congresso-vai-em-banho-maria-ate-novembro-chegar\/\" \/>\n<meta property=\"og:site_name\" content=\"Notibras\" \/>\n<meta property=\"article:publisher\" content=\"https:\/\/www.facebook.com\/notibras\/\" \/>\n<meta property=\"article:published_time\" content=\"2014-06-26T10:58:37+00:00\" \/>\n<meta property=\"og:image\" content=\"https:\/\/www.notibras.com\/site\/wp-content\/uploads\/2014\/06\/Rodolfo-Stuckert-2.jpg\" \/>\n\t<meta property=\"og:image:width\" content=\"640\" \/>\n\t<meta property=\"og:image:height\" content=\"426\" \/>\n\t<meta property=\"og:image:type\" content=\"image\/jpeg\" \/>\n<meta name=\"author\" content=\"Reda\u00e7\u00e3o\" \/>\n<meta name=\"twitter:card\" content=\"summary_large_image\" \/>\n<meta name=\"twitter:creator\" content=\"@Notibras\" \/>\n<meta name=\"twitter:site\" content=\"@Notibras\" \/>\n<meta name=\"twitter:label1\" content=\"Escrito por\" \/>\n\t<meta name=\"twitter:data1\" content=\"Reda\u00e7\u00e3o\" \/>\n\t<meta name=\"twitter:label2\" content=\"Est. tempo de leitura\" \/>\n\t<meta name=\"twitter:data2\" content=\"2 minutos\" \/>\n<script type=\"application\/ld+json\" class=\"yoast-schema-graph\">{\"@context\":\"https:\\\/\\\/schema.org\",\"@graph\":[{\"@type\":\"Article\",\"@id\":\"https:\\\/\\\/www.notibras.com\\\/site\\\/congresso-vai-em-banho-maria-ate-novembro-chegar\\\/#article\",\"isPartOf\":{\"@id\":\"https:\\\/\\\/www.notibras.com\\\/site\\\/congresso-vai-em-banho-maria-ate-novembro-chegar\\\/\"},\"author\":{\"name\":\"Reda\u00e7\u00e3o\",\"@id\":\"https:\\\/\\\/www.notibras.com\\\/site\\\/#\\\/schema\\\/person\\\/36ab0979449956132d3e5b517ea76ac8\"},\"headline\":\"Congresso vai em banho-maria, at\u00e9 novembro chegar\",\"datePublished\":\"2014-06-26T10:58:37+00:00\",\"mainEntityOfPage\":{\"@id\":\"https:\\\/\\\/www.notibras.com\\\/site\\\/congresso-vai-em-banho-maria-ate-novembro-chegar\\\/\"},\"wordCount\":474,\"commentCount\":0,\"publisher\":{\"@id\":\"https:\\\/\\\/www.notibras.com\\\/site\\\/#organization\"},\"image\":{\"@id\":\"https:\\\/\\\/www.notibras.com\\\/site\\\/congresso-vai-em-banho-maria-ate-novembro-chegar\\\/#primaryimage\"},\"thumbnailUrl\":\"https:\\\/\\\/www.notibras.com\\\/site\\\/wp-content\\\/uploads\\\/2014\\\/06\\\/Rodolfo-Stuckert-2.jpg\",\"articleSection\":[\"Opina a\u00ed\"],\"inLanguage\":\"pt-BR\",\"potentialAction\":[{\"@type\":\"CommentAction\",\"name\":\"Comment\",\"target\":[\"https:\\\/\\\/www.notibras.com\\\/site\\\/congresso-vai-em-banho-maria-ate-novembro-chegar\\\/#respond\"]}]},{\"@type\":\"WebPage\",\"@id\":\"https:\\\/\\\/www.notibras.com\\\/site\\\/congresso-vai-em-banho-maria-ate-novembro-chegar\\\/\",\"url\":\"https:\\\/\\\/www.notibras.com\\\/site\\\/congresso-vai-em-banho-maria-ate-novembro-chegar\\\/\",\"name\":\"Congresso vai em banho-maria, at\u00e9 novembro chegar - Notibras\",\"isPartOf\":{\"@id\":\"https:\\\/\\\/www.notibras.com\\\/site\\\/#website\"},\"primaryImageOfPage\":{\"@id\":\"https:\\\/\\\/www.notibras.com\\\/site\\\/congresso-vai-em-banho-maria-ate-novembro-chegar\\\/#primaryimage\"},\"image\":{\"@id\":\"https:\\\/\\\/www.notibras.com\\\/site\\\/congresso-vai-em-banho-maria-ate-novembro-chegar\\\/#primaryimage\"},\"thumbnailUrl\":\"https:\\\/\\\/www.notibras.com\\\/site\\\/wp-content\\\/uploads\\\/2014\\\/06\\\/Rodolfo-Stuckert-2.jpg\",\"datePublished\":\"2014-06-26T10:58:37+00:00\",\"breadcrumb\":{\"@id\":\"https:\\\/\\\/www.notibras.com\\\/site\\\/congresso-vai-em-banho-maria-ate-novembro-chegar\\\/#breadcrumb\"},\"inLanguage\":\"pt-BR\",\"potentialAction\":[{\"@type\":\"ReadAction\",\"target\":[\"https:\\\/\\\/www.notibras.com\\\/site\\\/congresso-vai-em-banho-maria-ate-novembro-chegar\\\/\"]}]},{\"@type\":\"ImageObject\",\"inLanguage\":\"pt-BR\",\"@id\":\"https:\\\/\\\/www.notibras.com\\\/site\\\/congresso-vai-em-banho-maria-ate-novembro-chegar\\\/#primaryimage\",\"url\":\"https:\\\/\\\/www.notibras.com\\\/site\\\/wp-content\\\/uploads\\\/2014\\\/06\\\/Rodolfo-Stuckert-2.jpg\",\"contentUrl\":\"https:\\\/\\\/www.notibras.com\\\/site\\\/wp-content\\\/uploads\\\/2014\\\/06\\\/Rodolfo-Stuckert-2.jpg\",\"width\":640,\"height\":426},{\"@type\":\"BreadcrumbList\",\"@id\":\"https:\\\/\\\/www.notibras.com\\\/site\\\/congresso-vai-em-banho-maria-ate-novembro-chegar\\\/#breadcrumb\",\"itemListElement\":[{\"@type\":\"ListItem\",\"position\":1,\"name\":\"In\u00edcio\",\"item\":\"https:\\\/\\\/www.notibras.com\\\/site\\\/\"},{\"@type\":\"ListItem\",\"position\":2,\"name\":\"Congresso vai em banho-maria, at\u00e9 novembro chegar\"}]},{\"@type\":\"WebSite\",\"@id\":\"https:\\\/\\\/www.notibras.com\\\/site\\\/#website\",\"url\":\"https:\\\/\\\/www.notibras.com\\\/site\\\/\",\"name\":\"Notibras\",\"description\":\"Not\u00edcias de Bras\u00edlia, do Brasil e do Mundo\",\"publisher\":{\"@id\":\"https:\\\/\\\/www.notibras.com\\\/site\\\/#organization\"},\"potentialAction\":[{\"@type\":\"SearchAction\",\"target\":{\"@type\":\"EntryPoint\",\"urlTemplate\":\"https:\\\/\\\/www.notibras.com\\\/site\\\/?s={search_term_string}\"},\"query-input\":{\"@type\":\"PropertyValueSpecification\",\"valueRequired\":true,\"valueName\":\"search_term_string\"}}],\"inLanguage\":\"pt-BR\"},{\"@type\":\"Organization\",\"@id\":\"https:\\\/\\\/www.notibras.com\\\/site\\\/#organization\",\"name\":\"Grupo Notibras de Comunica\u00e7\u00e3o\",\"url\":\"https:\\\/\\\/www.notibras.com\\\/site\\\/\",\"logo\":{\"@type\":\"ImageObject\",\"inLanguage\":\"pt-BR\",\"@id\":\"https:\\\/\\\/www.notibras.com\\\/site\\\/#\\\/schema\\\/logo\\\/image\\\/\",\"url\":\"https:\\\/\\\/www.notibras.com\\\/site\\\/wp-content\\\/uploads\\\/2023\\\/01\\\/notibras23.png\",\"contentUrl\":\"https:\\\/\\\/www.notibras.com\\\/site\\\/wp-content\\\/uploads\\\/2023\\\/01\\\/notibras23.png\",\"width\":350,\"height\":87,\"caption\":\"Grupo Notibras de Comunica\u00e7\u00e3o\"},\"image\":{\"@id\":\"https:\\\/\\\/www.notibras.com\\\/site\\\/#\\\/schema\\\/logo\\\/image\\\/\"},\"sameAs\":[\"https:\\\/\\\/www.facebook.com\\\/notibras\\\/\",\"https:\\\/\\\/x.com\\\/Notibras\",\"https:\\\/\\\/www.instagram.com\\\/notibras\\\/\"]},{\"@type\":\"Person\",\"@id\":\"https:\\\/\\\/www.notibras.com\\\/site\\\/#\\\/schema\\\/person\\\/36ab0979449956132d3e5b517ea76ac8\",\"name\":\"Reda\u00e7\u00e3o\",\"image\":{\"@type\":\"ImageObject\",\"inLanguage\":\"pt-BR\",\"@id\":\"https:\\\/\\\/secure.gravatar.com\\\/avatar\\\/e0a867bdedb85fd243eadf09663511f96fc81e0720a4a42581f334ad4303aa6b?s=96&d=mm&r=g\",\"url\":\"https:\\\/\\\/secure.gravatar.com\\\/avatar\\\/e0a867bdedb85fd243eadf09663511f96fc81e0720a4a42581f334ad4303aa6b?s=96&d=mm&r=g\",\"contentUrl\":\"https:\\\/\\\/secure.gravatar.com\\\/avatar\\\/e0a867bdedb85fd243eadf09663511f96fc81e0720a4a42581f334ad4303aa6b?s=96&d=mm&r=g\",\"caption\":\"Reda\u00e7\u00e3o\"}}]}<\/script>\n<!-- \/ Yoast SEO plugin. -->","yoast_head_json":{"title":"Congresso vai em banho-maria, at\u00e9 novembro chegar - Notibras","robots":{"index":"index","follow":"follow","max-snippet":"max-snippet:-1","max-image-preview":"max-image-preview:large","max-video-preview":"max-video-preview:-1"},"canonical":"https:\/\/www.notibras.com\/site\/congresso-vai-em-banho-maria-ate-novembro-chegar\/","og_locale":"pt_BR","og_type":"article","og_title":"Congresso vai em banho-maria, at\u00e9 novembro chegar - Notibras","og_description":"Depois de liberados das atividades legislativas no decorrer de Junho, para participa\u00e7\u00e3o das conven\u00e7\u00f5es partid\u00e1rias, assistirem aos jogos da Copa e marcarem presen\u00e7a\u00a0 nas festas juninas, deputados e senadores prometem voltar ao trabalho a pleno vapor na pr\u00f3xima ter\u00e7a-feira, dia 1\u00b0 de julho. Esse\u00a0 vapor, por\u00e9m, ter\u00e1 a dura\u00e7\u00e3o de apenas as tr\u00eas pr\u00f3ximas semanas, [&hellip;]","og_url":"https:\/\/www.notibras.com\/site\/congresso-vai-em-banho-maria-ate-novembro-chegar\/","og_site_name":"Notibras","article_publisher":"https:\/\/www.facebook.com\/notibras\/","article_published_time":"2014-06-26T10:58:37+00:00","og_image":[{"width":640,"height":426,"url":"https:\/\/www.notibras.com\/site\/wp-content\/uploads\/2014\/06\/Rodolfo-Stuckert-2.jpg","type":"image\/jpeg"}],"author":"Reda\u00e7\u00e3o","twitter_card":"summary_large_image","twitter_creator":"@Notibras","twitter_site":"@Notibras","twitter_misc":{"Escrito por":"Reda\u00e7\u00e3o","Est. tempo de leitura":"2 minutos"},"schema":{"@context":"https:\/\/schema.org","@graph":[{"@type":"Article","@id":"https:\/\/www.notibras.com\/site\/congresso-vai-em-banho-maria-ate-novembro-chegar\/#article","isPartOf":{"@id":"https:\/\/www.notibras.com\/site\/congresso-vai-em-banho-maria-ate-novembro-chegar\/"},"author":{"name":"Reda\u00e7\u00e3o","@id":"https:\/\/www.notibras.com\/site\/#\/schema\/person\/36ab0979449956132d3e5b517ea76ac8"},"headline":"Congresso vai em banho-maria, at\u00e9 novembro chegar","datePublished":"2014-06-26T10:58:37+00:00","mainEntityOfPage":{"@id":"https:\/\/www.notibras.com\/site\/congresso-vai-em-banho-maria-ate-novembro-chegar\/"},"wordCount":474,"commentCount":0,"publisher":{"@id":"https:\/\/www.notibras.com\/site\/#organization"},"image":{"@id":"https:\/\/www.notibras.com\/site\/congresso-vai-em-banho-maria-ate-novembro-chegar\/#primaryimage"},"thumbnailUrl":"https:\/\/www.notibras.com\/site\/wp-content\/uploads\/2014\/06\/Rodolfo-Stuckert-2.jpg","articleSection":["Opina a\u00ed"],"inLanguage":"pt-BR","potentialAction":[{"@type":"CommentAction","name":"Comment","target":["https:\/\/www.notibras.com\/site\/congresso-vai-em-banho-maria-ate-novembro-chegar\/#respond"]}]},{"@type":"WebPage","@id":"https:\/\/www.notibras.com\/site\/congresso-vai-em-banho-maria-ate-novembro-chegar\/","url":"https:\/\/www.notibras.com\/site\/congresso-vai-em-banho-maria-ate-novembro-chegar\/","name":"Congresso vai em banho-maria, at\u00e9 novembro chegar - Notibras","isPartOf":{"@id":"https:\/\/www.notibras.com\/site\/#website"},"primaryImageOfPage":{"@id":"https:\/\/www.notibras.com\/site\/congresso-vai-em-banho-maria-ate-novembro-chegar\/#primaryimage"},"image":{"@id":"https:\/\/www.notibras.com\/site\/congresso-vai-em-banho-maria-ate-novembro-chegar\/#primaryimage"},"thumbnailUrl":"https:\/\/www.notibras.com\/site\/wp-content\/uploads\/2014\/06\/Rodolfo-Stuckert-2.jpg","datePublished":"2014-06-26T10:58:37+00:00","breadcrumb":{"@id":"https:\/\/www.notibras.com\/site\/congresso-vai-em-banho-maria-ate-novembro-chegar\/#breadcrumb"},"inLanguage":"pt-BR","potentialAction":[{"@type":"ReadAction","target":["https:\/\/www.notibras.com\/site\/congresso-vai-em-banho-maria-ate-novembro-chegar\/"]}]},{"@type":"ImageObject","inLanguage":"pt-BR","@id":"https:\/\/www.notibras.com\/site\/congresso-vai-em-banho-maria-ate-novembro-chegar\/#primaryimage","url":"https:\/\/www.notibras.com\/site\/wp-content\/uploads\/2014\/06\/Rodolfo-Stuckert-2.jpg","contentUrl":"https:\/\/www.notibras.com\/site\/wp-content\/uploads\/2014\/06\/Rodolfo-Stuckert-2.jpg","width":640,"height":426},{"@type":"BreadcrumbList","@id":"https:\/\/www.notibras.com\/site\/congresso-vai-em-banho-maria-ate-novembro-chegar\/#breadcrumb","itemListElement":[{"@type":"ListItem","position":1,"name":"In\u00edcio","item":"https:\/\/www.notibras.com\/site\/"},{"@type":"ListItem","position":2,"name":"Congresso vai em banho-maria, at\u00e9 novembro chegar"}]},{"@type":"WebSite","@id":"https:\/\/www.notibras.com\/site\/#website","url":"https:\/\/www.notibras.com\/site\/","name":"Notibras","description":"Not\u00edcias de Bras\u00edlia, do Brasil e do Mundo","publisher":{"@id":"https:\/\/www.notibras.com\/site\/#organization"},"potentialAction":[{"@type":"SearchAction","target":{"@type":"EntryPoint","urlTemplate":"https:\/\/www.notibras.com\/site\/?s={search_term_string}"},"query-input":{"@type":"PropertyValueSpecification","valueRequired":true,"valueName":"search_term_string"}}],"inLanguage":"pt-BR"},{"@type":"Organization","@id":"https:\/\/www.notibras.com\/site\/#organization","name":"Grupo Notibras de Comunica\u00e7\u00e3o","url":"https:\/\/www.notibras.com\/site\/","logo":{"@type":"ImageObject","inLanguage":"pt-BR","@id":"https:\/\/www.notibras.com\/site\/#\/schema\/logo\/image\/","url":"https:\/\/www.notibras.com\/site\/wp-content\/uploads\/2023\/01\/notibras23.png","contentUrl":"https:\/\/www.notibras.com\/site\/wp-content\/uploads\/2023\/01\/notibras23.png","width":350,"height":87,"caption":"Grupo Notibras de Comunica\u00e7\u00e3o"},"image":{"@id":"https:\/\/www.notibras.com\/site\/#\/schema\/logo\/image\/"},"sameAs":["https:\/\/www.facebook.com\/notibras\/","https:\/\/x.com\/Notibras","https:\/\/www.instagram.com\/notibras\/"]},{"@type":"Person","@id":"https:\/\/www.notibras.com\/site\/#\/schema\/person\/36ab0979449956132d3e5b517ea76ac8","name":"Reda\u00e7\u00e3o","image":{"@type":"ImageObject","inLanguage":"pt-BR","@id":"https:\/\/secure.gravatar.com\/avatar\/e0a867bdedb85fd243eadf09663511f96fc81e0720a4a42581f334ad4303aa6b?s=96&d=mm&r=g","url":"https:\/\/secure.gravatar.com\/avatar\/e0a867bdedb85fd243eadf09663511f96fc81e0720a4a42581f334ad4303aa6b?s=96&d=mm&r=g","contentUrl":"https:\/\/secure.gravatar.com\/avatar\/e0a867bdedb85fd243eadf09663511f96fc81e0720a4a42581f334ad4303aa6b?s=96&d=mm&r=g","caption":"Reda\u00e7\u00e3o"}}]}},"amp_enabled":true,"_links":{"self":[{"href":"https:\/\/www.notibras.com\/site\/wp-json\/wp\/v2\/posts\/14461","targetHints":{"allow":["GET"]}}],"collection":[{"href":"https:\/\/www.notibras.com\/site\/wp-json\/wp\/v2\/posts"}],"about":[{"href":"https:\/\/www.notibras.com\/site\/wp-json\/wp\/v2\/types\/post"}],"author":[{"embeddable":true,"href":"https:\/\/www.notibras.com\/site\/wp-json\/wp\/v2\/users\/2"}],"replies":[{"embeddable":true,"href":"https:\/\/www.notibras.com\/site\/wp-json\/wp\/v2\/comments?post=14461"}],"version-history":[{"count":0,"href":"https:\/\/www.notibras.com\/site\/wp-json\/wp\/v2\/posts\/14461\/revisions"}],"wp:featuredmedia":[{"embeddable":true,"href":"https:\/\/www.notibras.com\/site\/wp-json\/wp\/v2\/media\/14462"}],"wp:attachment":[{"href":"https:\/\/www.notibras.com\/site\/wp-json\/wp\/v2\/media?parent=14461"}],"wp:term":[{"taxonomy":"category","embeddable":true,"href":"https:\/\/www.notibras.com\/site\/wp-json\/wp\/v2\/categories?post=14461"},{"taxonomy":"post_tag","embeddable":true,"href":"https:\/\/www.notibras.com\/site\/wp-json\/wp\/v2\/tags?post=14461"}],"curies":[{"name":"wp","href":"https:\/\/api.w.org\/{rel}","templated":true}]}}