{"id":14508,"date":"2014-06-26T15:07:14","date_gmt":"2014-06-26T18:07:14","guid":{"rendered":"http:\/\/www.notibras.com\/site\/?p=14508"},"modified":"2014-06-26T19:23:10","modified_gmt":"2014-06-26T22:23:10","slug":"cr-7-marca-portugal-vence-por-2-a-1-da-adeus-a-copa-e-leva-gana-na-bagagem","status":"publish","type":"post","link":"https:\/\/www.notibras.com\/site\/cr-7-marca-portugal-vence-por-2-a-1-da-adeus-a-copa-e-leva-gana-na-bagagem\/","title":{"rendered":"CR 7 marca, Portugal vence, d\u00e1 adeus \u00e0 Copa e  p\u00f5e Gana na mala"},"content":{"rendered":"<p>A sele\u00e7\u00e3o de Portugal venceu o selecionado de Gana nesta quinta-feira por 2 a 1, no Man\u00e9 Garrincha, em Bras\u00edlia. O artilheiro Cristiano Ronaldo desencantou, mas n\u00e3o fez o suficiente para classificar a sua sele\u00e7\u00e3o \u00e0s oitavas de final da Copa da Fifa. O placar serviu apenas para que os europeus evitassem o vexame de entrarem para a hist\u00f3ria como donos da pior campanha portuguesa da hist\u00f3ria da competi\u00e7\u00e3o. Os africanos, por sua vez, ficaram na lanterna da chave.<\/p>\n<p>O time europeu at\u00e9 que fez um bom primeiro tempo, chegou a pressionar, todas as vezes com Cristiano Ronaldo, mas parou nas m\u00e3os de Dauda. Depois, caiu muito no rendimento f\u00edsico e cedeu o empate. Nos 10 minutos finais, Portugal voltou a reagir, mas de maneira tardia. Os dois morrem abra\u00e7ados e deixam Alemanha e Estados Unidos se classificarem como representantes do grupo G.<\/p>\n<blockquote><p>Cristiano Ronaldo mostrou que estava afim de marcar o seu gol na Copa do Mundo. Em 20 minutos, j\u00e1 tinha tentado finaliza\u00e7\u00f5es. Em uma delas, a bola parou na trave. Nas outras duas, nas m\u00e3os do goleiro Dauda, que comemorou a defesa como se fosse um gol. No fim, sobrou para Boye tentar afastar cruzamento vindo da esquerda e colocar contra a sua pr\u00f3pria meta.<\/p><\/blockquote>\n<p>No segundo tempo, o cen\u00e1rio foi exatamente o oposto. Gana cresceu, dominou o jogo fisicamente e passou a tomar todas as iniciativas da partida. Portugal limitava-se a jogadas de Cristiano Ronaldo, que j\u00e1 n\u00e3o mostrava mais o mesmo rendimento dos primeiros 45 minutos. Os africanos se aproveitaram dessa fragilidade e empatar o placar com Gyan. Quando os africanos dominavam o jogo, apareceu a estrela do melhor do mundo para aproveitar falha do goleiro e marcar o gol da vit\u00f3ria.<\/p>\n","protected":false},"excerpt":{"rendered":"<p>A sele\u00e7\u00e3o de Portugal venceu o selecionado de Gana nesta quinta-feira por 2 a 1, no Man\u00e9 Garrincha, em Bras\u00edlia. O artilheiro Cristiano Ronaldo desencantou, mas n\u00e3o fez o suficiente para classificar a sua sele\u00e7\u00e3o \u00e0s oitavas de final da Copa da Fifa. O placar serviu apenas para que os europeus evitassem o vexame de [&hellip;]<\/p>\n","protected":false},"author":2,"featured_media":14510,"comment_status":"open","ping_status":"closed","sticky":false,"template":"","format":"standard","meta":{"_acf_changed":false,"footnotes":""},"categories":[19],"tags":[],"class_list":["post-14508","post","type-post","status-publish","format-standard","has-post-thumbnail","hentry","category-esportes"],"acf":[],"_links":{"self":[{"href":"https:\/\/www.notibras.com\/site\/wp-json\/wp\/v2\/posts\/14508","targetHints":{"allow":["GET"]}}],"collection":[{"href":"https:\/\/www.notibras.com\/site\/wp-json\/wp\/v2\/posts"}],"about":[{"href":"https:\/\/www.notibras.com\/site\/wp-json\/wp\/v2\/types\/post"}],"author":[{"embeddable":true,"href":"https:\/\/www.notibras.com\/site\/wp-json\/wp\/v2\/users\/2"}],"replies":[{"embeddable":true,"href":"https:\/\/www.notibras.com\/site\/wp-json\/wp\/v2\/comments?post=14508"}],"version-history":[{"count":0,"href":"https:\/\/www.notibras.com\/site\/wp-json\/wp\/v2\/posts\/14508\/revisions"}],"wp:featuredmedia":[{"embeddable":true,"href":"https:\/\/www.notibras.com\/site\/wp-json\/wp\/v2\/media\/14510"}],"wp:attachment":[{"href":"https:\/\/www.notibras.com\/site\/wp-json\/wp\/v2\/media?parent=14508"}],"wp:term":[{"taxonomy":"category","embeddable":true,"href":"https:\/\/www.notibras.com\/site\/wp-json\/wp\/v2\/categories?post=14508"},{"taxonomy":"post_tag","embeddable":true,"href":"https:\/\/www.notibras.com\/site\/wp-json\/wp\/v2\/tags?post=14508"}],"curies":[{"name":"wp","href":"https:\/\/api.w.org\/{rel}","templated":true}]}}