{"id":14514,"date":"2014-06-26T15:15:28","date_gmt":"2014-06-26T18:15:28","guid":{"rendered":"http:\/\/www.notibras.com\/site\/?p=14514"},"modified":"2014-06-26T19:24:36","modified_gmt":"2014-06-26T22:24:36","slug":"alemanha-sepulta-marmelada-bate-americanos-e-fica-como-1o-do-grupo-g","status":"publish","type":"post","link":"https:\/\/www.notibras.com\/site\/alemanha-sepulta-marmelada-bate-americanos-e-fica-como-1o-do-grupo-g\/","title":{"rendered":"Alemanha sepulta marmelada, bate americanos e fica em 1\u00ba no G"},"content":{"rendered":"<p>A possibilidade de &#8216;marmelada&#8217; na partida entre Alemanha e Estados Unidos, realizada nesta quinta-feira na Arena Pernambuco, n\u00e3o aconteceu.. Os t\u00e9cnicos Joachim L\u00f6w e Jurgen Klinsmann s\u00e3o amigos, o empate classificava as duas equipes mas, com a bola rolando, a realidade foi outra. Em um jogo pegado e de boas chances de lado a lado, os alem\u00e3es venceram por 1 a 0, nesta quinta-feira, na Arena Pernambuco, e garantiram a lideran\u00e7a do grupo G.<\/p>\n<p>Apesar da derrota, o resultado n\u00e3o foi ruim para os Estados Unidos. Com a vit\u00f3ria de Portugal sobre Gana por 2 a 1 no outro jogo da chave, foi suficiente para classificar os americanos, que devem pegar a B\u00e9lgica nas oitavas de final. A Alemanha encara na pr\u00f3xima fase o segundo colocado do grupo H. Arg\u00e9lia e R\u00fassia aparecem como prov\u00e1veis advers\u00e1rios.<\/p>\n<blockquote><p>Alemanha e Estados Unidos n\u00e3o quiseram saber de &#8216;jogo de compadres&#8217; no primeiro tempo. Foi um duelo de muita intensidade e busca pelo gol, mas faltou efici\u00eancia aos atacantes. Os europeus ficaram mais com a bola, pressionaram durante toda a etapa inicial, mas esbarraram na forte marca\u00e7\u00e3o advers\u00e1ria. Recuados, os americanos apresentaram um contra-ataque bem estruturado e tamb\u00e9m levaram perigo ao gol de Neuer.<\/p><\/blockquote>\n<p>A entrada de Klose ap\u00f3s o intervalo mudou o jeito da Alemanha jogar. Os toques curtos deram lugar aos cruzamentos para o atacante, mas foi outro artilheiro quem abriu o placar. M\u00fcller acertou belo chute ap\u00f3s rebote de Howard e colocou os alem\u00e3es em vantagem. Apesar do placar adverso, os norte-americanos seguiram recuados, \u00e0 espera de um contra-ataque. E ele veio j\u00e1 nos acr\u00e9scimos, quando Bradley ficou cara a cara com Neuer. O arremate, por\u00e9m, foi travado no \u00faltimo momento por Lahm.<\/p>\n","protected":false},"excerpt":{"rendered":"<p>A possibilidade de &#8216;marmelada&#8217; na partida entre Alemanha e Estados Unidos, realizada nesta quinta-feira na Arena Pernambuco, n\u00e3o aconteceu.. Os t\u00e9cnicos Joachim L\u00f6w e Jurgen Klinsmann s\u00e3o amigos, o empate classificava as duas equipes mas, com a bola rolando, a realidade foi outra. Em um jogo pegado e de boas chances de lado a lado, [&hellip;]<\/p>\n","protected":false},"author":2,"featured_media":14515,"comment_status":"open","ping_status":"closed","sticky":false,"template":"","format":"standard","meta":{"_acf_changed":false,"footnotes":""},"categories":[19],"tags":[],"class_list":["post-14514","post","type-post","status-publish","format-standard","has-post-thumbnail","hentry","category-esportes"],"acf":[],"_links":{"self":[{"href":"https:\/\/www.notibras.com\/site\/wp-json\/wp\/v2\/posts\/14514","targetHints":{"allow":["GET"]}}],"collection":[{"href":"https:\/\/www.notibras.com\/site\/wp-json\/wp\/v2\/posts"}],"about":[{"href":"https:\/\/www.notibras.com\/site\/wp-json\/wp\/v2\/types\/post"}],"author":[{"embeddable":true,"href":"https:\/\/www.notibras.com\/site\/wp-json\/wp\/v2\/users\/2"}],"replies":[{"embeddable":true,"href":"https:\/\/www.notibras.com\/site\/wp-json\/wp\/v2\/comments?post=14514"}],"version-history":[{"count":0,"href":"https:\/\/www.notibras.com\/site\/wp-json\/wp\/v2\/posts\/14514\/revisions"}],"wp:featuredmedia":[{"embeddable":true,"href":"https:\/\/www.notibras.com\/site\/wp-json\/wp\/v2\/media\/14515"}],"wp:attachment":[{"href":"https:\/\/www.notibras.com\/site\/wp-json\/wp\/v2\/media?parent=14514"}],"wp:term":[{"taxonomy":"category","embeddable":true,"href":"https:\/\/www.notibras.com\/site\/wp-json\/wp\/v2\/categories?post=14514"},{"taxonomy":"post_tag","embeddable":true,"href":"https:\/\/www.notibras.com\/site\/wp-json\/wp\/v2\/tags?post=14514"}],"curies":[{"name":"wp","href":"https:\/\/api.w.org\/{rel}","templated":true}]}}