{"id":14531,"date":"2014-06-26T17:54:21","date_gmt":"2014-06-26T20:54:21","guid":{"rendered":"http:\/\/www.notibras.com\/site\/?p=14531"},"modified":"2014-06-26T18:59:01","modified_gmt":"2014-06-26T21:59:01","slug":"delubio-pedro-valdemar-lamas-mais-mensaleiros-vao-trabalhar","status":"publish","type":"post","link":"https:\/\/www.notibras.com\/site\/delubio-pedro-valdemar-lamas-mais-mensaleiros-vao-trabalhar\/","title":{"rendered":"Del\u00fabio, Pedro, Valdemar e Lamas. Mais mensaleiros s\u00e3o autorizados a trabalhar fora"},"content":{"rendered":"<p><span class=\"s1\">O ministro Lu\u00eds Roberto Barroso, do Supremo Tribunal Federal (STF), autorizou que mais quatro condenados no processo do mensal\u00e3o voltem a trabalhar. O ex-tesoureiro do PT Del\u00fabio Soares, os ex-deputados federais Valdemar Costa Neto e Pedro Corr\u00eaa, e o ex-tesoureiro do PL (atual PR) Jacinto Lamas tiveram seus pedidos novamente analisados ap\u00f3s a revoga\u00e7\u00e3o do benef\u00edcio pelo presidente da Corte, Joaquim Barbosa.<\/span><\/p>\n<blockquote><p><span class=\"s1\">Barroso decidiu conceder novamente o direito ao trabalho dos mensaleiros ap\u00f3s o plen\u00e1rio do Supremo autorizar que ele procedesse individualmente sobre os pedidos.\u00a0<\/span><\/p><\/blockquote>\n<p class=\"p3\"><span class=\"s2\">No m\u00eas passado, Joaquim Barbosa revogou as autoriza\u00e7\u00f5es por considerar que <\/span><span class=\"s1\">a jurisprud\u00eancia\u00a0adotada h\u00e1 mais de 15 anos pelo Superior Tribunal de Justi\u00e7a (STF) era contr\u00e1ria \u00e0 Lei de Execu\u00e7\u00e3o\u00a0Penal. Isso porque a legisla\u00e7\u00e3o cobra o cumprimento de pelo menos um sexto da pena antes que esse tipo de benef\u00edcio seja concedido.<\/span><\/p>\n","protected":false},"excerpt":{"rendered":"<p>O ministro Lu\u00eds Roberto Barroso, do Supremo Tribunal Federal (STF), autorizou que mais quatro condenados no processo do mensal\u00e3o voltem a trabalhar. O ex-tesoureiro do PT Del\u00fabio Soares, os ex-deputados federais Valdemar Costa Neto e Pedro Corr\u00eaa, e o ex-tesoureiro do PL (atual PR) Jacinto Lamas tiveram seus pedidos novamente analisados ap\u00f3s a revoga\u00e7\u00e3o do [&hellip;]<\/p>\n","protected":false},"author":2,"featured_media":14532,"comment_status":"open","ping_status":"closed","sticky":false,"template":"","format":"standard","meta":{"_acf_changed":false,"footnotes":""},"categories":[16],"tags":[],"class_list":["post-14531","post","type-post","status-publish","format-standard","has-post-thumbnail","hentry","category-brasil"],"acf":[],"yoast_head":"<!-- This site is optimized with the Yoast SEO plugin v27.2 - https:\/\/yoast.com\/product\/yoast-seo-wordpress\/ -->\n<title>Del\u00fabio, Pedro, Valdemar e Lamas. Mais mensaleiros s\u00e3o autorizados a trabalhar fora - Notibras<\/title>\n<meta name=\"robots\" content=\"index, follow, max-snippet:-1, max-image-preview:large, max-video-preview:-1\" \/>\n<link rel=\"canonical\" href=\"https:\/\/www.notibras.com\/site\/delubio-pedro-valdemar-lamas-mais-mensaleiros-vao-trabalhar\/\" \/>\n<meta property=\"og:locale\" content=\"pt_BR\" \/>\n<meta property=\"og:type\" content=\"article\" \/>\n<meta property=\"og:title\" content=\"Del\u00fabio, Pedro, Valdemar e Lamas. Mais mensaleiros s\u00e3o autorizados a trabalhar fora - Notibras\" \/>\n<meta property=\"og:description\" content=\"O ministro Lu\u00eds Roberto Barroso, do Supremo Tribunal Federal (STF), autorizou que mais quatro condenados no processo do mensal\u00e3o voltem a trabalhar. O ex-tesoureiro do PT Del\u00fabio Soares, os ex-deputados federais Valdemar Costa Neto e Pedro Corr\u00eaa, e o ex-tesoureiro do PL (atual PR) Jacinto Lamas tiveram seus pedidos novamente analisados ap\u00f3s a revoga\u00e7\u00e3o do [&hellip;]\" \/>\n<meta property=\"og:url\" content=\"https:\/\/www.notibras.com\/site\/delubio-pedro-valdemar-lamas-mais-mensaleiros-vao-trabalhar\/\" \/>\n<meta property=\"og:site_name\" content=\"Notibras\" \/>\n<meta property=\"article:publisher\" content=\"https:\/\/www.facebook.com\/notibras\/\" \/>\n<meta property=\"article:published_time\" content=\"2014-06-26T20:54:21+00:00\" \/>\n<meta property=\"article:modified_time\" content=\"2014-06-26T21:59:01+00:00\" \/>\n<meta property=\"og:image\" content=\"https:\/\/www.notibras.com\/site\/wp-content\/uploads\/2014\/06\/br.men_.jpg\" \/>\n\t<meta property=\"og:image:width\" content=\"280\" \/>\n\t<meta property=\"og:image:height\" content=\"180\" \/>\n\t<meta property=\"og:image:type\" content=\"image\/jpeg\" \/>\n<meta name=\"author\" content=\"Reda\u00e7\u00e3o\" \/>\n<meta name=\"twitter:card\" content=\"summary_large_image\" \/>\n<meta name=\"twitter:creator\" content=\"@Notibras\" \/>\n<meta name=\"twitter:site\" content=\"@Notibras\" \/>\n<meta name=\"twitter:label1\" content=\"Escrito por\" \/>\n\t<meta name=\"twitter:data1\" content=\"Reda\u00e7\u00e3o\" \/>\n\t<meta name=\"twitter:label2\" content=\"Est. tempo de leitura\" \/>\n\t<meta name=\"twitter:data2\" content=\"1 minuto\" \/>\n<script type=\"application\/ld+json\" class=\"yoast-schema-graph\">{\"@context\":\"https:\/\/schema.org\",\"@graph\":[{\"@type\":\"Article\",\"@id\":\"https:\/\/www.notibras.com\/site\/delubio-pedro-valdemar-lamas-mais-mensaleiros-vao-trabalhar\/#article\",\"isPartOf\":{\"@id\":\"https:\/\/www.notibras.com\/site\/delubio-pedro-valdemar-lamas-mais-mensaleiros-vao-trabalhar\/\"},\"author\":{\"name\":\"Reda\u00e7\u00e3o\",\"@id\":\"https:\/\/www.notibras.com\/site\/#\/schema\/person\/36ab0979449956132d3e5b517ea76ac8\"},\"headline\":\"Del\u00fabio, Pedro, Valdemar e Lamas. Mais mensaleiros s\u00e3o autorizados a trabalhar fora\",\"datePublished\":\"2014-06-26T20:54:21+00:00\",\"dateModified\":\"2014-06-26T21:59:01+00:00\",\"mainEntityOfPage\":{\"@id\":\"https:\/\/www.notibras.com\/site\/delubio-pedro-valdemar-lamas-mais-mensaleiros-vao-trabalhar\/\"},\"wordCount\":168,\"commentCount\":0,\"publisher\":{\"@id\":\"https:\/\/www.notibras.com\/site\/#organization\"},\"image\":{\"@id\":\"https:\/\/www.notibras.com\/site\/delubio-pedro-valdemar-lamas-mais-mensaleiros-vao-trabalhar\/#primaryimage\"},\"thumbnailUrl\":\"https:\/\/www.notibras.com\/site\/wp-content\/uploads\/2014\/06\/br.men_.jpg\",\"articleSection\":[\"Brasil\"],\"inLanguage\":\"pt-BR\",\"potentialAction\":[{\"@type\":\"CommentAction\",\"name\":\"Comment\",\"target\":[\"https:\/\/www.notibras.com\/site\/delubio-pedro-valdemar-lamas-mais-mensaleiros-vao-trabalhar\/#respond\"]}]},{\"@type\":\"WebPage\",\"@id\":\"https:\/\/www.notibras.com\/site\/delubio-pedro-valdemar-lamas-mais-mensaleiros-vao-trabalhar\/\",\"url\":\"https:\/\/www.notibras.com\/site\/delubio-pedro-valdemar-lamas-mais-mensaleiros-vao-trabalhar\/\",\"name\":\"Del\u00fabio, Pedro, Valdemar e Lamas. Mais mensaleiros s\u00e3o autorizados a trabalhar fora - Notibras\",\"isPartOf\":{\"@id\":\"https:\/\/www.notibras.com\/site\/#website\"},\"primaryImageOfPage\":{\"@id\":\"https:\/\/www.notibras.com\/site\/delubio-pedro-valdemar-lamas-mais-mensaleiros-vao-trabalhar\/#primaryimage\"},\"image\":{\"@id\":\"https:\/\/www.notibras.com\/site\/delubio-pedro-valdemar-lamas-mais-mensaleiros-vao-trabalhar\/#primaryimage\"},\"thumbnailUrl\":\"https:\/\/www.notibras.com\/site\/wp-content\/uploads\/2014\/06\/br.men_.jpg\",\"datePublished\":\"2014-06-26T20:54:21+00:00\",\"dateModified\":\"2014-06-26T21:59:01+00:00\",\"breadcrumb\":{\"@id\":\"https:\/\/www.notibras.com\/site\/delubio-pedro-valdemar-lamas-mais-mensaleiros-vao-trabalhar\/#breadcrumb\"},\"inLanguage\":\"pt-BR\",\"potentialAction\":[{\"@type\":\"ReadAction\",\"target\":[\"https:\/\/www.notibras.com\/site\/delubio-pedro-valdemar-lamas-mais-mensaleiros-vao-trabalhar\/\"]}]},{\"@type\":\"ImageObject\",\"inLanguage\":\"pt-BR\",\"@id\":\"https:\/\/www.notibras.com\/site\/delubio-pedro-valdemar-lamas-mais-mensaleiros-vao-trabalhar\/#primaryimage\",\"url\":\"https:\/\/www.notibras.com\/site\/wp-content\/uploads\/2014\/06\/br.men_.jpg\",\"contentUrl\":\"https:\/\/www.notibras.com\/site\/wp-content\/uploads\/2014\/06\/br.men_.jpg\",\"width\":280,\"height\":180},{\"@type\":\"BreadcrumbList\",\"@id\":\"https:\/\/www.notibras.com\/site\/delubio-pedro-valdemar-lamas-mais-mensaleiros-vao-trabalhar\/#breadcrumb\",\"itemListElement\":[{\"@type\":\"ListItem\",\"position\":1,\"name\":\"In\u00edcio\",\"item\":\"https:\/\/www.notibras.com\/site\/\"},{\"@type\":\"ListItem\",\"position\":2,\"name\":\"Del\u00fabio, Pedro, Valdemar e Lamas. Mais mensaleiros s\u00e3o autorizados a trabalhar fora\"}]},{\"@type\":\"WebSite\",\"@id\":\"https:\/\/www.notibras.com\/site\/#website\",\"url\":\"https:\/\/www.notibras.com\/site\/\",\"name\":\"Notibras\",\"description\":\"Not\u00edcias de Bras\u00edlia, do Brasil e do Mundo\",\"publisher\":{\"@id\":\"https:\/\/www.notibras.com\/site\/#organization\"},\"potentialAction\":[{\"@type\":\"SearchAction\",\"target\":{\"@type\":\"EntryPoint\",\"urlTemplate\":\"https:\/\/www.notibras.com\/site\/?s={search_term_string}\"},\"query-input\":{\"@type\":\"PropertyValueSpecification\",\"valueRequired\":true,\"valueName\":\"search_term_string\"}}],\"inLanguage\":\"pt-BR\"},{\"@type\":\"Organization\",\"@id\":\"https:\/\/www.notibras.com\/site\/#organization\",\"name\":\"Grupo Notibras de Comunica\u00e7\u00e3o\",\"url\":\"https:\/\/www.notibras.com\/site\/\",\"logo\":{\"@type\":\"ImageObject\",\"inLanguage\":\"pt-BR\",\"@id\":\"https:\/\/www.notibras.com\/site\/#\/schema\/logo\/image\/\",\"url\":\"https:\/\/www.notibras.com\/site\/wp-content\/uploads\/2023\/01\/notibras23.png\",\"contentUrl\":\"https:\/\/www.notibras.com\/site\/wp-content\/uploads\/2023\/01\/notibras23.png\",\"width\":350,\"height\":87,\"caption\":\"Grupo Notibras de Comunica\u00e7\u00e3o\"},\"image\":{\"@id\":\"https:\/\/www.notibras.com\/site\/#\/schema\/logo\/image\/\"},\"sameAs\":[\"https:\/\/www.facebook.com\/notibras\/\",\"https:\/\/x.com\/Notibras\",\"https:\/\/www.instagram.com\/notibras\/\"]},{\"@type\":\"Person\",\"@id\":\"https:\/\/www.notibras.com\/site\/#\/schema\/person\/36ab0979449956132d3e5b517ea76ac8\",\"name\":\"Reda\u00e7\u00e3o\",\"image\":{\"@type\":\"ImageObject\",\"inLanguage\":\"pt-BR\",\"@id\":\"https:\/\/secure.gravatar.com\/avatar\/e0a867bdedb85fd243eadf09663511f96fc81e0720a4a42581f334ad4303aa6b?s=96&d=mm&r=g\",\"url\":\"https:\/\/secure.gravatar.com\/avatar\/e0a867bdedb85fd243eadf09663511f96fc81e0720a4a42581f334ad4303aa6b?s=96&d=mm&r=g\",\"contentUrl\":\"https:\/\/secure.gravatar.com\/avatar\/e0a867bdedb85fd243eadf09663511f96fc81e0720a4a42581f334ad4303aa6b?s=96&d=mm&r=g\",\"caption\":\"Reda\u00e7\u00e3o\"}}]}<\/script>\n<!-- \/ Yoast SEO plugin. -->","yoast_head_json":{"title":"Del\u00fabio, Pedro, Valdemar e Lamas. Mais mensaleiros s\u00e3o autorizados a trabalhar fora - Notibras","robots":{"index":"index","follow":"follow","max-snippet":"max-snippet:-1","max-image-preview":"max-image-preview:large","max-video-preview":"max-video-preview:-1"},"canonical":"https:\/\/www.notibras.com\/site\/delubio-pedro-valdemar-lamas-mais-mensaleiros-vao-trabalhar\/","og_locale":"pt_BR","og_type":"article","og_title":"Del\u00fabio, Pedro, Valdemar e Lamas. Mais mensaleiros s\u00e3o autorizados a trabalhar fora - Notibras","og_description":"O ministro Lu\u00eds Roberto Barroso, do Supremo Tribunal Federal (STF), autorizou que mais quatro condenados no processo do mensal\u00e3o voltem a trabalhar. O ex-tesoureiro do PT Del\u00fabio Soares, os ex-deputados federais Valdemar Costa Neto e Pedro Corr\u00eaa, e o ex-tesoureiro do PL (atual PR) Jacinto Lamas tiveram seus pedidos novamente analisados ap\u00f3s a revoga\u00e7\u00e3o do [&hellip;]","og_url":"https:\/\/www.notibras.com\/site\/delubio-pedro-valdemar-lamas-mais-mensaleiros-vao-trabalhar\/","og_site_name":"Notibras","article_publisher":"https:\/\/www.facebook.com\/notibras\/","article_published_time":"2014-06-26T20:54:21+00:00","article_modified_time":"2014-06-26T21:59:01+00:00","og_image":[{"width":280,"height":180,"url":"https:\/\/www.notibras.com\/site\/wp-content\/uploads\/2014\/06\/br.men_.jpg","type":"image\/jpeg"}],"author":"Reda\u00e7\u00e3o","twitter_card":"summary_large_image","twitter_creator":"@Notibras","twitter_site":"@Notibras","twitter_misc":{"Escrito por":"Reda\u00e7\u00e3o","Est. tempo de leitura":"1 minuto"},"schema":{"@context":"https:\/\/schema.org","@graph":[{"@type":"Article","@id":"https:\/\/www.notibras.com\/site\/delubio-pedro-valdemar-lamas-mais-mensaleiros-vao-trabalhar\/#article","isPartOf":{"@id":"https:\/\/www.notibras.com\/site\/delubio-pedro-valdemar-lamas-mais-mensaleiros-vao-trabalhar\/"},"author":{"name":"Reda\u00e7\u00e3o","@id":"https:\/\/www.notibras.com\/site\/#\/schema\/person\/36ab0979449956132d3e5b517ea76ac8"},"headline":"Del\u00fabio, Pedro, Valdemar e Lamas. Mais mensaleiros s\u00e3o autorizados a trabalhar fora","datePublished":"2014-06-26T20:54:21+00:00","dateModified":"2014-06-26T21:59:01+00:00","mainEntityOfPage":{"@id":"https:\/\/www.notibras.com\/site\/delubio-pedro-valdemar-lamas-mais-mensaleiros-vao-trabalhar\/"},"wordCount":168,"commentCount":0,"publisher":{"@id":"https:\/\/www.notibras.com\/site\/#organization"},"image":{"@id":"https:\/\/www.notibras.com\/site\/delubio-pedro-valdemar-lamas-mais-mensaleiros-vao-trabalhar\/#primaryimage"},"thumbnailUrl":"https:\/\/www.notibras.com\/site\/wp-content\/uploads\/2014\/06\/br.men_.jpg","articleSection":["Brasil"],"inLanguage":"pt-BR","potentialAction":[{"@type":"CommentAction","name":"Comment","target":["https:\/\/www.notibras.com\/site\/delubio-pedro-valdemar-lamas-mais-mensaleiros-vao-trabalhar\/#respond"]}]},{"@type":"WebPage","@id":"https:\/\/www.notibras.com\/site\/delubio-pedro-valdemar-lamas-mais-mensaleiros-vao-trabalhar\/","url":"https:\/\/www.notibras.com\/site\/delubio-pedro-valdemar-lamas-mais-mensaleiros-vao-trabalhar\/","name":"Del\u00fabio, Pedro, Valdemar e Lamas. Mais mensaleiros s\u00e3o autorizados a trabalhar fora - Notibras","isPartOf":{"@id":"https:\/\/www.notibras.com\/site\/#website"},"primaryImageOfPage":{"@id":"https:\/\/www.notibras.com\/site\/delubio-pedro-valdemar-lamas-mais-mensaleiros-vao-trabalhar\/#primaryimage"},"image":{"@id":"https:\/\/www.notibras.com\/site\/delubio-pedro-valdemar-lamas-mais-mensaleiros-vao-trabalhar\/#primaryimage"},"thumbnailUrl":"https:\/\/www.notibras.com\/site\/wp-content\/uploads\/2014\/06\/br.men_.jpg","datePublished":"2014-06-26T20:54:21+00:00","dateModified":"2014-06-26T21:59:01+00:00","breadcrumb":{"@id":"https:\/\/www.notibras.com\/site\/delubio-pedro-valdemar-lamas-mais-mensaleiros-vao-trabalhar\/#breadcrumb"},"inLanguage":"pt-BR","potentialAction":[{"@type":"ReadAction","target":["https:\/\/www.notibras.com\/site\/delubio-pedro-valdemar-lamas-mais-mensaleiros-vao-trabalhar\/"]}]},{"@type":"ImageObject","inLanguage":"pt-BR","@id":"https:\/\/www.notibras.com\/site\/delubio-pedro-valdemar-lamas-mais-mensaleiros-vao-trabalhar\/#primaryimage","url":"https:\/\/www.notibras.com\/site\/wp-content\/uploads\/2014\/06\/br.men_.jpg","contentUrl":"https:\/\/www.notibras.com\/site\/wp-content\/uploads\/2014\/06\/br.men_.jpg","width":280,"height":180},{"@type":"BreadcrumbList","@id":"https:\/\/www.notibras.com\/site\/delubio-pedro-valdemar-lamas-mais-mensaleiros-vao-trabalhar\/#breadcrumb","itemListElement":[{"@type":"ListItem","position":1,"name":"In\u00edcio","item":"https:\/\/www.notibras.com\/site\/"},{"@type":"ListItem","position":2,"name":"Del\u00fabio, Pedro, Valdemar e Lamas. Mais mensaleiros s\u00e3o autorizados a trabalhar fora"}]},{"@type":"WebSite","@id":"https:\/\/www.notibras.com\/site\/#website","url":"https:\/\/www.notibras.com\/site\/","name":"Notibras","description":"Not\u00edcias de Bras\u00edlia, do Brasil e do Mundo","publisher":{"@id":"https:\/\/www.notibras.com\/site\/#organization"},"potentialAction":[{"@type":"SearchAction","target":{"@type":"EntryPoint","urlTemplate":"https:\/\/www.notibras.com\/site\/?s={search_term_string}"},"query-input":{"@type":"PropertyValueSpecification","valueRequired":true,"valueName":"search_term_string"}}],"inLanguage":"pt-BR"},{"@type":"Organization","@id":"https:\/\/www.notibras.com\/site\/#organization","name":"Grupo Notibras de Comunica\u00e7\u00e3o","url":"https:\/\/www.notibras.com\/site\/","logo":{"@type":"ImageObject","inLanguage":"pt-BR","@id":"https:\/\/www.notibras.com\/site\/#\/schema\/logo\/image\/","url":"https:\/\/www.notibras.com\/site\/wp-content\/uploads\/2023\/01\/notibras23.png","contentUrl":"https:\/\/www.notibras.com\/site\/wp-content\/uploads\/2023\/01\/notibras23.png","width":350,"height":87,"caption":"Grupo Notibras de Comunica\u00e7\u00e3o"},"image":{"@id":"https:\/\/www.notibras.com\/site\/#\/schema\/logo\/image\/"},"sameAs":["https:\/\/www.facebook.com\/notibras\/","https:\/\/x.com\/Notibras","https:\/\/www.instagram.com\/notibras\/"]},{"@type":"Person","@id":"https:\/\/www.notibras.com\/site\/#\/schema\/person\/36ab0979449956132d3e5b517ea76ac8","name":"Reda\u00e7\u00e3o","image":{"@type":"ImageObject","inLanguage":"pt-BR","@id":"https:\/\/secure.gravatar.com\/avatar\/e0a867bdedb85fd243eadf09663511f96fc81e0720a4a42581f334ad4303aa6b?s=96&d=mm&r=g","url":"https:\/\/secure.gravatar.com\/avatar\/e0a867bdedb85fd243eadf09663511f96fc81e0720a4a42581f334ad4303aa6b?s=96&d=mm&r=g","contentUrl":"https:\/\/secure.gravatar.com\/avatar\/e0a867bdedb85fd243eadf09663511f96fc81e0720a4a42581f334ad4303aa6b?s=96&d=mm&r=g","caption":"Reda\u00e7\u00e3o"}}]}},"amp_enabled":true,"_links":{"self":[{"href":"https:\/\/www.notibras.com\/site\/wp-json\/wp\/v2\/posts\/14531","targetHints":{"allow":["GET"]}}],"collection":[{"href":"https:\/\/www.notibras.com\/site\/wp-json\/wp\/v2\/posts"}],"about":[{"href":"https:\/\/www.notibras.com\/site\/wp-json\/wp\/v2\/types\/post"}],"author":[{"embeddable":true,"href":"https:\/\/www.notibras.com\/site\/wp-json\/wp\/v2\/users\/2"}],"replies":[{"embeddable":true,"href":"https:\/\/www.notibras.com\/site\/wp-json\/wp\/v2\/comments?post=14531"}],"version-history":[{"count":0,"href":"https:\/\/www.notibras.com\/site\/wp-json\/wp\/v2\/posts\/14531\/revisions"}],"wp:featuredmedia":[{"embeddable":true,"href":"https:\/\/www.notibras.com\/site\/wp-json\/wp\/v2\/media\/14532"}],"wp:attachment":[{"href":"https:\/\/www.notibras.com\/site\/wp-json\/wp\/v2\/media?parent=14531"}],"wp:term":[{"taxonomy":"category","embeddable":true,"href":"https:\/\/www.notibras.com\/site\/wp-json\/wp\/v2\/categories?post=14531"},{"taxonomy":"post_tag","embeddable":true,"href":"https:\/\/www.notibras.com\/site\/wp-json\/wp\/v2\/tags?post=14531"}],"curies":[{"name":"wp","href":"https:\/\/api.w.org\/{rel}","templated":true}]}}