{"id":14537,"date":"2014-06-26T15:00:08","date_gmt":"2014-06-26T18:00:08","guid":{"rendered":"http:\/\/www.notibras.com\/site\/?p=14537"},"modified":"2014-06-26T19:03:08","modified_gmt":"2014-06-26T22:03:08","slug":"atos-contra-a-copa-sao-incerteza-sobre-impacto-em-dilma","status":"publish","type":"post","link":"https:\/\/www.notibras.com\/site\/atos-contra-a-copa-sao-incerteza-sobre-impacto-em-dilma\/","title":{"rendered":"Ato contra Copa \u00e9 incerteza sobre o impacto em Dilma"},"content":{"rendered":"<p>Desde o seu in\u00edcio, a Copa do Mundo tem intensificado um ambiente de polariza\u00e7\u00e3o pol\u00edtica no Brasil que j\u00e1 est\u00e1 influenciando as campanhas dos principais candidatos \u00e0 Presid\u00eancia, observam analistas ouvidos pela BBC Brasil. Segundo eles, essa polariza\u00e7\u00e3o pode continuar tendo um impacto sobre as campanhas at\u00e9 as elei\u00e7\u00f5es de outubro.<\/p>\n<p>O debate ganhou corpo logo na abertura do Mundial, quando torcedores no est\u00e1dio em S\u00e3o Paulo vaiaram e xingaram a presidente Dilma Rousseff.<\/p>\n<p>Candidatos da oposi\u00e7\u00e3o aproveitaram o gesto para criticar a presidente, enquanto que pol\u00edticos ligados ao governo \u2013 entre os quais o ex-presidente Luiz In\u00e1cio Lula da Silva \u2013 atribu\u00edram a postura \u00e0 falta de educa\u00e7\u00e3o do p\u00fablico no est\u00e1dio. Alguns recorreram \u00e0 express\u00e3o \u201celite branca\u201d, cunhada pelo ex-governador paulista Cl\u00e1udio Lembo, para definir o grupo presente na arena.<\/p>\n<blockquote><p>Devido ao alto pre\u00e7o dos ingressos, os jogos do Mundial t\u00eam sido marcados pela menor presen\u00e7a de brasileiros das camadas mais pobres da sociedade nas arquibancadas. Estes acabam acompanhando a festa do lado de fora &#8211; o que refor\u00e7a essa vis\u00e3o de que este seria um Mundial \u201celitista\u201d.<\/p><\/blockquote>\n<p>Apesar de reconhecerem um aumento da polariza\u00e7\u00e3o pol\u00edtica associado ao Mundial, os analistas ouvidos pela BBC n\u00e3o chegam a uma conclus\u00e3o sobre os efeitos desse ambiente sobre a campanha de reelei\u00e7\u00e3o da presidente Dilma Rousseff.<\/p>\n<p>Se por um lado o discurso associado \u00e0 polariza\u00e7\u00e3o mobiliza a milit\u00e2ncia, para um analista, por outro lado, o pr\u00f3prio PT \u00e9 hoje parte da elite, o que cria uma contradi\u00e7\u00e3o. Al\u00e9m disso, se Dilma optou por se afastar dos est\u00e1dios para evitar mais desgaste a sua imagem, por outro a posi\u00e7\u00e3o da presidente pode ter se fortalecido, ao ser vista como \u201cv\u00edtima\u201d das ofensas na abertura do Mundial.<\/p>\n","protected":false},"excerpt":{"rendered":"<p>Desde o seu in\u00edcio, a Copa do Mundo tem intensificado um ambiente de polariza\u00e7\u00e3o pol\u00edtica no Brasil que j\u00e1 est\u00e1 influenciando as campanhas dos principais candidatos \u00e0 Presid\u00eancia, observam analistas ouvidos pela BBC Brasil. Segundo eles, essa polariza\u00e7\u00e3o pode continuar tendo um impacto sobre as campanhas at\u00e9 as elei\u00e7\u00f5es de outubro. O debate ganhou corpo [&hellip;]<\/p>\n","protected":false},"author":2,"featured_media":14538,"comment_status":"open","ping_status":"closed","sticky":false,"template":"","format":"standard","meta":{"_acf_changed":false,"footnotes":""},"categories":[16],"tags":[],"class_list":["post-14537","post","type-post","status-publish","format-standard","has-post-thumbnail","hentry","category-brasil"],"acf":[],"yoast_head":"<!-- This site is optimized with the Yoast SEO plugin v27.2 - https:\/\/yoast.com\/product\/yoast-seo-wordpress\/ -->\n<title>Ato contra Copa \u00e9 incerteza sobre o impacto em Dilma - Notibras<\/title>\n<meta name=\"robots\" content=\"index, follow, max-snippet:-1, max-image-preview:large, max-video-preview:-1\" \/>\n<link rel=\"canonical\" href=\"https:\/\/www.notibras.com\/site\/atos-contra-a-copa-sao-incerteza-sobre-impacto-em-dilma\/\" \/>\n<meta property=\"og:locale\" content=\"pt_BR\" \/>\n<meta property=\"og:type\" content=\"article\" \/>\n<meta property=\"og:title\" content=\"Ato contra Copa \u00e9 incerteza sobre o impacto em Dilma - Notibras\" \/>\n<meta property=\"og:description\" content=\"Desde o seu in\u00edcio, a Copa do Mundo tem intensificado um ambiente de polariza\u00e7\u00e3o pol\u00edtica no Brasil que j\u00e1 est\u00e1 influenciando as campanhas dos principais candidatos \u00e0 Presid\u00eancia, observam analistas ouvidos pela BBC Brasil. Segundo eles, essa polariza\u00e7\u00e3o pode continuar tendo um impacto sobre as campanhas at\u00e9 as elei\u00e7\u00f5es de outubro. O debate ganhou corpo [&hellip;]\" \/>\n<meta property=\"og:url\" content=\"https:\/\/www.notibras.com\/site\/atos-contra-a-copa-sao-incerteza-sobre-impacto-em-dilma\/\" \/>\n<meta property=\"og:site_name\" content=\"Notibras\" \/>\n<meta property=\"article:publisher\" content=\"https:\/\/www.facebook.com\/notibras\/\" \/>\n<meta property=\"article:published_time\" content=\"2014-06-26T18:00:08+00:00\" \/>\n<meta property=\"article:modified_time\" content=\"2014-06-26T22:03:08+00:00\" \/>\n<meta property=\"og:image\" content=\"https:\/\/www.notibras.com\/site\/wp-content\/uploads\/2014\/06\/br.copa_.jpg\" \/>\n\t<meta property=\"og:image:width\" content=\"276\" \/>\n\t<meta property=\"og:image:height\" content=\"183\" \/>\n\t<meta property=\"og:image:type\" content=\"image\/jpeg\" \/>\n<meta name=\"author\" content=\"Reda\u00e7\u00e3o\" \/>\n<meta name=\"twitter:card\" content=\"summary_large_image\" \/>\n<meta name=\"twitter:creator\" content=\"@Notibras\" \/>\n<meta name=\"twitter:site\" content=\"@Notibras\" \/>\n<meta name=\"twitter:label1\" content=\"Escrito por\" \/>\n\t<meta name=\"twitter:data1\" content=\"Reda\u00e7\u00e3o\" \/>\n\t<meta name=\"twitter:label2\" content=\"Est. tempo de leitura\" \/>\n\t<meta name=\"twitter:data2\" content=\"2 minutos\" \/>\n<script type=\"application\/ld+json\" class=\"yoast-schema-graph\">{\"@context\":\"https:\/\/schema.org\",\"@graph\":[{\"@type\":\"Article\",\"@id\":\"https:\/\/www.notibras.com\/site\/atos-contra-a-copa-sao-incerteza-sobre-impacto-em-dilma\/#article\",\"isPartOf\":{\"@id\":\"https:\/\/www.notibras.com\/site\/atos-contra-a-copa-sao-incerteza-sobre-impacto-em-dilma\/\"},\"author\":{\"name\":\"Reda\u00e7\u00e3o\",\"@id\":\"https:\/\/www.notibras.com\/site\/#\/schema\/person\/36ab0979449956132d3e5b517ea76ac8\"},\"headline\":\"Ato contra Copa \u00e9 incerteza sobre o impacto em Dilma\",\"datePublished\":\"2014-06-26T18:00:08+00:00\",\"dateModified\":\"2014-06-26T22:03:08+00:00\",\"mainEntityOfPage\":{\"@id\":\"https:\/\/www.notibras.com\/site\/atos-contra-a-copa-sao-incerteza-sobre-impacto-em-dilma\/\"},\"wordCount\":321,\"commentCount\":0,\"publisher\":{\"@id\":\"https:\/\/www.notibras.com\/site\/#organization\"},\"image\":{\"@id\":\"https:\/\/www.notibras.com\/site\/atos-contra-a-copa-sao-incerteza-sobre-impacto-em-dilma\/#primaryimage\"},\"thumbnailUrl\":\"https:\/\/www.notibras.com\/site\/wp-content\/uploads\/2014\/06\/br.copa_.jpg\",\"articleSection\":[\"Brasil\"],\"inLanguage\":\"pt-BR\",\"potentialAction\":[{\"@type\":\"CommentAction\",\"name\":\"Comment\",\"target\":[\"https:\/\/www.notibras.com\/site\/atos-contra-a-copa-sao-incerteza-sobre-impacto-em-dilma\/#respond\"]}]},{\"@type\":\"WebPage\",\"@id\":\"https:\/\/www.notibras.com\/site\/atos-contra-a-copa-sao-incerteza-sobre-impacto-em-dilma\/\",\"url\":\"https:\/\/www.notibras.com\/site\/atos-contra-a-copa-sao-incerteza-sobre-impacto-em-dilma\/\",\"name\":\"Ato contra Copa \u00e9 incerteza sobre o impacto em Dilma - Notibras\",\"isPartOf\":{\"@id\":\"https:\/\/www.notibras.com\/site\/#website\"},\"primaryImageOfPage\":{\"@id\":\"https:\/\/www.notibras.com\/site\/atos-contra-a-copa-sao-incerteza-sobre-impacto-em-dilma\/#primaryimage\"},\"image\":{\"@id\":\"https:\/\/www.notibras.com\/site\/atos-contra-a-copa-sao-incerteza-sobre-impacto-em-dilma\/#primaryimage\"},\"thumbnailUrl\":\"https:\/\/www.notibras.com\/site\/wp-content\/uploads\/2014\/06\/br.copa_.jpg\",\"datePublished\":\"2014-06-26T18:00:08+00:00\",\"dateModified\":\"2014-06-26T22:03:08+00:00\",\"breadcrumb\":{\"@id\":\"https:\/\/www.notibras.com\/site\/atos-contra-a-copa-sao-incerteza-sobre-impacto-em-dilma\/#breadcrumb\"},\"inLanguage\":\"pt-BR\",\"potentialAction\":[{\"@type\":\"ReadAction\",\"target\":[\"https:\/\/www.notibras.com\/site\/atos-contra-a-copa-sao-incerteza-sobre-impacto-em-dilma\/\"]}]},{\"@type\":\"ImageObject\",\"inLanguage\":\"pt-BR\",\"@id\":\"https:\/\/www.notibras.com\/site\/atos-contra-a-copa-sao-incerteza-sobre-impacto-em-dilma\/#primaryimage\",\"url\":\"https:\/\/www.notibras.com\/site\/wp-content\/uploads\/2014\/06\/br.copa_.jpg\",\"contentUrl\":\"https:\/\/www.notibras.com\/site\/wp-content\/uploads\/2014\/06\/br.copa_.jpg\",\"width\":276,\"height\":183},{\"@type\":\"BreadcrumbList\",\"@id\":\"https:\/\/www.notibras.com\/site\/atos-contra-a-copa-sao-incerteza-sobre-impacto-em-dilma\/#breadcrumb\",\"itemListElement\":[{\"@type\":\"ListItem\",\"position\":1,\"name\":\"In\u00edcio\",\"item\":\"https:\/\/www.notibras.com\/site\/\"},{\"@type\":\"ListItem\",\"position\":2,\"name\":\"Ato contra Copa \u00e9 incerteza sobre o impacto em Dilma\"}]},{\"@type\":\"WebSite\",\"@id\":\"https:\/\/www.notibras.com\/site\/#website\",\"url\":\"https:\/\/www.notibras.com\/site\/\",\"name\":\"Notibras\",\"description\":\"Not\u00edcias de Bras\u00edlia, do Brasil e do Mundo\",\"publisher\":{\"@id\":\"https:\/\/www.notibras.com\/site\/#organization\"},\"potentialAction\":[{\"@type\":\"SearchAction\",\"target\":{\"@type\":\"EntryPoint\",\"urlTemplate\":\"https:\/\/www.notibras.com\/site\/?s={search_term_string}\"},\"query-input\":{\"@type\":\"PropertyValueSpecification\",\"valueRequired\":true,\"valueName\":\"search_term_string\"}}],\"inLanguage\":\"pt-BR\"},{\"@type\":\"Organization\",\"@id\":\"https:\/\/www.notibras.com\/site\/#organization\",\"name\":\"Grupo Notibras de Comunica\u00e7\u00e3o\",\"url\":\"https:\/\/www.notibras.com\/site\/\",\"logo\":{\"@type\":\"ImageObject\",\"inLanguage\":\"pt-BR\",\"@id\":\"https:\/\/www.notibras.com\/site\/#\/schema\/logo\/image\/\",\"url\":\"https:\/\/www.notibras.com\/site\/wp-content\/uploads\/2023\/01\/notibras23.png\",\"contentUrl\":\"https:\/\/www.notibras.com\/site\/wp-content\/uploads\/2023\/01\/notibras23.png\",\"width\":350,\"height\":87,\"caption\":\"Grupo Notibras de Comunica\u00e7\u00e3o\"},\"image\":{\"@id\":\"https:\/\/www.notibras.com\/site\/#\/schema\/logo\/image\/\"},\"sameAs\":[\"https:\/\/www.facebook.com\/notibras\/\",\"https:\/\/x.com\/Notibras\",\"https:\/\/www.instagram.com\/notibras\/\"]},{\"@type\":\"Person\",\"@id\":\"https:\/\/www.notibras.com\/site\/#\/schema\/person\/36ab0979449956132d3e5b517ea76ac8\",\"name\":\"Reda\u00e7\u00e3o\",\"image\":{\"@type\":\"ImageObject\",\"inLanguage\":\"pt-BR\",\"@id\":\"https:\/\/secure.gravatar.com\/avatar\/e0a867bdedb85fd243eadf09663511f96fc81e0720a4a42581f334ad4303aa6b?s=96&d=mm&r=g\",\"url\":\"https:\/\/secure.gravatar.com\/avatar\/e0a867bdedb85fd243eadf09663511f96fc81e0720a4a42581f334ad4303aa6b?s=96&d=mm&r=g\",\"contentUrl\":\"https:\/\/secure.gravatar.com\/avatar\/e0a867bdedb85fd243eadf09663511f96fc81e0720a4a42581f334ad4303aa6b?s=96&d=mm&r=g\",\"caption\":\"Reda\u00e7\u00e3o\"}}]}<\/script>\n<!-- \/ Yoast SEO plugin. -->","yoast_head_json":{"title":"Ato contra Copa \u00e9 incerteza sobre o impacto em Dilma - Notibras","robots":{"index":"index","follow":"follow","max-snippet":"max-snippet:-1","max-image-preview":"max-image-preview:large","max-video-preview":"max-video-preview:-1"},"canonical":"https:\/\/www.notibras.com\/site\/atos-contra-a-copa-sao-incerteza-sobre-impacto-em-dilma\/","og_locale":"pt_BR","og_type":"article","og_title":"Ato contra Copa \u00e9 incerteza sobre o impacto em Dilma - Notibras","og_description":"Desde o seu in\u00edcio, a Copa do Mundo tem intensificado um ambiente de polariza\u00e7\u00e3o pol\u00edtica no Brasil que j\u00e1 est\u00e1 influenciando as campanhas dos principais candidatos \u00e0 Presid\u00eancia, observam analistas ouvidos pela BBC Brasil. Segundo eles, essa polariza\u00e7\u00e3o pode continuar tendo um impacto sobre as campanhas at\u00e9 as elei\u00e7\u00f5es de outubro. O debate ganhou corpo [&hellip;]","og_url":"https:\/\/www.notibras.com\/site\/atos-contra-a-copa-sao-incerteza-sobre-impacto-em-dilma\/","og_site_name":"Notibras","article_publisher":"https:\/\/www.facebook.com\/notibras\/","article_published_time":"2014-06-26T18:00:08+00:00","article_modified_time":"2014-06-26T22:03:08+00:00","og_image":[{"width":276,"height":183,"url":"https:\/\/www.notibras.com\/site\/wp-content\/uploads\/2014\/06\/br.copa_.jpg","type":"image\/jpeg"}],"author":"Reda\u00e7\u00e3o","twitter_card":"summary_large_image","twitter_creator":"@Notibras","twitter_site":"@Notibras","twitter_misc":{"Escrito por":"Reda\u00e7\u00e3o","Est. tempo de leitura":"2 minutos"},"schema":{"@context":"https:\/\/schema.org","@graph":[{"@type":"Article","@id":"https:\/\/www.notibras.com\/site\/atos-contra-a-copa-sao-incerteza-sobre-impacto-em-dilma\/#article","isPartOf":{"@id":"https:\/\/www.notibras.com\/site\/atos-contra-a-copa-sao-incerteza-sobre-impacto-em-dilma\/"},"author":{"name":"Reda\u00e7\u00e3o","@id":"https:\/\/www.notibras.com\/site\/#\/schema\/person\/36ab0979449956132d3e5b517ea76ac8"},"headline":"Ato contra Copa \u00e9 incerteza sobre o impacto em Dilma","datePublished":"2014-06-26T18:00:08+00:00","dateModified":"2014-06-26T22:03:08+00:00","mainEntityOfPage":{"@id":"https:\/\/www.notibras.com\/site\/atos-contra-a-copa-sao-incerteza-sobre-impacto-em-dilma\/"},"wordCount":321,"commentCount":0,"publisher":{"@id":"https:\/\/www.notibras.com\/site\/#organization"},"image":{"@id":"https:\/\/www.notibras.com\/site\/atos-contra-a-copa-sao-incerteza-sobre-impacto-em-dilma\/#primaryimage"},"thumbnailUrl":"https:\/\/www.notibras.com\/site\/wp-content\/uploads\/2014\/06\/br.copa_.jpg","articleSection":["Brasil"],"inLanguage":"pt-BR","potentialAction":[{"@type":"CommentAction","name":"Comment","target":["https:\/\/www.notibras.com\/site\/atos-contra-a-copa-sao-incerteza-sobre-impacto-em-dilma\/#respond"]}]},{"@type":"WebPage","@id":"https:\/\/www.notibras.com\/site\/atos-contra-a-copa-sao-incerteza-sobre-impacto-em-dilma\/","url":"https:\/\/www.notibras.com\/site\/atos-contra-a-copa-sao-incerteza-sobre-impacto-em-dilma\/","name":"Ato contra Copa \u00e9 incerteza sobre o impacto em Dilma - Notibras","isPartOf":{"@id":"https:\/\/www.notibras.com\/site\/#website"},"primaryImageOfPage":{"@id":"https:\/\/www.notibras.com\/site\/atos-contra-a-copa-sao-incerteza-sobre-impacto-em-dilma\/#primaryimage"},"image":{"@id":"https:\/\/www.notibras.com\/site\/atos-contra-a-copa-sao-incerteza-sobre-impacto-em-dilma\/#primaryimage"},"thumbnailUrl":"https:\/\/www.notibras.com\/site\/wp-content\/uploads\/2014\/06\/br.copa_.jpg","datePublished":"2014-06-26T18:00:08+00:00","dateModified":"2014-06-26T22:03:08+00:00","breadcrumb":{"@id":"https:\/\/www.notibras.com\/site\/atos-contra-a-copa-sao-incerteza-sobre-impacto-em-dilma\/#breadcrumb"},"inLanguage":"pt-BR","potentialAction":[{"@type":"ReadAction","target":["https:\/\/www.notibras.com\/site\/atos-contra-a-copa-sao-incerteza-sobre-impacto-em-dilma\/"]}]},{"@type":"ImageObject","inLanguage":"pt-BR","@id":"https:\/\/www.notibras.com\/site\/atos-contra-a-copa-sao-incerteza-sobre-impacto-em-dilma\/#primaryimage","url":"https:\/\/www.notibras.com\/site\/wp-content\/uploads\/2014\/06\/br.copa_.jpg","contentUrl":"https:\/\/www.notibras.com\/site\/wp-content\/uploads\/2014\/06\/br.copa_.jpg","width":276,"height":183},{"@type":"BreadcrumbList","@id":"https:\/\/www.notibras.com\/site\/atos-contra-a-copa-sao-incerteza-sobre-impacto-em-dilma\/#breadcrumb","itemListElement":[{"@type":"ListItem","position":1,"name":"In\u00edcio","item":"https:\/\/www.notibras.com\/site\/"},{"@type":"ListItem","position":2,"name":"Ato contra Copa \u00e9 incerteza sobre o impacto em Dilma"}]},{"@type":"WebSite","@id":"https:\/\/www.notibras.com\/site\/#website","url":"https:\/\/www.notibras.com\/site\/","name":"Notibras","description":"Not\u00edcias de Bras\u00edlia, do Brasil e do Mundo","publisher":{"@id":"https:\/\/www.notibras.com\/site\/#organization"},"potentialAction":[{"@type":"SearchAction","target":{"@type":"EntryPoint","urlTemplate":"https:\/\/www.notibras.com\/site\/?s={search_term_string}"},"query-input":{"@type":"PropertyValueSpecification","valueRequired":true,"valueName":"search_term_string"}}],"inLanguage":"pt-BR"},{"@type":"Organization","@id":"https:\/\/www.notibras.com\/site\/#organization","name":"Grupo Notibras de Comunica\u00e7\u00e3o","url":"https:\/\/www.notibras.com\/site\/","logo":{"@type":"ImageObject","inLanguage":"pt-BR","@id":"https:\/\/www.notibras.com\/site\/#\/schema\/logo\/image\/","url":"https:\/\/www.notibras.com\/site\/wp-content\/uploads\/2023\/01\/notibras23.png","contentUrl":"https:\/\/www.notibras.com\/site\/wp-content\/uploads\/2023\/01\/notibras23.png","width":350,"height":87,"caption":"Grupo Notibras de Comunica\u00e7\u00e3o"},"image":{"@id":"https:\/\/www.notibras.com\/site\/#\/schema\/logo\/image\/"},"sameAs":["https:\/\/www.facebook.com\/notibras\/","https:\/\/x.com\/Notibras","https:\/\/www.instagram.com\/notibras\/"]},{"@type":"Person","@id":"https:\/\/www.notibras.com\/site\/#\/schema\/person\/36ab0979449956132d3e5b517ea76ac8","name":"Reda\u00e7\u00e3o","image":{"@type":"ImageObject","inLanguage":"pt-BR","@id":"https:\/\/secure.gravatar.com\/avatar\/e0a867bdedb85fd243eadf09663511f96fc81e0720a4a42581f334ad4303aa6b?s=96&d=mm&r=g","url":"https:\/\/secure.gravatar.com\/avatar\/e0a867bdedb85fd243eadf09663511f96fc81e0720a4a42581f334ad4303aa6b?s=96&d=mm&r=g","contentUrl":"https:\/\/secure.gravatar.com\/avatar\/e0a867bdedb85fd243eadf09663511f96fc81e0720a4a42581f334ad4303aa6b?s=96&d=mm&r=g","caption":"Reda\u00e7\u00e3o"}}]}},"amp_enabled":true,"_links":{"self":[{"href":"https:\/\/www.notibras.com\/site\/wp-json\/wp\/v2\/posts\/14537","targetHints":{"allow":["GET"]}}],"collection":[{"href":"https:\/\/www.notibras.com\/site\/wp-json\/wp\/v2\/posts"}],"about":[{"href":"https:\/\/www.notibras.com\/site\/wp-json\/wp\/v2\/types\/post"}],"author":[{"embeddable":true,"href":"https:\/\/www.notibras.com\/site\/wp-json\/wp\/v2\/users\/2"}],"replies":[{"embeddable":true,"href":"https:\/\/www.notibras.com\/site\/wp-json\/wp\/v2\/comments?post=14537"}],"version-history":[{"count":0,"href":"https:\/\/www.notibras.com\/site\/wp-json\/wp\/v2\/posts\/14537\/revisions"}],"wp:featuredmedia":[{"embeddable":true,"href":"https:\/\/www.notibras.com\/site\/wp-json\/wp\/v2\/media\/14538"}],"wp:attachment":[{"href":"https:\/\/www.notibras.com\/site\/wp-json\/wp\/v2\/media?parent=14537"}],"wp:term":[{"taxonomy":"category","embeddable":true,"href":"https:\/\/www.notibras.com\/site\/wp-json\/wp\/v2\/categories?post=14537"},{"taxonomy":"post_tag","embeddable":true,"href":"https:\/\/www.notibras.com\/site\/wp-json\/wp\/v2\/tags?post=14537"}],"curies":[{"name":"wp","href":"https:\/\/api.w.org\/{rel}","templated":true}]}}